{"id":20356,"date":"2014-07-22T16:54:00","date_gmt":"2014-07-22T16:54:00","guid":{"rendered":"http:\/\/prensa.wp2.mendoza.gov.ar\/mendoza-se-destaca-en-la-exposicion-rural\/"},"modified":"2014-07-22T16:54:00","modified_gmt":"2014-07-22T16:54:00","slug":"mendoza-se-destaca-en-la-exposicion-rural","status":"publish","type":"post","link":"https:\/\/www.mendoza.gov.ar\/prensa\/mendoza-se-destaca-en-la-exposicion-rural\/","title":{"rendered":"Mendoza se destaca en la Exposici\u00f3n Rural"},"content":{"rendered":"<!DOCTYPE html PUBLIC \"-\/\/W3C\/\/DTD HTML 4.0 Transitional\/\/EN\" \"http:\/\/www.w3.org\/TR\/REC-html40\/loose.dtd\">\n<html><body><p><span style=\"line-height: 1.6em\">El Consejo&nbsp;Federal de Turismo (<\/span><span style=\"font-size: 13.333333969116211px\">CFT)<\/span><span style=\"line-height: 1.6em\">&nbsp;posee un stand de informaci&oacute;n tur&iacute;stica en la Exposici&oacute;n Rural que se desarrolla anualmente en el predio de la Rural, en Buenos Aires. All&iacute; el Ministerio de Turismo provincial envi&oacute; informadores que promocionan Mendoza y sus distintas actividades a&nbsp;los asistentes.<\/span><\/p>\n<p>&ldquo;Mendoza ofrece actividades durante todo el a&ntilde;o, y eso ha logrado consolidar el destino y ser uno de los m&aacute;s consultados a la hora de planificar las vacaciones&rdquo;, expres&oacute; el director de Promoci&oacute;n Tur&iacute;stica, Federico Flores.<\/p>\n<p>Los productos m&aacute;s consultados son caminos del vino, rutas gastron&oacute;micas, nieve y turismo aventura. Muchos de los interesados expresaron que ya han venido a la provincia y que desean repetir las experiencias.<\/p>\n<p>En lo que va del mes de julio y durante las vacaciones de invierno Mendoza ya recibi&oacute; a m&aacute;s de 165 mil turistas, con una ocupaci&oacute;n promedio en toda la provincia del 60%. M&aacute;s del 75% de los turistas que arribaron son del pa&iacute;s.<\/p>\n<p>Respecto a los turistas nacionales, Flores destac&oacute; la participaci&oacute;n que tiene Turismo en ferias y acciones. \"Esto pone en valor el trabajo del Ministerio de Turismo de viajar por el pa&iacute;s promocionando el destino. Actualmente estamos en la Exposici&oacute;n Rural, venimos de la Fiesta del Poncho en Catamarca, tambi&eacute;n hemos participado a lo largo del a&ntilde;o en actividades en Santa Fe, C&oacute;rdoba, Misiones, entre otros destinos&rdquo;.<\/p>\n<p>Ya enfocados en los turistas que llegan a la provincia, el Ministerio ha dispuesto un stand en la calle San Mart&iacute;n que asesora a los visitantes y busca evitar que los mismos contraten servicios no habilitados. Tambi&eacute;n provee informaci&oacute;n necesarias que deben tener los turistas si sufren alg&uacute;n percance.<\/p>\n<\/body><\/html>\n","protected":false},"excerpt":{"rendered":"La expo m\u00e1s importante del agro argentino, se extender\u00e1 hasta el d\u00eda 27 de julio, all\u00ed junto al CFT, el Ministerio de Turismo se encuentra promocionando los atractivos de Mendoza.","protected":false},"author":3,"featured_media":0,"comment_status":"open","ping_status":"open","sticky":false,"template":"","format":"standard","meta":[],"categories":[37],"tags":[],"_links":{"self":[{"href":"https:\/\/www.mendoza.gov.ar\/prensa\/wp-json\/wp\/v2\/posts\/20356"}],"collection":[{"href":"https:\/\/www.mendoza.gov.ar\/prensa\/wp-json\/wp\/v2\/posts"}],"about":[{"href":"https:\/\/www.mendoza.gov.ar\/prensa\/wp-json\/wp\/v2\/types\/post"}],"author":[{"embeddable":true,"href":"https:\/\/www.mendoza.gov.ar\/prensa\/wp-json\/wp\/v2\/users\/3"}],"replies":[{"embeddable":true,"href":"https:\/\/www.mendoza.gov.ar\/prensa\/wp-json\/wp\/v2\/comments?post=20356"}],"version-history":[{"count":0,"href":"https:\/\/www.mendoza.gov.ar\/prensa\/wp-json\/wp\/v2\/posts\/20356\/revisions"}],"wp:attachment":[{"href":"https:\/\/www.mendoza.gov.ar\/prensa\/wp-json\/wp\/v2\/media?parent=20356"}],"wp:term":[{"taxonomy":"category","embeddable":true,"href":"https:\/\/www.mendoza.gov.ar\/prensa\/wp-json\/wp\/v2\/categories?post=20356"},{"taxonomy":"post_tag","embeddable":true,"href":"https:\/\/www.mendoza.gov.ar\/prensa\/wp-json\/wp\/v2\/tags?post=20356"}],"curies":[{"name":"wp","href":"https:\/\/api.w.org\/{rel}","templated":true}]}}