{"id":20376,"date":"2014-07-21T10:52:00","date_gmt":"2014-07-21T10:52:00","guid":{"rendered":"http:\/\/prensa.wp2.mendoza.gov.ar\/fue-reinsertado-en-su-habitat-el-guanaco-rescatado-en-los-cerrillos-de-godoy-cruz\/"},"modified":"2014-07-21T10:52:00","modified_gmt":"2014-07-21T10:52:00","slug":"fue-reinsertado-en-su-habitat-el-guanaco-rescatado-en-los-cerrillos-de-godoy-cruz","status":"publish","type":"post","link":"https:\/\/www.mendoza.gov.ar\/prensa\/fue-reinsertado-en-su-habitat-el-guanaco-rescatado-en-los-cerrillos-de-godoy-cruz\/","title":{"rendered":"Fue reinsertado en su h\u00e1bitat el guanaco rescatado en Los Cerrillos de Godoy Cruz"},"content":{"rendered":"<!DOCTYPE html PUBLIC \"-\/\/W3C\/\/DTD HTML 4.0 Transitional\/\/EN\" \"http:\/\/www.w3.org\/TR\/REC-html40\/loose.dtd\">\n<html><body><p style=\"text-align: justify\">El Departamento de Fauna del Ministerio de Tierras, Ambiente y Recursos Naturales liber&oacute; un guanaco macho que fue rescatado el 16 de junio por la Polic&iacute;a de Mendoza de la zona de Los Cerrillos&nbsp;de Godoy Cruz. Inmediatamente el ejemplar fue ingresado al Zool&oacute;gico de Mendoza para realizarle estudios de sangre para evaluar su condici&oacute;n sanitaria y descartar enfermedades que impidan su vuelta a un h&aacute;bitat natural.<\/p>\n<p style=\"text-align: justify\">Luego de la cuarentena sanitaria que garantiza tanto su estado de salud como la no introducci&oacute;n de enfermedades nuevas a un ambiente natural, el departamento de Fauna consider&oacute; que la Reserva Privada de la Estancia Canota era el lugar indicado para su liberaci&oacute;n.<\/p>\n<p style=\"text-align: justify\">En la misma participaron personal de la Polic&iacute;a Rural, guardaparques y personal de Zool&oacute;gico, quienes en forma permanente trabajan en Mendoza en operativos para la conservaci&oacute;n de la fauna aut&oacute;ctona y protegida.<\/p>\n<\/body><\/html>\n","protected":false},"excerpt":{"rendered":"Se trata de un ejemplar macho que recibi\u00f3 contenci\u00f3n sanitaria en el Zool\u00f3gico de Mendoza luego de ser rescatado.","protected":false},"author":3,"featured_media":0,"comment_status":"open","ping_status":"open","sticky":false,"template":"","format":"standard","meta":[],"categories":[3],"tags":[],"_links":{"self":[{"href":"https:\/\/www.mendoza.gov.ar\/prensa\/wp-json\/wp\/v2\/posts\/20376"}],"collection":[{"href":"https:\/\/www.mendoza.gov.ar\/prensa\/wp-json\/wp\/v2\/posts"}],"about":[{"href":"https:\/\/www.mendoza.gov.ar\/prensa\/wp-json\/wp\/v2\/types\/post"}],"author":[{"embeddable":true,"href":"https:\/\/www.mendoza.gov.ar\/prensa\/wp-json\/wp\/v2\/users\/3"}],"replies":[{"embeddable":true,"href":"https:\/\/www.mendoza.gov.ar\/prensa\/wp-json\/wp\/v2\/comments?post=20376"}],"version-history":[{"count":0,"href":"https:\/\/www.mendoza.gov.ar\/prensa\/wp-json\/wp\/v2\/posts\/20376\/revisions"}],"wp:attachment":[{"href":"https:\/\/www.mendoza.gov.ar\/prensa\/wp-json\/wp\/v2\/media?parent=20376"}],"wp:term":[{"taxonomy":"category","embeddable":true,"href":"https:\/\/www.mendoza.gov.ar\/prensa\/wp-json\/wp\/v2\/categories?post=20376"},{"taxonomy":"post_tag","embeddable":true,"href":"https:\/\/www.mendoza.gov.ar\/prensa\/wp-json\/wp\/v2\/tags?post=20376"}],"curies":[{"name":"wp","href":"https:\/\/api.w.org\/{rel}","templated":true}]}}