{"id":204040,"date":"2019-09-26T10:53:16","date_gmt":"2019-09-26T13:53:16","guid":{"rendered":"http:\/\/prensa.wp1.mendoza.gov.ar\/?p=204040"},"modified":"2019-09-26T12:09:08","modified_gmt":"2019-09-26T15:09:08","slug":"osep-realizara-una-jornada-para-la-deteccion-y-le-tratamiento-de-adultos-y-ninos-con-sobrepeso-y-obesidad","status":"publish","type":"post","link":"https:\/\/www.mendoza.gov.ar\/prensa\/osep-realizara-una-jornada-para-la-deteccion-y-le-tratamiento-de-adultos-y-ninos-con-sobrepeso-y-obesidad\/","title":{"rendered":"OSEP realizar\u00e1 una jornada de detecci\u00f3n y tratamiento de adultos y ni\u00f1os con sobrepeso y obesidad"},"content":{"rendered":"<!DOCTYPE html PUBLIC \"-\/\/W3C\/\/DTD HTML 4.0 Transitional\/\/EN\" \"http:\/\/www.w3.org\/TR\/REC-html40\/loose.dtd\">\n<html><body><h5>Ser&aacute; el viernes 4 de octubre y estar&aacute; destinada a profesionales que tratan esta enfermedad. En Argentina, m&aacute;s del&nbsp;60% de la poblaci&oacute;n tiene exceso de peso. De total, 36% tiene sobrepeso y 25,4% son&nbsp;<strong>obesos.<\/strong><\/h5>\n<p>La Primera Jornada&nbsp;de Obesidad Una Mirada Integradora, organizada por OSEP, se realiza el viernes 4 de octubre en la Sala Magna del Centro de Congresos y Exposiciones. Est&aacute;&nbsp;dirigida<strong>&nbsp;<\/strong>a profesionales que intervienen en la detecci&oacute;n y tratamiento de adultos y ni&ntilde;os con sobrepeso y obesidad.<\/p>\n<div>En Argentina, m&aacute;s del&nbsp;60% de la poblaci&oacute;n tiene exceso de peso y, de ese total, 36% tiene sobrepeso y 25,4% son&nbsp;obesos.<strong>&nbsp;<\/strong>Ante este panorama, es necesario promover en los equipos de salud nuevas formas de abordaje interdisciplinarias.<\/div>\n<p>El objetivo general es sensibilizar y concientizar al equipo de salud sobre la importancia del abordaje integral de la obesidad. Como objetivo espec&iacute;fico, capacitar sobre lineamientos b&aacute;sicos de tratamiento y formalizar la red de trabajo interdisciplinario de abordaje familiar.<\/p>\n<p>Los ejes tem&aacute;ticos que se desarrollar&aacute;n son:<\/p>\n<p>a)&nbsp;Prevenci&oacute;n y tratamiento de la obesidad desde la preconcepci&oacute;n.<br>\nb)&nbsp;La obesidad como emergente social.<br>\nc)&nbsp;Abordaje interdisciplinario de la obesidad.<br>\nd)&nbsp;Concepci&oacute;n y abordaje familiar de la problem&aacute;tica.<\/p>\n<p><strong>Programa<\/strong><\/p>\n<p>Participar&aacute;n invitados especiales, entre ellos el Dr. Sergio Gerardo Weisstaub, pediatra y profesor asistente de la Unidad de Nutrici&oacute;n P&uacute;blica del INTA, Universidad de&nbsp;Chile; la licenciada Mar&iacute;a Teresa Panzitta, psic&oacute;loga, coordinadora del Programa de Obesidad y Trastornos Alimentarios, Hospital Dur&aacute;n,&nbsp;Buenos Aires; la Dra. Agustina Pi&ntilde;ero, m&eacute;dica de Familia y terapeuta familiar, del Centro M&eacute;dico MET Sanatorio Allende,&nbsp;C&oacute;rdoba, y la licenciada Mariela Abaurre, nutricionista, especialista en cl&iacute;nica metab&oacute;lica y quir&uacute;rgica de la obesidad, coordinadora de la Facultad de Ciencias&nbsp; de la Nutrici&oacute;n de la Universidad Juan Agust&iacute;n Maza, Mendoza<strong>.<\/strong><\/p>\n<p>La inscripci&oacute;n es gratuita y se entregar&aacute;n certificados. Los interesados deben realizar el&nbsp;<a href=\"https:\/\/www.eventbrite.com.ar\/e\/i-jornada-sobre-obesidad-una-mirada-integradora-tickets-73981439477\" target=\"_blank\" rel=\"nofollow noopener\"><span style=\"color: #000000\">Registro en Eventbrite.<\/span><\/a><\/p>\n\n        <style type='text\/css'>\n            #gallery-1 {\n                margin: auto;\n            }\n            #gallery-1 .gallery-item {\n                float: left;\n                margin-top: 10px;\n\n                width: auto;}\n            #gallery-1 img {\n                border: 0px none;\n            }\n            #gallery-1 .gallery-caption {\n                margin-left: 0;\n            }\n        <\/style>\n<script>\njQuery(document).ready(function($) {\n  jQuery('div.gallery-item').hover(function(){\n     \/\/jQuery(this).fadeIn().siblings(':not(.modal)').fadeTo( 'slow' , 0.2);\n     jQuery(this).siblings(':not(.modal)').fadeTo( 'fast' , 0.2);\n     jQuery(this).fadeTo( 'slow' , 1);\n  },function(){\n     \/\/$(this).siblings().andSelf().fadeTo( 'slow' , 1);\n  });\n  jQuery('#gallery-1').on('mouseleave',function(){\n    jQuery('div.gallery-item').fadeTo( 'fast' , 1);\n  })\n});\n<\/script>\n        <!-- see gallery_shortcode() in wp-includes\/media.php -->\n        <h3>GALERIA<\/h3>\n        <div id='gallery-1' class='gallery galleryid-204040'><div class='gallery-item' data-toggle='modal' data-target='#204041' id='r204041'>\n            <dt class='gallery-icon'>\n                <a style='cursor:pointer;'><img width='150' height='150' src='https:\/\/www.mendoza.gov.ar\/wp-content\/uploads\/sites\/5\/2019\/09\/Obesidadevent-brite-150x150.png' class='attachment-thumbnail size-thumbnail' alt='' href=''><\/a>\n             <\/dt><\/div><div class=\"modal fade bs-example-modal-lg\" id=\"204041\" tabindex=\"-1\" role=\"dialog\" aria-labelledby=\"myModalLabel\">\n  <div class=\"modal-dialog modal-lg\" role=\"document\">\n    <div class=\"\">\n      <div class=\"modal-body\" style=\"text-align: center;\"><a href='https:\/\/www.mendoza.gov.ar\/prensa\/osep-realizara-una-jornada-para-la-deteccion-y-le-tratamiento-de-adultos-y-ninos-con-sobrepeso-y-obesidad\/obesidadevent-brite\/'><img width=\"700\" height=\"350\" src=\"https:\/\/www.mendoza.gov.ar\/wp-content\/uploads\/sites\/5\/2019\/09\/Obesidadevent-brite-700x350.png\" class=\"attachment-large size-large\" alt=\"\" loading=\"lazy\" srcset=\"https:\/\/www.mendoza.gov.ar\/wp-content\/uploads\/sites\/5\/2019\/09\/Obesidadevent-brite-700x350.png 700w, https:\/\/www.mendoza.gov.ar\/wp-content\/uploads\/sites\/5\/2019\/09\/Obesidadevent-brite-250x125.png 250w, https:\/\/www.mendoza.gov.ar\/wp-content\/uploads\/sites\/5\/2019\/09\/Obesidadevent-brite-768x384.png 768w, https:\/\/www.mendoza.gov.ar\/wp-content\/uploads\/sites\/5\/2019\/09\/Obesidadevent-brite-120x60.png 120w\" sizes=\"(max-width: 700px) 100vw, 700px\" \/><\/a><a data-toggle=\"modal\" data-dismiss=\"modal\" data-target=\"#204041\"><i class=\"text-white fa fa-chevron-right fa-4x\"><\/i><\/a><\/div>\n    <\/div>\n  <\/div>\n<\/div>\n            <br style='clear: both;' \/>\n        <\/div>\n\n<\/body><\/html>\n","protected":false},"excerpt":{"rendered":"Ser&aacute; el viernes 4 de octubre y estar&aacute; destinada a profesionales que tratan esta enfermedad. En Argentina, m&aacute;s del&nbsp;60% de la poblaci&oacute;n tiene exceso de peso. De total, 36% tiene sobrepeso y 25,4% son&nbsp;obesos. La Primera Jornada&nbsp;de Obesidad Una Mirada Integradora, organizada por OSEP, se realiza el viernes 4 de octubre en la Sala Magna&#8230; <a class=\"view-article\" href=\"https:\/\/www.mendoza.gov.ar\/prensa\/osep-realizara-una-jornada-para-la-deteccion-y-le-tratamiento-de-adultos-y-ninos-con-sobrepeso-y-obesidad\/\"><\/a>","protected":false},"author":66,"featured_media":204041,"comment_status":"open","ping_status":"open","sticky":false,"template":"","format":"standard","meta":[],"categories":[30],"tags":[],"_links":{"self":[{"href":"https:\/\/www.mendoza.gov.ar\/prensa\/wp-json\/wp\/v2\/posts\/204040"}],"collection":[{"href":"https:\/\/www.mendoza.gov.ar\/prensa\/wp-json\/wp\/v2\/posts"}],"about":[{"href":"https:\/\/www.mendoza.gov.ar\/prensa\/wp-json\/wp\/v2\/types\/post"}],"author":[{"embeddable":true,"href":"https:\/\/www.mendoza.gov.ar\/prensa\/wp-json\/wp\/v2\/users\/66"}],"replies":[{"embeddable":true,"href":"https:\/\/www.mendoza.gov.ar\/prensa\/wp-json\/wp\/v2\/comments?post=204040"}],"version-history":[{"count":4,"href":"https:\/\/www.mendoza.gov.ar\/prensa\/wp-json\/wp\/v2\/posts\/204040\/revisions"}],"predecessor-version":[{"id":204065,"href":"https:\/\/www.mendoza.gov.ar\/prensa\/wp-json\/wp\/v2\/posts\/204040\/revisions\/204065"}],"wp:featuredmedia":[{"embeddable":true,"href":"https:\/\/www.mendoza.gov.ar\/prensa\/wp-json\/wp\/v2\/media\/204041"}],"wp:attachment":[{"href":"https:\/\/www.mendoza.gov.ar\/prensa\/wp-json\/wp\/v2\/media?parent=204040"}],"wp:term":[{"taxonomy":"category","embeddable":true,"href":"https:\/\/www.mendoza.gov.ar\/prensa\/wp-json\/wp\/v2\/categories?post=204040"},{"taxonomy":"post_tag","embeddable":true,"href":"https:\/\/www.mendoza.gov.ar\/prensa\/wp-json\/wp\/v2\/tags?post=204040"}],"curies":[{"name":"wp","href":"https:\/\/api.w.org\/{rel}","templated":true}]}}