{"id":206765,"date":"2019-10-16T16:03:34","date_gmt":"2019-10-16T19:03:34","guid":{"rendered":"http:\/\/prensa.wp1.mendoza.gov.ar\/?p=206765"},"modified":"2019-10-16T17:05:30","modified_gmt":"2019-10-16T20:05:30","slug":"las-artes-plasticas-para-generar-conciencia-sobre-la-prevencion-del-cancer-de-mama","status":"publish","type":"post","link":"https:\/\/www.mendoza.gov.ar\/prensa\/las-artes-plasticas-para-generar-conciencia-sobre-la-prevencion-del-cancer-de-mama\/","title":{"rendered":"Las artes pl\u00e1sticas para generar conciencia sobre la prevenci\u00f3n del c\u00e1ncer de mama"},"content":{"rendered":"<!DOCTYPE html PUBLIC \"-\/\/W3C\/\/DTD HTML 4.0 Transitional\/\/EN\" \"http:\/\/www.w3.org\/TR\/REC-html40\/loose.dtd\">\n<html><body><h5>La Obra Social de los Empleados P&uacute;blicos y la Secretar&iacute;a de Cultura organizan una muestra de artistas mendocinos comprometidas con la concientizaci&oacute;n sobre el c&aacute;ncer de mama. Podr&aacute; visitarse desde el 18 de octubre en el Centro Cultural Julio Le Parc, Mitre y Godoy Cruz, Guaymall&eacute;n.<\/h5>\n<p>En conmemoraci&oacute;n del D&iacute;a Mundial del C&aacute;ncer de Mama, OSEP, la Secretar&iacute;a de Cultura de la Provincia y artistas pl&aacute;sticas locales presentar&aacute;n la muestra colectiva &ldquo;ConcientizARTE&rdquo;, que incluir&aacute; obras de pintura, fotograf&iacute;a y arte moderno en 3D.<\/p>\n<p>La exposici&oacute;n se inaugurar&aacute; el 18 de octubre a las 19 en el espacio de arte del Centro Cultural Julio Le Parc, Mitre y Godoy Cruz, Guaymall&eacute;n, y estar&aacute; abierta al p&uacute;blico todos los d&iacute;as de 9 a 20, hasta el 4 de noviembre.<\/p>\n<p>Unir el arte con la salud es la forma art&iacute;stica de poner de manifiesto la prevenci&oacute;n del c&aacute;ncer de mama.<\/p>\n<p>La muestra busca despertar a trav&eacute;s de diversas expresiones art&iacute;sticas la reflexi&oacute;n sobre la importancia del cuidado de la salud de la mujer. Todas las mujeres pueden tener c&aacute;ncer de mama y no saberlo. Una de las maneras de detectarlo es realiz&aacute;ndose la mamograf&iacute;a. El c&aacute;ncer de mama es curable.<\/p>\n<\/body><\/html>\n","protected":false},"excerpt":{"rendered":"La Obra Social de los Empleados P&uacute;blicos y la Secretar&iacute;a de Cultura organizan una muestra de artistas mendocinos comprometidas con la concientizaci&oacute;n sobre el c&aacute;ncer de mama. Podr&aacute; visitarse desde el 18 de octubre en el Centro Cultural Julio Le Parc, Mitre y Godoy Cruz, Guaymall&eacute;n. En conmemoraci&oacute;n del D&iacute;a Mundial del C&aacute;ncer de Mama,&#8230; <a class=\"view-article\" href=\"https:\/\/www.mendoza.gov.ar\/prensa\/las-artes-plasticas-para-generar-conciencia-sobre-la-prevencion-del-cancer-de-mama\/\"><\/a>","protected":false},"author":63,"featured_media":206767,"comment_status":"open","ping_status":"open","sticky":false,"template":"","format":"standard","meta":[],"categories":[30],"tags":[],"_links":{"self":[{"href":"https:\/\/www.mendoza.gov.ar\/prensa\/wp-json\/wp\/v2\/posts\/206765"}],"collection":[{"href":"https:\/\/www.mendoza.gov.ar\/prensa\/wp-json\/wp\/v2\/posts"}],"about":[{"href":"https:\/\/www.mendoza.gov.ar\/prensa\/wp-json\/wp\/v2\/types\/post"}],"author":[{"embeddable":true,"href":"https:\/\/www.mendoza.gov.ar\/prensa\/wp-json\/wp\/v2\/users\/63"}],"replies":[{"embeddable":true,"href":"https:\/\/www.mendoza.gov.ar\/prensa\/wp-json\/wp\/v2\/comments?post=206765"}],"version-history":[{"count":3,"href":"https:\/\/www.mendoza.gov.ar\/prensa\/wp-json\/wp\/v2\/posts\/206765\/revisions"}],"predecessor-version":[{"id":206785,"href":"https:\/\/www.mendoza.gov.ar\/prensa\/wp-json\/wp\/v2\/posts\/206765\/revisions\/206785"}],"wp:featuredmedia":[{"embeddable":true,"href":"https:\/\/www.mendoza.gov.ar\/prensa\/wp-json\/wp\/v2\/media\/206767"}],"wp:attachment":[{"href":"https:\/\/www.mendoza.gov.ar\/prensa\/wp-json\/wp\/v2\/media?parent=206765"}],"wp:term":[{"taxonomy":"category","embeddable":true,"href":"https:\/\/www.mendoza.gov.ar\/prensa\/wp-json\/wp\/v2\/categories?post=206765"},{"taxonomy":"post_tag","embeddable":true,"href":"https:\/\/www.mendoza.gov.ar\/prensa\/wp-json\/wp\/v2\/tags?post=206765"}],"curies":[{"name":"wp","href":"https:\/\/api.w.org\/{rel}","templated":true}]}}