{"id":20699,"date":"2014-12-13T01:47:18","date_gmt":"2014-12-13T01:47:18","guid":{"rendered":"http:\/\/prensa.wp2.mendoza.gov.ar\/?p=20699"},"modified":"2014-12-13T01:47:18","modified_gmt":"2014-12-13T01:47:18","slug":"el-gobernador-inauguro-el-primer-hotel-de-lavalle","status":"publish","type":"post","link":"https:\/\/www.mendoza.gov.ar\/prensa\/el-gobernador-inauguro-el-primer-hotel-de-lavalle\/","title":{"rendered":"El Gobernador inaugur\u00f3 el primer hotel de Lavalle"},"content":{"rendered":"<!DOCTYPE html PUBLIC \"-\/\/W3C\/\/DTD HTML 4.0 Transitional\/\/EN\" \"http:\/\/www.w3.org\/TR\/REC-html40\/loose.dtd\">\n<html><body><p>El gobernador Francisco P&eacute;rez, acompa&ntilde;ado por el intendente de Lavalle, Roberto Righi, y el ministro de Agroindustria y Tecnolog&iacute;a, Marcelo Costa, inauguraron esta noche el primer hotel de Lavalle. El emprendimiento de la familia S&iacute;coli fue financiado a trav&eacute;s de la l&iacute;nea &ldquo;Inversi&oacute;n en pesos&rdquo; del Fondo para la Transformaci&oacute;n y el Crecimiento, mediante la cual se brind&oacute; asistencia crediticia para la terminaci&oacute;n de la construcci&oacute;n y el equipamiento del lugar.<\/p>\n<p>Se trata de un moderno hospedaje tres estrellas, que cuenta con 15 habitaciones, sal&oacute;n de eventos, gimnasio, habitaciones adaptadas a personas con capacidades diferentes, piscina, cochera y confiter&iacute;a con vista a la plaza departamental.<\/p>\n<p>El mandatario provincial aprovech&oacute; la oportunidad para&nbsp;felicitar a Alfredo S&iacute;coli y a toda su familia, &ldquo;por animarse a invertir, por creer en esta tierra y por poner sus conocimientos, su creatividad y su trabajo al servicio de una Mendoza de Esp&iacute;ritu Grande&rdquo;.<\/p>\n<p>El Gobernador resalt&oacute; que &ldquo;Lavalle ya est&aacute; posicionada como destino tur&iacute;stico provincial y esto se ha logrado con el trabajo de todos. Quienes visiten este departamento tienen una excelente opci&oacute;n para permanecer en la zona y no tener que trasladarse a la ciudad de Mendoza para buscar alojamiento, lo que evidentemente genera m&aacute;s trabajo y recursos para todos los lavallinos&rdquo;.<\/p>\n<p>Mientras que Costa indic&oacute; que &ldquo;este emprendimiento tuvo un gran empuje de sus due&ntilde;os que hicieron un esfuerzo muy importante para poder concretar este objetivo. Desde el Estado es una alegr&iacute;a ver que con el apoyo y trabajo conjunto con iniciativas privadas se puedan terminar felizmente emprendimientos con capitales mendocinos que generan empleo genuino&rdquo;.<\/p>\n<p>Los turistas que visiten el departamento podr&aacute;n encontrar emprendimientos rurales de la Red de Turismo Rural y en La Asunci&oacute;n, tres emprendimientos incorporados a las Rutas Gastron&oacute;micas de Mendoza, la Reserva Telteca que increment&oacute; 60% las visitas en los &uacute;ltimos 3 a&ntilde;os, grupos de turismo de las comunidades originarias de Lagunas del Rosario, el Museo Hist&oacute;rico Natural que ha sido puesto en valor recientemente y la Laguna de Guanacache, entre otros.<\/p>\n<p><strong>&nbsp;<\/strong><strong>Datos &uacute;tiles<\/strong><\/p>\n<p>El Hotel Lavalle se encuentra ubicado en la calle Dr. Moreno N&ordm; 2, esquina Dorrego, frente a la plaza departamental en Villa Tulumaya, Lavalle.<\/p>\n<p>Para mayor informaci&oacute;n sobre las l&iacute;neas de cr&eacute;dito del Fondo para la Transformaci&oacute;n y el Crecimiento hay que comunicarse a los tel&eacute;fonos 4202434\/35,&nbsp; ingresar a la web&nbsp;<a href=\"https:\/\/www.ftyc.gob.ar\/\">www.ftyc.gob.ar<\/a>&nbsp;o dirigirse a las delegaciones en toda la provincia.<\/p>\n<\/body><\/html>\n","protected":false},"excerpt":{"rendered":"Se trata de un emprendimiento familiar financiado por el Fondo para la Transformaci\u00f3n y el Crecimiento, a trav\u00e9s de la l\u00ednea \u201cInversi\u00f3n en pesos\u201d.","protected":false},"author":3,"featured_media":0,"comment_status":"open","ping_status":"open","sticky":false,"template":"","format":"standard","meta":[],"categories":[19],"tags":[],"_links":{"self":[{"href":"https:\/\/www.mendoza.gov.ar\/prensa\/wp-json\/wp\/v2\/posts\/20699"}],"collection":[{"href":"https:\/\/www.mendoza.gov.ar\/prensa\/wp-json\/wp\/v2\/posts"}],"about":[{"href":"https:\/\/www.mendoza.gov.ar\/prensa\/wp-json\/wp\/v2\/types\/post"}],"author":[{"embeddable":true,"href":"https:\/\/www.mendoza.gov.ar\/prensa\/wp-json\/wp\/v2\/users\/3"}],"replies":[{"embeddable":true,"href":"https:\/\/www.mendoza.gov.ar\/prensa\/wp-json\/wp\/v2\/comments?post=20699"}],"version-history":[{"count":0,"href":"https:\/\/www.mendoza.gov.ar\/prensa\/wp-json\/wp\/v2\/posts\/20699\/revisions"}],"wp:attachment":[{"href":"https:\/\/www.mendoza.gov.ar\/prensa\/wp-json\/wp\/v2\/media?parent=20699"}],"wp:term":[{"taxonomy":"category","embeddable":true,"href":"https:\/\/www.mendoza.gov.ar\/prensa\/wp-json\/wp\/v2\/categories?post=20699"},{"taxonomy":"post_tag","embeddable":true,"href":"https:\/\/www.mendoza.gov.ar\/prensa\/wp-json\/wp\/v2\/tags?post=20699"}],"curies":[{"name":"wp","href":"https:\/\/api.w.org\/{rel}","templated":true}]}}