{"id":207164,"date":"2019-10-18T13:43:08","date_gmt":"2019-10-18T16:43:08","guid":{"rendered":"http:\/\/prensa.wp1.mendoza.gov.ar\/?p=207164"},"modified":"2020-02-10T09:44:06","modified_gmt":"2020-02-10T12:44:06","slug":"el-sabado-se-realizaran-coloquios-publicos-para-vendimia-2020","status":"publish","type":"post","link":"https:\/\/www.mendoza.gov.ar\/prensa\/el-sabado-se-realizaran-coloquios-publicos-para-vendimia-2020\/","title":{"rendered":"El s\u00e1bado se realizar\u00e1n coloquios p\u00fablicos para Vendimia 2020"},"content":{"rendered":"<!DOCTYPE html PUBLIC \"-\/\/W3C\/\/DTD HTML 4.0 Transitional\/\/EN\" \"http:\/\/www.w3.org\/TR\/REC-html40\/loose.dtd\">\n<html><body><h5 style=\"font-weight: 400\">Desde la Direcci&oacute;n de Producci&oacute;n Cultural y Vendimia, de la Secretar&iacute;a de Cultura, se informa que ma&ntilde;ana, 19 de octubre, se realizar&aacute;n los coloquios para Vendimia 2020.<\/h5>\n<p style=\"font-weight: 400\">Tras finalizar las etapas de recepci&oacute;n de propuestas y apertura de sobres, de los cinco equipos que se postularon, por decisi&oacute;n del jurado, pasaron a la instancia de coloquios el Grupo 1,&nbsp;<em>La legi&oacute;n de la vid<\/em>, con direcci&oacute;n de Franco Ag&uuml;ero; el Grupo II,&nbsp;<em>Sentir el vino, sentir Mendoza<\/em>, con Oscar Cruz a la cabeza y el Grupo IV,&nbsp;<em>Sinfon&iacute;a azul para el vino nuevo<\/em>, dirigido por Rafael R. Ruiz.<\/p>\n<p style=\"font-weight: 400\">Todas las presentaciones ser&aacute;n abiertas al p&uacute;blico, teniendo en cuenta la capacidad de la sala Chalo Tuli&aacute;n, del Espacio Cultural Julio Le Parc, lugar donde se realizar&aacute;n. Cada equipo contar&aacute; con 2 horas para desarrollar su coloquio.<\/p>\n<p style=\"font-weight: 400\"><strong>El staff dirigido por Franco Ag&uuml;ero comenzar&aacute; su coloquio a las 8.30; el equipo de Oscar Cruz lo har&aacute; a las 11:30 y el de Rafael R. Ruiz a partir de las 15:00.<\/strong><\/p>\n<p style=\"font-weight: 400\">El jurado est&aacute; compuesto, en el &aacute;rea Danza, por Enrique Lucero (A.M.P.D); Patricia Motos (AMD); Ana Laura Ortolani (So&ntilde;arte) y Luc&iacute;a Alejandra Gui&ntilde;ez (Uco Hue). Por el &aacute;rea M&uacute;sica, Zaharay Ortega (Asoc. M&uacute;sicos Cuyo) y Juan Ignacio Rojas (MIMM). Por la Asociaci&oacute;n Argentina de Actores, Juan Cinquemani; Fernando Gamez (Canal Acequia); Liliana Berm&uacute;dez (FAyD UNCuyo); Valeria Zorrilla (Secretar&iacute;a de Cultura); Fabricio M&aacute;rquez (Argentores); Walter Neira (Ex Directores de Vendimia); H&eacute;ctor Rosas (Secretar&iacute;a de Cultura); Laura Uano (Secretar&iacute;a de Cultura); Gabriela Torino (Directores de Cultura municipales); Leonardo Mart&iacute;n (Infraestructura del Gobierno de Mendoza); Mirta Mitre (Hacedores de Vendimia) y Elizabeth Mart&iacute;nez (CORENAVE y COVINAVE).<\/p>\n<p style=\"font-weight: 400\">Tras la presentaci&oacute;n de los tres coloquios, el jurado se reunir&aacute; para debatir y, como ha ocurrido en otras ocasiones, existe la posibilidad de que se d&eacute; a conocer el equipo que dirigir&aacute; la Fiesta Nacional de la Vendimia 2020 el mismo s&aacute;bado, en el Le Parc.<\/p>\n\n        <style type='text\/css'>\n            #gallery-1 {\n                margin: auto;\n            }\n            #gallery-1 .gallery-item {\n                float: left;\n                margin-top: 10px;\n\n                width: auto;}\n            #gallery-1 img {\n                border: 0px none;\n            }\n            #gallery-1 .gallery-caption {\n                margin-left: 0;\n            }\n        <\/style>\n<script>\njQuery(document).ready(function($) {\n  jQuery('div.gallery-item').hover(function(){\n     \/\/jQuery(this).fadeIn().siblings(':not(.modal)').fadeTo( 'slow' , 0.2);\n     jQuery(this).siblings(':not(.modal)').fadeTo( 'fast' , 0.2);\n     jQuery(this).fadeTo( 'slow' , 1);\n  },function(){\n     \/\/$(this).siblings().andSelf().fadeTo( 'slow' , 1);\n  });\n  jQuery('#gallery-1').on('mouseleave',function(){\n    jQuery('div.gallery-item').fadeTo( 'fast' , 1);\n  })\n});\n<\/script>\n        <!-- see gallery_shortcode() in wp-includes\/media.php -->\n        <h3>GALERIA<\/h3>\n        <div id='gallery-1' class='gallery galleryid-207164'><div class='gallery-item' data-toggle='modal' data-target='#207165' id='r207165'>\n            <dt class='gallery-icon'>\n                <a style='cursor:pointer;'><img width='150' height='150' src='https:\/\/www.mendoza.gov.ar\/wp-content\/uploads\/sites\/5\/2019\/10\/DSC_7868-1-150x150.jpg' class='attachment-thumbnail size-thumbnail' alt='' href=''><\/a>\n             <\/dt><\/div><div class=\"modal fade bs-example-modal-lg\" id=\"207165\" tabindex=\"-1\" role=\"dialog\" aria-labelledby=\"myModalLabel\">\n  <div class=\"modal-dialog modal-lg\" role=\"document\">\n    <div class=\"\">\n      <div class=\"modal-body\" style=\"text-align: center;\"><a href='https:\/\/www.mendoza.gov.ar\/prensa\/el-sabado-se-realizaran-coloquios-publicos-para-vendimia-2020\/dsc_7868-2\/'><img width=\"700\" height=\"465\" src=\"https:\/\/www.mendoza.gov.ar\/wp-content\/uploads\/sites\/5\/2019\/10\/DSC_7868-1-700x465.jpg\" class=\"attachment-large size-large\" alt=\"\" loading=\"lazy\" srcset=\"https:\/\/www.mendoza.gov.ar\/wp-content\/uploads\/sites\/5\/2019\/10\/DSC_7868-1-700x465.jpg 700w, https:\/\/www.mendoza.gov.ar\/wp-content\/uploads\/sites\/5\/2019\/10\/DSC_7868-1-250x166.jpg 250w, https:\/\/www.mendoza.gov.ar\/wp-content\/uploads\/sites\/5\/2019\/10\/DSC_7868-1-768x510.jpg 768w, https:\/\/www.mendoza.gov.ar\/wp-content\/uploads\/sites\/5\/2019\/10\/DSC_7868-1-120x80.jpg 120w\" sizes=\"(max-width: 700px) 100vw, 700px\" \/><\/a><a data-toggle=\"modal\" data-dismiss=\"modal\" data-target=\"#207165\"><i class=\"text-white fa fa-chevron-right fa-4x\"><\/i><\/a><\/div>\n    <\/div>\n  <\/div>\n<\/div>\n            <br style='clear: both;' \/>\n        <\/div>\n\n<\/body><\/html>\n","protected":false},"excerpt":{"rendered":"Desde la Direcci&oacute;n de Producci&oacute;n Cultural y Vendimia, de la Secretar&iacute;a de Cultura, se informa que ma&ntilde;ana, 19 de octubre, se realizar&aacute;n los coloquios para Vendimia 2020. Tras finalizar las etapas de recepci&oacute;n de propuestas y apertura de sobres, de los cinco equipos que se postularon, por decisi&oacute;n del jurado, pasaron a la instancia de&#8230; <a class=\"view-article\" href=\"https:\/\/www.mendoza.gov.ar\/prensa\/el-sabado-se-realizaran-coloquios-publicos-para-vendimia-2020\/\"><\/a>","protected":false},"author":66,"featured_media":207165,"comment_status":"open","ping_status":"open","sticky":false,"template":"","format":"standard","meta":[],"categories":[8,38,1802],"tags":[],"_links":{"self":[{"href":"https:\/\/www.mendoza.gov.ar\/prensa\/wp-json\/wp\/v2\/posts\/207164"}],"collection":[{"href":"https:\/\/www.mendoza.gov.ar\/prensa\/wp-json\/wp\/v2\/posts"}],"about":[{"href":"https:\/\/www.mendoza.gov.ar\/prensa\/wp-json\/wp\/v2\/types\/post"}],"author":[{"embeddable":true,"href":"https:\/\/www.mendoza.gov.ar\/prensa\/wp-json\/wp\/v2\/users\/66"}],"replies":[{"embeddable":true,"href":"https:\/\/www.mendoza.gov.ar\/prensa\/wp-json\/wp\/v2\/comments?post=207164"}],"version-history":[{"count":1,"href":"https:\/\/www.mendoza.gov.ar\/prensa\/wp-json\/wp\/v2\/posts\/207164\/revisions"}],"predecessor-version":[{"id":207166,"href":"https:\/\/www.mendoza.gov.ar\/prensa\/wp-json\/wp\/v2\/posts\/207164\/revisions\/207166"}],"wp:featuredmedia":[{"embeddable":true,"href":"https:\/\/www.mendoza.gov.ar\/prensa\/wp-json\/wp\/v2\/media\/207165"}],"wp:attachment":[{"href":"https:\/\/www.mendoza.gov.ar\/prensa\/wp-json\/wp\/v2\/media?parent=207164"}],"wp:term":[{"taxonomy":"category","embeddable":true,"href":"https:\/\/www.mendoza.gov.ar\/prensa\/wp-json\/wp\/v2\/categories?post=207164"},{"taxonomy":"post_tag","embeddable":true,"href":"https:\/\/www.mendoza.gov.ar\/prensa\/wp-json\/wp\/v2\/tags?post=207164"}],"curies":[{"name":"wp","href":"https:\/\/api.w.org\/{rel}","templated":true}]}}