{"id":20896,"date":"2014-01-08T16:34:03","date_gmt":"2014-01-08T16:34:03","guid":{"rendered":"http:\/\/prensa.mendoza.gov.ar\/dia-nacional-para-la-prevencion-del-abuso-contra-los-ninos-ninas-y-adolescentes\/"},"modified":"2014-01-08T16:34:03","modified_gmt":"2014-01-08T16:34:03","slug":"dia-nacional-para-la-prevencion-del-abuso-contra-los-ninos-ninas-y-adolescentes","status":"publish","type":"post","link":"https:\/\/www.mendoza.gov.ar\/prensa\/dia-nacional-para-la-prevencion-del-abuso-contra-los-ninos-ninas-y-adolescentes\/","title":{"rendered":"D\u00eda Nacional para la Prevenci\u00f3n del Abuso contra los Ni\u00f1os, Ni\u00f1as y Adolescentes"},"content":{"rendered":"<!DOCTYPE html PUBLIC \"-\/\/W3C\/\/DTD HTML 4.0 Transitional\/\/EN\" \"http:\/\/www.w3.org\/TR\/REC-html40\/loose.dtd\">\n<html><body><p><a href=\"https:\/\/www.mendoza.gov.ar\/prensa\/wp-content\/uploads\/sites\/23\/abuso.pdf\" target=\"_blank\">Informe Especial<\/a><\/p>\n<\/body><\/html>\n","protected":false},"excerpt":{"rendered":"Informe Especial","protected":false},"author":3,"featured_media":0,"comment_status":"open","ping_status":"open","sticky":false,"template":"","format":"standard","meta":[],"categories":[1],"tags":[],"_links":{"self":[{"href":"https:\/\/www.mendoza.gov.ar\/prensa\/wp-json\/wp\/v2\/posts\/20896"}],"collection":[{"href":"https:\/\/www.mendoza.gov.ar\/prensa\/wp-json\/wp\/v2\/posts"}],"about":[{"href":"https:\/\/www.mendoza.gov.ar\/prensa\/wp-json\/wp\/v2\/types\/post"}],"author":[{"embeddable":true,"href":"https:\/\/www.mendoza.gov.ar\/prensa\/wp-json\/wp\/v2\/users\/3"}],"replies":[{"embeddable":true,"href":"https:\/\/www.mendoza.gov.ar\/prensa\/wp-json\/wp\/v2\/comments?post=20896"}],"version-history":[{"count":0,"href":"https:\/\/www.mendoza.gov.ar\/prensa\/wp-json\/wp\/v2\/posts\/20896\/revisions"}],"wp:attachment":[{"href":"https:\/\/www.mendoza.gov.ar\/prensa\/wp-json\/wp\/v2\/media?parent=20896"}],"wp:term":[{"taxonomy":"category","embeddable":true,"href":"https:\/\/www.mendoza.gov.ar\/prensa\/wp-json\/wp\/v2\/categories?post=20896"},{"taxonomy":"post_tag","embeddable":true,"href":"https:\/\/www.mendoza.gov.ar\/prensa\/wp-json\/wp\/v2\/tags?post=20896"}],"curies":[{"name":"wp","href":"https:\/\/api.w.org\/{rel}","templated":true}]}}