{"id":214378,"date":"2019-12-12T16:45:39","date_gmt":"2019-12-12T19:45:39","guid":{"rendered":"http:\/\/prensa.wp1.mendoza.gov.ar\/?p=214378"},"modified":"2019-12-12T16:52:14","modified_gmt":"2019-12-12T19:52:14","slug":"capacitacion-sobre-atencion-de-la-perdida-perinatal-y-neonatal-en-osep","status":"publish","type":"post","link":"https:\/\/www.mendoza.gov.ar\/prensa\/capacitacion-sobre-atencion-de-la-perdida-perinatal-y-neonatal-en-osep\/","title":{"rendered":"Capacitaci\u00f3n sobre atenci\u00f3n de la p\u00e9rdida perinatal y neonatal en OSEP"},"content":{"rendered":"<!DOCTYPE html PUBLIC \"-\/\/W3C\/\/DTD HTML 4.0 Transitional\/\/EN\" \"http:\/\/www.w3.org\/TR\/REC-html40\/loose.dtd\">\n<html><body><h5>Alrededor de 80 profesionales participaron en la presentaci&oacute;n &ldquo;Gu&iacute;a de buenas pr&aacute;cticas para la atenci&oacute;n de la muerte perinatal y neonatal&rdquo;, en el SUM del Hospital El Carmen. La propuesta busca acompa&ntilde;ar y contener en todo momento a las familias que puedan transitar esta dif&iacute;cil situaci&oacute;n.<\/h5>\n<p>La actividad fue organizada por el Equipo de Psic&oacute;logas Perinatales de Mendoza, el Comit&eacute; de Docencia e Investigaci&oacute;n, la Direcci&oacute;n de Maternidad e Infancia, el Ministerio de Salud, Desarrollo Social y Deportes y OSEP.<\/p>\n<p>Participaron en la capacitaci&oacute;n profesionales de salud de Neonatolog&iacute;a y Obstetricia; la directora de Maternidad, Infancia y Adolescencia de la provincia, M&oacute;nica Rinaldi, y el director del Hospital El Carmen, Oscar Boiero.<\/p>\n<p>Esta iniciativa naci&oacute; de un grupo de padres y ONG y se basa en gu&iacute;as internacionales para establecer protocolos espec&iacute;ficos y tratar el tema de la manera m&aacute;s profesional posible, teniendo en cuenta la empat&iacute;a entre el personal de salud y la familia.<\/p>\n<p>La p&eacute;rdida perinatal y neonatal provoca un gran impacto emocional. El acompa&ntilde;amiento y la contenci&oacute;n del equipo de salud es crucial y puede contribuir enormemente a aliviar el trauma vivido por la familia.<\/p>\n<p>Por esta raz&oacute;n, la capacitaci&oacute;n ofreci&oacute; estrategias de asistencia pr&aacute;cticas para manejar de manera correcta cualquier tipo de muerte perinatal y neonatal. La gu&iacute;a se resume en 12 puntos: acompa&ntilde;amiento, comunicaci&oacute;n, ambiente, participaci&oacute;n, apoyo psicol&oacute;gico, cuidados del cuerpo, recuerdos, necropsia, suspensi&oacute;n de la lactancia, tr&aacute;mites administrativos, seguimiento ambulatorio y cuidados.<\/p>\n\n        <style type='text\/css'>\n            #gallery-1 {\n                margin: auto;\n            }\n            #gallery-1 .gallery-item {\n                float: left;\n                margin-top: 10px;\n\n                width: auto;}\n            #gallery-1 img {\n                border: 0px none;\n            }\n            #gallery-1 .gallery-caption {\n                margin-left: 0;\n            }\n        <\/style>\n<script>\njQuery(document).ready(function($) {\n  jQuery('div.gallery-item').hover(function(){\n     \/\/jQuery(this).fadeIn().siblings(':not(.modal)').fadeTo( 'slow' , 0.2);\n     jQuery(this).siblings(':not(.modal)').fadeTo( 'fast' , 0.2);\n     jQuery(this).fadeTo( 'slow' , 1);\n  },function(){\n     \/\/$(this).siblings().andSelf().fadeTo( 'slow' , 1);\n  });\n  jQuery('#gallery-1').on('mouseleave',function(){\n    jQuery('div.gallery-item').fadeTo( 'fast' , 1);\n  })\n});\n<\/script>\n        <!-- see gallery_shortcode() in wp-includes\/media.php -->\n        <h3>GALERIA<\/h3>\n        <div id='gallery-1' class='gallery galleryid-214378'><div class='gallery-item' data-toggle='modal' data-target='#214379' id='r214379'>\n            <dt class='gallery-icon'>\n                <a style='cursor:pointer;'><img width='150' height='150' src='https:\/\/www.mendoza.gov.ar\/wp-content\/uploads\/sites\/5\/2019\/12\/portada-CHARLA-NEO-012-150x150.jpg' class='attachment-thumbnail size-thumbnail' alt='' href=''><\/a>\n             <\/dt><\/div><div class=\"modal fade bs-example-modal-lg\" id=\"214379\" tabindex=\"-1\" role=\"dialog\" aria-labelledby=\"myModalLabel\">\n  <div class=\"modal-dialog modal-lg\" role=\"document\">\n    <div class=\"\">\n      <div class=\"modal-body\" style=\"text-align: center;\"><a href='https:\/\/www.mendoza.gov.ar\/prensa\/capacitacion-sobre-atencion-de-la-perdida-perinatal-y-neonatal-en-osep\/portada-charla-neo-012\/'><img width=\"700\" height=\"256\" src=\"https:\/\/www.mendoza.gov.ar\/wp-content\/uploads\/sites\/5\/2019\/12\/portada-CHARLA-NEO-012-700x256.jpg\" class=\"attachment-large size-large\" alt=\"\" loading=\"lazy\" srcset=\"https:\/\/www.mendoza.gov.ar\/wp-content\/uploads\/sites\/5\/2019\/12\/portada-CHARLA-NEO-012-700x256.jpg 700w, https:\/\/www.mendoza.gov.ar\/wp-content\/uploads\/sites\/5\/2019\/12\/portada-CHARLA-NEO-012-250x91.jpg 250w, https:\/\/www.mendoza.gov.ar\/wp-content\/uploads\/sites\/5\/2019\/12\/portada-CHARLA-NEO-012-768x280.jpg 768w, https:\/\/www.mendoza.gov.ar\/wp-content\/uploads\/sites\/5\/2019\/12\/portada-CHARLA-NEO-012-120x44.jpg 120w, https:\/\/www.mendoza.gov.ar\/wp-content\/uploads\/sites\/5\/2019\/12\/portada-CHARLA-NEO-012.jpg 1200w\" sizes=\"(max-width: 700px) 100vw, 700px\" \/><\/a><a data-toggle=\"modal\" data-dismiss=\"modal\" data-target=\"#214380\"><i class=\"text-white fa fa-chevron-right fa-4x\"><\/i><\/a><\/div>\n    <\/div>\n  <\/div>\n<\/div><div class='gallery-item' data-toggle='modal' data-target='#214380' id='r214380'>\n            <dt class='gallery-icon'>\n                <a style='cursor:pointer;'><img width='150' height='150' src='https:\/\/www.mendoza.gov.ar\/wp-content\/uploads\/sites\/5\/2019\/12\/portada-CHARLA-NEO-014-150x150.jpg' class='attachment-thumbnail size-thumbnail' alt='' href=''><\/a>\n             <\/dt><\/div><div class=\"modal fade bs-example-modal-lg\" id=\"214380\" tabindex=\"-1\" role=\"dialog\" aria-labelledby=\"myModalLabel\">\n  <div class=\"modal-dialog modal-lg\" role=\"document\">\n    <div class=\"\">\n      <div class=\"modal-body\" style=\"text-align: center;\"><a data-toggle=\"modal\" data-dismiss=\"modal\" data-target=\"#214379\"><i class=\"text-white fa fa-chevron-left fa-4x\"><\/i><\/a><a href='https:\/\/www.mendoza.gov.ar\/prensa\/capacitacion-sobre-atencion-de-la-perdida-perinatal-y-neonatal-en-osep\/portada-charla-neo-014\/'><img width=\"700\" height=\"256\" src=\"https:\/\/www.mendoza.gov.ar\/wp-content\/uploads\/sites\/5\/2019\/12\/portada-CHARLA-NEO-014-700x256.jpg\" class=\"attachment-large size-large\" alt=\"\" loading=\"lazy\" srcset=\"https:\/\/www.mendoza.gov.ar\/wp-content\/uploads\/sites\/5\/2019\/12\/portada-CHARLA-NEO-014-700x256.jpg 700w, https:\/\/www.mendoza.gov.ar\/wp-content\/uploads\/sites\/5\/2019\/12\/portada-CHARLA-NEO-014-250x91.jpg 250w, https:\/\/www.mendoza.gov.ar\/wp-content\/uploads\/sites\/5\/2019\/12\/portada-CHARLA-NEO-014-768x280.jpg 768w, https:\/\/www.mendoza.gov.ar\/wp-content\/uploads\/sites\/5\/2019\/12\/portada-CHARLA-NEO-014-120x44.jpg 120w, https:\/\/www.mendoza.gov.ar\/wp-content\/uploads\/sites\/5\/2019\/12\/portada-CHARLA-NEO-014.jpg 1200w\" sizes=\"(max-width: 700px) 100vw, 700px\" \/><\/a><a data-toggle=\"modal\" data-dismiss=\"modal\" data-target=\"#214379\"><i class=\"text-white fa fa-chevron-right fa-4x\"><\/i><\/a><\/div>\n    <\/div>\n  <\/div>\n<\/div>\n            <br style='clear: both;' \/>\n        <\/div>\n\n<\/body><\/html>\n","protected":false},"excerpt":{"rendered":"Alrededor de 80 profesionales participaron en la presentaci&oacute;n &ldquo;Gu&iacute;a de buenas pr&aacute;cticas para la atenci&oacute;n de la muerte perinatal y neonatal&rdquo;, en el SUM del Hospital El Carmen. La propuesta busca acompa&ntilde;ar y contener en todo momento a las familias que puedan transitar esta dif&iacute;cil situaci&oacute;n. La actividad fue organizada por el Equipo de Psic&oacute;logas&#8230; <a class=\"view-article\" href=\"https:\/\/www.mendoza.gov.ar\/prensa\/capacitacion-sobre-atencion-de-la-perdida-perinatal-y-neonatal-en-osep\/\"><\/a>","protected":false},"author":63,"featured_media":214379,"comment_status":"open","ping_status":"open","sticky":false,"template":"","format":"standard","meta":[],"categories":[30],"tags":[],"_links":{"self":[{"href":"https:\/\/www.mendoza.gov.ar\/prensa\/wp-json\/wp\/v2\/posts\/214378"}],"collection":[{"href":"https:\/\/www.mendoza.gov.ar\/prensa\/wp-json\/wp\/v2\/posts"}],"about":[{"href":"https:\/\/www.mendoza.gov.ar\/prensa\/wp-json\/wp\/v2\/types\/post"}],"author":[{"embeddable":true,"href":"https:\/\/www.mendoza.gov.ar\/prensa\/wp-json\/wp\/v2\/users\/63"}],"replies":[{"embeddable":true,"href":"https:\/\/www.mendoza.gov.ar\/prensa\/wp-json\/wp\/v2\/comments?post=214378"}],"version-history":[{"count":3,"href":"https:\/\/www.mendoza.gov.ar\/prensa\/wp-json\/wp\/v2\/posts\/214378\/revisions"}],"predecessor-version":[{"id":214385,"href":"https:\/\/www.mendoza.gov.ar\/prensa\/wp-json\/wp\/v2\/posts\/214378\/revisions\/214385"}],"wp:featuredmedia":[{"embeddable":true,"href":"https:\/\/www.mendoza.gov.ar\/prensa\/wp-json\/wp\/v2\/media\/214379"}],"wp:attachment":[{"href":"https:\/\/www.mendoza.gov.ar\/prensa\/wp-json\/wp\/v2\/media?parent=214378"}],"wp:term":[{"taxonomy":"category","embeddable":true,"href":"https:\/\/www.mendoza.gov.ar\/prensa\/wp-json\/wp\/v2\/categories?post=214378"},{"taxonomy":"post_tag","embeddable":true,"href":"https:\/\/www.mendoza.gov.ar\/prensa\/wp-json\/wp\/v2\/tags?post=214378"}],"curies":[{"name":"wp","href":"https:\/\/api.w.org\/{rel}","templated":true}]}}