{"id":21628,"date":"2014-10-24T17:44:00","date_gmt":"2014-10-24T17:44:00","guid":{"rendered":"http:\/\/prensa.mendoza.gov.ar\/perez-anuncio-en-san-rafael-que-habra-tasa-cero-para-pequenos-productores-e-industriales\/"},"modified":"2014-10-24T17:44:00","modified_gmt":"2014-10-24T17:44:00","slug":"perez-anuncio-en-san-rafael-que-habra-tasa-cero-para-pequenos-productores-e-industriales","status":"publish","type":"post","link":"https:\/\/www.mendoza.gov.ar\/prensa\/perez-anuncio-en-san-rafael-que-habra-tasa-cero-para-pequenos-productores-e-industriales\/","title":{"rendered":"P\u00e9rez anunci\u00f3 en San Rafael que habr\u00e1 tasa cero para peque\u00f1os productores e industriales"},"content":{"rendered":"<!DOCTYPE html PUBLIC \"-\/\/W3C\/\/DTD HTML 4.0 Transitional\/\/EN\" \"http:\/\/www.w3.org\/TR\/REC-html40\/loose.dtd\">\n<html><body><p>El gobernador Francisco P&eacute;rez y gran parte de su gabinete participaron junto con el intendente de San Rafael, Emir F&eacute;lix, en el Almuerzo de las Fuerzas Vivas para celebrar el 111&ordm; aniversario de ese departamento sure&ntilde;o.<\/p>\n<p>En un almuerzo que se realiz&oacute; en el predio ferial del Algarrobal,<a href=\"https:\/\/www.mendoza.gov.ar\/prensa\/files\/documents\/AniversarioSanRafael_Definitivo.pdf\"> P&eacute;rez destac&oacute; las acciones del Ejecutivo que vienen realiz&aacute;ndose para beneficio de los sanrafaelinos.<\/a><\/p>\n<p><img src=\"\/files\/media\/medium_24_10_14gobernador_felix_1.jpg\" class=\" img-responsive center-block\"><\/p>\n<p>En materia sanitaria, el mandatario provincial asegur&oacute; que el Hospital Schestakow ampl&iacute;a sus guardias y tendr&aacute; ese servicio pedi&aacute;trico y de adultos y que sumaron una ambulancia. Adem&aacute;s anunci&oacute; que &ldquo;el Centro de Salud de Valle Grande tendr&aacute; los tres cargos que requer&iacute;an&rdquo;.<\/p>\n<p>En lo vinculado&nbsp;al sector&nbsp;agroindustrial, <a href=\"https:\/\/www.mendoza.gov.ar\/prensa\/files\/documents\/AniversarioSanRafael_Definitivo.pdf\">el Gobernador anunci&oacute;<\/a> que atento a los reclamos realizados por los peque&ntilde;os productores e industriales y &ldquo;en la pr&oacute;xima Ley Impositiva tendr&aacute;n tasa cero de Ingresos Brutos sin ning&uacute;n tipo de restricciones&rdquo;.<\/p>\n<p>En cuanto a las obras, P&eacute;rez realiz&oacute; importantes anuncios en materia de infraestructura, entre los que se destacan la l&iacute;nea el&eacute;ctrica de alta tensi&oacute;n Nihuil IV, la doble v&iacute;a San Rafael-General Alvear e importantes avances en la red de gas y <strong><a href=\"https:\/\/www.mendoza.gov.ar\/prensa\/noticia\/17643\/en-el-aniversario-de-san-rafael-el-gobernador-destaco-avances-en-irrigacion-1414184591\">obras de Irrigaci&oacute;n<\/a><\/strong>..<\/p>\n<p>En lo que respecta al turismo, el Gobernador se&ntilde;al&oacute;&nbsp; que San Rafael &ldquo;ha ganado sin dudas un reconocimiento en el mapa del turismo de Argentina, fruto del esfuerzo y la cooperaci&oacute;n del sector p&uacute;blico y privado&rdquo; y anunci&oacute; el llamado a concesi&oacute;n para la explotaci&oacute;n tur&iacute;stica con destino de alojamiento, gastronom&iacute;a y recreaci&oacute;n del campamento de Valle Grande.<\/p>\n<p>Respecto al sector privado y en materia de recuperaci&oacute;n industrial, P&eacute;rez destac&oacute; los casos de Manferro (ex-Carbometal) como empresa &iacute;cono de la regi&oacute;n, que &ldquo;con una inversi&oacute;n de $70 millones emplear&aacute; en forma directa a m&aacute;s de 150 personas y en forma indirecta otras 50. Adem&aacute;s explorar&aacute; ferrrosilicio, sustituyendo las importaciones&rdquo;.<\/p>\n<p>Y tambi&eacute;n rescat&oacute; el caso de la empresa metalmec&aacute;nica Tassaroli con bases comerciales en Chile, Brasil y Estados Unidos, que &ldquo;cuenta con 200 trabajadores y ha invertido m&aacute;s de $40 millones en lo que va del a&ntilde;o. Estas inversiones nos dan fuerza y optimismo y demuestran que hay mucho inter&eacute;s en nuestra provincia&rdquo;, tal como afirm&oacute; P&eacute;rez en su discurso.<\/p>\n<p><img src=\"\/files\/media\/medium_24_10_14gobernador_aula_virtual.jpg\" class=\" img-responsive center-block\"><\/p>\n<p><strong>M&aacute;s beneficios para el sector agr&iacute;cola<\/strong><\/p>\n<p>El Gobernador se&ntilde;al&oacute; adem&aacute;s que los productores tienen una herramienta de cr&eacute;dito muy importante, a trav&eacute;s del Fondo de la Transformaci&oacute;n y el Crecimiento, y en articulaci&oacute;n con bancos, como el Naci&oacute;n, el Credicoop, el Bice y con la incorporaci&oacute;n reciente del Supervielle y el Santander-Rio se ofrecen tasas subsidiadas a la producci&oacute;n, a la industria y al fomento del empleo.<\/p>\n<p>Precis&oacute; tambi&eacute;n que existe una l&iacute;nea de financiamiento para la adquisici&oacute;n de maquinaria industrial que promueve el \"Compre Mendocino\" y el desarrollo de nuestras pymes metalmec&aacute;nicas y que esta l&iacute;nea permite extender el plazo de devoluci&oacute;n del pr&eacute;stamo de 5 a 7 a&ntilde;os. &ldquo;Si la maquinaria que se adquiere es fabricada por mendocinos financiamos hasta $2 millones con una tasa del 12.5%&rdquo;, tal como afirm&oacute; el mandatario provincial.<\/p>\n<p>El Gobernador expres&oacute; que se escucharon los reclamos realizados por los peque&ntilde;os productores e industriales y por eso en la pr&oacute;xima Ley impositiva tendr&aacute;n tasa cero de Ingresos Brutos sin ning&uacute;n tipo de restricciones.<\/p>\n<p><img src=\"\/files\/media\/medium_24_10_14gobernador_san_rafael.jpg\" class=\" img-responsive center-block\"><\/p>\n<p>Adem&aacute;s record&oacute; que &ldquo;somos la &uacute;nica provincia que tiene toda su superficie bajo observaci&oacute;n de radares meteorol&oacute;gicos&rdquo;.<\/p>\n<p>P&eacute;rez anunci&oacute; adem&aacute;s que &ldquo;con el beneficio de la Ley 7074 hoy se entregaron a 17 productores ganaderos subsidios por $3 millones para engorde de animales y maquinarias&rdquo;. Y agreg&oacute; que estas acciones permitir&aacute;n desarrollar un Plan Estrat&eacute;gico ganadero para la Provincia de Mendoza.<\/p>\n<p>La vitivinicultura tuvo un lugar importante en el discurso del Gobernador, en el cual afirm&oacute; que se establecer&aacute; una compensaci&oacute;n hasta el equivalente a U$S 0,10 por litro de vino exportado y a las exportaciones&nbsp; nuevas de vinos blancos gen&eacute;ricos a fin de reintegrar los impuestos indirectos pagados durante el proceso de producci&oacute;n, elaboraci&oacute;n, log&iacute;stica y comercializaci&oacute;n. Los beneficiarios ser&aacute;n productores, cooperativas y\/o peque&ntilde;as y medianas bodegas.<\/p>\n<p>En ese sentido destac&oacute; que &ldquo;a trav&eacute;s de Belgrano Cargas (Trenes Argentinos) ayer se firm&oacute; un convenio que estable tarifas diferenciales de transporte de carga por Ferrocarril desde Mendoza a Buenos Aires para la exportaci&oacute;n de vinos y mostos. Estimamos un ahorro entre $100 por contenedor exportado&rdquo;.&nbsp;<\/p>\n<p>Adem&aacute;s agreg&oacute; que para incentivar la destilaci&oacute;n, se le otorgar&aacute; a cada tenedor de vino que disponga realizarla, un incentivo de hasta $ 1,50 por litro de vino&rdquo;.<\/p>\n<p>P&eacute;rez se&ntilde;al&oacute; que a trav&eacute;s del Banco Naci&oacute;n se pondr&aacute;n a disposici&oacute;n de las bodegas compradoras de vino, la l&iacute;nea especial de cr&eacute;dito con subsidio de tasa de hasta 9% para bodegas que compren vino blanco a $3 y vino tinto a $3,50, precio que se ir&aacute; actualizando. La condici&oacute;n para tomar esta l&iacute;nea es comprar los vinos gen&eacute;ricos de contado a los precios sugeridos.<\/p>\n<p><strong>Acciones para combatir el delito en el Sur<\/strong><\/p>\n<p>En cuanto a la Seguridad, el Gobernador dijo que el Ejecutivo provincial y municipal trabajan en acciones conjuntas y planificadas. En esa l&iacute;nea, P&eacute;rez asegur&oacute; que San Rafael ya cuenta con 45 c&aacute;maras instaladas en distintos puntos del departamento y se est&aacute; ampliando el CEO Central. Adem&aacute;s pronto se sumar&aacute;n otras 50 c&aacute;maras de videovigilancia que ayuden a combatir el delito en ese departamento.<\/p>\n<p>&ldquo;Hemos creamos la Delegaci&oacute;n de la Unidad Motorista de Acci&oacute;n R&aacute;pida (UMAR) en el &aacute;mbito de Cuerpos Especiales con domicilio en Las Paredes y elevamos a rango de Comisar&iacute;a la Subcomisar&iacute;a de Cuadro Nacional&rdquo;, asegur&oacute; el mandatario provincial. Y agreg&oacute; que se construir&aacute; un nuevo penal en San Rafael.<\/p>\n<p>Adem&aacute;s, el Gobierno provincial ya entreg&oacute; 15 veh&iacute;culos entre autos y camionetas cero kil&oacute;metro y los sanrafaelinos cuentan con una nueva autobomba.<\/p>\n<p>Sobre uno de los pilares de su gesti&oacute;n que es la construcci&oacute;n de viviendas, dijo que &ldquo;se han entregado 5.700, se est&aacute;n construyendo m&aacute;s de 5.200 y en breve se comenzar&aacute;n a edificar 6.550 nuevas viviendas, convirtiendo a Mendoza en la provincia que m&aacute;s casas construye&rdquo;. Mientras que en San Rafael se han entregado 352 viviendas a trav&eacute;s del IPV, se est&aacute;n construyendo 460 m&aacute;s y se iniciar&aacute;n otras 540 viviendas, adem&aacute;s de los cr&eacute;ditos individuales de PRO.CRE.AR con los cuales ser&aacute;n beneficiados miles de mendocinos.<\/p>\n<p>El Gobernador rescat&oacute; las acciones que se vienen realizando desde el Gobierno nacional y desde el Ejecutivo provincial por la integraci&oacute;n argentino-chilena. En esa l&iacute;nea pidi&oacute; a los empresarios y funcionarios presentes en el almuerzo que &ldquo;aunar esfuerzos para el proyecto de Chile y Argentina y para sumar a Brasil&rdquo;. Adem&aacute;s cont&oacute; que la semana pr&oacute;xima una delegaci&oacute;n mendocina estar&aacute; en Chile para la firma del protocolo que sirva de marco para el avance de los pasos fronterizos que comparten ambos pa&iacute;ses.<\/p>\n<p>Para cerrar, P&eacute;rez asegur&oacute; que &ldquo;en el d&iacute;a a d&iacute;a cuenta el esfuerzo de cada sanrafaelino y de cada mendocino, cuenta el esfuerzo de los empresarios, y cuenta tambi&eacute;n la presencia del Estado municipal, provincial y nacional. Porque no son tiempos f&aacute;ciles y hay condicionantes coyunturales y estructurales que no hacen sencilla la tarea. Pero aqu&iacute; estamos para producir cambios significativos y para producir cambios que representen una mejor&iacute;a cada d&iacute;a, por peque&ntilde;a que esta pueda parecer&rdquo;.<\/p>\n<p>Acompa&ntilde;aron al Gobernador los ministros Rolando Baldasso (Infraestructura), Mat&iacute;as Roby (Salud), Marcos Zandomeni (Energ&iacute;a), Marcelo Costa (Agroindustria), Rodolfo Lafalla (Trabajo, Justicia y Gobierno), Javier Espina (Turismo), Guillermo Elizalde (Tierras, Ambiente y Recursos Naturales), Cristi&aacute;n Bassin (Desarrollo Social) y Leonardo Comperatore (Seguridad), junto con la secretaria coordinadora de la Gobernaci&oacute;n, Lia Alvarez.<\/p>\n<p>Para descargar el discurso ingresar <a href=\"https:\/\/www.mendoza.gov.ar\/prensa\/files\/documents\/AniversarioSanRafael_Definitivo.pdf\">aqu&iacute;<\/a>.<\/p>\n<p>&nbsp;<\/p>\n<p><strong>Notas relacionadas<\/strong><\/p>\n<p><a href=\"https:\/\/www.mendoza.gov.ar\/prensa\/noticia\/17645\/nuevas-obras-para-san-rafael-1414187625\">Nuevas obras para San Rafael<\/a><\/p>\n<p><a href=\"https:\/\/www.mendoza.gov.ar\/prensa\/noticia\/17643\/en-el-aniversario-de-san-rafael-el-gobernador-destaco-avances-en-irrigacion-1414184591\">En el aniversario de San Rafael el Gobernador destac&oacute; avances en Irrigaci&oacute;n<\/a><\/p>\n<\/body><\/html>\n","protected":false},"excerpt":{"rendered":"El Gobernador dijo en el Almuerzo de las Fuerzas Vivas por el 111\u00ba aniversario de ese departamento que la modificaci\u00f3n est\u00e1 incluida en la Ley Impositiva 2015. Habl\u00f3 adem\u00e1s de avances en obras, salud, seguridad y el sector agroindustrial en ese distrito.","protected":false},"author":3,"featured_media":0,"comment_status":"open","ping_status":"open","sticky":false,"template":"","format":"standard","meta":[],"categories":[19],"tags":[],"_links":{"self":[{"href":"https:\/\/www.mendoza.gov.ar\/prensa\/wp-json\/wp\/v2\/posts\/21628"}],"collection":[{"href":"https:\/\/www.mendoza.gov.ar\/prensa\/wp-json\/wp\/v2\/posts"}],"about":[{"href":"https:\/\/www.mendoza.gov.ar\/prensa\/wp-json\/wp\/v2\/types\/post"}],"author":[{"embeddable":true,"href":"https:\/\/www.mendoza.gov.ar\/prensa\/wp-json\/wp\/v2\/users\/3"}],"replies":[{"embeddable":true,"href":"https:\/\/www.mendoza.gov.ar\/prensa\/wp-json\/wp\/v2\/comments?post=21628"}],"version-history":[{"count":0,"href":"https:\/\/www.mendoza.gov.ar\/prensa\/wp-json\/wp\/v2\/posts\/21628\/revisions"}],"wp:attachment":[{"href":"https:\/\/www.mendoza.gov.ar\/prensa\/wp-json\/wp\/v2\/media?parent=21628"}],"wp:term":[{"taxonomy":"category","embeddable":true,"href":"https:\/\/www.mendoza.gov.ar\/prensa\/wp-json\/wp\/v2\/categories?post=21628"},{"taxonomy":"post_tag","embeddable":true,"href":"https:\/\/www.mendoza.gov.ar\/prensa\/wp-json\/wp\/v2\/tags?post=21628"}],"curies":[{"name":"wp","href":"https:\/\/api.w.org\/{rel}","templated":true}]}}