{"id":21655,"date":"2014-10-23T12:17:00","date_gmt":"2014-10-23T12:17:00","guid":{"rendered":"http:\/\/prensa.mendoza.gov.ar\/provincia-y-nacion-inauguraron-la-nueva-sede-de-transporte-y-relanzaron-la-linea-parque-de-troles\/"},"modified":"2014-10-23T12:17:00","modified_gmt":"2014-10-23T12:17:00","slug":"provincia-y-nacion-inauguraron-la-nueva-sede-de-transporte-y-relanzaron-la-linea-parque-de-troles","status":"publish","type":"post","link":"https:\/\/www.mendoza.gov.ar\/prensa\/provincia-y-nacion-inauguraron-la-nueva-sede-de-transporte-y-relanzaron-la-linea-parque-de-troles\/","title":{"rendered":"Provincia y Naci\u00f3n inauguraron la nueva sede de Transporte y relanzaron la l\u00ednea Parque de Troles"},"content":{"rendered":"<!DOCTYPE html PUBLIC \"-\/\/W3C\/\/DTD HTML 4.0 Transitional\/\/EN\" \"http:\/\/www.w3.org\/TR\/REC-html40\/loose.dtd\">\n<html><body><p>El gobernador Francisco P&eacute;rez; el ministro del Interior y Transporte, Florencio Randazzo; y el ministro de Transporte de Mendoza, Diego Mart&iacute;nez Palau, inauguraron la nueva sede del Ministerio de Transporte. En el acto tambi&eacute;n particip&oacute; el director Ejecutivo de Anses, Diego Bossio.<\/p>\n<p>El edificio, ubicado en Tiburcio Benegas 1799&nbsp;de Ciudad, data de principios del Siglo XX y en sus or&iacute;genes fue sede del Ministerio de Educaci&oacute;n de La Naci&oacute;n.<\/p>\n<p><img src=\"\/files\/media\/medium_23_10_14gobernador_edificio_trnasporte.jpg\" class=\" img-responsive center-block\"><\/p>\n<p>Luego fue administrado por Ferrocarriles Argentinos y despu&eacute;s utilizado por BAP (Buenos Aires Pacifico) y por ALL, que dejaron de de ocuparlo aproximadamente hace 18 a&ntilde;os.<\/p>\n<p>En su discurso, P&eacute;rez asegur&oacute; que esto se logr&oacute; &ldquo;gracias a las pol&iacute;ticas de recuperaci&oacute;n y reactivaci&oacute;n del sistema ferroviario iniciada por el Gobierno Nacional, y a la decidida gesti&oacute;n de Randazzo, quien instruy&oacute; a Belgrano Cargas para que cediera estas instalaciones al Ministerio de Transporte de la provincia,&nbsp;que por primera vez cuenta con edificio propio luego de 48 a&ntilde;os&rdquo;.<\/p>\n<p>La nueva sede de Transporte albergar&aacute; alrededor de 206 empleados. El Ministerio de Cultura coloc&oacute; una muestra itinerante de arte contempor&aacute;neo con obras creadas por artistas mendocinos que representan el transporte p&uacute;blico y la vida cotidiana.<\/p>\n<p><img src=\"\/files\/media\/medium_23_10_14gobernador_transporte.jpg\" class=\" img-responsive center-block\"><\/p>\n<p>&ldquo;Para acompa&ntilde;ar la iniciativa de puesta en valor de la cultura ferroviaria, en el interior de las instalaciones funcionar&aacute; una muestra ferroviaria con piezas itinerantes en pr&eacute;stamo, gentileza de Ferroclub Andino&rdquo;, tal como explic&oacute; el mandatario provincial.<\/p>\n<p><strong>M&aacute;s beneficios para productores<\/strong><\/p>\n<p>Durante la inauguraci&oacute;n, los funcionarios firmaron un convenio con Belgrano Cargas y Log&iacute;stica S.A. para que Trenes Argentinos garantice las tarifas preferenciales a los peque&ntilde;os productores de los distintos rubros del mercado mendocino.Este acuerdo se suma al realizado el 8 de marzo, en el cual se ratifica el cuadro tarifario de exportaci&oacute;n: el contenedor de 20&rdquo; a U$S&nbsp;1150 y el contenedor de&nbsp;40&rdquo; a U$S 1320.&nbsp;Se trata de una ampliaci&oacute;n de los beneficios y condiciones del acuerdo de servicios de transporte de carga por ferrocarril entre Trenes Argentinos y la Provincia.<\/p>\n<p><strong>PRO.CRE.AR<\/strong><\/p>\n<p>Luego de inaugurar el nuevo edificio, P&eacute;rez junto con Randazzo, Bossio, Mart&iacute;nez Palau y autoridades nacionales y provinciales visitaron el predio de&nbsp;PRO.CRE.AR. All&iacute; se construir&aacute;n 1.110&nbsp;&nbsp;viviendas de&nbsp;1, 2 y 3 dormitorios, adem&aacute;s de d&uacute;plex de 2 dormitorios, en Tiburcio Benegas y Suipacha de la Sexta Secci&oacute;n de Capital.<br>\nEl proyecto, cuyo monto de inversi&oacute;n estimado es de m&aacute;s&nbsp;de $750 millones, contempla espacios de recreaci&oacute;n de usos m&uacute;ltiples, estacionamientos y locales comerciales.<\/p>\n<p><strong>Nuevos troles fabricados en Mendoza<\/strong><\/p>\n<p><img src=\"\/files\/media\/medium_23_10_14nuevos_troles.jpg\" class=\" img-responsive center-block\"><\/p>\n<p>El Ministerio de Transporte relanz&oacute; la hist&oacute;rica l&iacute;nea trole Parque con 6 unidades 0km de fabricaci&oacute;n nacional. Es la primera vez que este recorrido estrena troles desde que comenz&oacute; a circular en febrero de 1958.<\/p>\n<p>Durante la inaguraci&oacute;n acompa&ntilde;aron al Gobernador los ministros Rolando Baldasso (Infraestructura), Marizul Iba&ntilde;ez (Cultura), Marcelo Costa (Agroindustria) y Leonardo Comperatore (Seguridad). Tambi&eacute;n estuvieron el presidente de la C&aacute;mara de Diputados, Jorge Tan&uacute;s; y la secretaria coordinadora de Gobernaci&oacute;n, Lia Alvarez.<\/p>\n<p>En el acto adem&aacute;s participaron los intendentes Rodolfo Su&aacute;rez (Capital), Juan Carlos De Paolo (Alvear), Emir F&eacute;lix (San Rafael), Joaqu&iacute;n Rodr&iacute;guez (Tupungato) y Mart&iacute;n Aveiro (Tunuy&aacute;n).<br>\nUn equipo de mec&aacute;nicos y t&eacute;cnicos de la Empresa Provincial de Transporte se encarg&oacute; del desarrollo tecnol&oacute;gico de las 6 unidades que requirieron una inversi&oacute;n de $10 millones.<\/p>\n<p>Cada veh&iacute;culo tiene capacidad para 80 pasajeros, con condiciones de alto confort para los pasajeros como butacas de respaldo alto, piso bajo y plataforma deslizable para acceso a personas con sillas de ruedas.<\/p>\n<p>El primer modelo de trole mendocino se desarroll&oacute; en el 2012 y, en abril del 2013, empez&oacute; a circular el primer prototipo. Con estas unidades 0km el Estado comienza a hacer el recambio de troles usados por nuevos.<\/p>\n<\/body><\/html>\n","protected":false},"excerpt":{"rendered":"El edificio albergar\u00e1 a m\u00e1s de 200 empleados. La l\u00ednea trole Parque tendr\u00e1 unidades de fabricaci\u00f3n nacional. Los funcionarios tambi\u00e9n visitaron el predio Procrear de Ciudad y firmaron un convenio que brindar\u00e1 tarifas preferenciales a productores locales.","protected":false},"author":3,"featured_media":0,"comment_status":"open","ping_status":"open","sticky":false,"template":"","format":"standard","meta":[],"categories":[19],"tags":[],"_links":{"self":[{"href":"https:\/\/www.mendoza.gov.ar\/prensa\/wp-json\/wp\/v2\/posts\/21655"}],"collection":[{"href":"https:\/\/www.mendoza.gov.ar\/prensa\/wp-json\/wp\/v2\/posts"}],"about":[{"href":"https:\/\/www.mendoza.gov.ar\/prensa\/wp-json\/wp\/v2\/types\/post"}],"author":[{"embeddable":true,"href":"https:\/\/www.mendoza.gov.ar\/prensa\/wp-json\/wp\/v2\/users\/3"}],"replies":[{"embeddable":true,"href":"https:\/\/www.mendoza.gov.ar\/prensa\/wp-json\/wp\/v2\/comments?post=21655"}],"version-history":[{"count":0,"href":"https:\/\/www.mendoza.gov.ar\/prensa\/wp-json\/wp\/v2\/posts\/21655\/revisions"}],"wp:attachment":[{"href":"https:\/\/www.mendoza.gov.ar\/prensa\/wp-json\/wp\/v2\/media?parent=21655"}],"wp:term":[{"taxonomy":"category","embeddable":true,"href":"https:\/\/www.mendoza.gov.ar\/prensa\/wp-json\/wp\/v2\/categories?post=21655"},{"taxonomy":"post_tag","embeddable":true,"href":"https:\/\/www.mendoza.gov.ar\/prensa\/wp-json\/wp\/v2\/tags?post=21655"}],"curies":[{"name":"wp","href":"https:\/\/api.w.org\/{rel}","templated":true}]}}