{"id":21661,"date":"2014-10-22T18:41:00","date_gmt":"2014-10-22T18:41:00","guid":{"rendered":"http:\/\/prensa.mendoza.gov.ar\/mas-de-800-familias-mendocinas-tendran-casa-propia-gracias-al-pro-cre-ar\/"},"modified":"2014-10-22T18:41:00","modified_gmt":"2014-10-22T18:41:00","slug":"mas-de-800-familias-mendocinas-tendran-casa-propia-gracias-al-pro-cre-ar","status":"publish","type":"post","link":"https:\/\/www.mendoza.gov.ar\/prensa\/mas-de-800-familias-mendocinas-tendran-casa-propia-gracias-al-pro-cre-ar\/","title":{"rendered":"M\u00e1s de 800 familias mendocinas tendr\u00e1n casa propia gracias al PRO.CRE.AR."},"content":{"rendered":"<!DOCTYPE html PUBLIC \"-\/\/W3C\/\/DTD HTML 4.0 Transitional\/\/EN\" \"http:\/\/www.w3.org\/TR\/REC-html40\/loose.dtd\">\n<html><body><p>El gobernador Francisco P&eacute;rez, el director Ejecutivo de ANSES Diego Bossio y el intendente de Maip&uacute; Alejandro Bermejo encabezaron el Sorteo de&nbsp;PRO.CRE.AR.&nbsp;(Programa de Cr&eacute;dito Argentino del Bicentenario para la Vivienda &Uacute;nica Familiar) que se realiz&oacute; en nuestra Provincia.<\/p>\n<p>Se trata de 886 viviendas (432 departamentos de 1, 2 y 3 dormitorios, y 454 d&uacute;plex) ubicadas entre las calles Juan B. Justo, Arenales, El Planch&oacute;n y Los Escuderos que fueron adjudicadas entre las m&aacute;s de las 11.000 familias que estaban inscriptas.<\/p>\n<p>&ldquo;Este programa PRO.CRE.AR. vino a llevar un vac&iacute;o en la provincia de Mendoza y en cada una de las provincias argentinas, porque no hab&iacute;a cr&eacute;dito hipotecario, s&oacute;lo la familia por iniciativa propia o a trav&eacute;s del Instituto Provincial de la Vivienda pod&iacute;a acceder a su casa&rdquo;, se&ntilde;al&oacute; el Gobernador.<\/p>\n<p>Tambi&eacute;n destac&oacute; que &ldquo;este es el resultado de una decisi&oacute;n pol&iacute;tica en un proyecto colectivo, porque el Municipio aporta un terreno, que estaba a punto de ser usurpado; y le cambia la urbanizaci&oacute;n y mejora el dise&ntilde;o y la est&eacute;tica a este departamento; la Provincia colaborando con los distintos organismos nacionales; y el Ministerio de Econom&iacute;a, la ANSES y tambi&eacute;n el Banco Hipotecario, financiando&rdquo;.<\/p>\n<p><img src=\"\/files\/media\/medium_22_10_14gobernador_bossio_obras.jpg\" class=\" img-responsive center-block\"><\/p>\n<p>Por otra parte, el mandatario provincial indic&oacute; las repercusiones que tiene este programa en la actividad econ&oacute;mica porque &ldquo;se calcula que por vivienda est&aacute;n trabajando una y media a dos personas promedio, m&aacute;s de 10 empresas constructoras y casi todos los corralones de construcci&oacute;n de la provincia&rdquo;.<\/p>\n<p>&ldquo;Ac&aacute; son 886 familias y casas, en San Mart&iacute;n 400, en la Ciudad de Mendoza 1.100, en San Rafael 220, 380 en Malarg&uuml;e; y a eso hay que sumar 5.800 cr&eacute;ditos individuales que ha otorgado el PRO.CRE.AR. desde que est&aacute; funcionando, a lo largo y a lo ancho de nuestra provincia&rdquo;, complet&oacute; P&eacute;rez.<\/p>\n<p>En el acto realizado en el Polideportivo Juan Domingo Ribosqui estuvieron presentes la subsecretaria de Coordinaci&oacute;n Econ&oacute;mica y Mejora de la Competitividad del Ministerio de Econom&iacute;a de la Naci&oacute;n, Mariana Gonz&aacute;lez; el vicepresidente de la Agencia de Administraci&oacute;n de Bienes del Estado, Mart&iacute;n Reivel Mayer.<\/p>\n<p>Estuvieron los ministros Rolando Baldasso (Infraestructura), Rodolfo Lafalla (Trabajo, Justicia y Gobierno) y el titular del IPV, Omar Parisi adem&aacute;s de autoridades del Ejecutivo Provincial y de la Municipalidad de Maip&uacute;, y legisladores nacionales y provinciales.<\/p>\n<p><img src=\"\/files\/media\/medium_22_10_14gobernador_bossio.jpg\" class=\" img-responsive center-block\"><\/p>\n<p>Luego del acto, el Gobernador junto a las autoridades de ANSES y del Ejecutivo Provincial se trasladaron al predio del Desarrollo Urban&iacute;stico, ubicado en la calle Juan B. Justo, donde realizaron un recorrida por la obra y visitaron el show room con el modelo de casa.<\/p>\n<p><strong>Procrear Maip&uacute;<\/strong><\/p>\n<p>Las empresas a cargo del proyecto son Green S.A., Tolcon, Ceosa, Oha, Mosso Diez y Laugero S.A. y trabajan con un monto de inversi&oacute;n que rodea los $ 820 millones.<\/p>\n<p>El complejo contar&aacute; con conexi&oacute;n a la ciudad de Mendoza por el Acceso Sur, mientras que pr&oacute;ximo a su ubicaci&oacute;n se encuentran el Parque Metropolitano, el Hospital Diego Paroissiens y el establecimiento educativo secundario Mar&iacute;a Elena Champeau.<\/p>\n<p>El Desarrollo Urban&iacute;stico incluir&aacute; espacios verdes y de esparcimiento y&nbsp;las viviendas contar&aacute;n con todas las comodidades, terminaciones de&nbsp;primera calidad y espacios interiores muy luminosos.<\/p>\n<p>En Maip&uacute;, hay adem&aacute;s 1.538 hogares en marcha pertenecientes a las l&iacute;neas tradicionales: de ese total, 652 ya est&aacute;n finalizados por un monto total de inversi&oacute;n de $210 millones.<\/p>\n<p>En tanto, en toda la provincia, son 8.846 las viviendas en marcha: 5.769 pertenecen a las l&iacute;neas tradicionales, y las restantes 3.077 forman parte de los 6 Desarrollos Urban&iacute;sticos que beneficiar&aacute;n a 12.500 mendocinos: Maip&uacute; (886 viviendas); Ciudad de Mendoza (1.103 viviendas); San Mart&iacute;n (400 viviendas); San Rafael (220 viviendas); La Dormida (88 viviendas); Malarg&uuml;e (380 viviendas).<\/p>\n<p>PRO.CRE.AR. tiene en marcha 129.500 viviendas en todo el pa&iacute;s, de las cuales 96.445 corresponden a las l&iacute;neas individuales y 33.055&nbsp;pertenecen a los 95 Desarrollos Urban&iacute;sticos.<\/p>\n<p><img src=\"\/files\/media\/medium_22_10_14gobernador_procrear.jpg\" class=\" img-responsive center-block\"><\/p>\n<\/body><\/html>\n","protected":false},"excerpt":{"rendered":"En un acto encabezado por el gobernador Francisco P\u00e9rez y el director Ejecutivo de ANSES, Diego Bossio, fueron sorteados 432 departamentos de 1, 2 y 3 dormitorios y 454 d\u00faplex construidos por ese programa en Maip\u00fa.","protected":false},"author":3,"featured_media":0,"comment_status":"open","ping_status":"open","sticky":false,"template":"","format":"standard","meta":[],"categories":[19],"tags":[],"_links":{"self":[{"href":"https:\/\/www.mendoza.gov.ar\/prensa\/wp-json\/wp\/v2\/posts\/21661"}],"collection":[{"href":"https:\/\/www.mendoza.gov.ar\/prensa\/wp-json\/wp\/v2\/posts"}],"about":[{"href":"https:\/\/www.mendoza.gov.ar\/prensa\/wp-json\/wp\/v2\/types\/post"}],"author":[{"embeddable":true,"href":"https:\/\/www.mendoza.gov.ar\/prensa\/wp-json\/wp\/v2\/users\/3"}],"replies":[{"embeddable":true,"href":"https:\/\/www.mendoza.gov.ar\/prensa\/wp-json\/wp\/v2\/comments?post=21661"}],"version-history":[{"count":0,"href":"https:\/\/www.mendoza.gov.ar\/prensa\/wp-json\/wp\/v2\/posts\/21661\/revisions"}],"wp:attachment":[{"href":"https:\/\/www.mendoza.gov.ar\/prensa\/wp-json\/wp\/v2\/media?parent=21661"}],"wp:term":[{"taxonomy":"category","embeddable":true,"href":"https:\/\/www.mendoza.gov.ar\/prensa\/wp-json\/wp\/v2\/categories?post=21661"},{"taxonomy":"post_tag","embeddable":true,"href":"https:\/\/www.mendoza.gov.ar\/prensa\/wp-json\/wp\/v2\/tags?post=21661"}],"curies":[{"name":"wp","href":"https:\/\/api.w.org\/{rel}","templated":true}]}}