{"id":225605,"date":"2020-03-23T19:20:58","date_gmt":"2020-03-23T22:20:58","guid":{"rendered":"http:\/\/prensa.wp1.mendoza.gov.ar\/?p=225605"},"modified":"2020-03-23T22:47:36","modified_gmt":"2020-03-24T01:47:36","slug":"el-gobierno-de-mendoza-lanzo-la-campana-cuidame-cuidandote-porque-te-cuido-cuidandome","status":"publish","type":"post","link":"https:\/\/www.mendoza.gov.ar\/prensa\/el-gobierno-de-mendoza-lanzo-la-campana-cuidame-cuidandote-porque-te-cuido-cuidandome\/","title":{"rendered":"El Gobierno de Mendoza lanz\u00f3 la campa\u00f1a &#8220;Cuidame cuid\u00e1ndote, porque te cuido, cuid\u00e1ndome&#8221;"},"content":{"rendered":"<!DOCTYPE html PUBLIC \"-\/\/W3C\/\/DTD HTML 4.0 Transitional\/\/EN\" \"http:\/\/www.w3.org\/TR\/REC-html40\/loose.dtd\">\n<html><body><h5>Est&aacute; protagonizada por ciudadanos que deben salir de sus casas a cumplir sus labores que son indispensables para el funcionamiento de la provincia, como bomberos, polic&iacute;as, m&eacute;dicos y comunicadores. Adem&aacute;s, deportistas mendocinos, adultos mayores y ni&ntilde;os.<\/h5>\n<p>El Gobierno de Mendoza lanz&oacute; en las &uacute;ltimas horas una campa&ntilde;a v&iacute;a redes sociales bajo el lema &ldquo;Cuidame cuid&aacute;ndote, porque te cuido, cuid&aacute;ndome&rdquo;.<\/p>\n<p>Est&aacute; protagonizada por ciudadanos que deben salir de sus casas a cumplir sus labores que son indispensables para el funcionamiento de la provincia, como bomberos, polic&iacute;as, m&eacute;dicos, ch&oacute;feres de colectivos y comunicadores. &ldquo;Yo tengo que salir de casa, pero vos s&eacute; solidario, quedate en casa, cuidame cuid&aacute;ndote, porque te cuido, cuid&aacute;ndome&rdquo;, expresan los protagonistas en sus videos.<\/p>\n<p>El objetivo de la campa&ntilde;a es concientizar a la sociedad para que no salga de sus hogares, respete el aislamiento social preventivo y obligatorio, y as&iacute;, entre todos, evitar contagios por coronavirus.<\/p>\n<p>A la campa&ntilde;a tambi&eacute;n se sumaron deportistas mendocinos, docentes, adultos mayores y ni&ntilde;os (estos &uacute;ltimos cuentan con el permiso y aval de sus padres para difundir los videos).<\/p>\n<p><strong>Clic para descargar los v&iacute;deos aqu&iacute;:&nbsp;<\/strong><\/p>\n<!--[if lt IE 9]><script>document.createElement('video');<\/script><![endif]-->\n\t<div class=\"wp-playlist wp-video-playlist wp-playlist-light\">\n\t\t<video controls=\"controls\" preload=\"none\" width=\"\n\t\t\t\t878\t\"\n\t height=\"1596\"\t><\/video>\n\t<div class=\"wp-playlist-next\"><\/div>\n\t<div class=\"wp-playlist-prev\"><\/div>\n\t<noscript>\n\t<ol>\n\t<li><a href='https:\/\/www.mendoza.gov.ar\/wp-content\/uploads\/sites\/5\/2020\/03\/WhatsApp-Video-2020-03-23-at-15.25.34.mp4'>WhatsApp Video 2020-03-23 at 15.25.34<\/a><\/li><li><a href='https:\/\/www.mendoza.gov.ar\/wp-content\/uploads\/sites\/5\/2020\/03\/WhatsApp-Video-2020-03-23-at-17.16.01.mp4'>WhatsApp Video 2020-03-23 at 17.16.01<\/a><\/li><li><a href='https:\/\/www.mendoza.gov.ar\/wp-content\/uploads\/sites\/5\/2020\/03\/WhatsApp-Video-2020-03-23-at-15.26.08.mp4'>WhatsApp Video 2020-03-23 at 15.26.08<\/a><\/li><li><a href='https:\/\/www.mendoza.gov.ar\/wp-content\/uploads\/sites\/5\/2020\/03\/WhatsApp-Video-2020-03-23-at-15.26.07-1.mp4'>WhatsApp Video 2020-03-23 at 15.26.07 (1)<\/a><\/li><li><a href='https:\/\/www.mendoza.gov.ar\/wp-content\/uploads\/sites\/5\/2020\/03\/WhatsApp-Video-2020-03-23-at-15.26.07.mp4'>WhatsApp Video 2020-03-23 at 15.26.07<\/a><\/li><li><a href='https:\/\/www.mendoza.gov.ar\/wp-content\/uploads\/sites\/5\/2020\/03\/WhatsApp-Video-2020-03-23-at-15.26.06.mp4'>WhatsApp Video 2020-03-23 at 15.26.06<\/a><\/li><li><a href='https:\/\/www.mendoza.gov.ar\/wp-content\/uploads\/sites\/5\/2020\/03\/WhatsApp-Video-2020-03-23-at-15.26.05.mp4'>WhatsApp Video 2020-03-23 at 15.26.05<\/a><\/li><li><a href='https:\/\/www.mendoza.gov.ar\/wp-content\/uploads\/sites\/5\/2020\/03\/WhatsApp-Video-2020-03-23-at-15.26.04.mp4'>WhatsApp Video 2020-03-23 at 15.26.04<\/a><\/li><li><a href='https:\/\/www.mendoza.gov.ar\/wp-content\/uploads\/sites\/5\/2020\/03\/WhatsApp-Video-2020-03-23-at-15.25.43.mp4'>WhatsApp Video 2020-03-23 at 15.25.43<\/a><\/li><li><a href='https:\/\/www.mendoza.gov.ar\/wp-content\/uploads\/sites\/5\/2020\/03\/WhatsApp-Video-2020-03-23-at-15.25.42.mp4'>WhatsApp Video 2020-03-23 at 15.25.42<\/a><\/li><li><a href='https:\/\/www.mendoza.gov.ar\/wp-content\/uploads\/sites\/5\/2020\/03\/WhatsApp-Video-2020-03-23-at-15.25.41.mp4'>WhatsApp Video 2020-03-23 at 15.25.41<\/a><\/li><li><a href='https:\/\/www.mendoza.gov.ar\/wp-content\/uploads\/sites\/5\/2020\/03\/WhatsApp-Video-2020-03-23-at-15.25.40.mp4'>WhatsApp Video 2020-03-23 at 15.25.40<\/a><\/li><li><a href='https:\/\/www.mendoza.gov.ar\/wp-content\/uploads\/sites\/5\/2020\/03\/WhatsApp-Video-2020-03-23-at-15.25.39.mp4'>WhatsApp Video 2020-03-23 at 15.25.39<\/a><\/li><li><a href='https:\/\/www.mendoza.gov.ar\/wp-content\/uploads\/sites\/5\/2020\/03\/WhatsApp-Video-2020-03-23-at-15.25.38-1.mp4'>WhatsApp Video 2020-03-23 at 15.25.38 (1)<\/a><\/li><li><a href='https:\/\/www.mendoza.gov.ar\/wp-content\/uploads\/sites\/5\/2020\/03\/WhatsApp-Video-2020-03-23-at-15.25.38.mp4'>WhatsApp Video 2020-03-23 at 15.25.38<\/a><\/li><li><a href='https:\/\/www.mendoza.gov.ar\/wp-content\/uploads\/sites\/5\/2020\/03\/WhatsApp-Video-2020-03-23-at-15.25.36-1.mp4'>WhatsApp Video 2020-03-23 at 15.25.36 (1)<\/a><\/li><li><a href='https:\/\/www.mendoza.gov.ar\/wp-content\/uploads\/sites\/5\/2020\/03\/WhatsApp-Video-2020-03-23-at-15.25.36.mp4'>WhatsApp Video 2020-03-23 at 15.25.36<\/a><\/li><li><a href='https:\/\/www.mendoza.gov.ar\/wp-content\/uploads\/sites\/5\/2020\/03\/WhatsApp-Video-2020-03-23-at-15.25.35.mp4'>WhatsApp Video 2020-03-23 at 15.25.35<\/a><\/li><li><a href='https:\/\/www.mendoza.gov.ar\/wp-content\/uploads\/sites\/5\/2020\/03\/WhatsApp-Video-2020-03-23-at-15.25.34-1.mp4'>WhatsApp Video 2020-03-23 at 15.25.34 (1)<\/a><\/li>\t<\/ol>\n\t<\/noscript>\n\t<script type=\"application\/json\" class=\"wp-playlist-script\">{\"type\":\"video\",\"tracklist\":true,\"tracknumbers\":true,\"images\":true,\"artists\":true,\"tracks\":[{\"src\":\"https:\\\/\\\/www.mendoza.gov.ar\\\/wp-content\\\/uploads\\\/sites\\\/5\\\/2020\\\/03\\\/WhatsApp-Video-2020-03-23-at-15.25.34.mp4\",\"type\":\"video\\\/mp4\",\"title\":\"WhatsApp Video 2020-03-23 at 15.25.34\",\"caption\":\"\",\"description\":\"\",\"meta\":{\"length_formatted\":\"0:22\"},\"dimensions\":{\"original\":{\"width\":352,\"height\":640},\"resized\":{\"width\":878,\"height\":1596}},\"image\":{\"src\":\"https:\\\/\\\/www.mendoza.gov.ar\\\/prensa\\\/wp-includes\\\/images\\\/media\\\/video.png\",\"width\":48,\"height\":64},\"thumb\":{\"src\":\"https:\\\/\\\/www.mendoza.gov.ar\\\/prensa\\\/wp-includes\\\/images\\\/media\\\/video.png\",\"width\":48,\"height\":64}},{\"src\":\"https:\\\/\\\/www.mendoza.gov.ar\\\/wp-content\\\/uploads\\\/sites\\\/5\\\/2020\\\/03\\\/WhatsApp-Video-2020-03-23-at-17.16.01.mp4\",\"type\":\"video\\\/mp4\",\"title\":\"WhatsApp Video 2020-03-23 at 17.16.01\",\"caption\":\"\",\"description\":\"\",\"meta\":{\"length_formatted\":\"0:17\"},\"dimensions\":{\"original\":{\"width\":1080,\"height\":1080},\"resized\":{\"width\":878,\"height\":878}},\"image\":{\"src\":\"https:\\\/\\\/www.mendoza.gov.ar\\\/prensa\\\/wp-includes\\\/images\\\/media\\\/video.png\",\"width\":48,\"height\":64},\"thumb\":{\"src\":\"https:\\\/\\\/www.mendoza.gov.ar\\\/prensa\\\/wp-includes\\\/images\\\/media\\\/video.png\",\"width\":48,\"height\":64}},{\"src\":\"https:\\\/\\\/www.mendoza.gov.ar\\\/wp-content\\\/uploads\\\/sites\\\/5\\\/2020\\\/03\\\/WhatsApp-Video-2020-03-23-at-15.26.08.mp4\",\"type\":\"video\\\/mp4\",\"title\":\"WhatsApp Video 2020-03-23 at 15.26.08\",\"caption\":\"\",\"description\":\"\",\"meta\":{\"length_formatted\":\"0:20\"},\"dimensions\":{\"original\":{\"width\":640,\"height\":640},\"resized\":{\"width\":878,\"height\":878}},\"image\":{\"src\":\"https:\\\/\\\/www.mendoza.gov.ar\\\/prensa\\\/wp-includes\\\/images\\\/media\\\/video.png\",\"width\":48,\"height\":64},\"thumb\":{\"src\":\"https:\\\/\\\/www.mendoza.gov.ar\\\/prensa\\\/wp-includes\\\/images\\\/media\\\/video.png\",\"width\":48,\"height\":64}},{\"src\":\"https:\\\/\\\/www.mendoza.gov.ar\\\/wp-content\\\/uploads\\\/sites\\\/5\\\/2020\\\/03\\\/WhatsApp-Video-2020-03-23-at-15.26.07-1.mp4\",\"type\":\"video\\\/mp4\",\"title\":\"WhatsApp Video 2020-03-23 at 15.26.07 (1)\",\"caption\":\"\",\"description\":\"\",\"meta\":{\"length_formatted\":\"0:20\"},\"dimensions\":{\"original\":{\"width\":640,\"height\":640},\"resized\":{\"width\":878,\"height\":878}},\"image\":{\"src\":\"https:\\\/\\\/www.mendoza.gov.ar\\\/prensa\\\/wp-includes\\\/images\\\/media\\\/video.png\",\"width\":48,\"height\":64},\"thumb\":{\"src\":\"https:\\\/\\\/www.mendoza.gov.ar\\\/prensa\\\/wp-includes\\\/images\\\/media\\\/video.png\",\"width\":48,\"height\":64}},{\"src\":\"https:\\\/\\\/www.mendoza.gov.ar\\\/wp-content\\\/uploads\\\/sites\\\/5\\\/2020\\\/03\\\/WhatsApp-Video-2020-03-23-at-15.26.07.mp4\",\"type\":\"video\\\/mp4\",\"title\":\"WhatsApp Video 2020-03-23 at 15.26.07\",\"caption\":\"\",\"description\":\"\",\"meta\":{\"length_formatted\":\"0:12\"},\"dimensions\":{\"original\":{\"width\":640,\"height\":640},\"resized\":{\"width\":878,\"height\":878}},\"image\":{\"src\":\"https:\\\/\\\/www.mendoza.gov.ar\\\/prensa\\\/wp-includes\\\/images\\\/media\\\/video.png\",\"width\":48,\"height\":64},\"thumb\":{\"src\":\"https:\\\/\\\/www.mendoza.gov.ar\\\/prensa\\\/wp-includes\\\/images\\\/media\\\/video.png\",\"width\":48,\"height\":64}},{\"src\":\"https:\\\/\\\/www.mendoza.gov.ar\\\/wp-content\\\/uploads\\\/sites\\\/5\\\/2020\\\/03\\\/WhatsApp-Video-2020-03-23-at-15.26.06.mp4\",\"type\":\"video\\\/mp4\",\"title\":\"WhatsApp Video 2020-03-23 at 15.26.06\",\"caption\":\"\",\"description\":\"\",\"meta\":{\"length_formatted\":\"0:12\"},\"dimensions\":{\"original\":{\"width\":640,\"height\":640},\"resized\":{\"width\":878,\"height\":878}},\"image\":{\"src\":\"https:\\\/\\\/www.mendoza.gov.ar\\\/prensa\\\/wp-includes\\\/images\\\/media\\\/video.png\",\"width\":48,\"height\":64},\"thumb\":{\"src\":\"https:\\\/\\\/www.mendoza.gov.ar\\\/prensa\\\/wp-includes\\\/images\\\/media\\\/video.png\",\"width\":48,\"height\":64}},{\"src\":\"https:\\\/\\\/www.mendoza.gov.ar\\\/wp-content\\\/uploads\\\/sites\\\/5\\\/2020\\\/03\\\/WhatsApp-Video-2020-03-23-at-15.26.05.mp4\",\"type\":\"video\\\/mp4\",\"title\":\"WhatsApp Video 2020-03-23 at 15.26.05\",\"caption\":\"\",\"description\":\"\",\"meta\":{\"length_formatted\":\"0:16\"},\"dimensions\":{\"original\":{\"width\":640,\"height\":640},\"resized\":{\"width\":878,\"height\":878}},\"image\":{\"src\":\"https:\\\/\\\/www.mendoza.gov.ar\\\/prensa\\\/wp-includes\\\/images\\\/media\\\/video.png\",\"width\":48,\"height\":64},\"thumb\":{\"src\":\"https:\\\/\\\/www.mendoza.gov.ar\\\/prensa\\\/wp-includes\\\/images\\\/media\\\/video.png\",\"width\":48,\"height\":64}},{\"src\":\"https:\\\/\\\/www.mendoza.gov.ar\\\/wp-content\\\/uploads\\\/sites\\\/5\\\/2020\\\/03\\\/WhatsApp-Video-2020-03-23-at-15.26.04.mp4\",\"type\":\"video\\\/mp4\",\"title\":\"WhatsApp Video 2020-03-23 at 15.26.04\",\"caption\":\"\",\"description\":\"\",\"meta\":{\"length_formatted\":\"0:16\"},\"dimensions\":{\"original\":{\"width\":640,\"height\":640},\"resized\":{\"width\":878,\"height\":878}},\"image\":{\"src\":\"https:\\\/\\\/www.mendoza.gov.ar\\\/prensa\\\/wp-includes\\\/images\\\/media\\\/video.png\",\"width\":48,\"height\":64},\"thumb\":{\"src\":\"https:\\\/\\\/www.mendoza.gov.ar\\\/prensa\\\/wp-includes\\\/images\\\/media\\\/video.png\",\"width\":48,\"height\":64}},{\"src\":\"https:\\\/\\\/www.mendoza.gov.ar\\\/wp-content\\\/uploads\\\/sites\\\/5\\\/2020\\\/03\\\/WhatsApp-Video-2020-03-23-at-15.25.43.mp4\",\"type\":\"video\\\/mp4\",\"title\":\"WhatsApp Video 2020-03-23 at 15.25.43\",\"caption\":\"\",\"description\":\"\",\"meta\":{\"length_formatted\":\"0:15\"},\"dimensions\":{\"original\":{\"width\":352,\"height\":640},\"resized\":{\"width\":878,\"height\":1596}},\"image\":{\"src\":\"https:\\\/\\\/www.mendoza.gov.ar\\\/prensa\\\/wp-includes\\\/images\\\/media\\\/video.png\",\"width\":48,\"height\":64},\"thumb\":{\"src\":\"https:\\\/\\\/www.mendoza.gov.ar\\\/prensa\\\/wp-includes\\\/images\\\/media\\\/video.png\",\"width\":48,\"height\":64}},{\"src\":\"https:\\\/\\\/www.mendoza.gov.ar\\\/wp-content\\\/uploads\\\/sites\\\/5\\\/2020\\\/03\\\/WhatsApp-Video-2020-03-23-at-15.25.42.mp4\",\"type\":\"video\\\/mp4\",\"title\":\"WhatsApp Video 2020-03-23 at 15.25.42\",\"caption\":\"\",\"description\":\"\",\"meta\":{\"length_formatted\":\"0:16\"},\"dimensions\":{\"original\":{\"width\":352,\"height\":640},\"resized\":{\"width\":878,\"height\":1596}},\"image\":{\"src\":\"https:\\\/\\\/www.mendoza.gov.ar\\\/prensa\\\/wp-includes\\\/images\\\/media\\\/video.png\",\"width\":48,\"height\":64},\"thumb\":{\"src\":\"https:\\\/\\\/www.mendoza.gov.ar\\\/prensa\\\/wp-includes\\\/images\\\/media\\\/video.png\",\"width\":48,\"height\":64}},{\"src\":\"https:\\\/\\\/www.mendoza.gov.ar\\\/wp-content\\\/uploads\\\/sites\\\/5\\\/2020\\\/03\\\/WhatsApp-Video-2020-03-23-at-15.25.41.mp4\",\"type\":\"video\\\/mp4\",\"title\":\"WhatsApp Video 2020-03-23 at 15.25.41\",\"caption\":\"\",\"description\":\"\",\"meta\":{\"length_formatted\":\"0:10\"},\"dimensions\":{\"original\":{\"width\":352,\"height\":640},\"resized\":{\"width\":878,\"height\":1596}},\"image\":{\"src\":\"https:\\\/\\\/www.mendoza.gov.ar\\\/prensa\\\/wp-includes\\\/images\\\/media\\\/video.png\",\"width\":48,\"height\":64},\"thumb\":{\"src\":\"https:\\\/\\\/www.mendoza.gov.ar\\\/prensa\\\/wp-includes\\\/images\\\/media\\\/video.png\",\"width\":48,\"height\":64}},{\"src\":\"https:\\\/\\\/www.mendoza.gov.ar\\\/wp-content\\\/uploads\\\/sites\\\/5\\\/2020\\\/03\\\/WhatsApp-Video-2020-03-23-at-15.25.40.mp4\",\"type\":\"video\\\/mp4\",\"title\":\"WhatsApp Video 2020-03-23 at 15.25.40\",\"caption\":\"\",\"description\":\"\",\"meta\":{\"length_formatted\":\"0:17\"},\"dimensions\":{\"original\":{\"width\":352,\"height\":640},\"resized\":{\"width\":878,\"height\":1596}},\"image\":{\"src\":\"https:\\\/\\\/www.mendoza.gov.ar\\\/prensa\\\/wp-includes\\\/images\\\/media\\\/video.png\",\"width\":48,\"height\":64},\"thumb\":{\"src\":\"https:\\\/\\\/www.mendoza.gov.ar\\\/prensa\\\/wp-includes\\\/images\\\/media\\\/video.png\",\"width\":48,\"height\":64}},{\"src\":\"https:\\\/\\\/www.mendoza.gov.ar\\\/wp-content\\\/uploads\\\/sites\\\/5\\\/2020\\\/03\\\/WhatsApp-Video-2020-03-23-at-15.25.39.mp4\",\"type\":\"video\\\/mp4\",\"title\":\"WhatsApp Video 2020-03-23 at 15.25.39\",\"caption\":\"\",\"description\":\"\",\"meta\":{\"length_formatted\":\"0:16\"},\"dimensions\":{\"original\":{\"width\":352,\"height\":640},\"resized\":{\"width\":878,\"height\":1596}},\"image\":{\"src\":\"https:\\\/\\\/www.mendoza.gov.ar\\\/prensa\\\/wp-includes\\\/images\\\/media\\\/video.png\",\"width\":48,\"height\":64},\"thumb\":{\"src\":\"https:\\\/\\\/www.mendoza.gov.ar\\\/prensa\\\/wp-includes\\\/images\\\/media\\\/video.png\",\"width\":48,\"height\":64}},{\"src\":\"https:\\\/\\\/www.mendoza.gov.ar\\\/wp-content\\\/uploads\\\/sites\\\/5\\\/2020\\\/03\\\/WhatsApp-Video-2020-03-23-at-15.25.38-1.mp4\",\"type\":\"video\\\/mp4\",\"title\":\"WhatsApp Video 2020-03-23 at 15.25.38 (1)\",\"caption\":\"\",\"description\":\"\",\"meta\":{\"length_formatted\":\"0:13\"},\"dimensions\":{\"original\":{\"width\":352,\"height\":640},\"resized\":{\"width\":878,\"height\":1596}},\"image\":{\"src\":\"https:\\\/\\\/www.mendoza.gov.ar\\\/prensa\\\/wp-includes\\\/images\\\/media\\\/video.png\",\"width\":48,\"height\":64},\"thumb\":{\"src\":\"https:\\\/\\\/www.mendoza.gov.ar\\\/prensa\\\/wp-includes\\\/images\\\/media\\\/video.png\",\"width\":48,\"height\":64}},{\"src\":\"https:\\\/\\\/www.mendoza.gov.ar\\\/wp-content\\\/uploads\\\/sites\\\/5\\\/2020\\\/03\\\/WhatsApp-Video-2020-03-23-at-15.25.38.mp4\",\"type\":\"video\\\/mp4\",\"title\":\"WhatsApp Video 2020-03-23 at 15.25.38\",\"caption\":\"\",\"description\":\"\",\"meta\":{\"length_formatted\":\"0:11\"},\"dimensions\":{\"original\":{\"width\":352,\"height\":640},\"resized\":{\"width\":878,\"height\":1596}},\"image\":{\"src\":\"https:\\\/\\\/www.mendoza.gov.ar\\\/prensa\\\/wp-includes\\\/images\\\/media\\\/video.png\",\"width\":48,\"height\":64},\"thumb\":{\"src\":\"https:\\\/\\\/www.mendoza.gov.ar\\\/prensa\\\/wp-includes\\\/images\\\/media\\\/video.png\",\"width\":48,\"height\":64}},{\"src\":\"https:\\\/\\\/www.mendoza.gov.ar\\\/wp-content\\\/uploads\\\/sites\\\/5\\\/2020\\\/03\\\/WhatsApp-Video-2020-03-23-at-15.25.36-1.mp4\",\"type\":\"video\\\/mp4\",\"title\":\"WhatsApp Video 2020-03-23 at 15.25.36 (1)\",\"caption\":\"\",\"description\":\"\",\"meta\":{\"length_formatted\":\"0:18\"},\"dimensions\":{\"original\":{\"width\":352,\"height\":640},\"resized\":{\"width\":878,\"height\":1596}},\"image\":{\"src\":\"https:\\\/\\\/www.mendoza.gov.ar\\\/prensa\\\/wp-includes\\\/images\\\/media\\\/video.png\",\"width\":48,\"height\":64},\"thumb\":{\"src\":\"https:\\\/\\\/www.mendoza.gov.ar\\\/prensa\\\/wp-includes\\\/images\\\/media\\\/video.png\",\"width\":48,\"height\":64}},{\"src\":\"https:\\\/\\\/www.mendoza.gov.ar\\\/wp-content\\\/uploads\\\/sites\\\/5\\\/2020\\\/03\\\/WhatsApp-Video-2020-03-23-at-15.25.36.mp4\",\"type\":\"video\\\/mp4\",\"title\":\"WhatsApp Video 2020-03-23 at 15.25.36\",\"caption\":\"\",\"description\":\"\",\"meta\":{\"length_formatted\":\"0:11\"},\"dimensions\":{\"original\":{\"width\":352,\"height\":640},\"resized\":{\"width\":878,\"height\":1596}},\"image\":{\"src\":\"https:\\\/\\\/www.mendoza.gov.ar\\\/prensa\\\/wp-includes\\\/images\\\/media\\\/video.png\",\"width\":48,\"height\":64},\"thumb\":{\"src\":\"https:\\\/\\\/www.mendoza.gov.ar\\\/prensa\\\/wp-includes\\\/images\\\/media\\\/video.png\",\"width\":48,\"height\":64}},{\"src\":\"https:\\\/\\\/www.mendoza.gov.ar\\\/wp-content\\\/uploads\\\/sites\\\/5\\\/2020\\\/03\\\/WhatsApp-Video-2020-03-23-at-15.25.35.mp4\",\"type\":\"video\\\/mp4\",\"title\":\"WhatsApp Video 2020-03-23 at 15.25.35\",\"caption\":\"\",\"description\":\"\",\"meta\":{\"length_formatted\":\"0:19\"},\"dimensions\":{\"original\":{\"width\":352,\"height\":640},\"resized\":{\"width\":878,\"height\":1596}},\"image\":{\"src\":\"https:\\\/\\\/www.mendoza.gov.ar\\\/prensa\\\/wp-includes\\\/images\\\/media\\\/video.png\",\"width\":48,\"height\":64},\"thumb\":{\"src\":\"https:\\\/\\\/www.mendoza.gov.ar\\\/prensa\\\/wp-includes\\\/images\\\/media\\\/video.png\",\"width\":48,\"height\":64}},{\"src\":\"https:\\\/\\\/www.mendoza.gov.ar\\\/wp-content\\\/uploads\\\/sites\\\/5\\\/2020\\\/03\\\/WhatsApp-Video-2020-03-23-at-15.25.34-1.mp4\",\"type\":\"video\\\/mp4\",\"title\":\"WhatsApp Video 2020-03-23 at 15.25.34 (1)\",\"caption\":\"\",\"description\":\"\",\"meta\":{\"length_formatted\":\"0:16\"},\"dimensions\":{\"original\":{\"width\":352,\"height\":640},\"resized\":{\"width\":878,\"height\":1596}},\"image\":{\"src\":\"https:\\\/\\\/www.mendoza.gov.ar\\\/prensa\\\/wp-includes\\\/images\\\/media\\\/video.png\",\"width\":48,\"height\":64},\"thumb\":{\"src\":\"https:\\\/\\\/www.mendoza.gov.ar\\\/prensa\\\/wp-includes\\\/images\\\/media\\\/video.png\",\"width\":48,\"height\":64}}]}<\/script>\n<\/div>\n\t\n<p><strong>Recomendaciones para evitar el contagio:<\/strong><\/p>\n<p>&ndash; Lavarse las manos frecuentemente con agua y jab&oacute;n<\/p>\n<p>&ndash; Toser o estornudar sobre el pliegue del codo o utilizar pa&ntilde;uelos descartables.<\/p>\n<p>&ndash; No llevarse las manos a la cara.<\/p>\n<p>&ndash; Ventilar bien los ambientes de la casa y del lugar de trabajo.<\/p>\n<p>&ndash; Desinfectar bien los objetos que se usan con frecuencia.<\/p>\n<p>&ndash; No automedicarse.<\/p>\n<p>&ndash; Por consultar relacionadas a s&iacute;ntomas debes llamar al&nbsp;0800 800 26843.<\/p>\n<p>&nbsp;<\/p>\n<p>&nbsp;<\/p>\n<p>&nbsp;<\/p>\n<\/body><\/html>\n","protected":false},"excerpt":{"rendered":"Est&aacute; protagonizada por ciudadanos que deben salir de sus casas a cumplir sus labores que son indispensables para el funcionamiento de la provincia, como bomberos, polic&iacute;as, m&eacute;dicos y comunicadores. Adem&aacute;s, deportistas mendocinos, adultos mayores y ni&ntilde;os. El Gobierno de Mendoza lanz&oacute; en las &uacute;ltimas horas una campa&ntilde;a v&iacute;a redes sociales bajo el lema &ldquo;Cuidame cuid&aacute;ndote,&#8230; <a class=\"view-article\" href=\"https:\/\/www.mendoza.gov.ar\/prensa\/el-gobierno-de-mendoza-lanzo-la-campana-cuidame-cuidandote-porque-te-cuido-cuidandome\/\"><\/a>","protected":false},"author":77,"featured_media":222951,"comment_status":"open","ping_status":"open","sticky":false,"template":"","format":"standard","meta":[],"categories":[1822,19],"tags":[],"_links":{"self":[{"href":"https:\/\/www.mendoza.gov.ar\/prensa\/wp-json\/wp\/v2\/posts\/225605"}],"collection":[{"href":"https:\/\/www.mendoza.gov.ar\/prensa\/wp-json\/wp\/v2\/posts"}],"about":[{"href":"https:\/\/www.mendoza.gov.ar\/prensa\/wp-json\/wp\/v2\/types\/post"}],"author":[{"embeddable":true,"href":"https:\/\/www.mendoza.gov.ar\/prensa\/wp-json\/wp\/v2\/users\/77"}],"replies":[{"embeddable":true,"href":"https:\/\/www.mendoza.gov.ar\/prensa\/wp-json\/wp\/v2\/comments?post=225605"}],"version-history":[{"count":7,"href":"https:\/\/www.mendoza.gov.ar\/prensa\/wp-json\/wp\/v2\/posts\/225605\/revisions"}],"predecessor-version":[{"id":225642,"href":"https:\/\/www.mendoza.gov.ar\/prensa\/wp-json\/wp\/v2\/posts\/225605\/revisions\/225642"}],"wp:featuredmedia":[{"embeddable":true,"href":"https:\/\/www.mendoza.gov.ar\/prensa\/wp-json\/wp\/v2\/media\/222951"}],"wp:attachment":[{"href":"https:\/\/www.mendoza.gov.ar\/prensa\/wp-json\/wp\/v2\/media?parent=225605"}],"wp:term":[{"taxonomy":"category","embeddable":true,"href":"https:\/\/www.mendoza.gov.ar\/prensa\/wp-json\/wp\/v2\/categories?post=225605"},{"taxonomy":"post_tag","embeddable":true,"href":"https:\/\/www.mendoza.gov.ar\/prensa\/wp-json\/wp\/v2\/tags?post=225605"}],"curies":[{"name":"wp","href":"https:\/\/api.w.org\/{rel}","templated":true}]}}