{"id":229786,"date":"2020-05-01T20:18:29","date_gmt":"2020-05-01T23:18:29","guid":{"rendered":"http:\/\/prensa.wp1.mendoza.gov.ar\/?p=229786"},"modified":"2020-05-02T09:56:12","modified_gmt":"2020-05-02T12:56:12","slug":"suarez-anuncio-que-enviara-a-la-legislatura-un-proyecto-de-ley-para-la-preservacion-ambiental-del-piedemonte-mendocino","status":"publish","type":"post","link":"https:\/\/www.mendoza.gov.ar\/prensa\/suarez-anuncio-que-enviara-a-la-legislatura-un-proyecto-de-ley-para-la-preservacion-ambiental-del-piedemonte-mendocino\/","title":{"rendered":"Suarez anunci\u00f3 que enviar\u00e1 a la Legislatura un proyecto de ley para la preservaci\u00f3n ambiental del piedemonte mendocino"},"content":{"rendered":"<!DOCTYPE html PUBLIC \"-\/\/W3C\/\/DTD HTML 4.0 Transitional\/\/EN\" \"http:\/\/www.w3.org\/TR\/REC-html40\/loose.dtd\">\n<html><body><h5>Por primera vez en Mendoza se definir&aacute;n los criterios obligatorios para ocupar el territorio del piedemonte, que ser&aacute;n comunes para los cuatro municipios que conforman el &aacute;rea. Permitir&aacute;n planificar las zonas a&uacute;n no habitadas y regularizar &aacute;reas ya urbanizadas, para proteger a la poblaci&oacute;n de amenazas aluvionales. Tambi&eacute;n se crear&aacute; el &Aacute;rea Natural Protegida n&uacute;mero veinte de la provincia.<\/h5>\n<p>Esta iniciativa, denominada &ldquo;Ley de pautas de manejo y disposiciones espec&iacute;ficas para la planificaci&oacute;n integrada y sostenible de la precordillera y piedemonte del &Aacute;rea Metropolitana de Mendoza (AMM)&rdquo;, fue generada por la Secretar&iacute;a de Ambiente y Ordenamiento Territorial, a trav&eacute;s de la Agencia Provincial de Ordenamiento Territorial. Tuvo el aporte de los cuatro municipios del &Aacute;rea Metropolitana que integran territorio en el &aacute;rea (Las Heras, Capital, Godoy Cruz y Luj&aacute;n), en base al estudio &ldquo;Evaluaci&oacute;n de Amenazas del Piedemonte del &Aacute;rea Metropolitana&rdquo;, elaborado por el Instituto Nacional del Agua.<\/p>\n<p>El proyecto de ley se viene trabajando desde hace m&aacute;s dos a&ntilde;os con el aporte de los equipos t&eacute;cnicos de los cuatro municipios que integran territorio en el piedemonte y de organismos como la Direcci&oacute;n de Hidr&aacute;ulica, EPAS, EPRE e incluso el Departamento General de Irrigaci&oacute;n, entre otros, decididos a asumir la responsabilidad de actualizar la legislaci&oacute;n sobre el piedemonte como unidad ambiental y a dar soluciones operativas a quienes ya lo habitan y a futuro.<\/p>\n<p>A su vez, se han realizado reuniones con las uniones vecinales, a trav&eacute;s de la Unidad de Evaluaciones Ambientales y la Agencia Provincial de Ordenamiento Territorial, en el lugar, para informar la situaci&oacute;n y que se puedan cumplir las exigencias ambientales seg&uacute;n la normativa, como tambi&eacute;n paralizar emprendimientos que contin&uacute;an realizando desmontes.<\/p>\n<p><strong>Final de una problem&aacute;tica hist&oacute;rica&nbsp;<\/strong><\/p>\n<p>La problem&aacute;tica de la ocupaci&oacute;n irregular del piedemonte del &Aacute;rea Metropolitana de Mendoza ha venido siendo un tema &aacute;lgido que, ante el incumplimiento de las normas o la carencia de controles espec&iacute;ficos, se fue agravando con los a&ntilde;os. Si bien exist&iacute;a cierta legislaci&oacute;n, esta se aplicaba parcialmente. Adem&aacute;s, se vio la necesidad de contar con estudios actualizados para tener un diagn&oacute;stico integral m&aacute;s certero, entre otras razones, para conocer los peligros que representaba el incremento de la ocupaci&oacute;n en ciertas zonas pedemontanas.<\/p>\n<p>Por esta raz&oacute;n, desde 2016 el Gobierno de Mendoza determin&oacute; que las evaluaciones ambientales de todos los nuevos proyectos a partir de entonces deber&iacute;an ser aprobadas por la Secretar&iacute;a de Ambiente y Ordenamiento Territorial de la Provincia. De esta forma, se decidi&oacute; encarar un estudio de cuencas del piedemonte y retom&oacute; todos los antecedentes del piedemonte. A trav&eacute;s de la Agencia de Cambio Clim&aacute;tico y con fondos del BID, esta iniciativa sirvi&oacute; para evaluar la situaci&oacute;n aluvional y realizar una planificaci&oacute;n del territorio en funci&oacute;n de lo detectado.<\/p>\n<p>El trabajo t&eacute;cnico arroj&oacute; como principales conclusiones:<\/p>\n<ul>\n<li>La existencia de un estado de vulnerabilidad ambiental considerable &ndash;teniendo en cuenta que la ocupaci&oacute;n del territorio de manera no planificada y fuera de los t&eacute;rminos establecidos en la legislaci&oacute;n&ndash; genera procesos que afectan negativamente al ambiente y a la poblaci&oacute;n. Todo esto, manifiesto en la ocupaci&oacute;n de cauces y zonas con alto peligro aluvional.<\/li>\n<li>La dif&iacute;cil situaci&oacute;n en las habilitaciones de infraestructura, como el acceso al agua y el tratamiento de efluentes cloacales que provoca la contaminaci&oacute;n&nbsp; de las napas subterr&aacute;neas que ocasionan los pozos.<\/li>\n<li>&ldquo;Declaraci&oacute;n de Emergencia Ambiental&rdquo; del &aacute;rea del piedemonte.<\/li>\n<\/ul>\n<p>De esta forma, como medida inmediata, la Secretar&iacute;a de Ambiente en febrero del 2019 &ndash;a trav&eacute;s del Decreto 219\/19&ndash; decidi&oacute; no otorgar factibilidad a nuevos emprendimientos hasta completar el estudio. Con esto, la Provincia gener&oacute; las herramientas t&eacute;cnicas &ndash;inexistentes hasta el momento&ndash; para frenar una situaci&oacute;n que desde hace d&eacute;cadas estaba produciendo impactos negativos en el ambiente.<\/p>\n<p>A partir de la promulgaci&oacute;n del Decreto 219 y el trabajo articulado entre la Secretar&iacute;a de Ambiente, organismos del Estado y los cuatro municipios involucrados, se busca actualizar la legislaci&oacute;n del piedemonte y del procedimiento de evaluaci&oacute;n ambiental, control y planificaci&oacute;n del piedemonte.<\/p>\n<p>Hoy &ndash;a un a&ntilde;o del Decreto 219&ndash; se presentar&aacute; el proyecto de ley para tener una normativa &uacute;nica del piedemonte. Asimismo, en febrero de 2020 &ndash;m&aacute;s all&aacute; de la caducidad del Decreto&ndash;, la Secretar&iacute;a de Ambiente reanud&oacute; los procedimientos de evaluaci&oacute;n ambiental para los interesados que necesiten presentar sus estudios.<\/p>\n<p><strong>Sobre el nuevo proyecto de ley&nbsp;<\/strong><\/p>\n<p>El proyecto que el Poder Ejecutivo cursar&aacute; a la Legislatura se basa en los siguientes lineamientos:<\/p>\n<ul>\n<li>Definir criterios m&iacute;nimos obligatorios de ocupaci&oacute;n para todo el piedemonte a partir de los cuales los municipios podr&aacute;n actualizar sus c&oacute;digos o zonificaciones. Si los municipios tuvieran criterios m&aacute;s restrictivos en sus normas, estas ser&aacute;n prioritarias. Los municipios que a&uacute;n no tienen su Plan Municipal deber&aacute;n incorporarlo.<\/li>\n<li>Determinar medidas y procedimientos para planificar el desarrollo de zonas a&uacute;n no ocupadas y cumplimentar exigencias ambientales en &aacute;reas ya urbanizadas, considerando el criterio de peligro aluvional.<\/li>\n<li>Establecer &aacute;reas de protecci&oacute;n ambiental con acceso p&uacute;blico para garantizar el uso y disfrute por parte de todos los ciudadanos.<\/li>\n<\/ul>\n<p>Esta normativa busca unificar y actualizar los criterios para definir d&oacute;nde y c&oacute;mo construir a trav&eacute;s de una ley nueva que especifique en qu&eacute; zonas no se podr&aacute; construir por amenaza aluvional como cauces y laderas inestables.<\/p>\n<p>Existe un l&iacute;mite geogr&aacute;fico definido como la cota 1.150 m s.n.m. hacia el oeste, a partir de la cual queda prohibida la localizaci&oacute;n de barrios, excepto usos de esparcimiento o desarrollo de turismo de bajo impacto, investigaci&oacute;n e interpretaci&oacute;n ambiental, por ejemplo. El proyecto de ley tambi&eacute;n prev&eacute; &ndash;siguiendo el criterio de amenaza aluvional&ndash; &aacute;reas de categorizaci&oacute;n intermedia, a las cuales define como ocupables para desarrollo urbano con criterios de bajo impacto. Las zonas de menos riesgos, de igual forma, deben respetar los llamados &ldquo;criterios m&iacute;nimos&rdquo; para loteos en el piedemonte, con par&aacute;metros para dimensiones de parcelas, pendientes, etc.<\/p>\n<p>Donde haya construcciones previas, se requerir&aacute;n los estudios ambientales correspondientes y se evaluar&aacute;n de manera participativa con la poblaci&oacute;n local y los organismos pertinentes las obras necesarias para mitigar amenazas aluvionales e impactos ambientales negativos. Tambi&eacute;n se evaluar&aacute; el camino a seguir con la infraestructura de servicios de agua y saneamiento, electricidad o gas.<\/p>\n<p>Los t&eacute;cnicos consideran que el piedemonte debe ser abordado de manera interjurisdiccional y gestionado como una sola unidad ambiental. En la nueva ley, el &aacute;rea es mayor a las de las leyes vigentes en la actualidad e incluye todas las cuencas. El pol&iacute;gono de superficie comprende 76.699 hect&aacute;reas o 766 km2.<\/p>\n<p>&ldquo;El objetivo de la ley, que servir&aacute; de base a un futuro Plan Especial de Piedemonte, no es de car&aacute;cter punitivo sino preventivo. Se busca la ordenada y segura ocupaci&oacute;n del piedemonte, algo que hist&oacute;ricamente el Estado no logr&oacute; regular o controlar y, por lo tanto, el problema tiene amenazas de distinto grado, principalmente aluvionales. La Agencia Provincial de Ordenamiento Territorial ha calculado que actualmente hay cerca de 5 mil familias viviendo en el &aacute;rea, algunas afectadas por amenazas aluvionales por habitar en cauces o laderas inestables&rdquo;, manifest&oacute; el secretario de Ambiente y Ordenamiento Territorial, Humberto Mingorance.<\/p>\n<p>&ldquo;Se sabe que en la regi&oacute;n se esperan tormentas de inusual magnitud cada 200 a&ntilde;os &ndash;seg&uacute;n estad&iacute;sticas cient&iacute;ficas&ndash;, por eso la poblaci&oacute;n muchas veces no puede dimensionar el alcance del problema y sus consecuencias, no solo en el mismo piedemonte sino tambi&eacute;n en toda la zona al este del mismo, es decir, toda el &Aacute;rea Metropolitana de Mendoza&rdquo;, asegur&oacute; Mingorance.<\/p>\n<p><strong>Los beneficios de la actualizaci&oacute;n legislativa&nbsp;<\/strong><\/p>\n<p>La actualizaci&oacute;n normativa para la ocupaci&oacute;n del piedemonte contiene claras zonificaciones que determinan a futuro qu&eacute; lugares se pueden ocupar, con qu&eacute; usos y cu&aacute;les son las &aacute;reas vedadas por razones de seguridad para la poblaci&oacute;n. Define claramente zonas con cauces aluvionales, consideradas de alta y muy alta amenaza y, por lo tanto, impedir&aacute; la construcci&oacute;n de viviendas. En zonas de media y baja amenaza se podr&aacute; construir bajo ciertas condiciones que cumplan con el desarrollo urbano de bajo impacto.<\/p>\n<p>Esta nueva normativa ayudar&aacute; a prevenir y minimizar el riesgo que corre la poblaci&oacute;n del lugar y el impacto ambiental, tanto en el mismo piedemonte como en el &Aacute;rea Metropolitana. Es importante comprender que adem&aacute;s de ser una legislaci&oacute;n &uacute;til para el ser humano, tambi&eacute;n se busca preservar y contribuir al manejo de &aacute;reas importantes para el cuidado de la biodiversidad.<\/p>\n<p>Durante el proceso de elaboraci&oacute;n de la normativa, el Gobierno efectu&oacute; contactos sistem&aacute;ticos con los vecinos del lugar &ndash;uniones vecinales&ndash; a fin de analizar las distintas situaciones y asesorarlos para que puedan iniciar procesos de regularizaci&oacute;n. Ha habido rondas de reuniones en conjunto con los municipios que han resultado muy productivas porque han logrado quitar resquemores o despejar la incertidumbre de numerosos pobladores ante una problem&aacute;tica tan sensible como la seguridad de las personas y la necesidad de vivienda. Tambi&eacute;n se notific&oacute; a los propietarios de terrenos en zonas muy riesgosas &ndash;que alimentan el mercado inmobiliario informal&ndash;, especialmente en casos en que se observaron tareas de desmonte o movimientos de terrenos previos al loteo.<\/p>\n<p>Por otra parte, se previene a la poblaci&oacute;n que se ha detectado la presencia de emprendimientos inmobiliarios informales que anuncian ventas con ofertas que no tienen la formalidad correspondiente. Por lo tanto, se recomienda a los interesados en terrenos en esas zonas acudir a empresas o particulares que cuenten con las debidas habilitaciones y tambi&eacute;n la necesidad de visitar y conocer el lugar antes de cerrar cualquier operaci&oacute;n.<\/p>\n\n        <style type='text\/css'>\n            #gallery-1 {\n                margin: auto;\n            }\n            #gallery-1 .gallery-item {\n                float: left;\n                margin-top: 10px;\n\n                width: auto;}\n            #gallery-1 img {\n                border: 0px none;\n            }\n            #gallery-1 .gallery-caption {\n                margin-left: 0;\n            }\n        <\/style>\n<script>\njQuery(document).ready(function($) {\n  jQuery('div.gallery-item').hover(function(){\n     \/\/jQuery(this).fadeIn().siblings(':not(.modal)').fadeTo( 'slow' , 0.2);\n     jQuery(this).siblings(':not(.modal)').fadeTo( 'fast' , 0.2);\n     jQuery(this).fadeTo( 'slow' , 1);\n  },function(){\n     \/\/$(this).siblings().andSelf().fadeTo( 'slow' , 1);\n  });\n  jQuery('#gallery-1').on('mouseleave',function(){\n    jQuery('div.gallery-item').fadeTo( 'fast' , 1);\n  })\n});\n<\/script>\n        <!-- see gallery_shortcode() in wp-includes\/media.php -->\n        <h3>GALERIA<\/h3>\n        <div id='gallery-1' class='gallery galleryid-229786'><div class='gallery-item' data-toggle='modal' data-target='#229790' id='r229790'>\n            <dt class='gallery-icon'>\n                <a style='cursor:pointer;'><img width='150' height='150' src='https:\/\/www.mendoza.gov.ar\/wp-content\/uploads\/sites\/5\/2020\/05\/DSC_8603-700x467-1-150x150.jpg' class='attachment-thumbnail size-thumbnail' alt='' href=''><\/a>\n             <\/dt><\/div><div class=\"modal fade bs-example-modal-lg\" id=\"229790\" tabindex=\"-1\" role=\"dialog\" aria-labelledby=\"myModalLabel\">\n  <div class=\"modal-dialog modal-lg\" role=\"document\">\n    <div class=\"\">\n      <div class=\"modal-body\" style=\"text-align: center;\"><a href='https:\/\/www.mendoza.gov.ar\/prensa\/suarez-anuncio-que-enviara-a-la-legislatura-un-proyecto-de-ley-para-la-preservacion-ambiental-del-piedemonte-mendocino\/dsc_8603-700x467\/'><img width=\"700\" height=\"467\" src=\"https:\/\/www.mendoza.gov.ar\/wp-content\/uploads\/sites\/5\/2020\/05\/DSC_8603-700x467-1-700x467.jpg\" class=\"attachment-large size-large\" alt=\"\" loading=\"lazy\" srcset=\"https:\/\/www.mendoza.gov.ar\/wp-content\/uploads\/sites\/5\/2020\/05\/DSC_8603-700x467-1.jpg 700w, https:\/\/www.mendoza.gov.ar\/wp-content\/uploads\/sites\/5\/2020\/05\/DSC_8603-700x467-1-250x167.jpg 250w, https:\/\/www.mendoza.gov.ar\/wp-content\/uploads\/sites\/5\/2020\/05\/DSC_8603-700x467-1-120x80.jpg 120w\" sizes=\"(max-width: 700px) 100vw, 700px\" \/><\/a><a data-toggle=\"modal\" data-dismiss=\"modal\" data-target=\"#229791\"><i class=\"text-white fa fa-chevron-right fa-4x\"><\/i><\/a><\/div>\n    <\/div>\n  <\/div>\n<\/div><div class='gallery-item' data-toggle='modal' data-target='#229791' id='r229791'>\n            <dt class='gallery-icon'>\n                <a style='cursor:pointer;'><img width='150' height='150' src='https:\/\/www.mendoza.gov.ar\/wp-content\/uploads\/sites\/5\/2020\/05\/DSC_9829-150x150.jpg' class='attachment-thumbnail size-thumbnail' alt='' href=''><\/a>\n             <\/dt><\/div><div class=\"modal fade bs-example-modal-lg\" id=\"229791\" tabindex=\"-1\" role=\"dialog\" aria-labelledby=\"myModalLabel\">\n  <div class=\"modal-dialog modal-lg\" role=\"document\">\n    <div class=\"\">\n      <div class=\"modal-body\" style=\"text-align: center;\"><a data-toggle=\"modal\" data-dismiss=\"modal\" data-target=\"#229790\"><i class=\"text-white fa fa-chevron-left fa-4x\"><\/i><\/a><a href='https:\/\/www.mendoza.gov.ar\/prensa\/suarez-anuncio-que-enviara-a-la-legislatura-un-proyecto-de-ley-para-la-preservacion-ambiental-del-piedemonte-mendocino\/ministerio-de-ambiente-y-ordenamiento-territorial-reunion-por-18\/'><img width=\"700\" height=\"467\" src=\"https:\/\/www.mendoza.gov.ar\/wp-content\/uploads\/sites\/5\/2020\/05\/DSC_9829-700x467.jpg\" class=\"attachment-large size-large\" alt=\"\" loading=\"lazy\" srcset=\"https:\/\/www.mendoza.gov.ar\/wp-content\/uploads\/sites\/5\/2020\/05\/DSC_9829-700x467.jpg 700w, https:\/\/www.mendoza.gov.ar\/wp-content\/uploads\/sites\/5\/2020\/05\/DSC_9829-250x167.jpg 250w, https:\/\/www.mendoza.gov.ar\/wp-content\/uploads\/sites\/5\/2020\/05\/DSC_9829-768x513.jpg 768w, https:\/\/www.mendoza.gov.ar\/wp-content\/uploads\/sites\/5\/2020\/05\/DSC_9829-120x80.jpg 120w\" sizes=\"(max-width: 700px) 100vw, 700px\" \/><\/a><a data-toggle=\"modal\" data-dismiss=\"modal\" data-target=\"#229792\"><i class=\"text-white fa fa-chevron-right fa-4x\"><\/i><\/a><\/div>\n    <\/div>\n  <\/div>\n<\/div><div class='gallery-item' data-toggle='modal' data-target='#229792' id='r229792'>\n            <dt class='gallery-icon'>\n                <a style='cursor:pointer;'><img width='150' height='150' src='https:\/\/www.mendoza.gov.ar\/wp-content\/uploads\/sites\/5\/2020\/05\/DSC_9831-150x150.jpg' class='attachment-thumbnail size-thumbnail' alt='' href=''><\/a>\n             <\/dt><\/div><div class=\"modal fade bs-example-modal-lg\" id=\"229792\" tabindex=\"-1\" role=\"dialog\" aria-labelledby=\"myModalLabel\">\n  <div class=\"modal-dialog modal-lg\" role=\"document\">\n    <div class=\"\">\n      <div class=\"modal-body\" style=\"text-align: center;\"><a data-toggle=\"modal\" data-dismiss=\"modal\" data-target=\"#229791\"><i class=\"text-white fa fa-chevron-left fa-4x\"><\/i><\/a><a href='https:\/\/www.mendoza.gov.ar\/prensa\/suarez-anuncio-que-enviara-a-la-legislatura-un-proyecto-de-ley-para-la-preservacion-ambiental-del-piedemonte-mendocino\/ministerio-de-ambiente-y-ordenamiento-territorial-reunion-por-19\/'><img width=\"700\" height=\"467\" src=\"https:\/\/www.mendoza.gov.ar\/wp-content\/uploads\/sites\/5\/2020\/05\/DSC_9831-700x467.jpg\" class=\"attachment-large size-large\" alt=\"\" loading=\"lazy\" srcset=\"https:\/\/www.mendoza.gov.ar\/wp-content\/uploads\/sites\/5\/2020\/05\/DSC_9831-700x467.jpg 700w, https:\/\/www.mendoza.gov.ar\/wp-content\/uploads\/sites\/5\/2020\/05\/DSC_9831-250x167.jpg 250w, https:\/\/www.mendoza.gov.ar\/wp-content\/uploads\/sites\/5\/2020\/05\/DSC_9831-768x513.jpg 768w, https:\/\/www.mendoza.gov.ar\/wp-content\/uploads\/sites\/5\/2020\/05\/DSC_9831-120x80.jpg 120w\" sizes=\"(max-width: 700px) 100vw, 700px\" \/><\/a><a data-toggle=\"modal\" data-dismiss=\"modal\" data-target=\"#229793\"><i class=\"text-white fa fa-chevron-right fa-4x\"><\/i><\/a><\/div>\n    <\/div>\n  <\/div>\n<\/div><div class='gallery-item' data-toggle='modal' data-target='#229793' id='r229793'>\n            <dt class='gallery-icon'>\n                <a style='cursor:pointer;'><img width='150' height='150' src='https:\/\/www.mendoza.gov.ar\/wp-content\/uploads\/sites\/5\/2020\/05\/Piedemonte-Mendoza-150x150.jpg' class='attachment-thumbnail size-thumbnail' alt='' href=''><\/a>\n             <\/dt><\/div><div class=\"modal fade bs-example-modal-lg\" id=\"229793\" tabindex=\"-1\" role=\"dialog\" aria-labelledby=\"myModalLabel\">\n  <div class=\"modal-dialog modal-lg\" role=\"document\">\n    <div class=\"\">\n      <div class=\"modal-body\" style=\"text-align: center;\"><a data-toggle=\"modal\" data-dismiss=\"modal\" data-target=\"#229792\"><i class=\"text-white fa fa-chevron-left fa-4x\"><\/i><\/a><a href='https:\/\/www.mendoza.gov.ar\/prensa\/suarez-anuncio-que-enviara-a-la-legislatura-un-proyecto-de-ley-para-la-preservacion-ambiental-del-piedemonte-mendocino\/piedemonte-mendoza\/'><img width=\"512\" height=\"384\" src=\"https:\/\/www.mendoza.gov.ar\/wp-content\/uploads\/sites\/5\/2020\/05\/Piedemonte-Mendoza.jpg\" class=\"attachment-large size-large\" alt=\"\" loading=\"lazy\" srcset=\"https:\/\/www.mendoza.gov.ar\/wp-content\/uploads\/sites\/5\/2020\/05\/Piedemonte-Mendoza.jpg 512w, https:\/\/www.mendoza.gov.ar\/wp-content\/uploads\/sites\/5\/2020\/05\/Piedemonte-Mendoza-250x188.jpg 250w, https:\/\/www.mendoza.gov.ar\/wp-content\/uploads\/sites\/5\/2020\/05\/Piedemonte-Mendoza-120x90.jpg 120w\" sizes=\"(max-width: 512px) 100vw, 512px\" \/><\/a><a data-toggle=\"modal\" data-dismiss=\"modal\" data-target=\"#229794\"><i class=\"text-white fa fa-chevron-right fa-4x\"><\/i><\/a><\/div>\n    <\/div>\n  <\/div>\n<\/div><div class='gallery-item' data-toggle='modal' data-target='#229794' id='r229794'>\n            <dt class='gallery-icon'>\n                <a style='cursor:pointer;'><img width='150' height='150' src='https:\/\/www.mendoza.gov.ar\/wp-content\/uploads\/sites\/5\/2020\/05\/IMG-20190204-WA0006-150x150.jpg' class='attachment-thumbnail size-thumbnail' alt='' href=''><\/a>\n             <\/dt><\/div><div class=\"modal fade bs-example-modal-lg\" id=\"229794\" tabindex=\"-1\" role=\"dialog\" aria-labelledby=\"myModalLabel\">\n  <div class=\"modal-dialog modal-lg\" role=\"document\">\n    <div class=\"\">\n      <div class=\"modal-body\" style=\"text-align: center;\"><a data-toggle=\"modal\" data-dismiss=\"modal\" data-target=\"#229793\"><i class=\"text-white fa fa-chevron-left fa-4x\"><\/i><\/a><a href='https:\/\/www.mendoza.gov.ar\/prensa\/suarez-anuncio-que-enviara-a-la-legislatura-un-proyecto-de-ley-para-la-preservacion-ambiental-del-piedemonte-mendocino\/img-20190204-wa0006-6\/'><img width=\"700\" height=\"933\" src=\"https:\/\/www.mendoza.gov.ar\/wp-content\/uploads\/sites\/5\/2020\/05\/IMG-20190204-WA0006-700x933.jpg\" class=\"attachment-large size-large\" alt=\"\" loading=\"lazy\" srcset=\"https:\/\/www.mendoza.gov.ar\/wp-content\/uploads\/sites\/5\/2020\/05\/IMG-20190204-WA0006-700x933.jpg 700w, https:\/\/www.mendoza.gov.ar\/wp-content\/uploads\/sites\/5\/2020\/05\/IMG-20190204-WA0006-250x333.jpg 250w, https:\/\/www.mendoza.gov.ar\/wp-content\/uploads\/sites\/5\/2020\/05\/IMG-20190204-WA0006-768x1024.jpg 768w, https:\/\/www.mendoza.gov.ar\/wp-content\/uploads\/sites\/5\/2020\/05\/IMG-20190204-WA0006-120x160.jpg 120w, https:\/\/www.mendoza.gov.ar\/wp-content\/uploads\/sites\/5\/2020\/05\/IMG-20190204-WA0006.jpg 960w\" sizes=\"(max-width: 700px) 100vw, 700px\" \/><\/a><a data-toggle=\"modal\" data-dismiss=\"modal\" data-target=\"#229795\"><i class=\"text-white fa fa-chevron-right fa-4x\"><\/i><\/a><\/div>\n    <\/div>\n  <\/div>\n<\/div><div class='gallery-item' data-toggle='modal' data-target='#229795' id='r229795'>\n            <dt class='gallery-icon'>\n                <a style='cursor:pointer;'><img width='150' height='150' src='https:\/\/www.mendoza.gov.ar\/wp-content\/uploads\/sites\/5\/2020\/05\/IMG_20190329_161317463-150x150.jpg' class='attachment-thumbnail size-thumbnail' alt='' href=''><\/a>\n             <\/dt><\/div><div class=\"modal fade bs-example-modal-lg\" id=\"229795\" tabindex=\"-1\" role=\"dialog\" aria-labelledby=\"myModalLabel\">\n  <div class=\"modal-dialog modal-lg\" role=\"document\">\n    <div class=\"\">\n      <div class=\"modal-body\" style=\"text-align: center;\"><a data-toggle=\"modal\" data-dismiss=\"modal\" data-target=\"#229794\"><i class=\"text-white fa fa-chevron-left fa-4x\"><\/i><\/a><a href='https:\/\/www.mendoza.gov.ar\/prensa\/suarez-anuncio-que-enviara-a-la-legislatura-un-proyecto-de-ley-para-la-preservacion-ambiental-del-piedemonte-mendocino\/img_20190329_161317463-2\/'><img width=\"700\" height=\"525\" src=\"https:\/\/www.mendoza.gov.ar\/wp-content\/uploads\/sites\/5\/2020\/05\/IMG_20190329_161317463-700x525.jpg\" class=\"attachment-large size-large\" alt=\"\" loading=\"lazy\" srcset=\"https:\/\/www.mendoza.gov.ar\/wp-content\/uploads\/sites\/5\/2020\/05\/IMG_20190329_161317463-700x525.jpg 700w, https:\/\/www.mendoza.gov.ar\/wp-content\/uploads\/sites\/5\/2020\/05\/IMG_20190329_161317463-250x188.jpg 250w, https:\/\/www.mendoza.gov.ar\/wp-content\/uploads\/sites\/5\/2020\/05\/IMG_20190329_161317463-768x576.jpg 768w, https:\/\/www.mendoza.gov.ar\/wp-content\/uploads\/sites\/5\/2020\/05\/IMG_20190329_161317463-120x90.jpg 120w\" sizes=\"(max-width: 700px) 100vw, 700px\" \/><\/a><a data-toggle=\"modal\" data-dismiss=\"modal\" data-target=\"#229790\"><i class=\"text-white fa fa-chevron-right fa-4x\"><\/i><\/a><\/div>\n    <\/div>\n  <\/div>\n<\/div>\n            <br style='clear: both;' \/>\n        <\/div>\n\n<p>&nbsp;<\/p>\n<p>&nbsp;<\/p>\n<\/body><\/html>\n","protected":false},"excerpt":{"rendered":"Por primera vez en Mendoza se definir&aacute;n los criterios obligatorios para ocupar el territorio del piedemonte, que ser&aacute;n comunes para los cuatro municipios que conforman el &aacute;rea. Permitir&aacute;n planificar las zonas a&uacute;n no habitadas y regularizar &aacute;reas ya urbanizadas, para proteger a la poblaci&oacute;n de amenazas aluvionales. Tambi&eacute;n se crear&aacute; el &Aacute;rea Natural Protegida n&uacute;mero&#8230; <a class=\"view-article\" href=\"https:\/\/www.mendoza.gov.ar\/prensa\/suarez-anuncio-que-enviara-a-la-legislatura-un-proyecto-de-ley-para-la-preservacion-ambiental-del-piedemonte-mendocino\/\"><\/a>","protected":false},"author":68,"featured_media":229794,"comment_status":"open","ping_status":"open","sticky":false,"template":"","format":"standard","meta":[],"categories":[3],"tags":[],"_links":{"self":[{"href":"https:\/\/www.mendoza.gov.ar\/prensa\/wp-json\/wp\/v2\/posts\/229786"}],"collection":[{"href":"https:\/\/www.mendoza.gov.ar\/prensa\/wp-json\/wp\/v2\/posts"}],"about":[{"href":"https:\/\/www.mendoza.gov.ar\/prensa\/wp-json\/wp\/v2\/types\/post"}],"author":[{"embeddable":true,"href":"https:\/\/www.mendoza.gov.ar\/prensa\/wp-json\/wp\/v2\/users\/68"}],"replies":[{"embeddable":true,"href":"https:\/\/www.mendoza.gov.ar\/prensa\/wp-json\/wp\/v2\/comments?post=229786"}],"version-history":[{"count":6,"href":"https:\/\/www.mendoza.gov.ar\/prensa\/wp-json\/wp\/v2\/posts\/229786\/revisions"}],"predecessor-version":[{"id":229813,"href":"https:\/\/www.mendoza.gov.ar\/prensa\/wp-json\/wp\/v2\/posts\/229786\/revisions\/229813"}],"wp:featuredmedia":[{"embeddable":true,"href":"https:\/\/www.mendoza.gov.ar\/prensa\/wp-json\/wp\/v2\/media\/229794"}],"wp:attachment":[{"href":"https:\/\/www.mendoza.gov.ar\/prensa\/wp-json\/wp\/v2\/media?parent=229786"}],"wp:term":[{"taxonomy":"category","embeddable":true,"href":"https:\/\/www.mendoza.gov.ar\/prensa\/wp-json\/wp\/v2\/categories?post=229786"},{"taxonomy":"post_tag","embeddable":true,"href":"https:\/\/www.mendoza.gov.ar\/prensa\/wp-json\/wp\/v2\/tags?post=229786"}],"curies":[{"name":"wp","href":"https:\/\/api.w.org\/{rel}","templated":true}]}}