{"id":232435,"date":"2020-05-30T03:03:11","date_gmt":"2020-05-30T06:03:11","guid":{"rendered":"http:\/\/prensa.wp1.mendoza.gov.ar\/?p=232435"},"modified":"2020-05-30T03:26:48","modified_gmt":"2020-05-30T06:26:48","slug":"el-domingo-habra-desvio-de-transporte-publico-en-ciudad","status":"publish","type":"post","link":"https:\/\/www.mendoza.gov.ar\/prensa\/el-domingo-habra-desvio-de-transporte-publico-en-ciudad\/","title":{"rendered":"El domingo habr\u00e1 desv\u00edo de transporte p\u00fablico en Ciudad"},"content":{"rendered":"<!DOCTYPE html PUBLIC \"-\/\/W3C\/\/DTD HTML 4.0 Transitional\/\/EN\" \"http:\/\/www.w3.org\/TR\/REC-html40\/loose.dtd\">\n<html><body><h5>Se debe a que el Municipio dispuso el cierre de la calle Mitre para la circulaci&oacute;n de veh&iacute;culos durante todo el d&iacute;a.<\/h5>\n<p>Debido a la flexibilizaci&oacute;n en las salidas recreativas durante el domingo, la Municipalidad de Capital cortar&aacute; el tr&aacute;nsito en avenida Mitre entre Pedro Molina y Las Cubas. El objetivo es garantizar el cumplimiento del distanciamiento social entre todos los habitantes que decidan salir a realizar actividades al aire libre.<\/p>\n<p>L&iacute;nea 305<\/p>\n<ul>\n<li>Centro &ndash; Control: Espa&ntilde;a, Pellegrini, Mitre.<\/li>\n<\/ul>\n<p>L&iacute;nea 313<\/p>\n<ul>\n<li>Zona &ndash; Control: Per&uacute;, Godoy Cruz, a su recorrido.<\/li>\n<li>Centro &ndash; Control: Chile, Godoy Cruz, Per&uacute;.<\/li>\n<\/ul>\n<p>L&iacute;nea 316<\/p>\n<ul>\n<li>Control &ndash; Centro: Per&uacute;, Godoy Cruz.<\/li>\n<li>Centro &ndash; Control: Salta, Urquiza, Eusebio Blanco, Per&uacute;.<\/li>\n<\/ul>\n<p>L&iacute;neas 330 y 331<\/p>\n<ul>\n<li>Control &ndash; Centro &ndash; Control: Mitre, Pellegrini, Per&uacute;, Godoy Cruz.<\/li>\n<\/ul>\n<p>L&iacute;nea 353<\/p>\n<ul>\n<li>Control &ndash; Centro: Pellegrini, 9 de Julio, Godoy Cruz.<\/li>\n<li>Centro &ndash; Control: Godoy Cruz, Per&uacute;, D. Hudson.<\/li>\n<\/ul>\n\n        <style type='text\/css'>\n            #gallery-1 {\n                margin: auto;\n            }\n            #gallery-1 .gallery-item {\n                float: left;\n                margin-top: 10px;\n\n                width: auto;}\n            #gallery-1 img {\n                border: 0px none;\n            }\n            #gallery-1 .gallery-caption {\n                margin-left: 0;\n            }\n        <\/style>\n<script>\njQuery(document).ready(function($) {\n  jQuery('div.gallery-item').hover(function(){\n     \/\/jQuery(this).fadeIn().siblings(':not(.modal)').fadeTo( 'slow' , 0.2);\n     jQuery(this).siblings(':not(.modal)').fadeTo( 'fast' , 0.2);\n     jQuery(this).fadeTo( 'slow' , 1);\n  },function(){\n     \/\/$(this).siblings().andSelf().fadeTo( 'slow' , 1);\n  });\n  jQuery('#gallery-1').on('mouseleave',function(){\n    jQuery('div.gallery-item').fadeTo( 'fast' , 1);\n  })\n});\n<\/script>\n        <!-- see gallery_shortcode() in wp-includes\/media.php -->\n        <h3>GALERIA<\/h3>\n        <div id='gallery-1' class='gallery galleryid-232435'><div class='gallery-item' data-toggle='modal' data-target='#224994' id='r224994'>\n            <dt class='gallery-icon'>\n                <a style='cursor:pointer;'><img width='150' height='150' src='https:\/\/www.mendoza.gov.ar\/wp-content\/uploads\/sites\/5\/2020\/03\/0001214-150x150.jpg' class='attachment-thumbnail size-thumbnail' alt='' href=''><\/a>\n             <\/dt><\/div><div class=\"modal fade bs-example-modal-lg\" id=\"224994\" tabindex=\"-1\" role=\"dialog\" aria-labelledby=\"myModalLabel\">\n  <div class=\"modal-dialog modal-lg\" role=\"document\">\n    <div class=\"\">\n      <div class=\"modal-body\" style=\"text-align: center;\"><a href='https:\/\/www.mendoza.gov.ar\/prensa\/coronavirus-se-refuerza-la-higiene-y-desinfeccion-del-transporte-publico-en-distintos-puntos-de-mendoza\/secretaria-de-transporte-operativo-limpieza-colectivos-10\/'><img width=\"700\" height=\"467\" src=\"https:\/\/www.mendoza.gov.ar\/wp-content\/uploads\/sites\/5\/2020\/03\/0001214-700x467.jpg\" class=\"attachment-large size-large\" alt=\"\" loading=\"lazy\" srcset=\"https:\/\/www.mendoza.gov.ar\/wp-content\/uploads\/sites\/5\/2020\/03\/0001214-700x467.jpg 700w, https:\/\/www.mendoza.gov.ar\/wp-content\/uploads\/sites\/5\/2020\/03\/0001214-250x167.jpg 250w, https:\/\/www.mendoza.gov.ar\/wp-content\/uploads\/sites\/5\/2020\/03\/0001214-768x512.jpg 768w, https:\/\/www.mendoza.gov.ar\/wp-content\/uploads\/sites\/5\/2020\/03\/0001214-120x80.jpg 120w\" sizes=\"(max-width: 700px) 100vw, 700px\" \/><\/a><a data-toggle=\"modal\" data-dismiss=\"modal\" data-target=\"#224994\"><i class=\"text-white fa fa-chevron-right fa-4x\"><\/i><\/a><\/div>\n    <\/div>\n  <\/div>\n<\/div>\n            <br style='clear: both;' \/>\n        <\/div>\n\n<\/body><\/html>\n","protected":false},"excerpt":{"rendered":"Se debe a que el Municipio dispuso el cierre de la calle Mitre para la circulaci&oacute;n de veh&iacute;culos durante todo el d&iacute;a. Debido a la flexibilizaci&oacute;n en las salidas recreativas durante el domingo, la Municipalidad de Capital cortar&aacute; el tr&aacute;nsito en avenida Mitre entre Pedro Molina y Las Cubas. El objetivo es garantizar el cumplimiento&#8230; <a class=\"view-article\" href=\"https:\/\/www.mendoza.gov.ar\/prensa\/el-domingo-habra-desvio-de-transporte-publico-en-ciudad\/\"><\/a>","protected":false},"author":63,"featured_media":224994,"comment_status":"open","ping_status":"open","sticky":false,"template":"","format":"standard","meta":[],"categories":[34],"tags":[],"_links":{"self":[{"href":"https:\/\/www.mendoza.gov.ar\/prensa\/wp-json\/wp\/v2\/posts\/232435"}],"collection":[{"href":"https:\/\/www.mendoza.gov.ar\/prensa\/wp-json\/wp\/v2\/posts"}],"about":[{"href":"https:\/\/www.mendoza.gov.ar\/prensa\/wp-json\/wp\/v2\/types\/post"}],"author":[{"embeddable":true,"href":"https:\/\/www.mendoza.gov.ar\/prensa\/wp-json\/wp\/v2\/users\/63"}],"replies":[{"embeddable":true,"href":"https:\/\/www.mendoza.gov.ar\/prensa\/wp-json\/wp\/v2\/comments?post=232435"}],"version-history":[{"count":4,"href":"https:\/\/www.mendoza.gov.ar\/prensa\/wp-json\/wp\/v2\/posts\/232435\/revisions"}],"predecessor-version":[{"id":232496,"href":"https:\/\/www.mendoza.gov.ar\/prensa\/wp-json\/wp\/v2\/posts\/232435\/revisions\/232496"}],"wp:featuredmedia":[{"embeddable":true,"href":"https:\/\/www.mendoza.gov.ar\/prensa\/wp-json\/wp\/v2\/media\/224994"}],"wp:attachment":[{"href":"https:\/\/www.mendoza.gov.ar\/prensa\/wp-json\/wp\/v2\/media?parent=232435"}],"wp:term":[{"taxonomy":"category","embeddable":true,"href":"https:\/\/www.mendoza.gov.ar\/prensa\/wp-json\/wp\/v2\/categories?post=232435"},{"taxonomy":"post_tag","embeddable":true,"href":"https:\/\/www.mendoza.gov.ar\/prensa\/wp-json\/wp\/v2\/tags?post=232435"}],"curies":[{"name":"wp","href":"https:\/\/api.w.org\/{rel}","templated":true}]}}