{"id":237165,"date":"2020-07-23T10:23:45","date_gmt":"2020-07-23T13:23:45","guid":{"rendered":"http:\/\/prensa.wp1.mendoza.gov.ar\/?p=237165"},"modified":"2020-07-23T11:16:24","modified_gmt":"2020-07-23T14:16:24","slug":"sindrome-de-sjogren-mas-comun-de-lo-que-suponemos","status":"publish","type":"post","link":"https:\/\/www.mendoza.gov.ar\/prensa\/sindrome-de-sjogren-mas-comun-de-lo-que-suponemos\/","title":{"rendered":"S\u00edndrome de Sj\u00f6gren: m\u00e1s com\u00fan de lo que suponemos"},"content":{"rendered":"<!DOCTYPE html PUBLIC \"-\/\/W3C\/\/DTD HTML 4.0 Transitional\/\/EN\" \"http:\/\/www.w3.org\/TR\/REC-html40\/loose.dtd\">\n<html><body><h5><span lang=\"ES-AR\">En el marco del D&iacute;a Mundial del S&iacute;ndrome de Sj&ouml;gren, el Servicio de Reumatolog&iacute;a de OSEP se suma a las tareas de informaci&oacute;n y concientizaci&oacute;n de esta enfermedad autoinmune que afecta mayormente a mujeres.<\/span><\/h5>\n<p><span lang=\"ES-AR\">El S&iacute;ndrome de Sj&ouml;gren es una enfermedad autoinmune que se caracteriza por la producci&oacute;n de anticuerpos que reaccionan contra los tejidos del paciente y provocan sequedad en las mucosas de los ojos, boca, nariz, v&iacute;as respiratorias y vagina.<\/span><\/p>\n<p><span lang=\"ES-AR\">Puede afectar tambi&eacute;n &oacute;rganos internos como pulmones, tiroides, ri&ntilde;ones, h&iacute;gado e incluso generar dolor e inflamaci&oacute;n en las articulaciones y s&iacute;ntomas generales como fatiga, decaimiento, fiebre y depresi&oacute;n.<\/span><\/p>\n<p><span lang=\"ES-AR\">Es la segunda colagenopat&iacute;a en frecuencia despu&eacute;s de la artritis reumatoidea y, aunque no se conoce con exactitud su incidencia, es mayor en personas de 40 a 60 a&ntilde;os. Adem&aacute;s, afecta a un hombre cada nueve mujeres.<\/span><\/p>\n<p><span lang=\"ES-AR\">Esta fecha hace referencia a que el 23 de julio de 1899 naci&oacute; el oftalm&oacute;logo sueco Henrik Sj&ouml;gren, el primer profesional en describir esta patolog&iacute;a, en 1933.<\/span><\/p>\n<p><b><span lang=\"ES-AR\">&iquest;Cu&aacute;les son sus s&iacute;ntomas?<\/span><\/b><\/p>\n<p><b><span lang=\"ES-AR\">Ojos:<\/span><\/b><span lang=\"ES-AR\">&nbsp;sequedad ocular, molestias permanentes, sensaci&oacute;n de cuerpo extra&ntilde;o, enrojecimiento, fatiga, visi&oacute;n borrosa, dolor frente a la luz.<\/span><\/p>\n<p><b><span lang=\"ES-AR\">Boca:<\/span><\/b><span lang=\"ES-AR\">&nbsp;dificultad para tragar, sequedad, alteraci&oacute;n del gusto, ardor o quemaz&oacute;n en la lengua o boca, infecciones, caries y dificultad en la adaptaci&oacute;n de pr&oacute;tesis dentales.<\/span><\/p>\n<p><b><span lang=\"ES-AR\">Piel:&nbsp;<\/span><\/b><span lang=\"ES-AR\">s<\/span><span lang=\"ES-AR\">equedad e irritaci&oacute;n, manchas rojas (p&uacute;rpura), n&oacute;dulos dolorosos, como manifestaciones de compromiso sist&eacute;mico.<\/span><\/p>\n<p><b><span lang=\"ES-AR\">Tracto vaginal:<\/span><\/b><span lang=\"ES-AR\">&nbsp;sequedad, dolor en el acto sexual, picaz&oacute;n, infecciones recurrentes.<\/span><\/p>\n<p><b><span lang=\"ES-AR\">Gl&aacute;ndulas salivales:<\/span><\/b><span lang=\"ES-AR\">&nbsp;agrandamiento de las gl&aacute;ndulas par&oacute;tidas similar a la parotiditis (paperas).<\/span><\/p>\n<p><span lang=\"ES-AR\">Es necesario destacar que el S&iacute;ndrome de Sj&ouml;gren puede involucrar otras manifestaciones, dependiendo de los sistemas comprometidos.<\/span><\/p>\n<p><b><span lang=\"ES-AR\">Su diagn&oacute;stico<\/span><\/b><\/p>\n<p><span lang=\"ES-AR\">Dado que muchos medicamentos y otras enfermedades pueden provocar estos s&iacute;ntomas, se recomienda consultar al m&eacute;dico, particularmente al reumat&oacute;logo.<\/span><\/p>\n<p><span lang=\"ES-AR\">Las pruebas diagn&oacute;sticas est&aacute;n destinadas a constatar la xeroftalm&iacute;a (ojo seco) o la xerostom&iacute;a (boca seca). Los ex&aacute;menes oculares son realizados por oftalmolog&iacute;a y consisten en determinar el grado de sequedad o la presencia de &uacute;lceras secundarias al ojo seco severo. Por otro lado, se efect&uacute;an pruebas a nivel de la cavidad bucal para evaluar el nivel de secreci&oacute;n de la saliva. Este examen se denomina sialometr&iacute;a basal no estimulada y se realiza en reumatolog&iacute;a. Es un estudio sencillo en el que se recolecta, se mide y se estima el flujo salival por minuto.<\/span><\/p>\n<p><span lang=\"ES-AR\">Otros m&eacute;todos incluyen ecograf&iacute;a o biopsia de gl&aacute;ndulas salivales, para determinar el grado de inflamaci&oacute;n y contribuir al diagn&oacute;stico definitivo.<\/span><\/p>\n<p><span lang=\"ES-AR\">Con criterio y dependiendo de la presencia de otros compromisos m&aacute;s generalizados, el m&eacute;dico indicar&aacute;, de ser necesario, otros ex&aacute;menes como radiograf&iacute;as, tomograf&iacute;as o an&aacute;lisis de laboratorio m&aacute;s espec&iacute;ficos.<\/span><\/p>\n<p><b><span lang=\"ES-AR\">El tratamiento<\/span><\/b><\/p>\n<p><span lang=\"ES-AR\">Para sus manifestaciones oculares suele ser fundamental el uso de l&aacute;grimas artificiales,&nbsp;colirios locales o geles de acci&oacute;n prolongada, indicados por el oftalm&oacute;logo, con quien habr&aacute; consulta frecuente.<\/span><\/p>\n<p><span lang=\"ES-AR\">Respecto de los&nbsp;s&iacute;ntomas bucales, existen productos que mejoran la salivaci&oacute;n y otros que son humidificadores. Es fundamental la higiene bucal, el tratamiento odontol&oacute;gico permanente, abundante ingesta de agua y evitar consumir medicamentos sin prescripci&oacute;n m&eacute;dica.<\/span><\/p>\n<p><span lang=\"ES-AR\">En algunos casos pueden ser utilizados los corticoides o medicamentos inmunosupresores que modifican el curso de la enfermedad, dependiendo de la presencia de manifestaciones sist&eacute;micas, caso que ser&aacute; evaluado por el reumat&oacute;logo.<\/span><\/p>\n<p><b><span lang=\"ES-AR\">Transmisi&oacute;n en vivo<\/span><\/b><\/p>\n<p><span lang=\"ES-AR\">Con el objetivo de informar y concientizar acerca de esta enfermedad, la doctora Fernanda Guzzanti, m&eacute;dica reumat&oacute;loga del Servicio de Reumatolog&iacute;a del Hospital El Carmen,&nbsp; ofrecer&aacute; una transmisi&oacute;n en vivo por la plataforma de Facebook Live de OSEP.<\/span><\/p>\n<p><span lang=\"ES-AR\">El encuentro virtual tendr&aacute; lugar esta tarde desde las 19 y se responder&aacute;n todas las consultas sobre la especialidad.<\/span><\/p>\n\n        <style type='text\/css'>\n            #gallery-1 {\n                margin: auto;\n            }\n            #gallery-1 .gallery-item {\n                float: left;\n                margin-top: 10px;\n\n                width: auto;}\n            #gallery-1 img {\n                border: 0px none;\n            }\n            #gallery-1 .gallery-caption {\n                margin-left: 0;\n            }\n        <\/style>\n<script>\njQuery(document).ready(function($) {\n  jQuery('div.gallery-item').hover(function(){\n     \/\/jQuery(this).fadeIn().siblings(':not(.modal)').fadeTo( 'slow' , 0.2);\n     jQuery(this).siblings(':not(.modal)').fadeTo( 'fast' , 0.2);\n     jQuery(this).fadeTo( 'slow' , 1);\n  },function(){\n     \/\/$(this).siblings().andSelf().fadeTo( 'slow' , 1);\n  });\n  jQuery('#gallery-1').on('mouseleave',function(){\n    jQuery('div.gallery-item').fadeTo( 'fast' , 1);\n  })\n});\n<\/script>\n        <!-- see gallery_shortcode() in wp-includes\/media.php -->\n        <h3>GALERIA<\/h3>\n        <div id='gallery-1' class='gallery galleryid-237165'><div class='gallery-item' data-toggle='modal' data-target='#237166' id='r237166'>\n            <dt class='gallery-icon'>\n                <a style='cursor:pointer;'><img width='150' height='150' src='https:\/\/www.mendoza.gov.ar\/wp-content\/uploads\/sites\/5\/2020\/07\/imagen-redes-150x150.jpg' class='attachment-thumbnail size-thumbnail' alt='' href=''><\/a>\n             <\/dt><\/div><div class=\"modal fade bs-example-modal-lg\" id=\"237166\" tabindex=\"-1\" role=\"dialog\" aria-labelledby=\"myModalLabel\">\n  <div class=\"modal-dialog modal-lg\" role=\"document\">\n    <div class=\"\">\n      <div class=\"modal-body\" style=\"text-align: center;\"><a href='https:\/\/www.mendoza.gov.ar\/prensa\/sindrome-de-sjogren-mas-comun-de-lo-que-suponemos\/imagen-redes\/'><img width=\"700\" height=\"700\" src=\"https:\/\/www.mendoza.gov.ar\/wp-content\/uploads\/sites\/5\/2020\/07\/imagen-redes-700x700.jpg\" class=\"attachment-large size-large\" alt=\"\" loading=\"lazy\" srcset=\"https:\/\/www.mendoza.gov.ar\/wp-content\/uploads\/sites\/5\/2020\/07\/imagen-redes-700x700.jpg 700w, https:\/\/www.mendoza.gov.ar\/wp-content\/uploads\/sites\/5\/2020\/07\/imagen-redes-150x150.jpg 150w, https:\/\/www.mendoza.gov.ar\/wp-content\/uploads\/sites\/5\/2020\/07\/imagen-redes-250x250.jpg 250w, https:\/\/www.mendoza.gov.ar\/wp-content\/uploads\/sites\/5\/2020\/07\/imagen-redes-768x768.jpg 768w, https:\/\/www.mendoza.gov.ar\/wp-content\/uploads\/sites\/5\/2020\/07\/imagen-redes-120x120.jpg 120w, https:\/\/www.mendoza.gov.ar\/wp-content\/uploads\/sites\/5\/2020\/07\/imagen-redes.jpg 800w\" sizes=\"(max-width: 700px) 100vw, 700px\" \/><\/a><a data-toggle=\"modal\" data-dismiss=\"modal\" data-target=\"#237167\"><i class=\"text-white fa fa-chevron-right fa-4x\"><\/i><\/a><\/div>\n    <\/div>\n  <\/div>\n<\/div><div class='gallery-item' data-toggle='modal' data-target='#237167' id='r237167'>\n            <dt class='gallery-icon'>\n                <a style='cursor:pointer;'><img width='150' height='150' src='https:\/\/www.mendoza.gov.ar\/wp-content\/uploads\/sites\/5\/2020\/07\/IMG-20200723-WA0019-150x150.jpg' class='attachment-thumbnail size-thumbnail' alt='' href=''><\/a>\n             <\/dt><\/div><div class=\"modal fade bs-example-modal-lg\" id=\"237167\" tabindex=\"-1\" role=\"dialog\" aria-labelledby=\"myModalLabel\">\n  <div class=\"modal-dialog modal-lg\" role=\"document\">\n    <div class=\"\">\n      <div class=\"modal-body\" style=\"text-align: center;\"><a data-toggle=\"modal\" data-dismiss=\"modal\" data-target=\"#237166\"><i class=\"text-white fa fa-chevron-left fa-4x\"><\/i><\/a><a href='https:\/\/www.mendoza.gov.ar\/prensa\/sindrome-de-sjogren-mas-comun-de-lo-que-suponemos\/img-20200723-wa0019\/'><img width=\"700\" height=\"256\" src=\"https:\/\/www.mendoza.gov.ar\/wp-content\/uploads\/sites\/5\/2020\/07\/IMG-20200723-WA0019-700x256.jpg\" class=\"attachment-large size-large\" alt=\"\" loading=\"lazy\" srcset=\"https:\/\/www.mendoza.gov.ar\/wp-content\/uploads\/sites\/5\/2020\/07\/IMG-20200723-WA0019-700x256.jpg 700w, https:\/\/www.mendoza.gov.ar\/wp-content\/uploads\/sites\/5\/2020\/07\/IMG-20200723-WA0019-250x91.jpg 250w, https:\/\/www.mendoza.gov.ar\/wp-content\/uploads\/sites\/5\/2020\/07\/IMG-20200723-WA0019-768x280.jpg 768w, https:\/\/www.mendoza.gov.ar\/wp-content\/uploads\/sites\/5\/2020\/07\/IMG-20200723-WA0019-120x44.jpg 120w, https:\/\/www.mendoza.gov.ar\/wp-content\/uploads\/sites\/5\/2020\/07\/IMG-20200723-WA0019.jpg 1200w\" sizes=\"(max-width: 700px) 100vw, 700px\" \/><\/a><a data-toggle=\"modal\" data-dismiss=\"modal\" data-target=\"#237166\"><i class=\"text-white fa fa-chevron-right fa-4x\"><\/i><\/a><\/div>\n    <\/div>\n  <\/div>\n<\/div>\n            <br style='clear: both;' \/>\n        <\/div>\n\n<p><img loading=\"lazy\" width=\"1280\" height=\"7\" class=\"wp-image-224684 aligncenter img-responsive center-block\" src=\"https:\/\/www.mendoza.gov.ar\/prensa\/wp-content\/uploads\/sites\/5\/2020\/03\/WhatsApp-Image-2020-03-17-at-6.23.29-PM-1.jpeg\" alt=\"\" srcset=\"https:\/\/www.mendoza.gov.ar\/wp-content\/uploads\/sites\/5\/2020\/03\/WhatsApp-Image-2020-03-17-at-6.23.29-PM-1.jpeg 1280w, https:\/\/www.mendoza.gov.ar\/wp-content\/uploads\/sites\/5\/2020\/03\/WhatsApp-Image-2020-03-17-at-6.23.29-PM-1-250x1.jpeg 250w, https:\/\/www.mendoza.gov.ar\/wp-content\/uploads\/sites\/5\/2020\/03\/WhatsApp-Image-2020-03-17-at-6.23.29-PM-1-768x4.jpeg 768w, https:\/\/www.mendoza.gov.ar\/wp-content\/uploads\/sites\/5\/2020\/03\/WhatsApp-Image-2020-03-17-at-6.23.29-PM-1-700x4.jpeg 700w, https:\/\/www.mendoza.gov.ar\/wp-content\/uploads\/sites\/5\/2020\/03\/WhatsApp-Image-2020-03-17-at-6.23.29-PM-1-120x1.jpeg 120w\" sizes=\"(max-width: 1280px) 100vw, 1280px\"><\/p>\n<p style=\"text-align: center\"><a href=\"https:\/\/www.mendoza.gov.ar\/prensa\/covid-19\/\"><strong>Clic aqu&iacute; para ver m&aacute;s noticias sobre coronavirus<\/strong><\/a><\/p>\n<p style=\"text-align: center\"><img loading=\"lazy\" class=\"alignnone wp-image-224684 size-full img-responsive center-block\" src=\"https:\/\/www.mendoza.gov.ar\/prensa\/wp-content\/uploads\/sites\/5\/2020\/03\/WhatsApp-Image-2020-03-17-at-6.23.29-PM-1.jpeg\" alt=\"\" width=\"1280\" height=\"7\" srcset=\"https:\/\/www.mendoza.gov.ar\/wp-content\/uploads\/sites\/5\/2020\/03\/WhatsApp-Image-2020-03-17-at-6.23.29-PM-1.jpeg 1280w, https:\/\/www.mendoza.gov.ar\/wp-content\/uploads\/sites\/5\/2020\/03\/WhatsApp-Image-2020-03-17-at-6.23.29-PM-1-250x1.jpeg 250w, https:\/\/www.mendoza.gov.ar\/wp-content\/uploads\/sites\/5\/2020\/03\/WhatsApp-Image-2020-03-17-at-6.23.29-PM-1-768x4.jpeg 768w, https:\/\/www.mendoza.gov.ar\/wp-content\/uploads\/sites\/5\/2020\/03\/WhatsApp-Image-2020-03-17-at-6.23.29-PM-1-700x4.jpeg 700w, https:\/\/www.mendoza.gov.ar\/wp-content\/uploads\/sites\/5\/2020\/03\/WhatsApp-Image-2020-03-17-at-6.23.29-PM-1-120x1.jpeg 120w\" sizes=\"(max-width: 1280px) 100vw, 1280px\"><\/p>\n<p style=\"text-align: center\"><strong><a href=\"https:\/\/www.mendoza.gov.ar\/prensa\/comunicados\/\">Clic aqu&iacute; para ver los comunicados del Ministerio de Salud<\/a><\/strong><\/p>\n<p style=\"text-align: center\"><img loading=\"lazy\" class=\"alignnone wp-image-224684 size-full img-responsive center-block\" src=\"https:\/\/www.mendoza.gov.ar\/prensa\/wp-content\/uploads\/sites\/5\/2020\/03\/WhatsApp-Image-2020-03-17-at-6.23.29-PM-1.jpeg\" alt=\"\" width=\"1280\" height=\"7\" srcset=\"https:\/\/www.mendoza.gov.ar\/wp-content\/uploads\/sites\/5\/2020\/03\/WhatsApp-Image-2020-03-17-at-6.23.29-PM-1.jpeg 1280w, https:\/\/www.mendoza.gov.ar\/wp-content\/uploads\/sites\/5\/2020\/03\/WhatsApp-Image-2020-03-17-at-6.23.29-PM-1-250x1.jpeg 250w, https:\/\/www.mendoza.gov.ar\/wp-content\/uploads\/sites\/5\/2020\/03\/WhatsApp-Image-2020-03-17-at-6.23.29-PM-1-768x4.jpeg 768w, https:\/\/www.mendoza.gov.ar\/wp-content\/uploads\/sites\/5\/2020\/03\/WhatsApp-Image-2020-03-17-at-6.23.29-PM-1-700x4.jpeg 700w, https:\/\/www.mendoza.gov.ar\/wp-content\/uploads\/sites\/5\/2020\/03\/WhatsApp-Image-2020-03-17-at-6.23.29-PM-1-120x1.jpeg 120w\" sizes=\"(max-width: 1280px) 100vw, 1280px\"><\/p>\n<p style=\"text-align: center\"><strong><a href=\"https:\/\/www.mendoza.gov.ar\/coronavirus\">www.mendoza.gov.ar\/coronavirus<\/a><\/strong><\/p>\n<\/body><\/html>\n","protected":false},"excerpt":{"rendered":"En el marco del D&iacute;a Mundial del S&iacute;ndrome de Sj&ouml;gren, el Servicio de Reumatolog&iacute;a de OSEP se suma a las tareas de informaci&oacute;n y concientizaci&oacute;n de esta enfermedad autoinmune que afecta mayormente a mujeres. El S&iacute;ndrome de Sj&ouml;gren es una enfermedad autoinmune que se caracteriza por la producci&oacute;n de anticuerpos que reaccionan contra los tejidos&#8230; <a class=\"view-article\" href=\"https:\/\/www.mendoza.gov.ar\/prensa\/sindrome-de-sjogren-mas-comun-de-lo-que-suponemos\/\"><\/a>","protected":false},"author":66,"featured_media":237166,"comment_status":"open","ping_status":"open","sticky":false,"template":"","format":"standard","meta":[],"categories":[1822,30],"tags":[],"_links":{"self":[{"href":"https:\/\/www.mendoza.gov.ar\/prensa\/wp-json\/wp\/v2\/posts\/237165"}],"collection":[{"href":"https:\/\/www.mendoza.gov.ar\/prensa\/wp-json\/wp\/v2\/posts"}],"about":[{"href":"https:\/\/www.mendoza.gov.ar\/prensa\/wp-json\/wp\/v2\/types\/post"}],"author":[{"embeddable":true,"href":"https:\/\/www.mendoza.gov.ar\/prensa\/wp-json\/wp\/v2\/users\/66"}],"replies":[{"embeddable":true,"href":"https:\/\/www.mendoza.gov.ar\/prensa\/wp-json\/wp\/v2\/comments?post=237165"}],"version-history":[{"count":3,"href":"https:\/\/www.mendoza.gov.ar\/prensa\/wp-json\/wp\/v2\/posts\/237165\/revisions"}],"predecessor-version":[{"id":237175,"href":"https:\/\/www.mendoza.gov.ar\/prensa\/wp-json\/wp\/v2\/posts\/237165\/revisions\/237175"}],"wp:featuredmedia":[{"embeddable":true,"href":"https:\/\/www.mendoza.gov.ar\/prensa\/wp-json\/wp\/v2\/media\/237166"}],"wp:attachment":[{"href":"https:\/\/www.mendoza.gov.ar\/prensa\/wp-json\/wp\/v2\/media?parent=237165"}],"wp:term":[{"taxonomy":"category","embeddable":true,"href":"https:\/\/www.mendoza.gov.ar\/prensa\/wp-json\/wp\/v2\/categories?post=237165"},{"taxonomy":"post_tag","embeddable":true,"href":"https:\/\/www.mendoza.gov.ar\/prensa\/wp-json\/wp\/v2\/tags?post=237165"}],"curies":[{"name":"wp","href":"https:\/\/api.w.org\/{rel}","templated":true}]}}