{"id":238269,"date":"2020-08-03T13:24:41","date_gmt":"2020-08-03T16:24:41","guid":{"rendered":"http:\/\/prensa.wp1.mendoza.gov.ar\/?p=238269"},"modified":"2020-08-03T19:18:35","modified_gmt":"2020-08-03T22:18:35","slug":"se-realizo-la-primera-reunion-del-ano-del-consejo-tributario-mendoza","status":"publish","type":"post","link":"https:\/\/www.mendoza.gov.ar\/prensa\/se-realizo-la-primera-reunion-del-ano-del-consejo-tributario-mendoza\/","title":{"rendered":"Se realiz\u00f3 la primera reuni\u00f3n del a\u00f1o del Consejo Tributario Mendoza"},"content":{"rendered":"<!DOCTYPE html PUBLIC \"-\/\/W3C\/\/DTD HTML 4.0 Transitional\/\/EN\" \"http:\/\/www.w3.org\/TR\/REC-html40\/loose.dtd\">\n<html><body><h5><strong>La reuni&oacute;n se realiz&oacute; con modalidad virtual. Participaron miembros del Ministerio de Hacienda y Finanzas y ATM de la Provincia, las &aacute;reas de Hacienda de los municipios y las comisiones de Hacienda y&nbsp;Presupuesto de la Legislatura provincial.<\/strong><\/h5>\n<p>En el d&iacute;a de hoy, se realiz&oacute; la primera reuni&oacute;n del a&ntilde;o de la Comisi&oacute;n Plenaria del Consejo Tributario&nbsp;Mendoza. La modalidad del encuentro fue virtual y se transmiti&oacute; desde la Legislatura de la Provincia.<\/p>\n<p>La apertura estuvo a cargo del ministro de Hacienda y Finanzas, Lisandro Nieri, presidente del Consejo&nbsp;Tributario Provincial quien destac&oacute; la importancia de compartir este espacio aun en este complejo&nbsp;contexto y destac&oacute;: &ldquo;Aprovechamos la oportunidad para dar algunos anticipos de cuestiones de&nbsp;actualidad. Esperamos contar esta semana con la Ley Mendoza Activa, que incluye la posibilidad de&nbsp;prestar, en iguales condiciones en las que hemos recibido el programa de emergencia, fondos a los&nbsp;municipios&rdquo;.<\/p>\n<p>La idea del Consejo es fortalecer el trabajo fiscal con los municipios. Se comenzar&aacute; con varios proyectos&nbsp;para ayudar a los municipios en los diferentes aspectos de recaudaci&oacute;n aport&aacute;ndoles herramientas&nbsp;tecnol&oacute;gicas para facilitar el cumplimiento fiscal de los contribuyentes.<\/p>\n<p>Luego se realizaron diversas ponencias: en primer lugar, el director de la Unidad de Financiamiento&nbsp;Internacional (UFI), Rodrigo Gonz&aacute;lez, expuso sobre &ldquo;Situaci&oacute;n fiscal post pandemia&rdquo;. A continuaci&oacute;n, el&nbsp;director general de Rentas, Enzo Rizzo, realiz&oacute; su ponencia &ldquo;Hacia la digitalizaci&oacute;n del cumplimiento&nbsp;voluntario: el Monotributo Unificado Mendoza (MUM) y los canales de pago electr&oacute;nicos como&nbsp;alternativas inmediatas para los municipios mendocinos&rdquo;. Posteriormente, Nicol&aacute;s Chaves, director de&nbsp;Asuntos T&eacute;cnicos y Jur&iacute;dicos de ATM, expuso sobre el &ldquo;Proyecto de armonizaci&oacute;n tributaria municipal&rdquo;.<\/p>\n<p>En el cierre del evento, el subsecretario de Hacienda, Diego L&aacute;zzaro, concluy&oacute; que los objetivos del&nbsp;primer plenario han sido dar informaci&oacute;n de la coyuntura econ&oacute;mica y el dif&iacute;cil momento que est&aacute;n&nbsp;pasando el mundo, el pa&iacute;s y Mendoza: &ldquo;Estamos frente a problemas coyunturales que plantean&nbsp;desaf&iacute;os que van a tener que ser implementados a mayor velocidad&rdquo; y agreg&oacute; que, a partir del 27 de&nbsp;agosto, &ldquo;comenzaremos a trabajar con los t&eacute;cnicos de cada municipio para llegar a un consenso desde el&nbsp;punto de vista t&eacute;cnico y pol&iacute;tico, acerca de un C&oacute;digo Tributario &Uacute;nico Armonizado&rdquo;.<\/p>\n<p>El Consejo Tributario Mendoza fue creado en 2007, por la Ley 7658 y est&aacute; integrado por el Ministerio de&nbsp;Hacienda y Finanzas, la Administraci&oacute;n Tributaria Mendoza (ATM), &aacute;reas de Hacienda de los municipios&nbsp;y las comisiones de Hacienda y Presupuesto de las c&aacute;maras de Senadores y de Diputados de la&nbsp;Legislatura provincial. Luego de varios a&ntilde;os sin sesionar, en 2016 se reanudaron las reuniones.<\/p>\n<p>Los objetivos del Consejo son: posibilitar la homogeneizaci&oacute;n de la informaci&oacute;n de los contribuyentes de&nbsp;las Administraciones Tributarias Provincial y Municipal; promover el cumplimiento voluntario de las&nbsp;obligaciones fiscales y combatir la evasi&oacute;n, elusi&oacute;n y toda otra forma de incumplimiento; promover el&nbsp;intercambio de experiencias y colaboraci&oacute;n mutua; impulsar la transferencia e intercambio de&nbsp;tecnolog&iacute;as de Administraci&oacute;n Tributaria y Promover el Programa de Cultura Tributaria Integral&nbsp;Mendoza.<\/p>\n\n        <style type='text\/css'>\n            #gallery-1 {\n                margin: auto;\n            }\n            #gallery-1 .gallery-item {\n                float: left;\n                margin-top: 10px;\n\n                width: auto;}\n            #gallery-1 img {\n                border: 0px none;\n            }\n            #gallery-1 .gallery-caption {\n                margin-left: 0;\n            }\n        <\/style>\n<script>\njQuery(document).ready(function($) {\n  jQuery('div.gallery-item').hover(function(){\n     \/\/jQuery(this).fadeIn().siblings(':not(.modal)').fadeTo( 'slow' , 0.2);\n     jQuery(this).siblings(':not(.modal)').fadeTo( 'fast' , 0.2);\n     jQuery(this).fadeTo( 'slow' , 1);\n  },function(){\n     \/\/$(this).siblings().andSelf().fadeTo( 'slow' , 1);\n  });\n  jQuery('#gallery-1').on('mouseleave',function(){\n    jQuery('div.gallery-item').fadeTo( 'fast' , 1);\n  })\n});\n<\/script>\n        <!-- see gallery_shortcode() in wp-includes\/media.php -->\n        <h3>GALERIA<\/h3>\n        <div id='gallery-1' class='gallery galleryid-238269'><div class='gallery-item' data-toggle='modal' data-target='#238270' id='r238270'>\n            <dt class='gallery-icon'>\n                <a style='cursor:pointer;'><img width='150' height='150' src='https:\/\/www.mendoza.gov.ar\/wp-content\/uploads\/sites\/5\/2020\/08\/ATM-ConsejoTributario-IMGNota-Version1-1-150x150.png' class='attachment-thumbnail size-thumbnail' alt='' href=''><\/a>\n             <\/dt><\/div><div class=\"modal fade bs-example-modal-lg\" id=\"238270\" tabindex=\"-1\" role=\"dialog\" aria-labelledby=\"myModalLabel\">\n  <div class=\"modal-dialog modal-lg\" role=\"document\">\n    <div class=\"\">\n      <div class=\"modal-body\" style=\"text-align: center;\"><a href='https:\/\/www.mendoza.gov.ar\/prensa\/se-realizo-la-primera-reunion-del-ano-del-consejo-tributario-mendoza\/atm-consejotributario-imgnota-version1-2\/'><img width=\"700\" height=\"350\" src=\"https:\/\/www.mendoza.gov.ar\/wp-content\/uploads\/sites\/5\/2020\/08\/ATM-ConsejoTributario-IMGNota-Version1-1-700x350.png\" class=\"attachment-large size-large\" alt=\"\" loading=\"lazy\" srcset=\"https:\/\/www.mendoza.gov.ar\/wp-content\/uploads\/sites\/5\/2020\/08\/ATM-ConsejoTributario-IMGNota-Version1-1-700x350.png 700w, https:\/\/www.mendoza.gov.ar\/wp-content\/uploads\/sites\/5\/2020\/08\/ATM-ConsejoTributario-IMGNota-Version1-1-250x125.png 250w, https:\/\/www.mendoza.gov.ar\/wp-content\/uploads\/sites\/5\/2020\/08\/ATM-ConsejoTributario-IMGNota-Version1-1-768x384.png 768w, https:\/\/www.mendoza.gov.ar\/wp-content\/uploads\/sites\/5\/2020\/08\/ATM-ConsejoTributario-IMGNota-Version1-1-120x60.png 120w, https:\/\/www.mendoza.gov.ar\/wp-content\/uploads\/sites\/5\/2020\/08\/ATM-ConsejoTributario-IMGNota-Version1-1.png 1024w\" sizes=\"(max-width: 700px) 100vw, 700px\" \/><\/a><a data-toggle=\"modal\" data-dismiss=\"modal\" data-target=\"#238273\"><i class=\"text-white fa fa-chevron-right fa-4x\"><\/i><\/a><\/div>\n    <\/div>\n  <\/div>\n<\/div><div class='gallery-item' data-toggle='modal' data-target='#238273' id='r238273'>\n            <dt class='gallery-icon'>\n                <a style='cursor:pointer;'><img width='150' height='150' src='https:\/\/www.mendoza.gov.ar\/wp-content\/uploads\/sites\/5\/2020\/08\/0005078-150x150.jpg' class='attachment-thumbnail size-thumbnail' alt='' href=''><\/a>\n             <\/dt><\/div><div class=\"modal fade bs-example-modal-lg\" id=\"238273\" tabindex=\"-1\" role=\"dialog\" aria-labelledby=\"myModalLabel\">\n  <div class=\"modal-dialog modal-lg\" role=\"document\">\n    <div class=\"\">\n      <div class=\"modal-body\" style=\"text-align: center;\"><a data-toggle=\"modal\" data-dismiss=\"modal\" data-target=\"#238270\"><i class=\"text-white fa fa-chevron-left fa-4x\"><\/i><\/a><a href='https:\/\/www.mendoza.gov.ar\/prensa\/se-realizo-la-primera-reunion-del-ano-del-consejo-tributario-mendoza\/ministerio-de-hacienda-y-finanzas-consejo-tributario\/'><img width=\"700\" height=\"467\" src=\"https:\/\/www.mendoza.gov.ar\/wp-content\/uploads\/sites\/5\/2020\/08\/0005078-700x467.jpg\" class=\"attachment-large size-large\" alt=\"\" loading=\"lazy\" srcset=\"https:\/\/www.mendoza.gov.ar\/wp-content\/uploads\/sites\/5\/2020\/08\/0005078-700x467.jpg 700w, https:\/\/www.mendoza.gov.ar\/wp-content\/uploads\/sites\/5\/2020\/08\/0005078-250x167.jpg 250w, https:\/\/www.mendoza.gov.ar\/wp-content\/uploads\/sites\/5\/2020\/08\/0005078-768x512.jpg 768w, https:\/\/www.mendoza.gov.ar\/wp-content\/uploads\/sites\/5\/2020\/08\/0005078-120x80.jpg 120w\" sizes=\"(max-width: 700px) 100vw, 700px\" \/><\/a><a data-toggle=\"modal\" data-dismiss=\"modal\" data-target=\"#238274\"><i class=\"text-white fa fa-chevron-right fa-4x\"><\/i><\/a><\/div>\n    <\/div>\n  <\/div>\n<\/div><div class='gallery-item' data-toggle='modal' data-target='#238274' id='r238274'>\n            <dt class='gallery-icon'>\n                <a style='cursor:pointer;'><img width='150' height='150' src='https:\/\/www.mendoza.gov.ar\/wp-content\/uploads\/sites\/5\/2020\/08\/0005063-150x150.jpg' class='attachment-thumbnail size-thumbnail' alt='' href=''><\/a>\n             <\/dt><\/div><div class=\"modal fade bs-example-modal-lg\" id=\"238274\" tabindex=\"-1\" role=\"dialog\" aria-labelledby=\"myModalLabel\">\n  <div class=\"modal-dialog modal-lg\" role=\"document\">\n    <div class=\"\">\n      <div class=\"modal-body\" style=\"text-align: center;\"><a data-toggle=\"modal\" data-dismiss=\"modal\" data-target=\"#238273\"><i class=\"text-white fa fa-chevron-left fa-4x\"><\/i><\/a><a href='https:\/\/www.mendoza.gov.ar\/prensa\/se-realizo-la-primera-reunion-del-ano-del-consejo-tributario-mendoza\/ministerio-de-hacienda-y-finanzas-consejo-tributario-2\/'><img width=\"700\" height=\"467\" src=\"https:\/\/www.mendoza.gov.ar\/wp-content\/uploads\/sites\/5\/2020\/08\/0005063-700x467.jpg\" class=\"attachment-large size-large\" alt=\"\" loading=\"lazy\" srcset=\"https:\/\/www.mendoza.gov.ar\/wp-content\/uploads\/sites\/5\/2020\/08\/0005063-700x467.jpg 700w, https:\/\/www.mendoza.gov.ar\/wp-content\/uploads\/sites\/5\/2020\/08\/0005063-250x167.jpg 250w, https:\/\/www.mendoza.gov.ar\/wp-content\/uploads\/sites\/5\/2020\/08\/0005063-768x512.jpg 768w, https:\/\/www.mendoza.gov.ar\/wp-content\/uploads\/sites\/5\/2020\/08\/0005063-120x80.jpg 120w\" sizes=\"(max-width: 700px) 100vw, 700px\" \/><\/a><a data-toggle=\"modal\" data-dismiss=\"modal\" data-target=\"#238275\"><i class=\"text-white fa fa-chevron-right fa-4x\"><\/i><\/a><\/div>\n    <\/div>\n  <\/div>\n<\/div><div class='gallery-item' data-toggle='modal' data-target='#238275' id='r238275'>\n            <dt class='gallery-icon'>\n                <a style='cursor:pointer;'><img width='150' height='150' src='https:\/\/www.mendoza.gov.ar\/wp-content\/uploads\/sites\/5\/2020\/08\/0005061-150x150.jpg' class='attachment-thumbnail size-thumbnail' alt='' href=''><\/a>\n             <\/dt><\/div><div class=\"modal fade bs-example-modal-lg\" id=\"238275\" tabindex=\"-1\" role=\"dialog\" aria-labelledby=\"myModalLabel\">\n  <div class=\"modal-dialog modal-lg\" role=\"document\">\n    <div class=\"\">\n      <div class=\"modal-body\" style=\"text-align: center;\"><a data-toggle=\"modal\" data-dismiss=\"modal\" data-target=\"#238274\"><i class=\"text-white fa fa-chevron-left fa-4x\"><\/i><\/a><a href='https:\/\/www.mendoza.gov.ar\/prensa\/se-realizo-la-primera-reunion-del-ano-del-consejo-tributario-mendoza\/ministerio-de-hacienda-y-finanzas-consejo-tributario-3\/'><img width=\"700\" height=\"467\" src=\"https:\/\/www.mendoza.gov.ar\/wp-content\/uploads\/sites\/5\/2020\/08\/0005061-700x467.jpg\" class=\"attachment-large size-large\" alt=\"\" loading=\"lazy\" srcset=\"https:\/\/www.mendoza.gov.ar\/wp-content\/uploads\/sites\/5\/2020\/08\/0005061-700x467.jpg 700w, https:\/\/www.mendoza.gov.ar\/wp-content\/uploads\/sites\/5\/2020\/08\/0005061-250x167.jpg 250w, https:\/\/www.mendoza.gov.ar\/wp-content\/uploads\/sites\/5\/2020\/08\/0005061-768x512.jpg 768w, https:\/\/www.mendoza.gov.ar\/wp-content\/uploads\/sites\/5\/2020\/08\/0005061-120x80.jpg 120w\" sizes=\"(max-width: 700px) 100vw, 700px\" \/><\/a><a data-toggle=\"modal\" data-dismiss=\"modal\" data-target=\"#238276\"><i class=\"text-white fa fa-chevron-right fa-4x\"><\/i><\/a><\/div>\n    <\/div>\n  <\/div>\n<\/div><div class='gallery-item' data-toggle='modal' data-target='#238276' id='r238276'>\n            <dt class='gallery-icon'>\n                <a style='cursor:pointer;'><img width='150' height='150' src='https:\/\/www.mendoza.gov.ar\/wp-content\/uploads\/sites\/5\/2020\/08\/0005082-150x150.jpg' class='attachment-thumbnail size-thumbnail' alt='' href=''><\/a>\n             <\/dt><\/div><div class=\"modal fade bs-example-modal-lg\" id=\"238276\" tabindex=\"-1\" role=\"dialog\" aria-labelledby=\"myModalLabel\">\n  <div class=\"modal-dialog modal-lg\" role=\"document\">\n    <div class=\"\">\n      <div class=\"modal-body\" style=\"text-align: center;\"><a data-toggle=\"modal\" data-dismiss=\"modal\" data-target=\"#238275\"><i class=\"text-white fa fa-chevron-left fa-4x\"><\/i><\/a><a href='https:\/\/www.mendoza.gov.ar\/prensa\/se-realizo-la-primera-reunion-del-ano-del-consejo-tributario-mendoza\/ministerio-de-hacienda-y-finanzas-consejo-tributario-4\/'><img width=\"700\" height=\"467\" src=\"https:\/\/www.mendoza.gov.ar\/wp-content\/uploads\/sites\/5\/2020\/08\/0005082-700x467.jpg\" class=\"attachment-large size-large\" alt=\"\" loading=\"lazy\" srcset=\"https:\/\/www.mendoza.gov.ar\/wp-content\/uploads\/sites\/5\/2020\/08\/0005082-700x467.jpg 700w, https:\/\/www.mendoza.gov.ar\/wp-content\/uploads\/sites\/5\/2020\/08\/0005082-250x167.jpg 250w, https:\/\/www.mendoza.gov.ar\/wp-content\/uploads\/sites\/5\/2020\/08\/0005082-768x512.jpg 768w, https:\/\/www.mendoza.gov.ar\/wp-content\/uploads\/sites\/5\/2020\/08\/0005082-120x80.jpg 120w\" sizes=\"(max-width: 700px) 100vw, 700px\" \/><\/a><a data-toggle=\"modal\" data-dismiss=\"modal\" data-target=\"#238277\"><i class=\"text-white fa fa-chevron-right fa-4x\"><\/i><\/a><\/div>\n    <\/div>\n  <\/div>\n<\/div><div class='gallery-item' data-toggle='modal' data-target='#238277' id='r238277'>\n            <dt class='gallery-icon'>\n                <a style='cursor:pointer;'><img width='150' height='150' src='https:\/\/www.mendoza.gov.ar\/wp-content\/uploads\/sites\/5\/2020\/08\/0005073-150x150.jpg' class='attachment-thumbnail size-thumbnail' alt='' href=''><\/a>\n             <\/dt><\/div><div class=\"modal fade bs-example-modal-lg\" id=\"238277\" tabindex=\"-1\" role=\"dialog\" aria-labelledby=\"myModalLabel\">\n  <div class=\"modal-dialog modal-lg\" role=\"document\">\n    <div class=\"\">\n      <div class=\"modal-body\" style=\"text-align: center;\"><a data-toggle=\"modal\" data-dismiss=\"modal\" data-target=\"#238276\"><i class=\"text-white fa fa-chevron-left fa-4x\"><\/i><\/a><a href='https:\/\/www.mendoza.gov.ar\/prensa\/se-realizo-la-primera-reunion-del-ano-del-consejo-tributario-mendoza\/ministerio-de-hacienda-y-finanzas-consejo-tributario-5\/'><img width=\"700\" height=\"467\" src=\"https:\/\/www.mendoza.gov.ar\/wp-content\/uploads\/sites\/5\/2020\/08\/0005073-700x467.jpg\" class=\"attachment-large size-large\" alt=\"\" loading=\"lazy\" srcset=\"https:\/\/www.mendoza.gov.ar\/wp-content\/uploads\/sites\/5\/2020\/08\/0005073-700x467.jpg 700w, https:\/\/www.mendoza.gov.ar\/wp-content\/uploads\/sites\/5\/2020\/08\/0005073-250x167.jpg 250w, https:\/\/www.mendoza.gov.ar\/wp-content\/uploads\/sites\/5\/2020\/08\/0005073-768x512.jpg 768w, https:\/\/www.mendoza.gov.ar\/wp-content\/uploads\/sites\/5\/2020\/08\/0005073-120x80.jpg 120w\" sizes=\"(max-width: 700px) 100vw, 700px\" \/><\/a><a data-toggle=\"modal\" data-dismiss=\"modal\" data-target=\"#238278\"><i class=\"text-white fa fa-chevron-right fa-4x\"><\/i><\/a><\/div>\n    <\/div>\n  <\/div>\n<\/div><div class='gallery-item' data-toggle='modal' data-target='#238278' id='r238278'>\n            <dt class='gallery-icon'>\n                <a style='cursor:pointer;'><img width='150' height='150' src='https:\/\/www.mendoza.gov.ar\/wp-content\/uploads\/sites\/5\/2020\/08\/0005085-150x150.jpg' class='attachment-thumbnail size-thumbnail' alt='' href=''><\/a>\n             <\/dt><\/div><div class=\"modal fade bs-example-modal-lg\" id=\"238278\" tabindex=\"-1\" role=\"dialog\" aria-labelledby=\"myModalLabel\">\n  <div class=\"modal-dialog modal-lg\" role=\"document\">\n    <div class=\"\">\n      <div class=\"modal-body\" style=\"text-align: center;\"><a data-toggle=\"modal\" data-dismiss=\"modal\" data-target=\"#238277\"><i class=\"text-white fa fa-chevron-left fa-4x\"><\/i><\/a><a href='https:\/\/www.mendoza.gov.ar\/prensa\/se-realizo-la-primera-reunion-del-ano-del-consejo-tributario-mendoza\/ministerio-de-hacienda-y-finanzas-consejo-tributario-6\/'><img width=\"700\" height=\"467\" src=\"https:\/\/www.mendoza.gov.ar\/wp-content\/uploads\/sites\/5\/2020\/08\/0005085-700x467.jpg\" class=\"attachment-large size-large\" alt=\"\" loading=\"lazy\" srcset=\"https:\/\/www.mendoza.gov.ar\/wp-content\/uploads\/sites\/5\/2020\/08\/0005085-700x467.jpg 700w, https:\/\/www.mendoza.gov.ar\/wp-content\/uploads\/sites\/5\/2020\/08\/0005085-250x167.jpg 250w, https:\/\/www.mendoza.gov.ar\/wp-content\/uploads\/sites\/5\/2020\/08\/0005085-768x512.jpg 768w, https:\/\/www.mendoza.gov.ar\/wp-content\/uploads\/sites\/5\/2020\/08\/0005085-120x80.jpg 120w\" sizes=\"(max-width: 700px) 100vw, 700px\" \/><\/a><a data-toggle=\"modal\" data-dismiss=\"modal\" data-target=\"#238279\"><i class=\"text-white fa fa-chevron-right fa-4x\"><\/i><\/a><\/div>\n    <\/div>\n  <\/div>\n<\/div><div class='gallery-item' data-toggle='modal' data-target='#238279' id='r238279'>\n            <dt class='gallery-icon'>\n                <a style='cursor:pointer;'><img width='150' height='150' src='https:\/\/www.mendoza.gov.ar\/wp-content\/uploads\/sites\/5\/2020\/08\/0005092-150x150.jpg' class='attachment-thumbnail size-thumbnail' alt='' href=''><\/a>\n             <\/dt><\/div><div class=\"modal fade bs-example-modal-lg\" id=\"238279\" tabindex=\"-1\" role=\"dialog\" aria-labelledby=\"myModalLabel\">\n  <div class=\"modal-dialog modal-lg\" role=\"document\">\n    <div class=\"\">\n      <div class=\"modal-body\" style=\"text-align: center;\"><a data-toggle=\"modal\" data-dismiss=\"modal\" data-target=\"#238278\"><i class=\"text-white fa fa-chevron-left fa-4x\"><\/i><\/a><a href='https:\/\/www.mendoza.gov.ar\/prensa\/se-realizo-la-primera-reunion-del-ano-del-consejo-tributario-mendoza\/ministerio-de-hacienda-y-finanzas-consejo-tributario-7\/'><img width=\"700\" height=\"467\" src=\"https:\/\/www.mendoza.gov.ar\/wp-content\/uploads\/sites\/5\/2020\/08\/0005092-700x467.jpg\" class=\"attachment-large size-large\" alt=\"\" loading=\"lazy\" srcset=\"https:\/\/www.mendoza.gov.ar\/wp-content\/uploads\/sites\/5\/2020\/08\/0005092-700x467.jpg 700w, https:\/\/www.mendoza.gov.ar\/wp-content\/uploads\/sites\/5\/2020\/08\/0005092-250x167.jpg 250w, https:\/\/www.mendoza.gov.ar\/wp-content\/uploads\/sites\/5\/2020\/08\/0005092-768x512.jpg 768w, https:\/\/www.mendoza.gov.ar\/wp-content\/uploads\/sites\/5\/2020\/08\/0005092-120x80.jpg 120w\" sizes=\"(max-width: 700px) 100vw, 700px\" \/><\/a><a data-toggle=\"modal\" data-dismiss=\"modal\" data-target=\"#238280\"><i class=\"text-white fa fa-chevron-right fa-4x\"><\/i><\/a><\/div>\n    <\/div>\n  <\/div>\n<\/div><div class='gallery-item' data-toggle='modal' data-target='#238280' id='r238280'>\n            <dt class='gallery-icon'>\n                <a style='cursor:pointer;'><img width='150' height='150' src='https:\/\/www.mendoza.gov.ar\/wp-content\/uploads\/sites\/5\/2020\/08\/0005130-150x150.jpg' class='attachment-thumbnail size-thumbnail' alt='' href=''><\/a>\n             <\/dt><\/div><div class=\"modal fade bs-example-modal-lg\" id=\"238280\" tabindex=\"-1\" role=\"dialog\" aria-labelledby=\"myModalLabel\">\n  <div class=\"modal-dialog modal-lg\" role=\"document\">\n    <div class=\"\">\n      <div class=\"modal-body\" style=\"text-align: center;\"><a data-toggle=\"modal\" data-dismiss=\"modal\" data-target=\"#238279\"><i class=\"text-white fa fa-chevron-left fa-4x\"><\/i><\/a><a href='https:\/\/www.mendoza.gov.ar\/prensa\/se-realizo-la-primera-reunion-del-ano-del-consejo-tributario-mendoza\/ministerio-de-hacienda-y-finanzas-consejo-tributario-8\/'><img width=\"700\" height=\"467\" src=\"https:\/\/www.mendoza.gov.ar\/wp-content\/uploads\/sites\/5\/2020\/08\/0005130-700x467.jpg\" class=\"attachment-large size-large\" alt=\"\" loading=\"lazy\" srcset=\"https:\/\/www.mendoza.gov.ar\/wp-content\/uploads\/sites\/5\/2020\/08\/0005130-700x467.jpg 700w, https:\/\/www.mendoza.gov.ar\/wp-content\/uploads\/sites\/5\/2020\/08\/0005130-250x167.jpg 250w, https:\/\/www.mendoza.gov.ar\/wp-content\/uploads\/sites\/5\/2020\/08\/0005130-768x512.jpg 768w, https:\/\/www.mendoza.gov.ar\/wp-content\/uploads\/sites\/5\/2020\/08\/0005130-120x80.jpg 120w\" sizes=\"(max-width: 700px) 100vw, 700px\" \/><\/a><a data-toggle=\"modal\" data-dismiss=\"modal\" data-target=\"#238281\"><i class=\"text-white fa fa-chevron-right fa-4x\"><\/i><\/a><\/div>\n    <\/div>\n  <\/div>\n<\/div><div class='gallery-item' data-toggle='modal' data-target='#238281' id='r238281'>\n            <dt class='gallery-icon'>\n                <a style='cursor:pointer;'><img width='150' height='150' src='https:\/\/www.mendoza.gov.ar\/wp-content\/uploads\/sites\/5\/2020\/08\/0005095-150x150.jpg' class='attachment-thumbnail size-thumbnail' alt='' href=''><\/a>\n             <\/dt><\/div><div class=\"modal fade bs-example-modal-lg\" id=\"238281\" tabindex=\"-1\" role=\"dialog\" aria-labelledby=\"myModalLabel\">\n  <div class=\"modal-dialog modal-lg\" role=\"document\">\n    <div class=\"\">\n      <div class=\"modal-body\" style=\"text-align: center;\"><a data-toggle=\"modal\" data-dismiss=\"modal\" data-target=\"#238280\"><i class=\"text-white fa fa-chevron-left fa-4x\"><\/i><\/a><a href='https:\/\/www.mendoza.gov.ar\/prensa\/se-realizo-la-primera-reunion-del-ano-del-consejo-tributario-mendoza\/ministerio-de-hacienda-y-finanzas-consejo-tributario-9\/'><img width=\"700\" height=\"467\" src=\"https:\/\/www.mendoza.gov.ar\/wp-content\/uploads\/sites\/5\/2020\/08\/0005095-700x467.jpg\" class=\"attachment-large size-large\" alt=\"\" loading=\"lazy\" srcset=\"https:\/\/www.mendoza.gov.ar\/wp-content\/uploads\/sites\/5\/2020\/08\/0005095-700x467.jpg 700w, https:\/\/www.mendoza.gov.ar\/wp-content\/uploads\/sites\/5\/2020\/08\/0005095-250x167.jpg 250w, https:\/\/www.mendoza.gov.ar\/wp-content\/uploads\/sites\/5\/2020\/08\/0005095-768x512.jpg 768w, https:\/\/www.mendoza.gov.ar\/wp-content\/uploads\/sites\/5\/2020\/08\/0005095-120x80.jpg 120w\" sizes=\"(max-width: 700px) 100vw, 700px\" \/><\/a><a data-toggle=\"modal\" data-dismiss=\"modal\" data-target=\"#238282\"><i class=\"text-white fa fa-chevron-right fa-4x\"><\/i><\/a><\/div>\n    <\/div>\n  <\/div>\n<\/div><div class='gallery-item' data-toggle='modal' data-target='#238282' id='r238282'>\n            <dt class='gallery-icon'>\n                <a style='cursor:pointer;'><img width='150' height='150' src='https:\/\/www.mendoza.gov.ar\/wp-content\/uploads\/sites\/5\/2020\/08\/0005106-150x150.jpg' class='attachment-thumbnail size-thumbnail' alt='' href=''><\/a>\n             <\/dt><\/div><div class=\"modal fade bs-example-modal-lg\" id=\"238282\" tabindex=\"-1\" role=\"dialog\" aria-labelledby=\"myModalLabel\">\n  <div class=\"modal-dialog modal-lg\" role=\"document\">\n    <div class=\"\">\n      <div class=\"modal-body\" style=\"text-align: center;\"><a data-toggle=\"modal\" data-dismiss=\"modal\" data-target=\"#238281\"><i class=\"text-white fa fa-chevron-left fa-4x\"><\/i><\/a><a href='https:\/\/www.mendoza.gov.ar\/prensa\/se-realizo-la-primera-reunion-del-ano-del-consejo-tributario-mendoza\/ministerio-de-hacienda-y-finanzas-consejo-tributario-10\/'><img width=\"700\" height=\"467\" src=\"https:\/\/www.mendoza.gov.ar\/wp-content\/uploads\/sites\/5\/2020\/08\/0005106-700x467.jpg\" class=\"attachment-large size-large\" alt=\"\" loading=\"lazy\" srcset=\"https:\/\/www.mendoza.gov.ar\/wp-content\/uploads\/sites\/5\/2020\/08\/0005106-700x467.jpg 700w, https:\/\/www.mendoza.gov.ar\/wp-content\/uploads\/sites\/5\/2020\/08\/0005106-250x167.jpg 250w, https:\/\/www.mendoza.gov.ar\/wp-content\/uploads\/sites\/5\/2020\/08\/0005106-768x512.jpg 768w, https:\/\/www.mendoza.gov.ar\/wp-content\/uploads\/sites\/5\/2020\/08\/0005106-120x80.jpg 120w\" sizes=\"(max-width: 700px) 100vw, 700px\" \/><\/a><a data-toggle=\"modal\" data-dismiss=\"modal\" data-target=\"#238283\"><i class=\"text-white fa fa-chevron-right fa-4x\"><\/i><\/a><\/div>\n    <\/div>\n  <\/div>\n<\/div><div class='gallery-item' data-toggle='modal' data-target='#238283' id='r238283'>\n            <dt class='gallery-icon'>\n                <a style='cursor:pointer;'><img width='150' height='150' src='https:\/\/www.mendoza.gov.ar\/wp-content\/uploads\/sites\/5\/2020\/08\/0005145-150x150.jpg' class='attachment-thumbnail size-thumbnail' alt='' href=''><\/a>\n             <\/dt><\/div><div class=\"modal fade bs-example-modal-lg\" id=\"238283\" tabindex=\"-1\" role=\"dialog\" aria-labelledby=\"myModalLabel\">\n  <div class=\"modal-dialog modal-lg\" role=\"document\">\n    <div class=\"\">\n      <div class=\"modal-body\" style=\"text-align: center;\"><a data-toggle=\"modal\" data-dismiss=\"modal\" data-target=\"#238282\"><i class=\"text-white fa fa-chevron-left fa-4x\"><\/i><\/a><a href='https:\/\/www.mendoza.gov.ar\/prensa\/se-realizo-la-primera-reunion-del-ano-del-consejo-tributario-mendoza\/ministerio-de-hacienda-y-finanzas-consejo-tributario-11\/'><img width=\"700\" height=\"467\" src=\"https:\/\/www.mendoza.gov.ar\/wp-content\/uploads\/sites\/5\/2020\/08\/0005145-700x467.jpg\" class=\"attachment-large size-large\" alt=\"\" loading=\"lazy\" srcset=\"https:\/\/www.mendoza.gov.ar\/wp-content\/uploads\/sites\/5\/2020\/08\/0005145-700x467.jpg 700w, https:\/\/www.mendoza.gov.ar\/wp-content\/uploads\/sites\/5\/2020\/08\/0005145-250x167.jpg 250w, https:\/\/www.mendoza.gov.ar\/wp-content\/uploads\/sites\/5\/2020\/08\/0005145-768x512.jpg 768w, https:\/\/www.mendoza.gov.ar\/wp-content\/uploads\/sites\/5\/2020\/08\/0005145-120x80.jpg 120w\" sizes=\"(max-width: 700px) 100vw, 700px\" \/><\/a><a data-toggle=\"modal\" data-dismiss=\"modal\" data-target=\"#238285\"><i class=\"text-white fa fa-chevron-right fa-4x\"><\/i><\/a><\/div>\n    <\/div>\n  <\/div>\n<\/div><div class='gallery-item' data-toggle='modal' data-target='#238285' id='r238285'>\n            <dt class='gallery-icon'>\n                <a style='cursor:pointer;'><img width='150' height='150' src='https:\/\/www.mendoza.gov.ar\/wp-content\/uploads\/sites\/5\/2020\/08\/0005141-1-150x150.jpg' class='attachment-thumbnail size-thumbnail' alt='' href=''><\/a>\n             <\/dt><\/div><div class=\"modal fade bs-example-modal-lg\" id=\"238285\" tabindex=\"-1\" role=\"dialog\" aria-labelledby=\"myModalLabel\">\n  <div class=\"modal-dialog modal-lg\" role=\"document\">\n    <div class=\"\">\n      <div class=\"modal-body\" style=\"text-align: center;\"><a data-toggle=\"modal\" data-dismiss=\"modal\" data-target=\"#238283\"><i class=\"text-white fa fa-chevron-left fa-4x\"><\/i><\/a><a href='https:\/\/www.mendoza.gov.ar\/prensa\/se-realizo-la-primera-reunion-del-ano-del-consejo-tributario-mendoza\/ministerio-de-hacienda-y-finanzas-consejo-tributario-13\/'><img width=\"700\" height=\"467\" src=\"https:\/\/www.mendoza.gov.ar\/wp-content\/uploads\/sites\/5\/2020\/08\/0005141-1-700x467.jpg\" class=\"attachment-large size-large\" alt=\"\" loading=\"lazy\" srcset=\"https:\/\/www.mendoza.gov.ar\/wp-content\/uploads\/sites\/5\/2020\/08\/0005141-1-700x467.jpg 700w, https:\/\/www.mendoza.gov.ar\/wp-content\/uploads\/sites\/5\/2020\/08\/0005141-1-250x167.jpg 250w, https:\/\/www.mendoza.gov.ar\/wp-content\/uploads\/sites\/5\/2020\/08\/0005141-1-768x512.jpg 768w, https:\/\/www.mendoza.gov.ar\/wp-content\/uploads\/sites\/5\/2020\/08\/0005141-1-120x80.jpg 120w\" sizes=\"(max-width: 700px) 100vw, 700px\" \/><\/a><a data-toggle=\"modal\" data-dismiss=\"modal\" data-target=\"#238270\"><i class=\"text-white fa fa-chevron-right fa-4x\"><\/i><\/a><\/div>\n    <\/div>\n  <\/div>\n<\/div>\n            <br style='clear: both;' \/>\n        <\/div>\n\n<\/body><\/html>\n","protected":false},"excerpt":{"rendered":"La reuni&oacute;n se realiz&oacute; con modalidad virtual. Participaron miembros del Ministerio de Hacienda y Finanzas y ATM de la Provincia, las &aacute;reas de Hacienda de los municipios y las comisiones de Hacienda y&nbsp;Presupuesto de la Legislatura provincial. En el d&iacute;a de hoy, se realiz&oacute; la primera reuni&oacute;n del a&ntilde;o de la Comisi&oacute;n Plenaria del Consejo&#8230; <a class=\"view-article\" href=\"https:\/\/www.mendoza.gov.ar\/prensa\/se-realizo-la-primera-reunion-del-ano-del-consejo-tributario-mendoza\/\"><\/a>","protected":false},"author":61,"featured_media":238276,"comment_status":"open","ping_status":"open","sticky":false,"template":"","format":"standard","meta":[],"categories":[1822,21],"tags":[],"_links":{"self":[{"href":"https:\/\/www.mendoza.gov.ar\/prensa\/wp-json\/wp\/v2\/posts\/238269"}],"collection":[{"href":"https:\/\/www.mendoza.gov.ar\/prensa\/wp-json\/wp\/v2\/posts"}],"about":[{"href":"https:\/\/www.mendoza.gov.ar\/prensa\/wp-json\/wp\/v2\/types\/post"}],"author":[{"embeddable":true,"href":"https:\/\/www.mendoza.gov.ar\/prensa\/wp-json\/wp\/v2\/users\/61"}],"replies":[{"embeddable":true,"href":"https:\/\/www.mendoza.gov.ar\/prensa\/wp-json\/wp\/v2\/comments?post=238269"}],"version-history":[{"count":7,"href":"https:\/\/www.mendoza.gov.ar\/prensa\/wp-json\/wp\/v2\/posts\/238269\/revisions"}],"predecessor-version":[{"id":238307,"href":"https:\/\/www.mendoza.gov.ar\/prensa\/wp-json\/wp\/v2\/posts\/238269\/revisions\/238307"}],"wp:featuredmedia":[{"embeddable":true,"href":"https:\/\/www.mendoza.gov.ar\/prensa\/wp-json\/wp\/v2\/media\/238276"}],"wp:attachment":[{"href":"https:\/\/www.mendoza.gov.ar\/prensa\/wp-json\/wp\/v2\/media?parent=238269"}],"wp:term":[{"taxonomy":"category","embeddable":true,"href":"https:\/\/www.mendoza.gov.ar\/prensa\/wp-json\/wp\/v2\/categories?post=238269"},{"taxonomy":"post_tag","embeddable":true,"href":"https:\/\/www.mendoza.gov.ar\/prensa\/wp-json\/wp\/v2\/tags?post=238269"}],"curies":[{"name":"wp","href":"https:\/\/api.w.org\/{rel}","templated":true}]}}