{"id":243452,"date":"2020-09-21T13:53:35","date_gmt":"2020-09-21T16:53:35","guid":{"rendered":"http:\/\/prensa.wp1.mendoza.gov.ar\/?p=243452"},"modified":"2020-09-21T16:48:45","modified_gmt":"2020-09-21T19:48:45","slug":"lautaro-martinez-envio-un-mensaje-a-los-jovenes-mendocinos","status":"publish","type":"post","link":"https:\/\/www.mendoza.gov.ar\/prensa\/lautaro-martinez-envio-un-mensaje-a-los-jovenes-mendocinos\/","title":{"rendered":"Lautaro Mart\u00ednez envi\u00f3 un mensaje a los j\u00f3venes mendocinos"},"content":{"rendered":"<!DOCTYPE html PUBLIC \"-\/\/W3C\/\/DTD HTML 4.0 Transitional\/\/EN\" \"http:\/\/www.w3.org\/TR\/REC-html40\/loose.dtd\">\n<html><body><h5>El 9 de la selecci&oacute;n lleg&oacute; a trav&eacute;s de un saludo de WhatsApp a los chicos mendocinos.<\/h5>\n<p>El programa Adolescencia&nbsp;&nbsp;de OSEP logr&oacute; contactarse con el futbolista para conseguir este mensaje. Lautaro Mart&iacute;nez jugador del Inter en Italia e integrante de la Selecci&oacute;n Argentina de F&uacute;tbol brind&oacute; su desinteresada colaboraci&oacute;n enviando un mensaje de apoyo a todos los j&oacute;venes y les pidi&oacute; que se quedaran en casa.<\/p>\n<p>No es la primera vez que este crack colabora en beneficio de Mendoza y en especial con OSEP,&nbsp;&nbsp;ya que cuando comenz&oacute; la pandemia, &eacute;l y su novia Agustina Gandolfo, mendocina, enviaron una importante partida de insumos para hospitales de Mendoza. El mensaje se viraliz&oacute; por redes sociales.<\/p>\n<div style=\"width: 474px;\" class=\"wp-video\"><!--[if lt IE 9]><script>document.createElement('video');<\/script><![endif]-->\n<video class=\"wp-video-shortcode\" id=\"video-243452-1\" width=\"474\" height=\"844\" preload=\"metadata\" controls=\"controls\"><source type=\"video\/mp4\" src=\"https:\/\/www.mendoza.gov.ar\/prensa\/wp-content\/uploads\/sites\/5\/2020\/09\/WhatsApp-Video-2020-09-21-at-00.08.30.mp4?_=1\" \/><a href=\"https:\/\/www.mendoza.gov.ar\/prensa\/wp-content\/uploads\/sites\/5\/2020\/09\/WhatsApp-Video-2020-09-21-at-00.08.30.mp4\">https:\/\/www.mendoza.gov.ar\/prensa\/wp-content\/uploads\/sites\/5\/2020\/09\/WhatsApp-Video-2020-09-21-at-00.08.30.mp4<\/a><\/video><\/div>\n<p>&nbsp;<\/p>\n<p><img loading=\"lazy\" width=\"1280\" height=\"7\" class=\"wp-image-224684 aligncenter img-responsive center-block\" src=\"https:\/\/www.mendoza.gov.ar\/prensa\/wp-content\/uploads\/sites\/5\/2020\/03\/WhatsApp-Image-2020-03-17-at-6.23.29-PM-1.jpeg\" alt=\"\" srcset=\"https:\/\/www.mendoza.gov.ar\/wp-content\/uploads\/sites\/5\/2020\/03\/WhatsApp-Image-2020-03-17-at-6.23.29-PM-1.jpeg 1280w, https:\/\/www.mendoza.gov.ar\/wp-content\/uploads\/sites\/5\/2020\/03\/WhatsApp-Image-2020-03-17-at-6.23.29-PM-1-250x1.jpeg 250w, https:\/\/www.mendoza.gov.ar\/wp-content\/uploads\/sites\/5\/2020\/03\/WhatsApp-Image-2020-03-17-at-6.23.29-PM-1-768x4.jpeg 768w, https:\/\/www.mendoza.gov.ar\/wp-content\/uploads\/sites\/5\/2020\/03\/WhatsApp-Image-2020-03-17-at-6.23.29-PM-1-700x4.jpeg 700w, https:\/\/www.mendoza.gov.ar\/wp-content\/uploads\/sites\/5\/2020\/03\/WhatsApp-Image-2020-03-17-at-6.23.29-PM-1-120x1.jpeg 120w\" sizes=\"(max-width: 1280px) 100vw, 1280px\"><\/p>\n<p style=\"text-align: center\"><a href=\"https:\/\/www.mendoza.gov.ar\/prensa\/covid-19\/\"><strong>Clic aqu&iacute; para ver m&aacute;s noticias sobre coronavirus<\/strong><\/a><\/p>\n<p style=\"text-align: center\"><img loading=\"lazy\" class=\"alignnone wp-image-224684 size-full img-responsive center-block\" src=\"https:\/\/www.mendoza.gov.ar\/prensa\/wp-content\/uploads\/sites\/5\/2020\/03\/WhatsApp-Image-2020-03-17-at-6.23.29-PM-1.jpeg\" alt=\"\" width=\"1280\" height=\"7\" srcset=\"https:\/\/www.mendoza.gov.ar\/wp-content\/uploads\/sites\/5\/2020\/03\/WhatsApp-Image-2020-03-17-at-6.23.29-PM-1.jpeg 1280w, https:\/\/www.mendoza.gov.ar\/wp-content\/uploads\/sites\/5\/2020\/03\/WhatsApp-Image-2020-03-17-at-6.23.29-PM-1-250x1.jpeg 250w, https:\/\/www.mendoza.gov.ar\/wp-content\/uploads\/sites\/5\/2020\/03\/WhatsApp-Image-2020-03-17-at-6.23.29-PM-1-768x4.jpeg 768w, https:\/\/www.mendoza.gov.ar\/wp-content\/uploads\/sites\/5\/2020\/03\/WhatsApp-Image-2020-03-17-at-6.23.29-PM-1-700x4.jpeg 700w, https:\/\/www.mendoza.gov.ar\/wp-content\/uploads\/sites\/5\/2020\/03\/WhatsApp-Image-2020-03-17-at-6.23.29-PM-1-120x1.jpeg 120w\" sizes=\"(max-width: 1280px) 100vw, 1280px\"><\/p>\n<p style=\"text-align: center\"><strong><a href=\"https:\/\/www.mendoza.gov.ar\/prensa\/comunicados\/\">Clic aqu&iacute; para ver los comunicados del Ministerio de Salud<\/a><\/strong><\/p>\n<p style=\"text-align: center\"><img loading=\"lazy\" class=\"alignnone wp-image-224684 size-full img-responsive center-block\" src=\"https:\/\/www.mendoza.gov.ar\/prensa\/wp-content\/uploads\/sites\/5\/2020\/03\/WhatsApp-Image-2020-03-17-at-6.23.29-PM-1.jpeg\" alt=\"\" width=\"1280\" height=\"7\" srcset=\"https:\/\/www.mendoza.gov.ar\/wp-content\/uploads\/sites\/5\/2020\/03\/WhatsApp-Image-2020-03-17-at-6.23.29-PM-1.jpeg 1280w, https:\/\/www.mendoza.gov.ar\/wp-content\/uploads\/sites\/5\/2020\/03\/WhatsApp-Image-2020-03-17-at-6.23.29-PM-1-250x1.jpeg 250w, https:\/\/www.mendoza.gov.ar\/wp-content\/uploads\/sites\/5\/2020\/03\/WhatsApp-Image-2020-03-17-at-6.23.29-PM-1-768x4.jpeg 768w, https:\/\/www.mendoza.gov.ar\/wp-content\/uploads\/sites\/5\/2020\/03\/WhatsApp-Image-2020-03-17-at-6.23.29-PM-1-700x4.jpeg 700w, https:\/\/www.mendoza.gov.ar\/wp-content\/uploads\/sites\/5\/2020\/03\/WhatsApp-Image-2020-03-17-at-6.23.29-PM-1-120x1.jpeg 120w\" sizes=\"(max-width: 1280px) 100vw, 1280px\"><\/p>\n<p style=\"text-align: center\"><strong><a href=\"https:\/\/www.mendoza.gov.ar\/coronavirus\">www.mendoza.gov.ar\/coronavirus<\/a><\/strong><\/p>\n<\/body><\/html>\n","protected":false},"excerpt":{"rendered":"El 9 de la selecci&oacute;n lleg&oacute; a trav&eacute;s de un saludo de WhatsApp a los chicos mendocinos. El programa Adolescencia&nbsp;&nbsp;de OSEP logr&oacute; contactarse con el futbolista para conseguir este mensaje. Lautaro Mart&iacute;nez jugador del Inter en Italia e integrante de la Selecci&oacute;n Argentina de F&uacute;tbol brind&oacute; su desinteresada colaboraci&oacute;n enviando un mensaje de apoyo a&#8230; <a class=\"view-article\" href=\"https:\/\/www.mendoza.gov.ar\/prensa\/lautaro-martinez-envio-un-mensaje-a-los-jovenes-mendocinos\/\"><\/a>","protected":false},"author":61,"featured_media":214195,"comment_status":"open","ping_status":"open","sticky":false,"template":"","format":"standard","meta":[],"categories":[1822,30],"tags":[],"_links":{"self":[{"href":"https:\/\/www.mendoza.gov.ar\/prensa\/wp-json\/wp\/v2\/posts\/243452"}],"collection":[{"href":"https:\/\/www.mendoza.gov.ar\/prensa\/wp-json\/wp\/v2\/posts"}],"about":[{"href":"https:\/\/www.mendoza.gov.ar\/prensa\/wp-json\/wp\/v2\/types\/post"}],"author":[{"embeddable":true,"href":"https:\/\/www.mendoza.gov.ar\/prensa\/wp-json\/wp\/v2\/users\/61"}],"replies":[{"embeddable":true,"href":"https:\/\/www.mendoza.gov.ar\/prensa\/wp-json\/wp\/v2\/comments?post=243452"}],"version-history":[{"count":4,"href":"https:\/\/www.mendoza.gov.ar\/prensa\/wp-json\/wp\/v2\/posts\/243452\/revisions"}],"predecessor-version":[{"id":243490,"href":"https:\/\/www.mendoza.gov.ar\/prensa\/wp-json\/wp\/v2\/posts\/243452\/revisions\/243490"}],"wp:featuredmedia":[{"embeddable":true,"href":"https:\/\/www.mendoza.gov.ar\/prensa\/wp-json\/wp\/v2\/media\/214195"}],"wp:attachment":[{"href":"https:\/\/www.mendoza.gov.ar\/prensa\/wp-json\/wp\/v2\/media?parent=243452"}],"wp:term":[{"taxonomy":"category","embeddable":true,"href":"https:\/\/www.mendoza.gov.ar\/prensa\/wp-json\/wp\/v2\/categories?post=243452"},{"taxonomy":"post_tag","embeddable":true,"href":"https:\/\/www.mendoza.gov.ar\/prensa\/wp-json\/wp\/v2\/tags?post=243452"}],"curies":[{"name":"wp","href":"https:\/\/api.w.org\/{rel}","templated":true}]}}