{"id":243744,"date":"2020-09-24T13:18:32","date_gmt":"2020-09-24T16:18:32","guid":{"rendered":"https:\/\/www1.mendoza.gov.ar\/prensa\/?p=243744"},"modified":"2020-09-25T13:19:30","modified_gmt":"2020-09-25T16:19:30","slug":"osep-incorporo-test-rapidos-para-afiliados-con-sintomas-covid-19","status":"publish","type":"post","link":"https:\/\/www.mendoza.gov.ar\/prensa\/osep-incorporo-test-rapidos-para-afiliados-con-sintomas-covid-19\/","title":{"rendered":"OSEP incorpor\u00f3 test r\u00e1pidos para afiliados con s\u00edntomas COVID-19"},"content":{"rendered":"<!DOCTYPE html PUBLIC \"-\/\/W3C\/\/DTD HTML 4.0 Transitional\/\/EN\" \"http:\/\/www.w3.org\/TR\/REC-html40\/loose.dtd\">\n<html><body><h5>La Obra Social de Empleados P&uacute;blicos adquiri&oacute; un importante n&uacute;mero de test r&aacute;pidos para realizar a los afiliados que presenten sintomatolog&iacute;a COVID-19.<\/h5>\n\n\n\n<p>Es importante indicar que el test r&aacute;pido no se realiza a demanda del afiliado, sino cuando el equipo m&eacute;dico lo determine.<\/p>\n\n\n\n<p>El nuevo testeo va a agilizar el resultado el cual estar&aacute; disponible en unos 15 a 20 minutos. Cabe aclarar que antes de llegar al testeo, el afiliado debe registrarse en el ingreso del consultorio, luego se le realizar&aacute; un cuestionariopara que el equipo de profesionales eval&uacute;en si es necesario el test r&aacute;pido.<\/p>\n\n\n\n<p>Si el resultado es positivo se le indicar&aacute; qu&eacute; tratamiento seguir. En el caso de que el test del resultado sea negativo, el afiliado deber&aacute; realizarse un nuevo test PCR (hisopado tradicional).<\/p>\n\n\n\n<figure class=\"wp-block-gallery columns-3 is-cropped\"><ul class=\"blocks-gallery-grid\"><li class=\"blocks-gallery-item\"><figure><img data-id=\"243903\" class=\"wp-image-243903 img-responsive center-block\"><\/figure><\/li><li class=\"blocks-gallery-item\"><figure><img data-id=\"243904\" class=\"wp-image-243904 img-responsive center-block\"><\/figure><\/li><\/ul><\/figure>\n\n\n\n<figure class=\"wp-block-gallery columns-2 is-cropped\"><ul class=\"blocks-gallery-grid\"><li class=\"blocks-gallery-item\"><figure><img loading=\"lazy\" width=\"250\" height=\"118\" src=\"https:\/\/www.mendoza.gov.ar\/wp-content\/uploads\/sites\/5\/2020\/09\/WhatsApp-Image-2020-09-24-at-16.24.50-1-250x118-1.jpeg\" alt=\"\" data-id=\"243745\" data-link=\"https:\/\/www.mendoza.gov.ar\/prensa\/?attachment_id=243745\" class=\"wp-image-243745 img-responsive center-block\" srcset=\"https:\/\/www.mendoza.gov.ar\/wp-content\/uploads\/sites\/5\/2020\/09\/WhatsApp-Image-2020-09-24-at-16.24.50-1-250x118-1.jpeg 250w, https:\/\/www.mendoza.gov.ar\/wp-content\/uploads\/sites\/5\/2020\/09\/WhatsApp-Image-2020-09-24-at-16.24.50-1-250x118-1-120x57.jpeg 120w\" sizes=\"(max-width: 250px) 100vw, 250px\"><\/figure><\/li><li class=\"blocks-gallery-item\"><figure><img loading=\"lazy\" width=\"250\" height=\"118\" src=\"https:\/\/www.mendoza.gov.ar\/wp-content\/uploads\/sites\/5\/2020\/09\/WhatsApp-Image-2020-09-24-at-16.24.51-250x118-1.jpeg\" alt=\"\" data-id=\"243746\" data-full-url=\"https:\/\/www.mendoza.gov.ar\/wp-content\/uploads\/sites\/5\/2020\/09\/WhatsApp-Image-2020-09-24-at-16.24.51-250x118-1.jpeg\" data-link=\"https:\/\/www.mendoza.gov.ar\/prensa\/?attachment_id=243746\" class=\"wp-image-243746 img-responsive center-block\" srcset=\"https:\/\/www.mendoza.gov.ar\/wp-content\/uploads\/sites\/5\/2020\/09\/WhatsApp-Image-2020-09-24-at-16.24.51-250x118-1.jpeg 250w, https:\/\/www.mendoza.gov.ar\/wp-content\/uploads\/sites\/5\/2020\/09\/WhatsApp-Image-2020-09-24-at-16.24.51-250x118-1-120x57.jpeg 120w\" sizes=\"(max-width: 250px) 100vw, 250px\"><\/figure><\/li><\/ul><\/figure>\n\n\n\n<figure class=\"wp-block-video\"><video controls src=\"http:\/\/prensa.wp1.mendoza.gov.ar\/wp-content\/uploads\/sites\/5\/2020\/09\/Test-r%C3%A1pido-1.mp4\"><\/video><\/figure>\n\n\n\n<div class=\"wp-block-image\"><figure class=\"aligncenter\"><img loading=\"lazy\" width=\"1280\" height=\"7\" src=\"http:\/\/www.prensa.mendoza.gov.ar\/wp-content\/uploads\/sites\/5\/2020\/03\/WhatsApp-Image-2020-03-17-at-6.23.29-PM-1.jpeg\" alt=\"\" class=\"wp-image-224684 img-responsive center-block\" srcset=\"https:\/\/www.mendoza.gov.ar\/wp-content\/uploads\/sites\/5\/2020\/03\/WhatsApp-Image-2020-03-17-at-6.23.29-PM-1.jpeg 1280w, https:\/\/www.mendoza.gov.ar\/wp-content\/uploads\/sites\/5\/2020\/03\/WhatsApp-Image-2020-03-17-at-6.23.29-PM-1-250x1.jpeg 250w, https:\/\/www.mendoza.gov.ar\/wp-content\/uploads\/sites\/5\/2020\/03\/WhatsApp-Image-2020-03-17-at-6.23.29-PM-1-768x4.jpeg 768w, https:\/\/www.mendoza.gov.ar\/wp-content\/uploads\/sites\/5\/2020\/03\/WhatsApp-Image-2020-03-17-at-6.23.29-PM-1-700x4.jpeg 700w, https:\/\/www.mendoza.gov.ar\/wp-content\/uploads\/sites\/5\/2020\/03\/WhatsApp-Image-2020-03-17-at-6.23.29-PM-1-120x1.jpeg 120w\" sizes=\"(max-width: 1280px) 100vw, 1280px\"><\/figure><\/div>\n\n\n\n<p class=\"has-text-align-center\"><a href=\"http:\/\/www.prensa.mendoza.gov.ar\/covid-19\/\"><strong>Clic aqu&iacute; para ver m&aacute;s noticias sobre coronavirus<\/strong><\/a><\/p>\n\n\n\n<figure class=\"wp-block-image\"><img loading=\"lazy\" width=\"1280\" height=\"7\" src=\"http:\/\/www.prensa.mendoza.gov.ar\/wp-content\/uploads\/sites\/5\/2020\/03\/WhatsApp-Image-2020-03-17-at-6.23.29-PM-1.jpeg\" alt=\"\" class=\"wp-image-224684 img-responsive center-block\" srcset=\"https:\/\/www.mendoza.gov.ar\/wp-content\/uploads\/sites\/5\/2020\/03\/WhatsApp-Image-2020-03-17-at-6.23.29-PM-1.jpeg 1280w, https:\/\/www.mendoza.gov.ar\/wp-content\/uploads\/sites\/5\/2020\/03\/WhatsApp-Image-2020-03-17-at-6.23.29-PM-1-250x1.jpeg 250w, https:\/\/www.mendoza.gov.ar\/wp-content\/uploads\/sites\/5\/2020\/03\/WhatsApp-Image-2020-03-17-at-6.23.29-PM-1-768x4.jpeg 768w, https:\/\/www.mendoza.gov.ar\/wp-content\/uploads\/sites\/5\/2020\/03\/WhatsApp-Image-2020-03-17-at-6.23.29-PM-1-700x4.jpeg 700w, https:\/\/www.mendoza.gov.ar\/wp-content\/uploads\/sites\/5\/2020\/03\/WhatsApp-Image-2020-03-17-at-6.23.29-PM-1-120x1.jpeg 120w\" sizes=\"(max-width: 1280px) 100vw, 1280px\"><\/figure>\n\n\n\n<p class=\"has-text-align-center\"><strong><a href=\"http:\/\/www.prensa.mendoza.gov.ar\/comunicados\/\">Clic aqu&iacute; para ver los comunicados del Ministerio de Salud<\/a><\/strong><\/p>\n\n\n\n<figure class=\"wp-block-image\"><img loading=\"lazy\" width=\"1280\" height=\"7\" src=\"http:\/\/www.prensa.mendoza.gov.ar\/wp-content\/uploads\/sites\/5\/2020\/03\/WhatsApp-Image-2020-03-17-at-6.23.29-PM-1.jpeg\" alt=\"\" class=\"wp-image-224684 img-responsive center-block\" srcset=\"https:\/\/www.mendoza.gov.ar\/wp-content\/uploads\/sites\/5\/2020\/03\/WhatsApp-Image-2020-03-17-at-6.23.29-PM-1.jpeg 1280w, https:\/\/www.mendoza.gov.ar\/wp-content\/uploads\/sites\/5\/2020\/03\/WhatsApp-Image-2020-03-17-at-6.23.29-PM-1-250x1.jpeg 250w, https:\/\/www.mendoza.gov.ar\/wp-content\/uploads\/sites\/5\/2020\/03\/WhatsApp-Image-2020-03-17-at-6.23.29-PM-1-768x4.jpeg 768w, https:\/\/www.mendoza.gov.ar\/wp-content\/uploads\/sites\/5\/2020\/03\/WhatsApp-Image-2020-03-17-at-6.23.29-PM-1-700x4.jpeg 700w, https:\/\/www.mendoza.gov.ar\/wp-content\/uploads\/sites\/5\/2020\/03\/WhatsApp-Image-2020-03-17-at-6.23.29-PM-1-120x1.jpeg 120w\" sizes=\"(max-width: 1280px) 100vw, 1280px\"><\/figure>\n\n\n\n<p class=\"has-text-align-center\"><strong><a href=\"http:\/\/www.mendoza.gov.ar\/coronavirus\">www.mendoza.gov.ar\/coronavirus<\/a><\/strong><\/p>\n<\/body><\/html>\n","protected":false},"excerpt":{"rendered":"La Obra Social de Empleados P&uacute;blicos adquiri&oacute; un importante n&uacute;mero de test r&aacute;pidos para realizar a los afiliados que presenten sintomatolog&iacute;a COVID-19. Es importante indicar que el test r&aacute;pido no se realiza a demanda del afiliado, sino cuando el equipo m&eacute;dico lo determine. El nuevo testeo va a agilizar el resultado el cual estar&aacute; disponible&#8230; <a class=\"view-article\" href=\"https:\/\/www.mendoza.gov.ar\/prensa\/osep-incorporo-test-rapidos-para-afiliados-con-sintomas-covid-19\/\"><\/a>","protected":false},"author":76,"featured_media":243745,"comment_status":"open","ping_status":"open","sticky":false,"template":"","format":"standard","meta":[],"categories":[1822,30],"tags":[],"_links":{"self":[{"href":"https:\/\/www.mendoza.gov.ar\/prensa\/wp-json\/wp\/v2\/posts\/243744"}],"collection":[{"href":"https:\/\/www.mendoza.gov.ar\/prensa\/wp-json\/wp\/v2\/posts"}],"about":[{"href":"https:\/\/www.mendoza.gov.ar\/prensa\/wp-json\/wp\/v2\/types\/post"}],"author":[{"embeddable":true,"href":"https:\/\/www.mendoza.gov.ar\/prensa\/wp-json\/wp\/v2\/users\/76"}],"replies":[{"embeddable":true,"href":"https:\/\/www.mendoza.gov.ar\/prensa\/wp-json\/wp\/v2\/comments?post=243744"}],"version-history":[{"count":1,"href":"https:\/\/www.mendoza.gov.ar\/prensa\/wp-json\/wp\/v2\/posts\/243744\/revisions"}],"predecessor-version":[{"id":243747,"href":"https:\/\/www.mendoza.gov.ar\/prensa\/wp-json\/wp\/v2\/posts\/243744\/revisions\/243747"}],"wp:featuredmedia":[{"embeddable":true,"href":"https:\/\/www.mendoza.gov.ar\/prensa\/wp-json\/wp\/v2\/media\/243745"}],"wp:attachment":[{"href":"https:\/\/www.mendoza.gov.ar\/prensa\/wp-json\/wp\/v2\/media?parent=243744"}],"wp:term":[{"taxonomy":"category","embeddable":true,"href":"https:\/\/www.mendoza.gov.ar\/prensa\/wp-json\/wp\/v2\/categories?post=243744"},{"taxonomy":"post_tag","embeddable":true,"href":"https:\/\/www.mendoza.gov.ar\/prensa\/wp-json\/wp\/v2\/tags?post=243744"}],"curies":[{"name":"wp","href":"https:\/\/api.w.org\/{rel}","templated":true}]}}