{"id":245309,"date":"2020-10-08T08:33:04","date_gmt":"2020-10-08T11:33:04","guid":{"rendered":"https:\/\/www.mendoza.gov.ar\/prensa\/?p=245309"},"modified":"2020-10-08T08:34:24","modified_gmt":"2020-10-08T11:34:24","slug":"el-notti-realizo-una-innovadora-tecnica-quirurgica-a-un-bebe-de-tres-meses","status":"publish","type":"post","link":"https:\/\/www.mendoza.gov.ar\/prensa\/el-notti-realizo-una-innovadora-tecnica-quirurgica-a-un-bebe-de-tres-meses\/","title":{"rendered":"El Notti realiz\u00f3 una innovadora t\u00e9cnica quir\u00fargica a un bebe de tres meses"},"content":{"rendered":"<!DOCTYPE html PUBLIC \"-\/\/W3C\/\/DTD HTML 4.0 Transitional\/\/EN\" \"http:\/\/www.w3.org\/TR\/REC-html40\/loose.dtd\">\n<html><body><h5>Es la primera vez que se realiza en Mendoza, la misma se trata de una fusi&oacute;n de dos t&eacute;cnicas: cirug&iacute;a de craneoestenosis y cirug&iacute;a<br>endosc&oacute;pica. El procedimiento quir&uacute;rgico es la &uacute;nica alternativa para el tratamiento de la craneoestenosis.<\/h5>\n\n\n\n<p>El Ministerio de Salud, Desarrollo Social y Deportes comunica que en pleno contexto de pandemia, profesionales del servicio de Neurocirug&iacute;a del hospital Notti aplicaron una nueva t&eacute;cnica quir&uacute;rgica, la cual favorecer&aacute; el tratamiento de ni&ntilde;os que sufren de craneoestenosis.<\/p>\n\n\n\n<p>La craneoestenosis &ldquo;se produce por el cierre de algunas suturas, es decir de alguna parte de los huesos del cr&aacute;neo de los ni&ntilde;os, eso no s&oacute;lo provoca una deformidad del mismo sino que tambi&eacute;n a futuro puede provocar un deterioro del nivel intelectual del ni&ntilde;o&rdquo;, explic&oacute; el Emilio Pelleriti, Neurocirujano infantil y responsable de la cirug&iacute;a.<\/p>\n\n\n\n<p>Esta cirug&iacute;a se efect&uacute;o a un ni&ntilde;o de tres meses y medio de edad que sufr&iacute;a de craneoestenosis. Al respecto Pelleriti destac&oacute;: &ldquo;el &uacute;nico tipo de tratamiento para esta patolog&iacute;a es un tratamiento quir&uacute;rgico, se debe realizar antes de los 4 meses de edad&rdquo;.<\/p>\n\n\n\n<p>As&iacute; tambi&eacute;n el profesional explic&oacute; que: &ldquo;Las t&eacute;cnicas quir&uacute;rgicas que nosotros realizamos son t&eacute;cnicas tradicionales tra&iacute;das desde Francia y se denominan t&eacute;cnicas a cielo abierto. Es decir una t&eacute;cnica bastante complicada de tiempo prolongado, que requiere si o si una estad&iacute;a en terapia intensiva que puede variar de dos a cinco d&iacute;as. Y que indefectiblemente necesita de una transfusi&oacute;n sangu&iacute;nea.&nbsp; Es decir, es una cirug&iacute;a muy compleja de alto riesgo&rdquo;.<\/p>\n\n\n\n<p>&ldquo;Y en el contexto de la pandemia que estamos viviendo &nbsp;surgen diversas complicaciones que hacen que se deba permanecer menos tiempo en la internaci&oacute;n, que exista la dificultad de ocupar camas en terapia intensiva por mucho tiempo y que las cirug&iacute;as est&eacute;n limitadas. Estos acontecimientos motivaron al equipo del hospital a aplicar esta nueva t&eacute;cnica lo cual permite que el tratamiento quir&uacute;rgico sea menos invasivo&rdquo; agreg&oacute; el neurocirujano.<\/p>\n\n\n\n<p>&ldquo;Esto nos otorga much&iacute;simas ventajas, la primera es no utilizar la terapia intensiva y la segunda es que se reduce la necesidad de las transfusiones sangu&iacute;neas en solamente un 5 por ciento de los casos. El ni&ntilde;o que nosotros intervenimos en el d&iacute;a de ayer, hoy mismo est&aacute; siendo dado de alta, es decir que tuvo una estad&iacute;a de internaci&oacute;n de 24 horas no requiri&oacute; de terapia intensiva y hoy est&aacute; pr&aacute;cticamente asintom&aacute;tico y contin&uacute;a su recuperaci&oacute;n en su casa&rdquo; puntualiz&oacute; Pelleriti.<\/p>\n\n\n\n<p>En cuanto a la incidencia de esta patolog&iacute;a, la misma es variable dependiendo de qu&eacute; tipo de craneoestenosis sea. Sin embargo, se estima que es uno cada 1000 o 2000 nacidos vivos.<\/p>\n\n\n\n<p>Seg&uacute;n la doctora Mariana Cuervo, quien tambi&eacute;n particip&oacute; de la cirug&iacute;a; &ldquo;el tema m&aacute;s all&aacute; de la patolog&iacute;a es cuando nos llegan los ni&ntilde;os para ser evaluados, donde tenemos un tiempo l&iacute;mite como para poder hacer una cirug&iacute;a ya sea endosc&oacute;pica como hemos empezado ahora, o bien una cirug&iacute;a a cielo abierto&rdquo;.<\/p>\n\n\n\n<p>Esto significa que es muy importante una derivaci&oacute;n temprana del paciente ya que esta cirug&iacute;a no puede aplicarse a ni&ntilde;os de m&aacute;s de seis meses. &ldquo;Por eso ahora queremos incitar mucho a la comunidad pedi&aacute;trica a tratar de derivar a estos ni&ntilde;os con anticipaci&oacute;n, porque nos dar&iacute;an la posibilidad de hacer este tipo de cirug&iacute;a que tiene muchos beneficios respecto a la otra&rdquo;, &nbsp;finaliz&oacute; Cuervo.<\/p>\n\n\n\n<p>Desde la Direcci&oacute;n del Hospital Jorge P&eacute;rez destac&oacute; la importancia que tiene el Hospital en cuanto a la demanda de este tipo de cirug&iacute;as ya que es el &uacute;nico hospital pedi&aacute;trico de la regi&oacute;n. Adem&aacute;s, subray&oacute; lo que representa esta cirug&iacute;a disminuyendo la posibilidad de mantener a un paciente en terapia, por ende, reduciendo los riesgos para el mismo, as&iacute; como tambi&eacute;n el manejo del dolor y la reducci&oacute;n del costo de los hemoderivados.<\/p>\n\n\n\n<figure class=\"wp-block-image\" id=\"block-ab90f99c-bd39-4801-a59b-cf984ef38154\"><img src=\"https:\/\/www.mendoza.gov.ar\/prensa\/wp-content\/uploads\/sites\/5\/2020\/03\/WhatsApp-Image-2020-03-17-at-6.23.29-PM-1.jpeg\" alt=\"Esta imagen tiene un atributo alt vac&iacute;o; el nombre del archivo es WhatsApp-Image-2020-03-17-at-6.23.29-PM-1.jpeg\" class=\" img-responsive center-block\"><\/figure>\n\n\n\n<p id=\"block-075fbebf-6e0c-4ef4-9479-7c8f26472a69\"><a rel=\"noreferrer noopener\" href=\"https:\/\/www.mendoza.gov.ar\/prensa\/covid-19\/\" target=\"_blank\"><strong>Clic aqu&iacute; para ver m&aacute;s noticias sobre coronavirus<\/strong><\/a><\/p>\n\n\n\n<figure class=\"wp-block-image\" id=\"block-22a711e8-f28d-488c-8857-411a209fb03a\"><img src=\"https:\/\/www.mendoza.gov.ar\/prensa\/wp-content\/uploads\/sites\/5\/2020\/03\/WhatsApp-Image-2020-03-17-at-6.23.29-PM-1.jpeg\" alt=\"Esta imagen tiene un atributo alt vac&iacute;o; el nombre del archivo es WhatsApp-Image-2020-03-17-at-6.23.29-PM-1.jpeg\" class=\" img-responsive center-block\"><\/figure>\n\n\n\n<p id=\"block-cdaa7828-57ff-4870-94c3-2a574a2b9b00\"><strong><a rel=\"noreferrer noopener\" href=\"https:\/\/www.mendoza.gov.ar\/prensa\/comunicados\/\" target=\"_blank\">Clic aqu&iacute; para ver los comunicados del Ministerio de Salud<\/a><\/strong><\/p>\n\n\n\n<figure class=\"wp-block-image\" id=\"block-96b3d9e1-4106-4e8a-8747-601f67fde89e\"><img src=\"https:\/\/www.mendoza.gov.ar\/prensa\/wp-content\/uploads\/sites\/5\/2020\/03\/WhatsApp-Image-2020-03-17-at-6.23.29-PM-1.jpeg\" alt=\"Esta imagen tiene un atributo alt vac&iacute;o; el nombre del archivo es WhatsApp-Image-2020-03-17-at-6.23.29-PM-1.jpeg\" class=\" img-responsive center-block\"><\/figure>\n\n\n\n<p id=\"block-1d30826e-3e4d-4043-84a3-bc58d090ffbe\"><strong><a rel=\"noreferrer noopener\" href=\"https:\/\/www.mendoza.gov.ar\/coronavirus\" target=\"_blank\">www.mendoza.gov.ar\/coronavirus<\/a><\/strong><\/p>\n<\/body><\/html>\n","protected":false},"excerpt":{"rendered":"Es la primera vez que se realiza en Mendoza, la misma se trata de una fusi&oacute;n de dos t&eacute;cnicas: cirug&iacute;a de craneoestenosis y cirug&iacute;aendosc&oacute;pica. El procedimiento quir&uacute;rgico es la &uacute;nica alternativa para el tratamiento de la craneoestenosis. El Ministerio de Salud, Desarrollo Social y Deportes comunica que en pleno contexto de pandemia, profesionales del servicio&#8230; <a class=\"view-article\" href=\"https:\/\/www.mendoza.gov.ar\/prensa\/el-notti-realizo-una-innovadora-tecnica-quirurgica-a-un-bebe-de-tres-meses\/\"><\/a>","protected":false},"author":66,"featured_media":178184,"comment_status":"open","ping_status":"open","sticky":false,"template":"","format":"standard","meta":[],"categories":[32],"tags":[],"_links":{"self":[{"href":"https:\/\/www.mendoza.gov.ar\/prensa\/wp-json\/wp\/v2\/posts\/245309"}],"collection":[{"href":"https:\/\/www.mendoza.gov.ar\/prensa\/wp-json\/wp\/v2\/posts"}],"about":[{"href":"https:\/\/www.mendoza.gov.ar\/prensa\/wp-json\/wp\/v2\/types\/post"}],"author":[{"embeddable":true,"href":"https:\/\/www.mendoza.gov.ar\/prensa\/wp-json\/wp\/v2\/users\/66"}],"replies":[{"embeddable":true,"href":"https:\/\/www.mendoza.gov.ar\/prensa\/wp-json\/wp\/v2\/comments?post=245309"}],"version-history":[{"count":1,"href":"https:\/\/www.mendoza.gov.ar\/prensa\/wp-json\/wp\/v2\/posts\/245309\/revisions"}],"predecessor-version":[{"id":245310,"href":"https:\/\/www.mendoza.gov.ar\/prensa\/wp-json\/wp\/v2\/posts\/245309\/revisions\/245310"}],"wp:featuredmedia":[{"embeddable":true,"href":"https:\/\/www.mendoza.gov.ar\/prensa\/wp-json\/wp\/v2\/media\/178184"}],"wp:attachment":[{"href":"https:\/\/www.mendoza.gov.ar\/prensa\/wp-json\/wp\/v2\/media?parent=245309"}],"wp:term":[{"taxonomy":"category","embeddable":true,"href":"https:\/\/www.mendoza.gov.ar\/prensa\/wp-json\/wp\/v2\/categories?post=245309"},{"taxonomy":"post_tag","embeddable":true,"href":"https:\/\/www.mendoza.gov.ar\/prensa\/wp-json\/wp\/v2\/tags?post=245309"}],"curies":[{"name":"wp","href":"https:\/\/api.w.org\/{rel}","templated":true}]}}