{"id":245311,"date":"2020-10-08T09:22:58","date_gmt":"2020-10-08T12:22:58","guid":{"rendered":"https:\/\/www.mendoza.gov.ar\/prensa\/?p=245311"},"modified":"2020-10-08T09:22:59","modified_gmt":"2020-10-08T12:22:59","slug":"carolina-sanchez-embajadora-del-basquetbol-mendocino-en-europa-y-sudamerica","status":"publish","type":"post","link":"https:\/\/www.mendoza.gov.ar\/prensa\/carolina-sanchez-embajadora-del-basquetbol-mendocino-en-europa-y-sudamerica\/","title":{"rendered":"Carolina S\u00e1nchez, embajadora del b\u00e1squetbol mendocino en Europa y Sudam\u00e9rica"},"content":{"rendered":"<!DOCTYPE html PUBLIC \"-\/\/W3C\/\/DTD HTML 4.0 Transitional\/\/EN\" \"http:\/\/www.w3.org\/TR\/REC-html40\/loose.dtd\">\n<html><body><p><strong>La jugadora r&eacute;cord del b&aacute;squetbol femenino<\/strong> <strong>argentino, juega en la Serie A1 de Italia en el<\/strong> <strong>club La Molisana&nbsp;Magnolia Campobasso.<\/strong><\/p>\n\n\n\n<p>A sus 44 a&ntilde;os, la mendocina de 1,80 de altura, que se desempe&ntilde;a como ala-pivot, &nbsp;est&aacute; jugando su segunda temporada y es la capitana en el equipo del sur italiano. Con una trayectoria de 30 a&ntilde;os en el b&aacute;squetbol profesional, alternando durante ese tiempo competencias de ligas europeas y sudamericanas, pr&aacute;cticamente juega durante casi todo el a&ntilde;o, un ejemplo a seguir teniendo al deporte como estilo de vida.<\/p>\n\n\n\n<p>El b&aacute;squetbol es la pasi&oacute;n de &Eacute;rica Carolina S&aacute;nchez, que a partir de los 14 a&ntilde;os comenz&oacute; a desplegar su juego en pa&iacute;ses del viejo continente, adem&aacute;s de formar parte durante 19 a&ntilde;os de la Selecci&oacute;n Argentina y en muchas oportunidades tambi&eacute;n defender&nbsp; la &ldquo;<em>borravino&rdquo;<\/em>&nbsp;delseleccionado mendocino en los campeonatos argentinos y torneos internacionales.<\/p>\n\n\n\n<p>&lsquo;Caro&rsquo; S&aacute;nchez coment&oacute; que &ldquo;llevo ya 30 a&ntilde;os dando vuelta por Europa y actualmente me encuentro en la primera categor&iacute;a de Italia que es la A1. El a&ntilde;o pasado cuando est&aacute;bamos jugando la A2 quedamos primeras y debido a todo el tema de la pandemia por Covid-19 nos permitieron este a&ntilde;o tener el ascenso a la A1. Volver al nivel m&aacute;s alto del b&aacute;squetbol femenino italiano a esta edad, la verdad que para mi es una alegr&iacute;a enorme&rdquo;.<\/p>\n\n\n\n<p>Respecto a su trayectoria profesional durante tanos a&ntilde;os, explic&oacute; que &ldquo;cuando terminaba de competir en Europa en abril o mayo, regresaba a la Argentina, cuando algunas ligas de Sudam&eacute;rica reci&eacute;n comenzaban a fines de abril, yo enganchaba como refuerzo y segu&iacute;a jugando unos tres o cuatro meses&rdquo;.<\/p>\n\n\n\n<p>Record&oacute; que &ldquo;cuando jugu&eacute; para Las Heras Basquet en 2018, obviamente no estaba en Europa, hab&iacute;a dejado de jugar y se dio la posibilidad de sumarme al equipo, por lo que decid&iacute; quedarme en Mendoza, pensando que el equipo iba a durar bastante tiempo jugando en la liga, pero dur&oacute; s&oacute;lo un a&ntilde;o&rdquo;.<\/p>\n\n\n\n<p>&ldquo;Durante mis 30 a&ntilde;os en el b&aacute;squetbol &ndash;agreg&oacute;-, jugaba en Europa durante el per&iacute;odo de setiembre a abril o mayo. Cuando terminaba, volv&iacute;a al pa&iacute;s, o bien a Ecuador o Chile y jugaba en los campeonatos que comenzaban en esos pa&iacute;ses a mediados de abril. Tambi&eacute;n Las Heras y la Liga Nacional de Argentina se formaron en ese per&iacute;odo, porque eran cuando terminaban las chicas en Europa y arrancaban como refuerzos en los meses de abril o mayo. Yo estuve 10 a&ntilde;os en Espa&ntilde;a, en Italia tambi&eacute;n habr&aacute;n sido otros 10 a&ntilde;os mas, y adem&aacute;s en Portugal yArabia Saudita&rdquo;.<\/p>\n\n\n\n<p>Al respecto dijo que &ldquo;yo jugaba desde abril hasta julio o principios de agosto en Argentina, contando los torneos con el seleccionado. Cuando terminaba ac&aacute;, regresaba a Europa, por lo que casi no ten&iacute;a descanso durante el a&ntilde;o. As&iacute; hacen tambi&eacute;n muchas jugadoras, que terminan de jugar en un lugar y se vuelven a sus pa&iacute;ses para reforzar equipos en la Liga Nacional. A los 14 a&ntilde;os fue mi primera prueba que tuve en Italia y a partir de all&iacute; casi no he parado. Por ah&iacute; he tenido un parate de algunos meses o medio a&ntilde;o, pero volv&iacute; a arrancar en Espa&ntilde;a o Italia, o en alg&uacute;n otro lugar de Europa siempre estuve. Llev&oacute; 30 a&ntilde;os de carrera casi sin parar. Si par&eacute; por unos 10 meses fue por una lesi&oacute;n en mi rodilla, pero despu&eacute;s volv&iacute;a a arrancar&rdquo;.<strong><\/strong><\/p>\n\n\n\n<p><strong>Su actualidad en Italia<\/strong><\/p>\n\n\n\n<p>La basquetbolista manifest&oacute; que&nbsp;Campobasso &ldquo;se encuentra al sur de Italia, como a una hora y media de N&aacute;poles y a tres de Roma. Es un pueblo muy chico, pero la verdad que nunca esper&eacute; que recibieran as&iacute; al b&aacute;squetbol femenino, tenemos una gran hinchada. Este a&ntilde;o, cuando nos permitieron el ascenso a la categor&iacute;a A1, se propusieron hacer un estadio mucho m&aacute;s grande para poder albergar una gran cantidad de p&uacute;blico y esperan para este a&ntilde;o, cuando se acomode un poco el tema del coronavirus, poder llegar a 1.500 personas por partido. Obviamente, existen algunos protocolos que no permiten tener tanta gente en los estadios, s&oacute;lo unas 200 o 300 personas y nada m&aacute;s, con distanciamiento social, pero estoy muy contenta de estar en el alto nivel y jugar la categor&iacute;a superior en Italia y la regi&oacute;n donde nos encontramos es Molise&rdquo;.<\/p>\n\n\n\n<p>Reconoci&oacute; que &ldquo;haber sido elegida como capitana del equipo italiano ha sido un orgullo para mi, quiere decir que estoy con las ideas cuando llegu&eacute; a este club de poder trabajar para el equipo. Mi objetivo a corto plazo, es terminar de la mejor manera en lo que quiz&aacute;s sea mi &uacute;ltima temporada como jugadora. Pensando en mi futuro a largo plazo, ya estoy dirigiendo categor&iacute;as inferiores, me estoy preparando para dirigir en altos niveles, con el objetivo de poder llegar a dirigir categor&iacute;as superiores, obviamente siempre trabajando y proyect&aacute;ndome,&nbsp; como lo hice como jugadora tambi&eacute;n poder hacerlo como entrenadora, llegar lo mas lejos que se pueda en este deporte&nbsp; y seguir aprovechando y viviendo de lo que m&aacute;s me gusta que en el b&aacute;squetbol&rdquo;.<\/p>\n\n\n\n<p>Con respecto a la pandemia, coment&oacute; que &ldquo;justo me agarr&oacute; en marzo, cuando todav&iacute;a est&aacute;bamos casi a final de la temporada para jugar una Copa Italia y despu&eacute;s para comenzar los playoffs. La verdad que fue dur&iacute;simo porque ven&iacute;amos muy bien en el campeonato y a fines de febrero principios de marzo fue cuando entramos en cuarentena. Estuve dos meses encerrada ac&aacute; hasta los primeros d&iacute;as de mayo. Cuando comenzaron a habilitar todo en Italia, por intermedio de la Embajada Argentina tuvimos una repatriaci&oacute;n y volvi a Mendoza&rdquo;.<\/p>\n\n\n\n<p>En ese sentido, manifest&oacute; que &ldquo;justamente Argentina comenzaba con el tema de la cuarentena y llegamos al protocolo que ten&iacute;a Mendoza, que consist&iacute;a en que cada habitante que llegaba del exterior ten&iacute;a que hacer la cuarentena en los hoteles. Me toc&oacute; hacer otra cuarentena m&aacute;s, luego tuve la oportunidad de trabajar individualmente en un gimnasio, donde me permitieron entrenar. Cuando comenzaron a habilitar los clubes, comenc&eacute; a realizar mi rutina de entrenamientos individuales en cancha, m&aacute;s trabajos en el gimnasio. Trate de no parar nunca y cuando me toc&oacute; volver a Italia, fue cuando volvieron a cerrar todo en Argentina y en Mendoza cuando se complic&oacute;. Llegu&eacute; a Italia y ya arrancamos con el equipo normalmente, una pretemporada normal como hab&iacute;amos hecho el a&ntilde;o pasado, con muchos protocolos obviamente de controles, de hisopados, de un mont&oacute;n de cosas para poder llegar de la mejor manera y no contagiar a nadie&rdquo;.<\/p>\n\n\n\n<p>M&aacute;s adelante, la mendocina coment&oacute; que &ldquo;despu&eacute;s comenz&oacute; la pretemporada con muchos achaques, porque obviamente despu&eacute;s de 7 meses sin tocar una pelota, entrar en ritmo otra vez fue bastante duro. En este momento ya arrancamos el campeonato y hemos tenido muchas lesiones lamentablemente en el equipo, pero es un poco el riesgo que se est&aacute; llevando por estar tanto tiempo parada, donde se complicaron mucho las cosas justamente por este parate&rdquo;.<\/p>\n\n\n\n<p>&ldquo;Ahora hemos vuelto a la rutina normal &ndash;agreg&oacute;-, yo con mi equipo, dependiendo los d&iacute;as que se juegan, si jugamos los domingo tenemos libre el lunes. Arrancamos el martes por la tarde y durante el campeonato, se va regulando mucho el entrenamiento, dependiendo la cantidad de juego, pero se entrena casi doble turno del martes a viernes entre gimnasios y cancha, unas tres horas en la ma&ntilde;ana y otras tantas por la tarde, es una carga muy importante en este momento, pero es lo que nos est&aacute; llevando a entrar en ritmo y comenzar un campeonato que ser&aacute; bastante duro&rdquo;.<\/p>\n\n\n\n<p><strong>Diferencias en el b&aacute;squetbol femenino<\/strong><\/p>\n\n\n\n<p>Al hacer una comparaci&oacute;n entre el b&aacute;squetbol femenino en Italia y Argentina, Carolina explic&oacute; que &ldquo;llevo 30 a&ntilde;os de mi vida haciendo esto y jugando en Europa y obviamente la diferencia es en lo organizativo de campeonatos, que nosotros no logramos tener en Argentina, contar con una liga regular como juegan los varones, que toda la vida tratamos que eso se lograra y que no todas las jugadoras se tuvieran que ir del pa&iacute;s para poder jugar en un alto nivel. Eso es lo que tratamos de lograr en la Argentina, pero nunca tuvo continuidad, con un campeonato regular de una Liga Nacional y nunca se logr&oacute; lamentablemente. Creo que esa es la diferencia en lo organizativo de los campeonatos, el profesionalismo que tiene, donde vos podes vivir del deporte, hay jugadoras que ganan muy bien y pueden vivir del b&aacute;squetbol. No podemos hacer diferencia con los varones, pero digamos que poder vivir del deporte&rdquo;.<\/p>\n\n\n\n<p>Tambi&eacute;n dijo que &ldquo;en cuanto a infraestructura ni hablar, hay estadios muy bien preparados, no te mor&iacute;s de frio en el invierno, si te toca jugar en un equipo donde hace mucho frio, la calefacci&oacute;n de la cancha se necesita, donde en la Argentina todav&iacute;a no lo encontr&aacute;s.. Obviamente el tema organizativo, la cantidad de campeonatos y categor&iacute;as que podes jugar. Yo he jugado en la A2, A1, la Serie B, por lo que tenes una regularidad de campeonatos que te permite todos los a&ntilde;os tener uno torneo fijo y eso es lo que nos permiti&oacute; a muchas jugadoras venir a Europa para encontrar ese profesionalismo y esa regularidad de campeonato&rdquo;.<\/p>\n\n\n\n<p>Al referirse a sus objetivos personales fuera del basquetbol, Carolina asegur&oacute; que &ldquo;uno siempre tiene en mente poder formar su familia, de poder haber tenido mis hijos, que todav&iacute;a no es tarde, pero la carrera del b&aacute;squetbol fue la que me llev&oacute; m&aacute;s a decidir mi vida en cuanto a lo que quer&iacute;a hacer. Estoy aprovechando hasta el &uacute;ltimo momento, sacrificando muchas cosas tambi&eacute;n de mi vida personal en formar una familia, tener una pareja y tambi&eacute;n hijos. Uno creo que tiene que hacer una elecci&oacute;n de vida y en mi caso creo que fue&nbsp; vivir del b&aacute;squetbol&rdquo;. &nbsp;<\/p>\n\n\n\n<p><strong>Sus inicios en el b&aacute;squetbol<\/strong><\/p>\n\n\n\n<p>La jugadora manifest&oacute; tambi&eacute;n que &ldquo;comenc&eacute; a jugar desde muy chica a los 7 a&ntilde;os gracias a mi hermano en el Club San Jos&eacute; donde empec&eacute; con los varones. Estuve un tempo con ellos hasta que me trasladaron a YPF, que fue mi club de crecimiento en el b&aacute;squetbol femenino. Desde los 8 hasta los 14 a&ntilde;os estuve en ese club, participando adem&aacute;s en los seleccionados mendocinos. A los 14 estuve con una preselecci&oacute;n Argentina, pero me sali&oacute; una propuesta para realizarme una prueba en Italia y fue all&iacute; cuando decid&iacute;&nbsp; ir a jugar a Europa y en ese pa&iacute;s comenc&eacute; toda mi carrera. Cuando terminaba en Europa volv&iacute;a para la Selecci&oacute;n Argentina o me iba a reforzar alg&uacute;n equipo que comenzaba la Liga Nacional en su momento o en alg&uacute;n equipo de Sudam&eacute;rica. En 1989 fue cuando decid&iacute; venirme a jugar a Italia y comenzar toda mi carrera profesional en este pa&iacute;s, en cada momento que terminaba la temporada en Europa, regresaba a la Argentina y he pasado por Murialdo, Obras, en equipos de Buenos Aires como Berazategui, Florida, Central Entrerriano, muchos a&ntilde;os en V&eacute;lez. Tambi&eacute;n estuve mucho tiempo jugando en equipos de Ecuador, Chile y Uruguay, siempre reforzando equipos de Sudam&eacute;rica&rdquo;.<\/p>\n\n\n\n<p><strong>&ldquo;Para todo deportista, la Selecci&oacute;n es un orgullo&rdquo;<\/strong><\/p>\n\n\n\n<p>Carolina no dud&oacute; en afirmar que &ldquo;para todo deportista la Selecci&oacute;n Argentina es un orgullo, es lo que todos quieren lograr, no se fija en el dinero sino por los colores de su pa&iacute;s. Yo comenc&eacute; en 1995 con la Selecci&oacute;n, estando 10 a&ntilde;os como capitana y esos a&ntilde;os fueron incre&iacute;bles, participando en tres mundiales, en 2002 en China, 2006 Brasil y 2010 en Rep&uacute;blica Checa. Dos Preol&iacute;mpicos para clasificar a las Olimpiadas de Londres y Pek&iacute;n, que no se logr&oacute;. La verdad que fueron momentos incre&iacute;bles con el seleccionado, fueron muchos logros, muchos momentos duros tambi&eacute;n que pasamos. Un entrenador que me marc&oacute; y me dio toda la confianza fue Eduardo Pinto, entrenador del Seleccionado Femenino de Argentina por 20 a&ntilde;os. Tambi&eacute;n cada entrenador que tuve en un club me dej&oacute; una ense&ntilde;anza y un aprendizaje, no s&oacute;lo en lo deportivo sino adem&aacute;s en lo personal, por lo que tengo que agradecer a cada uno que pas&oacute; por mi vida ya que fueron grandes referentes&rdquo;. &nbsp;<\/p>\n\n\n\n<p>Finalmente, Carolina coment&oacute; que &ldquo;en cada club donde voy a veces me toca vivir sola en un departamento. Este a&ntilde;o estoy viviendo junto a una compa&ntilde;era italiana y otra americana. La verdad que tratamos siempre de estar en sinton&iacute;a con las personas para llevarnos bien para poder vivir y compartir todo un a&ntilde;o juntas. He tenido la suerte de vivir siempre con personas que estoy a gusto. Despu&eacute;s, al final de la temporada, viene de visita mi mam&aacute;, en algunos lugares tambi&eacute;n mis hermanos, en su momento cuando mi pap&aacute; a&uacute;n estaba conmigo tambi&eacute;n vino a visitarme. Uno trata de vivir o m&aacute;s tranquila posible y busca a las personas con quien mejor se lleva&rdquo;.<\/p>\n\n\n\n<figure class=\"wp-block-gallery columns-3 is-cropped\"><ul class=\"blocks-gallery-grid\"><li class=\"blocks-gallery-item\"><figure><img loading=\"lazy\" width=\"700\" height=\"707\" src=\"https:\/\/www.mendoza.gov.ar\/wp-content\/uploads\/sites\/5\/2020\/10\/thumbnail-1-700x707.jpg\" alt=\"\" data-id=\"245312\" data-full-url=\"https:\/\/www.mendoza.gov.ar\/wp-content\/uploads\/sites\/5\/2020\/10\/thumbnail-1.jpg\" data-link=\"https:\/\/www.mendoza.gov.ar\/prensa\/?attachment_id=245312\" class=\"wp-image-245312 img-responsive center-block\" srcset=\"https:\/\/www.mendoza.gov.ar\/wp-content\/uploads\/sites\/5\/2020\/10\/thumbnail-1-700x707.jpg 700w, https:\/\/www.mendoza.gov.ar\/wp-content\/uploads\/sites\/5\/2020\/10\/thumbnail-1-250x253.jpg 250w, https:\/\/www.mendoza.gov.ar\/wp-content\/uploads\/sites\/5\/2020\/10\/thumbnail-1-768x776.jpg 768w, https:\/\/www.mendoza.gov.ar\/wp-content\/uploads\/sites\/5\/2020\/10\/thumbnail-1-120x121.jpg 120w, https:\/\/www.mendoza.gov.ar\/wp-content\/uploads\/sites\/5\/2020\/10\/thumbnail-1.jpg 874w\" sizes=\"(max-width: 700px) 100vw, 700px\"><\/figure><\/li><li class=\"blocks-gallery-item\"><figure><img loading=\"lazy\" width=\"700\" height=\"1244\" src=\"https:\/\/www.mendoza.gov.ar\/wp-content\/uploads\/sites\/5\/2020\/10\/thumbnail-2-700x1244.jpg\" alt=\"\" data-id=\"245313\" data-full-url=\"https:\/\/www.mendoza.gov.ar\/wp-content\/uploads\/sites\/5\/2020\/10\/thumbnail-2.jpg\" data-link=\"https:\/\/www.mendoza.gov.ar\/prensa\/?attachment_id=245313\" class=\"wp-image-245313 img-responsive center-block\" srcset=\"https:\/\/www.mendoza.gov.ar\/wp-content\/uploads\/sites\/5\/2020\/10\/thumbnail-2-700x1244.jpg 700w, https:\/\/www.mendoza.gov.ar\/wp-content\/uploads\/sites\/5\/2020\/10\/thumbnail-2-250x444.jpg 250w, https:\/\/www.mendoza.gov.ar\/wp-content\/uploads\/sites\/5\/2020\/10\/thumbnail-2-120x213.jpg 120w, https:\/\/www.mendoza.gov.ar\/wp-content\/uploads\/sites\/5\/2020\/10\/thumbnail-2.jpg 720w\" sizes=\"(max-width: 700px) 100vw, 700px\"><\/figure><\/li><li class=\"blocks-gallery-item\"><figure><img loading=\"lazy\" width=\"700\" height=\"462\" src=\"https:\/\/www.mendoza.gov.ar\/wp-content\/uploads\/sites\/5\/2020\/10\/thumbnail-4-2-700x462.jpg\" alt=\"\" data-id=\"245314\" data-full-url=\"https:\/\/www.mendoza.gov.ar\/wp-content\/uploads\/sites\/5\/2020\/10\/thumbnail-4-2.jpg\" data-link=\"https:\/\/www.mendoza.gov.ar\/prensa\/?attachment_id=245314\" class=\"wp-image-245314 img-responsive center-block\" srcset=\"https:\/\/www.mendoza.gov.ar\/wp-content\/uploads\/sites\/5\/2020\/10\/thumbnail-4-2-700x462.jpg 700w, https:\/\/www.mendoza.gov.ar\/wp-content\/uploads\/sites\/5\/2020\/10\/thumbnail-4-2-250x165.jpg 250w, https:\/\/www.mendoza.gov.ar\/wp-content\/uploads\/sites\/5\/2020\/10\/thumbnail-4-2-768x506.jpg 768w, https:\/\/www.mendoza.gov.ar\/wp-content\/uploads\/sites\/5\/2020\/10\/thumbnail-4-2-120x79.jpg 120w, https:\/\/www.mendoza.gov.ar\/wp-content\/uploads\/sites\/5\/2020\/10\/thumbnail-4-2.jpg 960w\" sizes=\"(max-width: 700px) 100vw, 700px\"><\/figure><\/li><li class=\"blocks-gallery-item\"><figure><img loading=\"lazy\" width=\"700\" height=\"700\" src=\"https:\/\/www.mendoza.gov.ar\/wp-content\/uploads\/sites\/5\/2020\/10\/thumbnail-5-700x700.jpg\" alt=\"\" data-id=\"245315\" data-full-url=\"https:\/\/www.mendoza.gov.ar\/wp-content\/uploads\/sites\/5\/2020\/10\/thumbnail-5.jpg\" data-link=\"https:\/\/www.mendoza.gov.ar\/prensa\/?attachment_id=245315\" class=\"wp-image-245315 img-responsive center-block\" srcset=\"https:\/\/www.mendoza.gov.ar\/wp-content\/uploads\/sites\/5\/2020\/10\/thumbnail-5-700x700.jpg 700w, https:\/\/www.mendoza.gov.ar\/wp-content\/uploads\/sites\/5\/2020\/10\/thumbnail-5-250x250.jpg 250w, https:\/\/www.mendoza.gov.ar\/wp-content\/uploads\/sites\/5\/2020\/10\/thumbnail-5-150x150.jpg 150w, https:\/\/www.mendoza.gov.ar\/wp-content\/uploads\/sites\/5\/2020\/10\/thumbnail-5-120x120.jpg 120w, https:\/\/www.mendoza.gov.ar\/wp-content\/uploads\/sites\/5\/2020\/10\/thumbnail-5.jpg 720w\" sizes=\"(max-width: 700px) 100vw, 700px\"><\/figure><\/li><li class=\"blocks-gallery-item\"><figure><img loading=\"lazy\" width=\"700\" height=\"524\" src=\"https:\/\/www.mendoza.gov.ar\/wp-content\/uploads\/sites\/5\/2020\/10\/thumbnail-6-700x524.jpg\" alt=\"\" data-id=\"245316\" data-full-url=\"https:\/\/www.mendoza.gov.ar\/wp-content\/uploads\/sites\/5\/2020\/10\/thumbnail-6.jpg\" data-link=\"https:\/\/www.mendoza.gov.ar\/prensa\/?attachment_id=245316\" class=\"wp-image-245316 img-responsive center-block\" srcset=\"https:\/\/www.mendoza.gov.ar\/wp-content\/uploads\/sites\/5\/2020\/10\/thumbnail-6-700x524.jpg 700w, https:\/\/www.mendoza.gov.ar\/wp-content\/uploads\/sites\/5\/2020\/10\/thumbnail-6-250x187.jpg 250w, https:\/\/www.mendoza.gov.ar\/wp-content\/uploads\/sites\/5\/2020\/10\/thumbnail-6-768x575.jpg 768w, https:\/\/www.mendoza.gov.ar\/wp-content\/uploads\/sites\/5\/2020\/10\/thumbnail-6-120x90.jpg 120w, https:\/\/www.mendoza.gov.ar\/wp-content\/uploads\/sites\/5\/2020\/10\/thumbnail-6.jpg 1280w\" sizes=\"(max-width: 700px) 100vw, 700px\"><\/figure><\/li><li class=\"blocks-gallery-item\"><figure><img loading=\"lazy\" width=\"700\" height=\"700\" src=\"https:\/\/www.mendoza.gov.ar\/wp-content\/uploads\/sites\/5\/2020\/10\/thumbnail-7-700x700.jpg\" alt=\"\" data-id=\"245317\" data-full-url=\"https:\/\/www.mendoza.gov.ar\/wp-content\/uploads\/sites\/5\/2020\/10\/thumbnail-7.jpg\" data-link=\"https:\/\/www.mendoza.gov.ar\/prensa\/?attachment_id=245317\" class=\"wp-image-245317 img-responsive center-block\" srcset=\"https:\/\/www.mendoza.gov.ar\/wp-content\/uploads\/sites\/5\/2020\/10\/thumbnail-7-700x700.jpg 700w, https:\/\/www.mendoza.gov.ar\/wp-content\/uploads\/sites\/5\/2020\/10\/thumbnail-7-250x250.jpg 250w, https:\/\/www.mendoza.gov.ar\/wp-content\/uploads\/sites\/5\/2020\/10\/thumbnail-7-150x150.jpg 150w, https:\/\/www.mendoza.gov.ar\/wp-content\/uploads\/sites\/5\/2020\/10\/thumbnail-7-768x768.jpg 768w, https:\/\/www.mendoza.gov.ar\/wp-content\/uploads\/sites\/5\/2020\/10\/thumbnail-7-120x120.jpg 120w, https:\/\/www.mendoza.gov.ar\/wp-content\/uploads\/sites\/5\/2020\/10\/thumbnail-7.jpg 960w\" sizes=\"(max-width: 700px) 100vw, 700px\"><\/figure><\/li><li class=\"blocks-gallery-item\"><figure><img loading=\"lazy\" width=\"287\" height=\"430\" src=\"https:\/\/www.mendoza.gov.ar\/wp-content\/uploads\/sites\/5\/2020\/10\/thumbnail-8.jpg\" alt=\"\" data-id=\"245318\" data-full-url=\"https:\/\/www.mendoza.gov.ar\/wp-content\/uploads\/sites\/5\/2020\/10\/thumbnail-8.jpg\" data-link=\"https:\/\/www.mendoza.gov.ar\/prensa\/?attachment_id=245318\" class=\"wp-image-245318 img-responsive center-block\" srcset=\"https:\/\/www.mendoza.gov.ar\/wp-content\/uploads\/sites\/5\/2020\/10\/thumbnail-8.jpg 287w, https:\/\/www.mendoza.gov.ar\/wp-content\/uploads\/sites\/5\/2020\/10\/thumbnail-8-250x375.jpg 250w, https:\/\/www.mendoza.gov.ar\/wp-content\/uploads\/sites\/5\/2020\/10\/thumbnail-8-120x180.jpg 120w\" sizes=\"(max-width: 287px) 100vw, 287px\"><\/figure><\/li><\/ul><\/figure>\n\n\n\n<figure class=\"wp-block-image\" id=\"block-f784023c-0875-46ae-aae9-b02214659a0c\"><img src=\"https:\/\/www.mendoza.gov.ar\/prensa\/wp-content\/uploads\/sites\/5\/2020\/03\/WhatsApp-Image-2020-03-17-at-6.23.29-PM-1.jpeg\" alt=\"Esta imagen tiene un atributo alt vac&iacute;o; el nombre del archivo es WhatsApp-Image-2020-03-17-at-6.23.29-PM-1.jpeg\" class=\" img-responsive center-block\"><\/figure>\n\n\n\n<p id=\"block-7be9a96e-a7f7-4d09-8ed7-16e3628fbd03\"><a rel=\"noreferrer noopener\" href=\"https:\/\/www.mendoza.gov.ar\/prensa\/covid-19\/\" target=\"_blank\"><strong>Clic aqu&iacute; para ver m&aacute;s noticias sobre coronavirus<\/strong><\/a><\/p>\n\n\n\n<figure class=\"wp-block-image\" id=\"block-e6600c2e-e86c-475b-9d87-8bb5a7d89713\"><img src=\"https:\/\/www.mendoza.gov.ar\/prensa\/wp-content\/uploads\/sites\/5\/2020\/03\/WhatsApp-Image-2020-03-17-at-6.23.29-PM-1.jpeg\" alt=\"Esta imagen tiene un atributo alt vac&iacute;o; el nombre del archivo es WhatsApp-Image-2020-03-17-at-6.23.29-PM-1.jpeg\" class=\" img-responsive center-block\"><\/figure>\n\n\n\n<p id=\"block-2e7fe2cb-01b7-44d0-884c-c26c681887bc\"><strong><a rel=\"noreferrer noopener\" href=\"https:\/\/www.mendoza.gov.ar\/prensa\/comunicados\/\" target=\"_blank\">Clic aqu&iacute; para ver los comunicados del Ministerio de Salud<\/a><\/strong><\/p>\n\n\n\n<figure class=\"wp-block-image\" id=\"block-0f570459-1f31-4a15-a8d3-46309480008b\"><img src=\"https:\/\/www.mendoza.gov.ar\/prensa\/wp-content\/uploads\/sites\/5\/2020\/03\/WhatsApp-Image-2020-03-17-at-6.23.29-PM-1.jpeg\" alt=\"Esta imagen tiene un atributo alt vac&iacute;o; el nombre del archivo es WhatsApp-Image-2020-03-17-at-6.23.29-PM-1.jpeg\" class=\" img-responsive center-block\"><\/figure>\n\n\n\n<p id=\"block-2781a8fa-e44c-4c91-adcd-f5a6d11180ca\"><strong><a rel=\"noreferrer noopener\" href=\"https:\/\/www.mendoza.gov.ar\/coronavirus\" target=\"_blank\">www.mendoza.gov.ar\/coronavirus<\/a><\/strong><\/p>\n<\/body><\/html>\n","protected":false},"excerpt":{"rendered":"La jugadora r&eacute;cord del b&aacute;squetbol femenino argentino, juega en la Serie A1 de Italia en el club La Molisana&nbsp;Magnolia Campobasso. A sus 44 a&ntilde;os, la mendocina de 1,80 de altura, que se desempe&ntilde;a como ala-pivot, &nbsp;est&aacute; jugando su segunda temporada y es la capitana en el equipo del sur italiano. Con una trayectoria de 30&#8230; <a class=\"view-article\" href=\"https:\/\/www.mendoza.gov.ar\/prensa\/carolina-sanchez-embajadora-del-basquetbol-mendocino-en-europa-y-sudamerica\/\"><\/a>","protected":false},"author":66,"featured_media":245312,"comment_status":"open","ping_status":"open","sticky":false,"template":"","format":"standard","meta":[],"categories":[10],"tags":[],"_links":{"self":[{"href":"https:\/\/www.mendoza.gov.ar\/prensa\/wp-json\/wp\/v2\/posts\/245311"}],"collection":[{"href":"https:\/\/www.mendoza.gov.ar\/prensa\/wp-json\/wp\/v2\/posts"}],"about":[{"href":"https:\/\/www.mendoza.gov.ar\/prensa\/wp-json\/wp\/v2\/types\/post"}],"author":[{"embeddable":true,"href":"https:\/\/www.mendoza.gov.ar\/prensa\/wp-json\/wp\/v2\/users\/66"}],"replies":[{"embeddable":true,"href":"https:\/\/www.mendoza.gov.ar\/prensa\/wp-json\/wp\/v2\/comments?post=245311"}],"version-history":[{"count":1,"href":"https:\/\/www.mendoza.gov.ar\/prensa\/wp-json\/wp\/v2\/posts\/245311\/revisions"}],"predecessor-version":[{"id":245319,"href":"https:\/\/www.mendoza.gov.ar\/prensa\/wp-json\/wp\/v2\/posts\/245311\/revisions\/245319"}],"wp:featuredmedia":[{"embeddable":true,"href":"https:\/\/www.mendoza.gov.ar\/prensa\/wp-json\/wp\/v2\/media\/245312"}],"wp:attachment":[{"href":"https:\/\/www.mendoza.gov.ar\/prensa\/wp-json\/wp\/v2\/media?parent=245311"}],"wp:term":[{"taxonomy":"category","embeddable":true,"href":"https:\/\/www.mendoza.gov.ar\/prensa\/wp-json\/wp\/v2\/categories?post=245311"},{"taxonomy":"post_tag","embeddable":true,"href":"https:\/\/www.mendoza.gov.ar\/prensa\/wp-json\/wp\/v2\/tags?post=245311"}],"curies":[{"name":"wp","href":"https:\/\/api.w.org\/{rel}","templated":true}]}}