{"id":251152,"date":"2020-11-21T05:58:23","date_gmt":"2020-11-21T08:58:23","guid":{"rendered":"https:\/\/www.mendoza.gov.ar\/prensa\/?p=251152"},"modified":"2020-11-21T20:19:49","modified_gmt":"2020-11-21T23:19:49","slug":"las-ii-jornadas-de-actualizacion-en-medicina-deportiva-proponen-mas-temas-de-interes","status":"publish","type":"post","link":"https:\/\/www.mendoza.gov.ar\/prensa\/las-ii-jornadas-de-actualizacion-en-medicina-deportiva-proponen-mas-temas-de-interes\/","title":{"rendered":"Las II Jornadas de Actualizaci\u00f3n en Medicina Deportiva proponen m\u00e1s temas de inter\u00e9s"},"content":{"rendered":"<!DOCTYPE html PUBLIC \"-\/\/W3C\/\/DTD HTML 4.0 Transitional\/\/EN\" \"http:\/\/www.w3.org\/TR\/REC-html40\/loose.dtd\">\n<html><body><h5>Ser&aacute;n dos encuentros virtuales a cargo de destacados profesionales del Centro M&eacute;dico de la Subsecretar&iacute;a de Deportes e invitados. La inscripci&oacute;n no tiene costo.<\/h5>\n\n\n\n<p>Desde la coordinaci&oacute;n del Centro de Promoci&oacute;n de la Salud y Medicina Deportiva, perteneciente a la Direcci&oacute;n de Deporte Federado y Alto Rendimiento, informaron que las II Jornadas de Actualizaci&oacute;n en Medicina Deportiva, ya tienen fecha. Los encuentros se realizar&aacute;n por <em>Meet<\/em>, los d&iacute;as 2 y 3 de diciembre, desde las 18.30.<\/p>\n\n\n\n<p>La capacitaci&oacute;n est&aacute; dirigida a m&eacute;dicos, profesores y licenciados en Educaci&oacute;n F&iacute;sica, entrenadores personales y t&eacute;cnicos, licenciados en Nutrici&oacute;n, kinesi&oacute;logos y licenciados en kinesiolog&iacute;a.<\/p>\n\n\n\n<p>Ambas jornadas se desarrollar&aacute;n de manera online y el acceso es gratuito, a trav&eacute;s de una inscripci&oacute;n que se realiza con el siguiente <a href=\"https:\/\/forms.gle\/XAdsJ18LzceTCtq56\" data-type=\"URL\" data-id=\"https:\/\/forms.gle\/XAdsJ18LzceTCtq56\" target=\"_blank\" rel=\"noreferrer noopener\">formulario<\/a>. Luego los organizadores enviar&aacute;n la clave para ingresar.<\/p>\n\n\n\n<p>Desde que comenzaron estas jornadas de actualizaci&oacute;n, el objetivo fue capacitar a profesionales de la salud y el deporte, en un marco de gratuidad, aportando conocimientos de valor. La mayor&iacute;a de los disertantes son profesionales que se desempe&ntilde;an en el Centro de Promoci&oacute;n de la Salud y Medicina Deportiva de la Subsecretar&iacute;a de Deportes, y la idea es que adem&aacute;s de los conceptos propios de cada tema puedan transmitir su experiencia en la atenci&oacute;n y abordaje integral con deportistas.<\/p>\n\n\n\n<p><strong>II Jornadas de Actualizaci&oacute;n en Medicina Deportiva<\/strong><\/p>\n\n\n\n<p><em>Primera Jornada &ndash; 2 de diciembre 18.30 hs.<\/em><\/p>\n\n\n\n<ul><li>Lic. Martin Laredo. Lesiones m&aacute;s comunes en deportes overhead.<\/li><li>Mg. Lic. V&iacute;ctor Berardi. Preparaci&oacute;n f&iacute;sica en el trail running.<\/li><li>Mg. Lic. Fernanda Grosso. Nutrici&oacute;n en trail running.<\/li><\/ul>\n\n\n\n<p><em>Segunda Jornada &ndash; 3 de diciembre 18.30 hs.<\/em><\/p>\n\n\n\n<ul><li>Esp. Walter Rosales. Estructura interna del dato cient&iacute;fico<\/li><li>Lic. Natalia Malah. Influencia de la pandemia en la periodizaci&oacute;n nutricional.<\/li><li>Dr. Marcelo Straniero &ndash; Dr. Osvaldo Abd&oacute;n. Sistema inmune y ejercicios.<\/li><\/ul>\n\n\n\n<figure class=\"wp-block-gallery columns-3 is-cropped\"><ul class=\"blocks-gallery-grid\"><li class=\"blocks-gallery-item\"><figure><img loading=\"lazy\" width=\"700\" height=\"700\" src=\"https:\/\/www.mendoza.gov.ar\/wp-content\/uploads\/sites\/5\/2020\/11\/IMG-20201116-WA0009-1-700x700.jpg\" alt=\"\" data-id=\"251157\" data-full-url=\"https:\/\/www.mendoza.gov.ar\/wp-content\/uploads\/sites\/5\/2020\/11\/IMG-20201116-WA0009-1.jpg\" data-link=\"https:\/\/www.mendoza.gov.ar\/prensa\/?attachment_id=251157\" class=\"wp-image-251157 img-responsive center-block\" srcset=\"https:\/\/www.mendoza.gov.ar\/wp-content\/uploads\/sites\/5\/2020\/11\/IMG-20201116-WA0009-1-700x700.jpg 700w, https:\/\/www.mendoza.gov.ar\/wp-content\/uploads\/sites\/5\/2020\/11\/IMG-20201116-WA0009-1-250x250.jpg 250w, https:\/\/www.mendoza.gov.ar\/wp-content\/uploads\/sites\/5\/2020\/11\/IMG-20201116-WA0009-1-150x150.jpg 150w, https:\/\/www.mendoza.gov.ar\/wp-content\/uploads\/sites\/5\/2020\/11\/IMG-20201116-WA0009-1-768x768.jpg 768w, https:\/\/www.mendoza.gov.ar\/wp-content\/uploads\/sites\/5\/2020\/11\/IMG-20201116-WA0009-1-120x120.jpg 120w, https:\/\/www.mendoza.gov.ar\/wp-content\/uploads\/sites\/5\/2020\/11\/IMG-20201116-WA0009-1.jpg 1280w\" sizes=\"(max-width: 700px) 100vw, 700px\"><\/figure><\/li><li class=\"blocks-gallery-item\"><figure><img loading=\"lazy\" width=\"700\" height=\"700\" src=\"https:\/\/www.mendoza.gov.ar\/wp-content\/uploads\/sites\/5\/2020\/11\/IMG-20201116-WA0013-700x700.jpg\" alt=\"\" data-id=\"251158\" data-full-url=\"https:\/\/www.mendoza.gov.ar\/wp-content\/uploads\/sites\/5\/2020\/11\/IMG-20201116-WA0013.jpg\" data-link=\"https:\/\/www.mendoza.gov.ar\/prensa\/?attachment_id=251158\" class=\"wp-image-251158 img-responsive center-block\" srcset=\"https:\/\/www.mendoza.gov.ar\/wp-content\/uploads\/sites\/5\/2020\/11\/IMG-20201116-WA0013-700x700.jpg 700w, https:\/\/www.mendoza.gov.ar\/wp-content\/uploads\/sites\/5\/2020\/11\/IMG-20201116-WA0013-250x250.jpg 250w, https:\/\/www.mendoza.gov.ar\/wp-content\/uploads\/sites\/5\/2020\/11\/IMG-20201116-WA0013-150x150.jpg 150w, https:\/\/www.mendoza.gov.ar\/wp-content\/uploads\/sites\/5\/2020\/11\/IMG-20201116-WA0013-768x768.jpg 768w, https:\/\/www.mendoza.gov.ar\/wp-content\/uploads\/sites\/5\/2020\/11\/IMG-20201116-WA0013-120x120.jpg 120w, https:\/\/www.mendoza.gov.ar\/wp-content\/uploads\/sites\/5\/2020\/11\/IMG-20201116-WA0013.jpg 1280w\" sizes=\"(max-width: 700px) 100vw, 700px\"><\/figure><\/li><li class=\"blocks-gallery-item\"><figure><img loading=\"lazy\" width=\"700\" height=\"700\" src=\"https:\/\/www.mendoza.gov.ar\/wp-content\/uploads\/sites\/5\/2020\/11\/IMG-20201116-WA0010-1-700x700.jpg\" alt=\"\" data-id=\"251159\" data-full-url=\"https:\/\/www.mendoza.gov.ar\/wp-content\/uploads\/sites\/5\/2020\/11\/IMG-20201116-WA0010-1.jpg\" data-link=\"https:\/\/www.mendoza.gov.ar\/prensa\/?attachment_id=251159\" class=\"wp-image-251159 img-responsive center-block\" srcset=\"https:\/\/www.mendoza.gov.ar\/wp-content\/uploads\/sites\/5\/2020\/11\/IMG-20201116-WA0010-1-700x700.jpg 700w, https:\/\/www.mendoza.gov.ar\/wp-content\/uploads\/sites\/5\/2020\/11\/IMG-20201116-WA0010-1-250x250.jpg 250w, https:\/\/www.mendoza.gov.ar\/wp-content\/uploads\/sites\/5\/2020\/11\/IMG-20201116-WA0010-1-150x150.jpg 150w, https:\/\/www.mendoza.gov.ar\/wp-content\/uploads\/sites\/5\/2020\/11\/IMG-20201116-WA0010-1-768x768.jpg 768w, https:\/\/www.mendoza.gov.ar\/wp-content\/uploads\/sites\/5\/2020\/11\/IMG-20201116-WA0010-1-120x120.jpg 120w, https:\/\/www.mendoza.gov.ar\/wp-content\/uploads\/sites\/5\/2020\/11\/IMG-20201116-WA0010-1.jpg 1280w\" sizes=\"(max-width: 700px) 100vw, 700px\"><\/figure><\/li><li class=\"blocks-gallery-item\"><figure><img loading=\"lazy\" width=\"700\" height=\"700\" src=\"https:\/\/www.mendoza.gov.ar\/wp-content\/uploads\/sites\/5\/2020\/11\/deportes.mendoza_20201119_154450_0-700x700.jpg\" alt=\"\" data-id=\"251160\" data-full-url=\"https:\/\/www.mendoza.gov.ar\/wp-content\/uploads\/sites\/5\/2020\/11\/deportes.mendoza_20201119_154450_0.jpg\" data-link=\"https:\/\/www.mendoza.gov.ar\/prensa\/?attachment_id=251160\" class=\"wp-image-251160 img-responsive center-block\" srcset=\"https:\/\/www.mendoza.gov.ar\/wp-content\/uploads\/sites\/5\/2020\/11\/deportes.mendoza_20201119_154450_0-700x700.jpg 700w, https:\/\/www.mendoza.gov.ar\/wp-content\/uploads\/sites\/5\/2020\/11\/deportes.mendoza_20201119_154450_0-250x250.jpg 250w, https:\/\/www.mendoza.gov.ar\/wp-content\/uploads\/sites\/5\/2020\/11\/deportes.mendoza_20201119_154450_0-150x150.jpg 150w, https:\/\/www.mendoza.gov.ar\/wp-content\/uploads\/sites\/5\/2020\/11\/deportes.mendoza_20201119_154450_0-768x768.jpg 768w, https:\/\/www.mendoza.gov.ar\/wp-content\/uploads\/sites\/5\/2020\/11\/deportes.mendoza_20201119_154450_0-120x120.jpg 120w, https:\/\/www.mendoza.gov.ar\/wp-content\/uploads\/sites\/5\/2020\/11\/deportes.mendoza_20201119_154450_0.jpg 1080w\" sizes=\"(max-width: 700px) 100vw, 700px\"><\/figure><\/li><li class=\"blocks-gallery-item\"><figure><img loading=\"lazy\" width=\"700\" height=\"700\" src=\"https:\/\/www.mendoza.gov.ar\/wp-content\/uploads\/sites\/5\/2020\/11\/IMG_20201119_155152_869-700x700.jpg\" alt=\"\" data-id=\"251161\" data-full-url=\"https:\/\/www.mendoza.gov.ar\/wp-content\/uploads\/sites\/5\/2020\/11\/IMG_20201119_155152_869.jpg\" data-link=\"https:\/\/www.mendoza.gov.ar\/prensa\/?attachment_id=251161\" class=\"wp-image-251161 img-responsive center-block\" srcset=\"https:\/\/www.mendoza.gov.ar\/wp-content\/uploads\/sites\/5\/2020\/11\/IMG_20201119_155152_869-700x700.jpg 700w, https:\/\/www.mendoza.gov.ar\/wp-content\/uploads\/sites\/5\/2020\/11\/IMG_20201119_155152_869-250x250.jpg 250w, https:\/\/www.mendoza.gov.ar\/wp-content\/uploads\/sites\/5\/2020\/11\/IMG_20201119_155152_869-150x150.jpg 150w, https:\/\/www.mendoza.gov.ar\/wp-content\/uploads\/sites\/5\/2020\/11\/IMG_20201119_155152_869-768x768.jpg 768w, https:\/\/www.mendoza.gov.ar\/wp-content\/uploads\/sites\/5\/2020\/11\/IMG_20201119_155152_869-120x120.jpg 120w, https:\/\/www.mendoza.gov.ar\/wp-content\/uploads\/sites\/5\/2020\/11\/IMG_20201119_155152_869.jpg 1080w\" sizes=\"(max-width: 700px) 100vw, 700px\"><\/figure><\/li><li class=\"blocks-gallery-item\"><figure><img loading=\"lazy\" width=\"700\" height=\"307\" src=\"https:\/\/www.mendoza.gov.ar\/wp-content\/uploads\/sites\/5\/2020\/11\/deportes.mendoza_20201119_154349_0_2-700x307.jpg\" alt=\"\" data-id=\"251162\" data-full-url=\"https:\/\/www.mendoza.gov.ar\/wp-content\/uploads\/sites\/5\/2020\/11\/deportes.mendoza_20201119_154349_0_2.jpg\" data-link=\"https:\/\/www.mendoza.gov.ar\/prensa\/?attachment_id=251162\" class=\"wp-image-251162 img-responsive center-block\" srcset=\"https:\/\/www.mendoza.gov.ar\/wp-content\/uploads\/sites\/5\/2020\/11\/deportes.mendoza_20201119_154349_0_2-700x307.jpg 700w, https:\/\/www.mendoza.gov.ar\/wp-content\/uploads\/sites\/5\/2020\/11\/deportes.mendoza_20201119_154349_0_2-250x109.jpg 250w, https:\/\/www.mendoza.gov.ar\/wp-content\/uploads\/sites\/5\/2020\/11\/deportes.mendoza_20201119_154349_0_2-768x336.jpg 768w, https:\/\/www.mendoza.gov.ar\/wp-content\/uploads\/sites\/5\/2020\/11\/deportes.mendoza_20201119_154349_0_2-120x53.jpg 120w, https:\/\/www.mendoza.gov.ar\/wp-content\/uploads\/sites\/5\/2020\/11\/deportes.mendoza_20201119_154349_0_2.jpg 1080w\" sizes=\"(max-width: 700px) 100vw, 700px\"><\/figure><\/li><li class=\"blocks-gallery-item\"><figure><img loading=\"lazy\" width=\"700\" height=\"700\" src=\"https:\/\/www.mendoza.gov.ar\/wp-content\/uploads\/sites\/5\/2020\/11\/deportes.mendoza_20201119_154349_0-700x700.jpg\" alt=\"\" data-id=\"251163\" data-full-url=\"https:\/\/www.mendoza.gov.ar\/wp-content\/uploads\/sites\/5\/2020\/11\/deportes.mendoza_20201119_154349_0.jpg\" data-link=\"https:\/\/www.mendoza.gov.ar\/prensa\/?attachment_id=251163\" class=\"wp-image-251163 img-responsive center-block\" srcset=\"https:\/\/www.mendoza.gov.ar\/wp-content\/uploads\/sites\/5\/2020\/11\/deportes.mendoza_20201119_154349_0-700x700.jpg 700w, https:\/\/www.mendoza.gov.ar\/wp-content\/uploads\/sites\/5\/2020\/11\/deportes.mendoza_20201119_154349_0-250x250.jpg 250w, https:\/\/www.mendoza.gov.ar\/wp-content\/uploads\/sites\/5\/2020\/11\/deportes.mendoza_20201119_154349_0-150x150.jpg 150w, https:\/\/www.mendoza.gov.ar\/wp-content\/uploads\/sites\/5\/2020\/11\/deportes.mendoza_20201119_154349_0-768x768.jpg 768w, https:\/\/www.mendoza.gov.ar\/wp-content\/uploads\/sites\/5\/2020\/11\/deportes.mendoza_20201119_154349_0-120x120.jpg 120w, https:\/\/www.mendoza.gov.ar\/wp-content\/uploads\/sites\/5\/2020\/11\/deportes.mendoza_20201119_154349_0.jpg 1080w\" sizes=\"(max-width: 700px) 100vw, 700px\"><\/figure><\/li><li class=\"blocks-gallery-item\"><figure><img loading=\"lazy\" width=\"700\" height=\"700\" src=\"https:\/\/www.mendoza.gov.ar\/wp-content\/uploads\/sites\/5\/2020\/11\/IMG_20201119_155152_870-700x700.jpg\" alt=\"\" data-id=\"251164\" data-full-url=\"https:\/\/www.mendoza.gov.ar\/wp-content\/uploads\/sites\/5\/2020\/11\/IMG_20201119_155152_870.jpg\" data-link=\"https:\/\/www.mendoza.gov.ar\/prensa\/?attachment_id=251164\" class=\"wp-image-251164 img-responsive center-block\" srcset=\"https:\/\/www.mendoza.gov.ar\/wp-content\/uploads\/sites\/5\/2020\/11\/IMG_20201119_155152_870-700x700.jpg 700w, https:\/\/www.mendoza.gov.ar\/wp-content\/uploads\/sites\/5\/2020\/11\/IMG_20201119_155152_870-250x250.jpg 250w, https:\/\/www.mendoza.gov.ar\/wp-content\/uploads\/sites\/5\/2020\/11\/IMG_20201119_155152_870-150x150.jpg 150w, https:\/\/www.mendoza.gov.ar\/wp-content\/uploads\/sites\/5\/2020\/11\/IMG_20201119_155152_870-768x768.jpg 768w, https:\/\/www.mendoza.gov.ar\/wp-content\/uploads\/sites\/5\/2020\/11\/IMG_20201119_155152_870-120x120.jpg 120w, https:\/\/www.mendoza.gov.ar\/wp-content\/uploads\/sites\/5\/2020\/11\/IMG_20201119_155152_870.jpg 1080w\" sizes=\"(max-width: 700px) 100vw, 700px\"><\/figure><\/li><li class=\"blocks-gallery-item\"><figure><img loading=\"lazy\" width=\"700\" height=\"860\" src=\"https:\/\/www.mendoza.gov.ar\/wp-content\/uploads\/sites\/5\/2020\/11\/IMG-20201119-WA0040-700x860.jpg\" alt=\"\" data-id=\"251166\" data-full-url=\"https:\/\/www.mendoza.gov.ar\/wp-content\/uploads\/sites\/5\/2020\/11\/IMG-20201119-WA0040.jpg\" data-link=\"https:\/\/www.mendoza.gov.ar\/prensa\/?attachment_id=251166\" class=\"wp-image-251166 img-responsive center-block\" srcset=\"https:\/\/www.mendoza.gov.ar\/wp-content\/uploads\/sites\/5\/2020\/11\/IMG-20201119-WA0040-700x860.jpg 700w, https:\/\/www.mendoza.gov.ar\/wp-content\/uploads\/sites\/5\/2020\/11\/IMG-20201119-WA0040-250x307.jpg 250w, https:\/\/www.mendoza.gov.ar\/wp-content\/uploads\/sites\/5\/2020\/11\/IMG-20201119-WA0040-768x943.jpg 768w, https:\/\/www.mendoza.gov.ar\/wp-content\/uploads\/sites\/5\/2020\/11\/IMG-20201119-WA0040-120x147.jpg 120w, https:\/\/www.mendoza.gov.ar\/wp-content\/uploads\/sites\/5\/2020\/11\/IMG-20201119-WA0040.jpg 1042w\" sizes=\"(max-width: 700px) 100vw, 700px\"><\/figure><\/li><\/ul><\/figure>\n\n\n\n<figure class=\"wp-block-image\" id=\"block-b9ad833d-813e-42ca-8a71-8f7a24d7c0f5\"><img src=\"https:\/\/www.mendoza.gov.ar\/prensa\/wp-content\/uploads\/sites\/5\/2020\/03\/WhatsApp-Image-2020-03-17-at-6.23.29-PM-1.jpeg\" alt=\"Esta imagen tiene un atributo alt vac&iacute;o; el nombre del archivo es WhatsApp-Image-2020-03-17-at-6.23.29-PM-1.jpeg\" class=\" img-responsive center-block\"><\/figure>\n\n\n\n<p id=\"block-9df269db-510b-4542-a474-90d584fd145f\"><a rel=\"noreferrer noopener\" href=\"https:\/\/www.mendoza.gov.ar\/prensa\/covid-19\/\" target=\"_blank\"><strong>Clic aqu&iacute; para ver m&aacute;s noticias sobre coronavirus<\/strong><\/a><\/p>\n\n\n\n<figure class=\"wp-block-image\" id=\"block-1986b4ba-a8f8-474d-8216-393d676b0f06\"><img src=\"https:\/\/www.mendoza.gov.ar\/prensa\/wp-content\/uploads\/sites\/5\/2020\/03\/WhatsApp-Image-2020-03-17-at-6.23.29-PM-1.jpeg\" alt=\"Esta imagen tiene un atributo alt vac&iacute;o; el nombre del archivo es WhatsApp-Image-2020-03-17-at-6.23.29-PM-1.jpeg\" class=\" img-responsive center-block\"><\/figure>\n\n\n\n<p id=\"block-a5ecff28-3532-47db-b376-44d58adea199\"><strong><a rel=\"noreferrer noopener\" href=\"https:\/\/www.mendoza.gov.ar\/prensa\/comunicados\/\" target=\"_blank\">Clic aqu&iacute; para ver los comunicados del Ministerio de Salud<\/a><\/strong><\/p>\n\n\n\n<figure class=\"wp-block-image\" id=\"block-fb9f7cdd-ca11-47de-b0b8-fa435829c8e7\"><img src=\"https:\/\/www.mendoza.gov.ar\/prensa\/wp-content\/uploads\/sites\/5\/2020\/03\/WhatsApp-Image-2020-03-17-at-6.23.29-PM-1.jpeg\" alt=\"Esta imagen tiene un atributo alt vac&iacute;o; el nombre del archivo es WhatsApp-Image-2020-03-17-at-6.23.29-PM-1.jpeg\" class=\" img-responsive center-block\"><\/figure>\n\n\n\n<p id=\"block-368f7b57-16b2-4a5e-b236-f23b0eef5e57\"><strong><a rel=\"noreferrer noopener\" href=\"https:\/\/www.mendoza.gov.ar\/coronavirus\" target=\"_blank\">www.mendoza.gov.ar\/coronavirus<\/a><\/strong><\/p>\n<\/body><\/html>\n","protected":false},"excerpt":{"rendered":"Ser&aacute;n dos encuentros virtuales a cargo de destacados profesionales del Centro M&eacute;dico de la Subsecretar&iacute;a de Deportes e invitados. La inscripci&oacute;n no tiene costo. Desde la coordinaci&oacute;n del Centro de Promoci&oacute;n de la Salud y Medicina Deportiva, perteneciente a la Direcci&oacute;n de Deporte Federado y Alto Rendimiento, informaron que las II Jornadas de Actualizaci&oacute;n en&#8230; <a class=\"view-article\" href=\"https:\/\/www.mendoza.gov.ar\/prensa\/las-ii-jornadas-de-actualizacion-en-medicina-deportiva-proponen-mas-temas-de-interes\/\"><\/a>","protected":false},"author":78,"featured_media":251166,"comment_status":"open","ping_status":"open","sticky":false,"template":"","format":"standard","meta":[],"categories":[10],"tags":[],"_links":{"self":[{"href":"https:\/\/www.mendoza.gov.ar\/prensa\/wp-json\/wp\/v2\/posts\/251152"}],"collection":[{"href":"https:\/\/www.mendoza.gov.ar\/prensa\/wp-json\/wp\/v2\/posts"}],"about":[{"href":"https:\/\/www.mendoza.gov.ar\/prensa\/wp-json\/wp\/v2\/types\/post"}],"author":[{"embeddable":true,"href":"https:\/\/www.mendoza.gov.ar\/prensa\/wp-json\/wp\/v2\/users\/78"}],"replies":[{"embeddable":true,"href":"https:\/\/www.mendoza.gov.ar\/prensa\/wp-json\/wp\/v2\/comments?post=251152"}],"version-history":[{"count":11,"href":"https:\/\/www.mendoza.gov.ar\/prensa\/wp-json\/wp\/v2\/posts\/251152\/revisions"}],"predecessor-version":[{"id":251192,"href":"https:\/\/www.mendoza.gov.ar\/prensa\/wp-json\/wp\/v2\/posts\/251152\/revisions\/251192"}],"wp:featuredmedia":[{"embeddable":true,"href":"https:\/\/www.mendoza.gov.ar\/prensa\/wp-json\/wp\/v2\/media\/251166"}],"wp:attachment":[{"href":"https:\/\/www.mendoza.gov.ar\/prensa\/wp-json\/wp\/v2\/media?parent=251152"}],"wp:term":[{"taxonomy":"category","embeddable":true,"href":"https:\/\/www.mendoza.gov.ar\/prensa\/wp-json\/wp\/v2\/categories?post=251152"},{"taxonomy":"post_tag","embeddable":true,"href":"https:\/\/www.mendoza.gov.ar\/prensa\/wp-json\/wp\/v2\/tags?post=251152"}],"curies":[{"name":"wp","href":"https:\/\/api.w.org\/{rel}","templated":true}]}}