{"id":253578,"date":"2020-12-14T14:22:26","date_gmt":"2020-12-14T17:22:26","guid":{"rendered":"https:\/\/www.mendoza.gov.ar\/prensa\/?p=253578"},"modified":"2020-12-14T14:23:51","modified_gmt":"2020-12-14T17:23:51","slug":"suarez-destaco-las-entregas-sostenidas-de-viviendas-en-la-provincia-pese-a-la-crisis-economica-del-pais","status":"publish","type":"post","link":"https:\/\/www.mendoza.gov.ar\/prensa\/suarez-destaco-las-entregas-sostenidas-de-viviendas-en-la-provincia-pese-a-la-crisis-economica-del-pais\/","title":{"rendered":"Suarez destac\u00f3 las entregas sostenidas de viviendas en la provincia pese a la crisis econ\u00f3mica del pa\u00eds"},"content":{"rendered":"<!DOCTYPE html PUBLIC \"-\/\/W3C\/\/DTD HTML 4.0 Transitional\/\/EN\" \"http:\/\/www.w3.org\/TR\/REC-html40\/loose.dtd\">\n<html><body><h5>El mandatario entreg&oacute; casas en Tupungato desde donde asegur&oacute; que &ldquo;dentro de esta crisis, tan dolorosa, que nos ha afectado a todos, entregar viviendas, haberlas terminado, realmente es sosiego, un momento de alegr&iacute;a&rdquo;.<\/h5>\n\n\n\n<p>El Gobernador, Rodolfo Suarez, junto al intendente de Tupungato, Gustavo Soto; al ministro de Planificaci&oacute;n e Infraestructura P&uacute;blica, Mario Isgr&oacute;&nbsp; y la titular del&nbsp;IPV, Mar&iacute;a Marta Ontanilla, entreg&oacute; las 24 viviendas del Barrio Al Pie de Cristo de Tupungato.<\/p>\n\n\n\n<p>El mandatario provincial destac&oacute; la importancia de que estas familias tupungatinas accedan a sus viviendas al reconocer lo que representa el hecho de &ldquo;dejar de alquilar o de vivir con los parientes. Gracias por permitirnos compartir esta alegr&iacute;a que es producto de su esfuerzo. Es ese mismo esfuerzo que ustedes realizar&aacute;n al pagar las cuotas el que nos va a permitir seguir construyendo m&aacute;s viviendas como estas&rdquo;.<\/p>\n\n\n\n<p>&ldquo;Mi deseo como Gobernador es que este lugar represente muchas alegr&iacute;as y bonanza para ustedes. Durante todo este tiempo hemos hecho todo lo posible para mantener estas entregas, pese a la situaci&oacute;n econ&oacute;mica y sanitaria. Sigamos por esta senda, no nos descuidemos. En el mundo pasan estas segundas olas que vienen del virus y en la medida en la que nos cuidemos ahora, que sentimos que estamos un poco mejor, va a ser menos impactante esa segunda ola. Ojala podamos contar con la vacuna en el pa&iacute;s para cuando eso suceda. Esta ser&aacute; la soluci&oacute;n definitiva&rdquo;, a&ntilde;adi&oacute; Suarez.<\/p>\n\n\n\n<p>&ldquo;Estamos viviendo momentos muy dif&iacute;ciles, en el medio de un a&ntilde;o impensado para todos. Yo creo que no hab&iacute;a una sola persona en el planeta que imaginara que &iacute;bamos a vivir lo que estamos viviendo. Dentro de esta crisis, tan dolorosa, que nos ha afectado a todos, entregar viviendas, haberlas terminado, realmente es sosiego, un momento de alegr&iacute;a&rdquo;, detall&oacute; el Gobernador.<\/p>\n\n\n\n<p>De esta manera, Suarez explic&oacute; que &ldquo;en la provincia, hemos mantenido, todo lo que se ha podido, la econom&iacute;a abierta para cuidar tanto el empleo como la salud. Obviamente el impacto se siente, pero no ha sido como en otros lugares. El sistema sanitario ha podido responder y esto es la consecuencia de que hoy podamos estar entregando estas viviendas&rdquo;.<\/p>\n\n\n\n<p>Al ser consultado sobre los planes habitacionales que tiene la provincia, el Gobernador asegur&oacute; que &ldquo;estamos trabajando desde el IPV y en forma conjunta con cada uno de los intendentes para conseguir fondos. Tambi&eacute;n estamos tratando de innovar, de manera tal de poder hacer m&aacute;s viviendas a un costo m&aacute;s econ&oacute;mico. Por ello estamos viendo c&oacute;mo las construyen en otros lugares del mundo, pero como todas las cosas estamos atados en parte a lo que ocurra con la situaci&oacute;n sanitaria, econ&oacute;mica y financiera del pa&iacute;s&rdquo;.<\/p>\n\n\n\n<p>As&iacute;, volvi&oacute; a insistir en que &ldquo;no debemos dejar de cuidarnos. Est&aacute;n ocurriendo segundas olas, como sucede en Chile o Brasil. Toda pol&iacute;tica p&uacute;blica que llevemos adelante va a depender de la situaci&oacute;n en la que nos vayamos encontrando, esto es d&iacute;a a d&iacute;a&rdquo;.<\/p>\n\n\n\n<p>Luego detall&oacute; que &ldquo;estamos haciendo un gran esfuerzo para pagar la gran parte de los aguinaldos a todos los empleados p&uacute;blicos. Tuvimos que emitir una Letra, pedimos ayuda a la Naci&oacute;n pero no la obtuvimos, as&iacute; que estamos optimizando todos los gastos. La austeridad en el Estado es absoluta. Vamos a pagar el aguinaldo a todo el personal de la salud, de educaci&oacute;n y de seguridad y de aquellos que no est&aacute;n en estas &aacute;reas y que cobren menos de $80mil. El resto deber&aacute; a esperar hasta febrero&rdquo;.<\/p>\n\n\n\n<p>En cuanto a sus anhelos y prioridades, Suarez manifest&oacute; que &ldquo;espera que podamos comenzar con Portezuelo del Viento. Es una obra que va a generar mucho empleo que tanto necesitamos en estos momentos. Es un proyecto virtuoso que nos va a permitir juntar agua, en el marco de la crisis h&iacute;drica en la que nos encontramos, y que adem&aacute;s generar&aacute; energ&iacute;a&rdquo;.<\/p>\n\n\n\n<p>&ldquo;Sin dudas, la familia, en un hogar, en una casa propia puede sortear mejor esos inconvenientes que hoy nos tocan&rdquo;, se&ntilde;al&oacute; Soto. El intendente agreg&oacute; que &ldquo;Tupungato y fundamentalmente Mendoza, ha pasado una cuarentena mucho m&aacute;s holgada que en el resto del pa&iacute;s&rdquo;.<\/p>\n\n\n\n<p>En este sentido, Soto sostuvo que la pandemia est&aacute; siendo atravesada &ldquo;con valores y resultados muy superiores a otras provincias y gracias a una administraci&oacute;n seria, honesta desde lo econ&oacute;mica y desde lo intelectual. Ha sido una de las mejores administraciones de toda la Argentina.<\/p>\n\n\n\n<p>&ldquo;Por eso hoy tenemos este resultado, que a&uacute;n en plena pandemia, con problemas de financiamiento muy complicados, sin la ayuda que otras provincias han tenido en forma discrecional y a&uacute;n haciendo las cosas muy mal en cuanto a la cuarentena, Mendoza sigue de pie. Eso se lo debemos al Gobierno que encabeza Rodolfo Suarez&rdquo;, cerr&oacute; Soto.<\/p>\n\n\n\n<figure class=\"wp-block-gallery columns-2 is-cropped\"><ul class=\"blocks-gallery-grid\"><li class=\"blocks-gallery-item\"><figure><img src=\"https:\/\/www.mendoza.gov.ar\/wp-content\/uploads\/sites\/5\/2020\/12\/23ae0888-27dd-4673-98d7-7c5814ad27e0-700x466.jpg\" alt=\"\" data-id=\"253582\" data-full-url=\"https:\/\/www.mendoza.gov.ar\/wp-content\/uploads\/sites\/5\/2020\/12\/23ae0888-27dd-4673-98d7-7c5814ad27e0.jpg\" data-link=\"https:\/\/www.mendoza.gov.ar\/prensa\/?attachment_id=253582\" class=\"wp-image-253582 img-responsive center-block\"><\/figure><\/li><li class=\"blocks-gallery-item\"><figure><img loading=\"lazy\" width=\"700\" height=\"466\" src=\"https:\/\/www.mendoza.gov.ar\/wp-content\/uploads\/sites\/5\/2020\/12\/ace99157-6e6a-4d2e-87c7-092f184eb497-700x466.jpg\" alt=\"\" data-id=\"253583\" data-full-url=\"https:\/\/www.mendoza.gov.ar\/wp-content\/uploads\/sites\/5\/2020\/12\/ace99157-6e6a-4d2e-87c7-092f184eb497.jpg\" data-link=\"https:\/\/www.mendoza.gov.ar\/prensa\/?attachment_id=253583\" class=\"wp-image-253583 img-responsive center-block\" srcset=\"https:\/\/www.mendoza.gov.ar\/wp-content\/uploads\/sites\/5\/2020\/12\/ace99157-6e6a-4d2e-87c7-092f184eb497-700x466.jpg 700w, https:\/\/www.mendoza.gov.ar\/wp-content\/uploads\/sites\/5\/2020\/12\/ace99157-6e6a-4d2e-87c7-092f184eb497-250x167.jpg 250w, https:\/\/www.mendoza.gov.ar\/wp-content\/uploads\/sites\/5\/2020\/12\/ace99157-6e6a-4d2e-87c7-092f184eb497-768x512.jpg 768w, https:\/\/www.mendoza.gov.ar\/wp-content\/uploads\/sites\/5\/2020\/12\/ace99157-6e6a-4d2e-87c7-092f184eb497-120x80.jpg 120w, https:\/\/www.mendoza.gov.ar\/wp-content\/uploads\/sites\/5\/2020\/12\/ace99157-6e6a-4d2e-87c7-092f184eb497.jpg 1280w\" sizes=\"(max-width: 700px) 100vw, 700px\"><\/figure><\/li><\/ul><\/figure>\n\n\n\n<figure class=\"wp-block-image\" id=\"block-6ced38ce-cf36-43a4-bda2-6d6ecc045941\"><img src=\"https:\/\/www.mendoza.gov.ar\/prensa\/wp-content\/uploads\/sites\/5\/2020\/03\/WhatsApp-Image-2020-03-17-at-6.23.29-PM-1.jpeg\" alt=\"Esta imagen tiene un atributo alt vac&iacute;o; el nombre del archivo es WhatsApp-Image-2020-03-17-at-6.23.29-PM-1.jpeg\" class=\" img-responsive center-block\"><\/figure>\n\n\n\n<p class=\"has-text-align-center\" id=\"block-4672d608-8a30-472c-91ba-07e641c39018\"><a rel=\"noreferrer noopener\" href=\"https:\/\/www.mendoza.gov.ar\/prensa\/covid-19\/\" target=\"_blank\"><strong>Clic aqu&iacute; para ver m&aacute;s noticias sobre coronavirus<\/strong><\/a><\/p>\n\n\n\n<figure class=\"wp-block-image\" id=\"block-679c5d04-4f24-4464-a49a-df7b140e38eb\"><img src=\"https:\/\/www.mendoza.gov.ar\/prensa\/wp-content\/uploads\/sites\/5\/2020\/03\/WhatsApp-Image-2020-03-17-at-6.23.29-PM-1.jpeg\" alt=\"Esta imagen tiene un atributo alt vac&iacute;o; el nombre del archivo es WhatsApp-Image-2020-03-17-at-6.23.29-PM-1.jpeg\" class=\" img-responsive center-block\"><\/figure>\n\n\n\n<p class=\"has-text-align-center\" id=\"block-e70c843d-9c55-4a54-a13e-110b356d59f8\"><strong><a rel=\"noreferrer noopener\" href=\"https:\/\/www.mendoza.gov.ar\/prensa\/comunicados\/\" target=\"_blank\">Clic aqu&iacute; para ver los comunicados del Ministerio de Salud<\/a><\/strong><\/p>\n\n\n\n<figure class=\"wp-block-image\" id=\"block-55da5334-2597-4644-a2ad-ad62409c9f96\"><img src=\"https:\/\/www.mendoza.gov.ar\/prensa\/wp-content\/uploads\/sites\/5\/2020\/03\/WhatsApp-Image-2020-03-17-at-6.23.29-PM-1.jpeg\" alt=\"Esta imagen tiene un atributo alt vac&iacute;o; el nombre del archivo es WhatsApp-Image-2020-03-17-at-6.23.29-PM-1.jpeg\" class=\" img-responsive center-block\"><\/figure>\n\n\n\n<p class=\"has-text-align-center\" id=\"block-f052e2af-737b-4a93-aa6a-293bed4ff9e2\"><strong><a rel=\"noreferrer noopener\" href=\"https:\/\/www.mendoza.gov.ar\/coronavirus\" target=\"_blank\">www.mendoza.gov.ar\/coronavirus<\/a><\/strong><\/p>\n<\/body><\/html>\n","protected":false},"excerpt":{"rendered":"El mandatario entreg&oacute; casas en Tupungato desde donde asegur&oacute; que &ldquo;dentro de esta crisis, tan dolorosa, que nos ha afectado a todos, entregar viviendas, haberlas terminado, realmente es sosiego, un momento de alegr&iacute;a&rdquo;. El Gobernador, Rodolfo Suarez, junto al intendente de Tupungato, Gustavo Soto; al ministro de Planificaci&oacute;n e Infraestructura P&uacute;blica, Mario Isgr&oacute;&nbsp; y la&#8230; <a class=\"view-article\" href=\"https:\/\/www.mendoza.gov.ar\/prensa\/suarez-destaco-las-entregas-sostenidas-de-viviendas-en-la-provincia-pese-a-la-crisis-economica-del-pais\/\"><\/a>","protected":false},"author":76,"featured_media":253582,"comment_status":"open","ping_status":"open","sticky":false,"template":"","format":"standard","meta":[],"categories":[19,1801],"tags":[],"_links":{"self":[{"href":"https:\/\/www.mendoza.gov.ar\/prensa\/wp-json\/wp\/v2\/posts\/253578"}],"collection":[{"href":"https:\/\/www.mendoza.gov.ar\/prensa\/wp-json\/wp\/v2\/posts"}],"about":[{"href":"https:\/\/www.mendoza.gov.ar\/prensa\/wp-json\/wp\/v2\/types\/post"}],"author":[{"embeddable":true,"href":"https:\/\/www.mendoza.gov.ar\/prensa\/wp-json\/wp\/v2\/users\/76"}],"replies":[{"embeddable":true,"href":"https:\/\/www.mendoza.gov.ar\/prensa\/wp-json\/wp\/v2\/comments?post=253578"}],"version-history":[{"count":2,"href":"https:\/\/www.mendoza.gov.ar\/prensa\/wp-json\/wp\/v2\/posts\/253578\/revisions"}],"predecessor-version":[{"id":253584,"href":"https:\/\/www.mendoza.gov.ar\/prensa\/wp-json\/wp\/v2\/posts\/253578\/revisions\/253584"}],"wp:featuredmedia":[{"embeddable":true,"href":"https:\/\/www.mendoza.gov.ar\/prensa\/wp-json\/wp\/v2\/media\/253582"}],"wp:attachment":[{"href":"https:\/\/www.mendoza.gov.ar\/prensa\/wp-json\/wp\/v2\/media?parent=253578"}],"wp:term":[{"taxonomy":"category","embeddable":true,"href":"https:\/\/www.mendoza.gov.ar\/prensa\/wp-json\/wp\/v2\/categories?post=253578"},{"taxonomy":"post_tag","embeddable":true,"href":"https:\/\/www.mendoza.gov.ar\/prensa\/wp-json\/wp\/v2\/tags?post=253578"}],"curies":[{"name":"wp","href":"https:\/\/api.w.org\/{rel}","templated":true}]}}