{"id":254792,"date":"2020-12-26T10:57:47","date_gmt":"2020-12-26T13:57:47","guid":{"rendered":"https:\/\/www.mendoza.gov.ar\/prensa\/?p=254792"},"modified":"2020-12-26T10:57:48","modified_gmt":"2020-12-26T13:57:48","slug":"por-cuarto-ano-consecutivo-el-gobierno-amplia-los-servicios-de-salud-en-el-manzano-historico","status":"publish","type":"post","link":"https:\/\/www.mendoza.gov.ar\/prensa\/por-cuarto-ano-consecutivo-el-gobierno-amplia-los-servicios-de-salud-en-el-manzano-historico\/","title":{"rendered":"Por cuarto a\u00f1o consecutivo el Gobierno ampl\u00eda los servicios de salud en el Manzano Hist\u00f3rico"},"content":{"rendered":"<!DOCTYPE html PUBLIC \"-\/\/W3C\/\/DTD HTML 4.0 Transitional\/\/EN\" \"http:\/\/www.w3.org\/TR\/REC-html40\/loose.dtd\">\n<html><body><h5>El refuerzo de la asistencia sanitaria y de emergencia en este paraje rural de Tunuy&aacute;n, ya inici&oacute; y se mantendr&aacute; durante toda la temporada tur&iacute;stica. Habr&aacute; guardias de 24 horas en esta zona de monta&ntilde;a del Valle de Uco.&nbsp;<\/h5>\n\n\n\n<p>El Manzano Hist&oacute;rico es un paraje rural de Tunuy&aacute;n, muy concurrido por turistas de todo el pa&iacute;s en temporada de verano e invierno. Habitualmente, por la cantidad de habitantes que all&iacute; viven, cuenta con un Centro de Atenci&oacute;n Primaria para brindar los servicios de Salud&nbsp; diarios.<\/p>\n\n\n\n<p>En los &uacute;ltimos 15 a&ntilde;os, esta zona ha obtenido un crecimiento tur&iacute;stico exponencial y sin pausa y miles de personas en temporada alta, visitan la zona atra&iacute;dos por su paisaje y por sus lugares hist&oacute;ricos. Es por ello que el Gobierno provincial desde hace cuatro a&ntilde;os, en esta zona y en el inicio de cada temporada tur&iacute;stica (ya sea de verano o de invierno) ampl&iacute;a los servicios de salud y la cobertura de emergencias durante los meses en que concurren visitantes.<\/p>\n\n\n\n<p>Principalmente, este lugar cuenta con un servicio de emergencias las&nbsp;24 horas, con ambulancia y enfermer&iacute;a. Esto sucede de lunes a lunes: un equipo preparado para atender cualquier emergencia que pueda llegar a presentarse en el paraje del Valle de Uco.&nbsp;Adem&aacute;s, todos los domingos &ndash; el d&iacute;a de mayor concurrencia tur&iacute;stica- hay profesionales m&eacute;dicos durante toda la jornada.<\/p>\n\n\n\n<p>Este nuevo sistema de emergencias, establecido para toda la temporada de verano, ya se encuentra activo y prestando servicios desde el 15 de diciembre y lo har&aacute; hasta el 15 de febrero. Es llevado adelante por el Ministerio de Salud y solo es posible mediante la contrataci&oacute;n de nuevo personal y la incorporaci&oacute;n de nuevos recursos. Una vez finalizada la temporada tur&iacute;stica quedar&aacute; el Centro de Salud en su habitual funcionamiento para volver a reactivarse en &eacute;poca tur&iacute;stica invernal.&nbsp;<\/p>\n\n\n\n<figure class=\"wp-block-gallery columns-2\"><ul class=\"blocks-gallery-grid\"><li class=\"blocks-gallery-item\"><figure><a href=\"https:\/\/www.mendoza.gov.ar\/wp-content\/uploads\/sites\/5\/2020\/12\/Centro-de-Salud-Manzano-Historico.jpg\"><img loading=\"lazy\" width=\"480\" height=\"360\" src=\"https:\/\/www.mendoza.gov.ar\/wp-content\/uploads\/sites\/5\/2020\/12\/Centro-de-Salud-Manzano-Historico.jpg\" alt=\"\" data-id=\"254793\" data-link=\"https:\/\/www.mendoza.gov.ar\/prensa\/?attachment_id=254793\" class=\"wp-image-254793 img-responsive center-block\" srcset=\"https:\/\/www.mendoza.gov.ar\/wp-content\/uploads\/sites\/5\/2020\/12\/Centro-de-Salud-Manzano-Historico.jpg 480w, https:\/\/www.mendoza.gov.ar\/wp-content\/uploads\/sites\/5\/2020\/12\/Centro-de-Salud-Manzano-Historico-250x188.jpg 250w, https:\/\/www.mendoza.gov.ar\/wp-content\/uploads\/sites\/5\/2020\/12\/Centro-de-Salud-Manzano-Historico-120x90.jpg 120w\" sizes=\"(max-width: 480px) 100vw, 480px\"><\/a><\/figure><\/li><li class=\"blocks-gallery-item\"><figure><a href=\"https:\/\/www.mendoza.gov.ar\/wp-content\/uploads\/sites\/5\/2020\/12\/centro-de-salud-manzano.jpg\"><img loading=\"lazy\" width=\"700\" height=\"394\" src=\"https:\/\/www.mendoza.gov.ar\/wp-content\/uploads\/sites\/5\/2020\/12\/centro-de-salud-manzano.jpg\" alt=\"\" data-id=\"254794\" data-full-url=\"https:\/\/www.mendoza.gov.ar\/wp-content\/uploads\/sites\/5\/2020\/12\/centro-de-salud-manzano.jpg\" data-link=\"https:\/\/www.mendoza.gov.ar\/prensa\/?attachment_id=254794\" class=\"wp-image-254794 img-responsive center-block\" srcset=\"https:\/\/www.mendoza.gov.ar\/wp-content\/uploads\/sites\/5\/2020\/12\/centro-de-salud-manzano.jpg 700w, https:\/\/www.mendoza.gov.ar\/wp-content\/uploads\/sites\/5\/2020\/12\/centro-de-salud-manzano-250x141.jpg 250w, https:\/\/www.mendoza.gov.ar\/wp-content\/uploads\/sites\/5\/2020\/12\/centro-de-salud-manzano-120x68.jpg 120w\" sizes=\"(max-width: 700px) 100vw, 700px\"><\/a><\/figure><\/li><\/ul><\/figure>\n<\/body><\/html>\n","protected":false},"excerpt":{"rendered":"El refuerzo de la asistencia sanitaria y de emergencia en este paraje rural de Tunuy&aacute;n, ya inici&oacute; y se mantendr&aacute; durante toda la temporada tur&iacute;stica. Habr&aacute; guardias de 24 horas en esta zona de monta&ntilde;a del Valle de Uco.&nbsp; El Manzano Hist&oacute;rico es un paraje rural de Tunuy&aacute;n, muy concurrido por turistas de todo el&#8230; <a class=\"view-article\" href=\"https:\/\/www.mendoza.gov.ar\/prensa\/por-cuarto-ano-consecutivo-el-gobierno-amplia-los-servicios-de-salud-en-el-manzano-historico\/\"><\/a>","protected":false},"author":61,"featured_media":254793,"comment_status":"open","ping_status":"open","sticky":false,"template":"","format":"standard","meta":[],"categories":[32],"tags":[],"_links":{"self":[{"href":"https:\/\/www.mendoza.gov.ar\/prensa\/wp-json\/wp\/v2\/posts\/254792"}],"collection":[{"href":"https:\/\/www.mendoza.gov.ar\/prensa\/wp-json\/wp\/v2\/posts"}],"about":[{"href":"https:\/\/www.mendoza.gov.ar\/prensa\/wp-json\/wp\/v2\/types\/post"}],"author":[{"embeddable":true,"href":"https:\/\/www.mendoza.gov.ar\/prensa\/wp-json\/wp\/v2\/users\/61"}],"replies":[{"embeddable":true,"href":"https:\/\/www.mendoza.gov.ar\/prensa\/wp-json\/wp\/v2\/comments?post=254792"}],"version-history":[{"count":1,"href":"https:\/\/www.mendoza.gov.ar\/prensa\/wp-json\/wp\/v2\/posts\/254792\/revisions"}],"predecessor-version":[{"id":254795,"href":"https:\/\/www.mendoza.gov.ar\/prensa\/wp-json\/wp\/v2\/posts\/254792\/revisions\/254795"}],"wp:featuredmedia":[{"embeddable":true,"href":"https:\/\/www.mendoza.gov.ar\/prensa\/wp-json\/wp\/v2\/media\/254793"}],"wp:attachment":[{"href":"https:\/\/www.mendoza.gov.ar\/prensa\/wp-json\/wp\/v2\/media?parent=254792"}],"wp:term":[{"taxonomy":"category","embeddable":true,"href":"https:\/\/www.mendoza.gov.ar\/prensa\/wp-json\/wp\/v2\/categories?post=254792"},{"taxonomy":"post_tag","embeddable":true,"href":"https:\/\/www.mendoza.gov.ar\/prensa\/wp-json\/wp\/v2\/tags?post=254792"}],"curies":[{"name":"wp","href":"https:\/\/api.w.org\/{rel}","templated":true}]}}