{"id":255853,"date":"2021-01-10T08:04:00","date_gmt":"2021-01-10T11:04:00","guid":{"rendered":"https:\/\/www.mendoza.gov.ar\/prensa\/?p=255853"},"modified":"2021-01-08T17:33:32","modified_gmt":"2021-01-08T20:33:32","slug":"economia-reunio-a-referentes-municipales-de-la-zona-este-de-cara-a-la-cosecha-viticola","status":"publish","type":"post","link":"https:\/\/www.mendoza.gov.ar\/prensa\/economia-reunio-a-referentes-municipales-de-la-zona-este-de-cara-a-la-cosecha-viticola\/","title":{"rendered":"Econom\u00eda reuni\u00f3 a referentes municipales de la zona Este de cara a la cosecha vit\u00edcola"},"content":{"rendered":"<!DOCTYPE html PUBLIC \"-\/\/W3C\/\/DTD HTML 4.0 Transitional\/\/EN\" \"http:\/\/www.w3.org\/TR\/REC-html40\/loose.dtd\">\n<html><body><h5>Mediante un encuentro virtual, las titulares de Agricultura y de Empleo y Capacitaci&oacute;n, brindaron detalles de avance en los programas Reinventa, Enlace y Mendoza Activa. Tambi&eacute;n trataron temas vinculados a protocolos y transporte de los trabajadores en pandemia.<\/h5>\n\n\n\n<p>El Ministerio de Econom&iacute;a y Energ&iacute;a, a trav&eacute;s de las Direcciones de Agricultura y de Empleo y Capacitaci&oacute;n, reuni&oacute; a referentes municipales de los departamentos que conforman la Zona Este provincial.<\/p>\n\n\n\n<p>El objetivo de este nuevo espacio de trabajo, el cual se llev&oacute; a cabo a trav&eacute;s de la plataforma de reuniones virtuales Zoom, tuvo que ver con dar a conocer los detalles de avance de los programas Reinventa y Enlace como as&iacute; tambi&eacute;n los protocolos agr&iacute;colas que se deben implementar en campo y durante el transporte de los trabajadores a los efectos de reducir las posibilidades de propagaci&oacute;n del virus COVID-19.<\/p>\n\n\n\n<p>Del encuentro participaron Valentina Navarro Canafoglia, directora provincial de Agricultura y Emilce Vega Espinoza, Directora Territorial de Empleo y Capacitaci&oacute;n, quienes desarrollaron los contenidos del encuentro a referentes municipales de San Mart&iacute;n, Jun&iacute;n, Santa Rosa, Rivadavia y La Paz.<\/p>\n\n\n\n<p>El motivo de esta reuni&oacute;n tiene que ver con poner a disposici&oacute;n de los municipios y sus productores estas herramientas que fueron creadas a los efectos de contrarrestar el impacto econ&oacute;mico generado por la pandemia de COVID-19, los inconvenientes que se produjeron a ra&iacute;z del cierre de fronteras y la imposibilidad de ingresar que tienen los trabajadores oriundos de otras provincias&rdquo;, coment&oacute; Navarro Canafoglia.<\/p>\n\n\n\n<p>&ldquo;Nosotros hemos enviado el listado de personas registradas a cada municipio. Son estas instituciones las que tienen el contacto directo con sus productores. Hemos enviado el listado a todas las instituciones representativas del sector para que puedan contactarse de forma directa con los trabajadores y se ha elaborado un listado de transportes que est&aacute;n disponibles para el traslado de los cosechadores&rdquo;, coment&oacute; por su parte Vega Espinoza.<\/p>\n\n\n\n<p>La funcionaria a cargo de Empleo y Capacitaci&oacute;n hizo hincapi&eacute;, adem&aacute;s, en que son muchas las instituciones que est&aacute;n comprometidas con la implementaci&oacute;n de este programa. En este sentido puso como ejemplo un caso espec&iacute;fico: &ldquo;Capital est&aacute; trabajando, por ejemplo, con personas del barrio Flores. A trav&eacute;s de una iglesia que se ha puesto a disposici&oacute;n para trasladar a estos trabajadores. Este es un claro ejemplo de articulaci&oacute;n, municipio, productores y trabajadores&rdquo;.<\/p>\n\n\n\n<p>A su vez, Vega Espinoza hizo referencia al Programa de Sostenimiento al Empleo el cual depende de Naci&oacute;n: &ldquo;Es un programa latente y es una buena oportunidad para que se pueda acceder a fondos que permitan activar el empleo. Adem&aacute;s, es una buena oportunidad para que acompa&ntilde;en a las necesidades que expresar&aacute; la provincia en Naci&oacute;n&rdquo;.<\/p>\n\n\n\n<p>Pablo Busetti, del &aacute;rea de Desarrollo Econ&oacute;mico de la Municipalidad de Rivadavia coment&oacute; que en su comuna reci&eacute;n se est&aacute; realizando los primeros trabajos de cosecha de algunos frutos y adelant&oacute; que por el momento se est&aacute;n pudiendo llevar adelante gracias a la mano de obra local pero que una vez que se pongan en marcha el resto de las cosechas la situaci&oacute;n requerir&aacute; de mayor atenci&oacute;n para dar respuesta a las necesidades de los productores. &ldquo;La cosecha ser&aacute; compleja&rdquo;, enfatiz&oacute; el funcionario.<\/p>\n\n\n\n<p>Jos&eacute; Pelaez, del &aacute;rea de Desarrollo Econ&oacute;mico de Santa Rosa, se&ntilde;al&oacute; que en cuanto a la actividad agr&iacute;cola en su departamento est&aacute;n muy complicados: &ldquo;Muchos productores son parte de la emergencia agropecuaria. Tenemos muchas hect&aacute;reas con un alto porcentaje de afectaci&oacute;n por granizo &uacute;ltimamente. Necesitamos brindar asistencia a nuestros productores.<\/p>\n\n\n\n<p>Por su parte, Gustavo Gil, de la Municipalidad de Jun&iacute;n, agreg&oacute;: &ldquo;Nosotros estamos propiciando que la cosecha se adelante por las dudas que se complique el tema de mano de obra. Nuestros jardines maternales ya est&aacute;n abiertos en el caso de poner en marcha un centro de cosecha. A su vez, estamos trabajando para que todos nuestros productores cumplan con los protocolos sanitarios&rdquo;.<\/p>\n\n\n\n<p>En este sentido, Navarro Canafoglia agreg&oacute;: &ldquo;Hemos logrado llegar a m&aacute;s de 10 mil inscriptos en el programa Reinventa. Al momento de pensar en este n&uacute;mero como base, responde a los datos brindados por la CNRT de aquellas personas que salieron de la provincia en la temporada de cosecha anterior. Tenemos que estar preparados, la intenci&oacute;n de esta reuni&oacute;n es poner a disposici&oacute;n esta herramienta para que en caso que se requiera de este servicio, est&eacute; disponible&rdquo;.<\/p>\n\n\n\n<p>Al respecto Vega Espinoza, se&ntilde;al&oacute;: &ldquo;Con Reinventa buscamos generar un puente entre la oferta y la demanda. Luego, el v&iacute;nculo que se logre entre el productor y el cosechador, ser&aacute; de car&aacute;cter privado. Nuestra cartera no tiene injerencia en el acuerdo que se genere entre ambas partes&rdquo;.<\/p>\n\n\n\n<p>Por otra parte, Navarro Canafoglia hizo referencia al programa Mendoza Activa y su implementaci&oacute;n en algunos departamentos de Zona Este: &ldquo;Estamos trabajando para que se impulsen nuevos proyectos vinculados a la producci&oacute;n forrajera en esta zona provincial&rdquo;.<\/p>\n\n\n\n<p>Por &uacute;ltimo, la funcionaria record&oacute; que el adherir a la Buenas Pr&aacute;cticas Agr&iacute;colas (BPA), ser&aacute; de car&aacute;cter obligatorio para el sector: &ldquo;Vamos a desarrollar una planificaci&oacute;n con ISCAMEN ya que necesitamos que los productores hort&iacute;colas y frut&iacute;colas comiencen a inscribirse en el Registro Nacional Sanitario de Productores Agropecuarios (RENSPA).<\/p>\n\n\n\n<figure class=\"wp-block-gallery columns-1\"><ul class=\"blocks-gallery-grid\"><li class=\"blocks-gallery-item\"><figure><a href=\"https:\/\/www.mendoza.gov.ar\/wp-content\/uploads\/sites\/5\/2021\/01\/b89237c6-62f1-4c67-9bc6-f1f3992e2459.jpg\"><img loading=\"lazy\" width=\"700\" height=\"315\" src=\"https:\/\/www.mendoza.gov.ar\/wp-content\/uploads\/sites\/5\/2021\/01\/b89237c6-62f1-4c67-9bc6-f1f3992e2459-700x315.jpg\" alt=\"\" data-id=\"255854\" data-full-url=\"https:\/\/www.mendoza.gov.ar\/wp-content\/uploads\/sites\/5\/2021\/01\/b89237c6-62f1-4c67-9bc6-f1f3992e2459.jpg\" data-link=\"https:\/\/www.mendoza.gov.ar\/prensa\/?attachment_id=255854\" class=\"wp-image-255854 img-responsive center-block\" srcset=\"https:\/\/www.mendoza.gov.ar\/wp-content\/uploads\/sites\/5\/2021\/01\/b89237c6-62f1-4c67-9bc6-f1f3992e2459-700x315.jpg 700w, https:\/\/www.mendoza.gov.ar\/wp-content\/uploads\/sites\/5\/2021\/01\/b89237c6-62f1-4c67-9bc6-f1f3992e2459-250x113.jpg 250w, https:\/\/www.mendoza.gov.ar\/wp-content\/uploads\/sites\/5\/2021\/01\/b89237c6-62f1-4c67-9bc6-f1f3992e2459-768x346.jpg 768w, https:\/\/www.mendoza.gov.ar\/wp-content\/uploads\/sites\/5\/2021\/01\/b89237c6-62f1-4c67-9bc6-f1f3992e2459-120x54.jpg 120w, https:\/\/www.mendoza.gov.ar\/wp-content\/uploads\/sites\/5\/2021\/01\/b89237c6-62f1-4c67-9bc6-f1f3992e2459.jpg 1280w\" sizes=\"(max-width: 700px) 100vw, 700px\"><\/a><\/figure><\/li><\/ul><\/figure>\n\n\n\n<div class=\"wp-block-group\"><div class=\"wp-block-group__inner-container\">\n<figure class=\"wp-block-image\" id=\"block-6ced38ce-cf36-43a4-bda2-6d6ecc045941\"><img src=\"https:\/\/www.mendoza.gov.ar\/prensa\/wp-content\/uploads\/sites\/5\/2020\/03\/WhatsApp-Image-2020-03-17-at-6.23.29-PM-1.jpeg\" alt=\"Esta imagen tiene un atributo alt vac&iacute;o; el nombre del archivo es WhatsApp-Image-2020-03-17-at-6.23.29-PM-1.jpeg\" class=\" img-responsive center-block\"><\/figure>\n\n\n\n<p class=\"has-text-align-center\" id=\"block-4672d608-8a30-472c-91ba-07e641c39018\"><a rel=\"noreferrer noopener\" href=\"https:\/\/www.mendoza.gov.ar\/prensa\/covid-19\/\" target=\"_blank\"><strong>Clic aqu&iacute; para ver m&aacute;s noticias sobre coronavirus<\/strong><\/a><\/p>\n\n\n\n<figure class=\"wp-block-image\" id=\"block-679c5d04-4f24-4464-a49a-df7b140e38eb\"><img src=\"https:\/\/www.mendoza.gov.ar\/prensa\/wp-content\/uploads\/sites\/5\/2020\/03\/WhatsApp-Image-2020-03-17-at-6.23.29-PM-1.jpeg\" alt=\"Esta imagen tiene un atributo alt vac&iacute;o; el nombre del archivo es WhatsApp-Image-2020-03-17-at-6.23.29-PM-1.jpeg\" class=\" img-responsive center-block\"><\/figure>\n\n\n\n<p class=\"has-text-align-center\" id=\"block-e70c843d-9c55-4a54-a13e-110b356d59f8\"><strong><a rel=\"noreferrer noopener\" href=\"https:\/\/www.mendoza.gov.ar\/prensa\/comunicados\/\" target=\"_blank\">Clic aqu&iacute; para ver los comunicados del Ministerio de Salud<\/a><\/strong><\/p>\n\n\n\n<figure class=\"wp-block-image\" id=\"block-55da5334-2597-4644-a2ad-ad62409c9f96\"><img src=\"https:\/\/www.mendoza.gov.ar\/prensa\/wp-content\/uploads\/sites\/5\/2020\/03\/WhatsApp-Image-2020-03-17-at-6.23.29-PM-1.jpeg\" alt=\"Esta imagen tiene un atributo alt vac&iacute;o; el nombre del archivo es WhatsApp-Image-2020-03-17-at-6.23.29-PM-1.jpeg\" class=\" img-responsive center-block\"><\/figure>\n\n\n\n<p class=\"has-text-align-center\" id=\"block-f052e2af-737b-4a93-aa6a-293bed4ff9e2\"><strong><a rel=\"noreferrer noopener\" href=\"https:\/\/www.mendoza.gov.ar\/coronavirus\" target=\"_blank\">www.mendoza.gov.ar\/coronavirus<\/a><\/strong><\/p>\n<\/div><\/div>\n<\/body><\/html>\n","protected":false},"excerpt":{"rendered":"Mediante un encuentro virtual, las titulares de Agricultura y de Empleo y Capacitaci&oacute;n, brindaron detalles de avance en los programas Reinventa, Enlace y Mendoza Activa. Tambi&eacute;n trataron temas vinculados a protocolos y transporte de los trabajadores en pandemia. El Ministerio de Econom&iacute;a y Energ&iacute;a, a trav&eacute;s de las Direcciones de Agricultura y de Empleo y&#8230; <a class=\"view-article\" href=\"https:\/\/www.mendoza.gov.ar\/prensa\/economia-reunio-a-referentes-municipales-de-la-zona-este-de-cara-a-la-cosecha-viticola\/\"><\/a>","protected":false},"author":68,"featured_media":255854,"comment_status":"open","ping_status":"open","sticky":false,"template":"","format":"standard","meta":[],"categories":[15],"tags":[],"_links":{"self":[{"href":"https:\/\/www.mendoza.gov.ar\/prensa\/wp-json\/wp\/v2\/posts\/255853"}],"collection":[{"href":"https:\/\/www.mendoza.gov.ar\/prensa\/wp-json\/wp\/v2\/posts"}],"about":[{"href":"https:\/\/www.mendoza.gov.ar\/prensa\/wp-json\/wp\/v2\/types\/post"}],"author":[{"embeddable":true,"href":"https:\/\/www.mendoza.gov.ar\/prensa\/wp-json\/wp\/v2\/users\/68"}],"replies":[{"embeddable":true,"href":"https:\/\/www.mendoza.gov.ar\/prensa\/wp-json\/wp\/v2\/comments?post=255853"}],"version-history":[{"count":2,"href":"https:\/\/www.mendoza.gov.ar\/prensa\/wp-json\/wp\/v2\/posts\/255853\/revisions"}],"predecessor-version":[{"id":255880,"href":"https:\/\/www.mendoza.gov.ar\/prensa\/wp-json\/wp\/v2\/posts\/255853\/revisions\/255880"}],"wp:featuredmedia":[{"embeddable":true,"href":"https:\/\/www.mendoza.gov.ar\/prensa\/wp-json\/wp\/v2\/media\/255854"}],"wp:attachment":[{"href":"https:\/\/www.mendoza.gov.ar\/prensa\/wp-json\/wp\/v2\/media?parent=255853"}],"wp:term":[{"taxonomy":"category","embeddable":true,"href":"https:\/\/www.mendoza.gov.ar\/prensa\/wp-json\/wp\/v2\/categories?post=255853"},{"taxonomy":"post_tag","embeddable":true,"href":"https:\/\/www.mendoza.gov.ar\/prensa\/wp-json\/wp\/v2\/tags?post=255853"}],"curies":[{"name":"wp","href":"https:\/\/api.w.org\/{rel}","templated":true}]}}