{"id":256825,"date":"2021-01-20T12:29:51","date_gmt":"2021-01-20T15:29:51","guid":{"rendered":"https:\/\/www.mendoza.gov.ar\/prensa\/?p=256825"},"modified":"2021-01-20T16:38:34","modified_gmt":"2021-01-20T19:38:34","slug":"habilitaran-salidas-por-controles-medicos-a-adultos-mayores-que-residen-en-geriatricos","status":"publish","type":"post","link":"https:\/\/www.mendoza.gov.ar\/prensa\/habilitaran-salidas-por-controles-medicos-a-adultos-mayores-que-residen-en-geriatricos\/","title":{"rendered":"Habilitar\u00e1n salidas por controles m\u00e9dicos a adultos mayores que residen en geri\u00e1tricos"},"content":{"rendered":"<!DOCTYPE html PUBLIC \"-\/\/W3C\/\/DTD HTML 4.0 Transitional\/\/EN\" \"http:\/\/www.w3.org\/TR\/REC-html40\/loose.dtd\">\n<html><body><h5>El prop&oacute;sito es prevenir y orientar acciones que favorezcan el cuidado de la salud de los residentes en relaci&oacute;n a la pandemia COVID-19.<\/h5>\n\n\n\n<p>El Ministerio de Salud, Desarrollo Social y Deportes dio a conocer una serie de recomendaciones a geri&aacute;tricos que ya est&aacute;n vigentes y se suman a las medidas establecidas en el protocolo vigente.<\/p>\n\n\n\n<p>Esta modificaci&oacute;n viene a ampliar las recomendaciones anteriores, y a partir de ahora se posibilitar&aacute; realizar una salida a los residentes de hogares con el objetivo de no descuidar los controles de salud necesarios, siempre bajo el cumplimiento de todos los requisitos<\/p>\n\n\n\n<p>El objetivo es prevenir y orientar acciones que favorezcan el cuidado de la salud de los residentes en establecimientos de adultos mayores.<\/p>\n\n\n\n<p>Estas recomendaciones deber&aacute;n aplicarse en todas las Residencias de Adultos Mayores y Hogares de Residencia de Personas con Discapacidad, en todo el territorio de la provincia. A continuaci&oacute;n, se detallan los puntos:<\/p>\n\n\n\n<ul><li>Ser&aacute;n consideradas salidas de control y\/o tratamiento m&eacute;dico-odontol&oacute;gico aquellas que no superen las 6hs entre la salida y el ingreso a la residencia (salida en el d&iacute;a), y no se consideran REINGRESOS.<\/li><\/ul>\n\n\n\n<ul><li>En caso de que el residente cuente con un turno programado y la residencia (Instituciones) tenga casos sospechosos y\/o confirmados de<\/li><li>COVID-19 de residentes y\/o personal, deber&aacute; reprogramarse el turno hasta que la autoridad sanitaria de por finalizado el brote de la instituci&oacute;n o investigaci&oacute;n de casos<\/li><\/ul>\n\n\n\n<ul><li>Se deber&aacute; notificar al Ministerio de Salud a trav&eacute;s del formulario la salida de control y\/o tratamiento de residentes. <a href=\"https:\/\/forms.gle\/tPFVsPtJPPaPnTtY6\">https:\/\/forms.gle\/tPFVsPtJPPaPnTtY6<\/a><\/li><\/ul>\n\n\n\n<ul><li>Durante todo el per&iacute;odo de salida el residente y su acompa&ntilde;ante deber&aacute;n hacer uso de tapaboca o barbijo quir&uacute;rgico.<\/li><li>Se recomienda frecuente higiene de manos con agua y jab&oacute;n o alcohol (en gel o al 70%).<\/li><\/ul>\n\n\n\n<ul><li>Mail de contacto para notificaciones- consultas:&nbsp; <a href=\"mailto:estrategiageriatrico@gmail.com\">estrategiageriatrico@gmail.com<\/a><\/li><\/ul>\n\n\n\n<p>Adem&aacute;s, las medidas que siguen vigentes de acuerdo al Protocolo de visitas de residentes de instituciones para adultos mayores y hogares de residencia de personas con discapacidad espec&iacute;ficamente en relaci&oacute;n a la pandemia COVID-19, son las siguientes:<\/p>\n\n\n\n<p>Las instituciones deber&aacute;n contar con un espacio definido, identificado y debidamente se&ntilde;alizado para el ingreso de la visita, que deber&aacute; cumplir con el correcto aislamiento respecto al resto de la instituci&oacute;n y ser acondicionado con todos los elementos de bioseguridad (alcohol en gel o al 70%, agua y jab&oacute;n para el lavado de manos). En tanto que al visitante se le controlar&aacute; la temperatura corporal y al igual que el residente, deber&aacute; usar barbijo, tapaboca o m&aacute;scara. El visitante solo podr&aacute; entrar m&aacute;s all&aacute; del espacio destinado a tal fin en casos de pacientes terminales o postrados. Ingresar&aacute; una persona por residente y deber&aacute; permanecer media hora.<\/p>\n\n\n\n<p>Las instituciones deber&aacute;n tener 14 d&iacute;as sin casos y en caso de que aparezcan sospechosos o confirmados de COVID-19, se suspender&aacute;n de inmediato las visitas en el marco del presente protocolo hasta culminar el brote activo, independientemente si se&nbsp; encuentran programadas o no.<\/p>\n\n\n\n<p>Las Instituciones deber&aacute;n confeccionar un registro diario de las visitas, (libro de actas), donde conste: fecha y hora de la misma; Nombre, Apellido y DNI de la visita y del residente, tel&eacute;fono de contacto y Declaraci&oacute;n Jurada de Salud de la visita (en el Anexo I). Adem&aacute;s, se deber&aacute; adjuntar diariamente a dicho registro una Declaraci&oacute;n Jurada por parte de la Instituci&oacute;n donde conste que no tienen residentes o personal confirmados, sospechosos y\/o sintom&aacute;ticos compatibles con COVID-19. Asimismo, estas instituciones deber&aacute;n enviar, semanalmente, un cronograma de visitas al correo electr&oacute;nico <a href=\"mailto:estrategiageriatrico@gmail.com\">estrategiageriatrico@gmail.com<\/a> .&nbsp;<\/p>\n\n\n\n<p>En el caso de que un residente no pueda ser trasladado a un espacio destinado para visitas, por su condici&oacute;n f&iacute;sica o por encontrarse en una etapa terminal de la vida; el responsable m&eacute;dico de la instituci&oacute;n o quien lleve adelante el control cl&iacute;nico de esa persona, dejar&aacute; constancia de esta situaci&oacute;n en la Historia Cl&iacute;nica. De este modo se podr&aacute; otorgar una excepci&oacute;n para que el visitante ingrese a la residencia m&aacute;s all&aacute; del espacio destinado a tal fin.<\/p>\n\n\n\n<p>Ante el incumplimiento de lo establecido en este protocolo podr&aacute; dar lugar a sanciones administrativas, civiles o penales seg&uacute;n corresponda.<\/p>\n\n\n\n<figure class=\"wp-block-gallery columns-0 is-cropped\"><ul class=\"blocks-gallery-grid\"><\/ul><\/figure>\n\n\n\n<figure class=\"wp-block-image\" id=\"block-6ced38ce-cf36-43a4-bda2-6d6ecc045941\"><img src=\"https:\/\/www.mendoza.gov.ar\/prensa\/wp-content\/uploads\/sites\/5\/2020\/03\/WhatsApp-Image-2020-03-17-at-6.23.29-PM-1.jpeg\" alt=\"Esta imagen tiene un atributo alt vac&iacute;o; el nombre del archivo es WhatsApp-Image-2020-03-17-at-6.23.29-PM-1.jpeg\" class=\" img-responsive center-block\"><\/figure>\n\n\n\n<p class=\"has-text-align-center\" id=\"block-4672d608-8a30-472c-91ba-07e641c39018\"><a rel=\"noreferrer noopener\" href=\"https:\/\/www.mendoza.gov.ar\/prensa\/covid-19\/\" target=\"_blank\"><strong>Clic aqu&iacute; para ver m&aacute;s noticias sobre coronavirus<\/strong><\/a><\/p>\n\n\n\n<figure class=\"wp-block-image\" id=\"block-679c5d04-4f24-4464-a49a-df7b140e38eb\"><img src=\"https:\/\/www.mendoza.gov.ar\/prensa\/wp-content\/uploads\/sites\/5\/2020\/03\/WhatsApp-Image-2020-03-17-at-6.23.29-PM-1.jpeg\" alt=\"Esta imagen tiene un atributo alt vac&iacute;o; el nombre del archivo es WhatsApp-Image-2020-03-17-at-6.23.29-PM-1.jpeg\" class=\" img-responsive center-block\"><\/figure>\n\n\n\n<p class=\"has-text-align-center\" id=\"block-e70c843d-9c55-4a54-a13e-110b356d59f8\"><strong><a rel=\"noreferrer noopener\" href=\"https:\/\/www.mendoza.gov.ar\/prensa\/comunicados\/\" target=\"_blank\">Clic aqu&iacute; para ver los comunicados del Ministerio de Salud<\/a><\/strong><\/p>\n\n\n\n<figure class=\"wp-block-image\" id=\"block-55da5334-2597-4644-a2ad-ad62409c9f96\"><img src=\"https:\/\/www.mendoza.gov.ar\/prensa\/wp-content\/uploads\/sites\/5\/2020\/03\/WhatsApp-Image-2020-03-17-at-6.23.29-PM-1.jpeg\" alt=\"Esta imagen tiene un atributo alt vac&iacute;o; el nombre del archivo es WhatsApp-Image-2020-03-17-at-6.23.29-PM-1.jpeg\" class=\" img-responsive center-block\"><\/figure>\n\n\n\n<p class=\"has-text-align-center\" id=\"block-f052e2af-737b-4a93-aa6a-293bed4ff9e2\"><strong><a rel=\"noreferrer noopener\" href=\"https:\/\/www.mendoza.gov.ar\/coronavirus\" target=\"_blank\">www.mendoza.gov.ar\/coronavirus<\/a><\/strong><\/p>\n<\/body><\/html>\n","protected":false},"excerpt":{"rendered":"El prop&oacute;sito es prevenir y orientar acciones que favorezcan el cuidado de la salud de los residentes en relaci&oacute;n a la pandemia COVID-19. El Ministerio de Salud, Desarrollo Social y Deportes dio a conocer una serie de recomendaciones a geri&aacute;tricos que ya est&aacute;n vigentes y se suman a las medidas establecidas en el protocolo vigente&#8230;. <a class=\"view-article\" href=\"https:\/\/www.mendoza.gov.ar\/prensa\/habilitaran-salidas-por-controles-medicos-a-adultos-mayores-que-residen-en-geriatricos\/\"><\/a>","protected":false},"author":66,"featured_media":105030,"comment_status":"open","ping_status":"open","sticky":false,"template":"","format":"standard","meta":[],"categories":[32],"tags":[],"_links":{"self":[{"href":"https:\/\/www.mendoza.gov.ar\/prensa\/wp-json\/wp\/v2\/posts\/256825"}],"collection":[{"href":"https:\/\/www.mendoza.gov.ar\/prensa\/wp-json\/wp\/v2\/posts"}],"about":[{"href":"https:\/\/www.mendoza.gov.ar\/prensa\/wp-json\/wp\/v2\/types\/post"}],"author":[{"embeddable":true,"href":"https:\/\/www.mendoza.gov.ar\/prensa\/wp-json\/wp\/v2\/users\/66"}],"replies":[{"embeddable":true,"href":"https:\/\/www.mendoza.gov.ar\/prensa\/wp-json\/wp\/v2\/comments?post=256825"}],"version-history":[{"count":1,"href":"https:\/\/www.mendoza.gov.ar\/prensa\/wp-json\/wp\/v2\/posts\/256825\/revisions"}],"predecessor-version":[{"id":256827,"href":"https:\/\/www.mendoza.gov.ar\/prensa\/wp-json\/wp\/v2\/posts\/256825\/revisions\/256827"}],"wp:featuredmedia":[{"embeddable":true,"href":"https:\/\/www.mendoza.gov.ar\/prensa\/wp-json\/wp\/v2\/media\/105030"}],"wp:attachment":[{"href":"https:\/\/www.mendoza.gov.ar\/prensa\/wp-json\/wp\/v2\/media?parent=256825"}],"wp:term":[{"taxonomy":"category","embeddable":true,"href":"https:\/\/www.mendoza.gov.ar\/prensa\/wp-json\/wp\/v2\/categories?post=256825"},{"taxonomy":"post_tag","embeddable":true,"href":"https:\/\/www.mendoza.gov.ar\/prensa\/wp-json\/wp\/v2\/tags?post=256825"}],"curies":[{"name":"wp","href":"https:\/\/api.w.org\/{rel}","templated":true}]}}