{"id":257458,"date":"2021-01-26T12:36:33","date_gmt":"2021-01-26T15:36:33","guid":{"rendered":"https:\/\/www.mendoza.gov.ar\/prensa\/?p=257458"},"modified":"2021-01-26T13:20:02","modified_gmt":"2021-01-26T16:20:02","slug":"inauguraron-refugio-para-victimas-de-violencia-de-genero-y-personas-del-colectivo-lgtbiq-en-san-martin","status":"publish","type":"post","link":"https:\/\/www.mendoza.gov.ar\/prensa\/inauguraron-refugio-para-victimas-de-violencia-de-genero-y-personas-del-colectivo-lgtbiq-en-san-martin\/","title":{"rendered":"Inauguraron refugio para v\u00edctimas de violencia de g\u00e9nero y personas del colectivo LGTBIQ+ en San Mart\u00edn"},"content":{"rendered":"<!DOCTYPE html PUBLIC \"-\/\/W3C\/\/DTD HTML 4.0 Transitional\/\/EN\" \"http:\/\/www.w3.org\/TR\/REC-html40\/loose.dtd\">\n<html><body><h5>El espacio tiene capacidad para 20 personas que&nbsp; recibir&aacute;n un abordaje completo, que va desde lo social y sicol&oacute;gico al asesoramiento legal y judicial.<\/h5>\n\n\n\n<p>Con gran presencia de funcionarios de Gobierno, encabezados por el vicegobernador de la provincia Mario Abed, la ministra de Salud, Desarrollo Social y Deportes,&nbsp; Ana Mar&iacute;a Nadal, y el intendente de San Mart&iacute;n, Ra&uacute;l Rufeil, se inaugur&oacute; un refugio para v&iacute;ctimas de violencia de g&eacute;nero, donde se asistir&aacute; de manera integral a mujeres y a integrantes del colectivo LGTBIQ+.<\/p>\n\n\n\n<p>El edificio est&aacute; ubicado en la ciudad de San Mart&iacute;n con una capacidad para 20 personas y las v&iacute;ctimas all&iacute; alojadas recibir&aacute;n un abordaje completo, que va desde lo social y sicol&oacute;gico al asesoramiento legal y judicial.<\/p>\n\n\n\n<p>El refugio, es resultado de un convenio entre el Ministerio de Salud, Desarrollo Social y Deportes, con el Municipio de San Mart&iacute;n, donde la provincia se har&aacute; cargo del alquiler del lugar, y la comuna de la contenci&oacute;n y atenci&oacute;n de las v&iacute;ctimas. Adem&aacute;s,&nbsp; la Direcci&oacute;n de Contingencia de la provincia y la Direcci&oacute;n de Restituci&oacute;n de Derechos colaboraron con el mobiliario.<\/p>\n\n\n\n<p>Es el refugio n&uacute;mero 12 en la provincia que atiende casos de violencia de g&eacute;nero, y es el segundo que realiza un abordaje a personas del colectivo LGTBIQ.<\/p>\n\n\n\n<p>La ministra de Salud Nadal destac&oacute; lo positivo del nuevo refugio: &ldquo;Es una manera de transitar hacia sociedades m&aacute;s inclusivas. Estas pol&iacute;ticas sociales donde se articula la tarea entre Provincia y Municipio son fundamentales para alcanzar proyectos que, como en este caso, protegen derechos y salvan vidas&rdquo;.<\/p>\n\n\n\n<p>En tanto, el intendente Ra&uacute;l Rufeil, se&ntilde;al&oacute;:&nbsp; &ldquo;Ac&aacute; se les va a dar a las personas que han sufrido alg&uacute;n grado de violencia, una contenci&oacute;n integral que alcanza no solo para esa persona sino a sus hijos, si los tiene. Queremos que esta casa sea como un hogar, porque esa v&iacute;ctima que llega, va a convivir con otras personas que han padecido el mismo problema&rdquo;.<\/p>\n\n\n\n<p>Asimismo, el intendente agreg&oacute;: &ldquo;Desde San Mart&iacute;n hacemos este tipo de gestiones y proyectos pensando en los cinco departamentos de la regi&oacute;n&rdquo;, destac&oacute; Rufeil y complet&oacute;: &ldquo;No nos pone un l&iacute;mite el color pol&iacute;tico sino que los cinco municipios vamos detr&aacute;s de las buenas causas, las causas del bien com&uacute;n&rdquo;.<\/p>\n\n\n\n<p>Por su lado, Fernanda Tet&eacute; Urquiza, coordinadora del &aacute;rea de Diversidad Sexual de la Provincia dijo que &ldquo;este es un paso m&aacute;s que damos en la concientizaci&oacute;n de los derechos del colectivo LGTBIQ+ y para combatir la violencia de g&eacute;nero. Rescato lo que dijo el intendente: tener la amplitud ideol&oacute;gica para abordar la tem&aacute;tica y que no importa el color pol&iacute;tico sino trabajar en conjunto por los proyectos que se sirven a la gente&rdquo;.<\/p>\n\n\n\n<p>Por &uacute;ltimo, Jonathan P&eacute;rez, a cargo de la Direcci&oacute;n de Diversidad, G&eacute;nero y Derechos Humanos del Municipio record&oacute; que &ldquo;cuando asumimos la gesti&oacute;n, uno de nuestros objetivos fue lograr este refugio, y aunque inicialmente lo ve&iacute;amos lejano, hoy es una realidad y eso nos pone muy felices&rdquo;.<\/p>\n\n\n\n<p>La vivienda &nbsp;tiene capacidad para 20 personas y cuenta con atenci&oacute;n profesional a cargo del municipio, adem&aacute;s de comodidades y medidas de seguridad para garantizar la integridad de las v&iacute;ctimas. El lugar servir&aacute; para atenci&oacute;n de personas de toda la regi&oacute;n.<\/p>\n\n\n\n<figure class=\"wp-block-gallery columns-3\"><ul class=\"blocks-gallery-grid\"><li class=\"blocks-gallery-item\"><figure><a href=\"https:\/\/www.mendoza.gov.ar\/wp-content\/uploads\/sites\/5\/2021\/01\/IMG-20210125-WA0038.jpg\"><img loading=\"lazy\" width=\"700\" height=\"394\" src=\"https:\/\/www.mendoza.gov.ar\/wp-content\/uploads\/sites\/5\/2021\/01\/IMG-20210125-WA0038-700x394.jpg\" alt=\"\" data-id=\"257466\" data-full-url=\"https:\/\/www.mendoza.gov.ar\/wp-content\/uploads\/sites\/5\/2021\/01\/IMG-20210125-WA0038.jpg\" data-link=\"https:\/\/www.mendoza.gov.ar\/prensa\/inauguraron-refugio-para-victimas-de-violencia-de-genero-y-personas-del-colectivo-lgtbiq-en-san-martin\/img-20210125-wa0038\/\" class=\"wp-image-257466 img-responsive center-block\" srcset=\"https:\/\/www.mendoza.gov.ar\/wp-content\/uploads\/sites\/5\/2021\/01\/IMG-20210125-WA0038-700x394.jpg 700w, https:\/\/www.mendoza.gov.ar\/wp-content\/uploads\/sites\/5\/2021\/01\/IMG-20210125-WA0038-250x141.jpg 250w, https:\/\/www.mendoza.gov.ar\/wp-content\/uploads\/sites\/5\/2021\/01\/IMG-20210125-WA0038-768x432.jpg 768w, https:\/\/www.mendoza.gov.ar\/wp-content\/uploads\/sites\/5\/2021\/01\/IMG-20210125-WA0038-120x68.jpg 120w, https:\/\/www.mendoza.gov.ar\/wp-content\/uploads\/sites\/5\/2021\/01\/IMG-20210125-WA0038.jpg 1280w\" sizes=\"(max-width: 700px) 100vw, 700px\"><\/a><\/figure><\/li><li class=\"blocks-gallery-item\"><figure><a href=\"https:\/\/www.mendoza.gov.ar\/wp-content\/uploads\/sites\/5\/2021\/01\/IMG-20210125-WA0031.jpg\"><img loading=\"lazy\" width=\"700\" height=\"700\" src=\"https:\/\/www.mendoza.gov.ar\/wp-content\/uploads\/sites\/5\/2021\/01\/IMG-20210125-WA0031-700x700.jpg\" alt=\"\" data-id=\"257467\" data-full-url=\"https:\/\/www.mendoza.gov.ar\/wp-content\/uploads\/sites\/5\/2021\/01\/IMG-20210125-WA0031.jpg\" data-link=\"https:\/\/www.mendoza.gov.ar\/prensa\/inauguraron-refugio-para-victimas-de-violencia-de-genero-y-personas-del-colectivo-lgtbiq-en-san-martin\/img-20210125-wa0031\/\" class=\"wp-image-257467 img-responsive center-block\" srcset=\"https:\/\/www.mendoza.gov.ar\/wp-content\/uploads\/sites\/5\/2021\/01\/IMG-20210125-WA0031-700x700.jpg 700w, https:\/\/www.mendoza.gov.ar\/wp-content\/uploads\/sites\/5\/2021\/01\/IMG-20210125-WA0031-250x250.jpg 250w, https:\/\/www.mendoza.gov.ar\/wp-content\/uploads\/sites\/5\/2021\/01\/IMG-20210125-WA0031-150x150.jpg 150w, https:\/\/www.mendoza.gov.ar\/wp-content\/uploads\/sites\/5\/2021\/01\/IMG-20210125-WA0031-768x768.jpg 768w, https:\/\/www.mendoza.gov.ar\/wp-content\/uploads\/sites\/5\/2021\/01\/IMG-20210125-WA0031-120x120.jpg 120w, https:\/\/www.mendoza.gov.ar\/wp-content\/uploads\/sites\/5\/2021\/01\/IMG-20210125-WA0031.jpg 926w\" sizes=\"(max-width: 700px) 100vw, 700px\"><\/a><\/figure><\/li><li class=\"blocks-gallery-item\"><figure><a href=\"https:\/\/www.mendoza.gov.ar\/wp-content\/uploads\/sites\/5\/2021\/01\/IMG-20210125-WA0032.jpg\"><img loading=\"lazy\" width=\"700\" height=\"525\" src=\"https:\/\/www.mendoza.gov.ar\/wp-content\/uploads\/sites\/5\/2021\/01\/IMG-20210125-WA0032-700x525.jpg\" alt=\"\" data-id=\"257468\" data-full-url=\"https:\/\/www.mendoza.gov.ar\/wp-content\/uploads\/sites\/5\/2021\/01\/IMG-20210125-WA0032.jpg\" data-link=\"https:\/\/www.mendoza.gov.ar\/prensa\/inauguraron-refugio-para-victimas-de-violencia-de-genero-y-personas-del-colectivo-lgtbiq-en-san-martin\/img-20210125-wa0032\/\" class=\"wp-image-257468 img-responsive center-block\" srcset=\"https:\/\/www.mendoza.gov.ar\/wp-content\/uploads\/sites\/5\/2021\/01\/IMG-20210125-WA0032-700x525.jpg 700w, https:\/\/www.mendoza.gov.ar\/wp-content\/uploads\/sites\/5\/2021\/01\/IMG-20210125-WA0032-250x188.jpg 250w, https:\/\/www.mendoza.gov.ar\/wp-content\/uploads\/sites\/5\/2021\/01\/IMG-20210125-WA0032-768x576.jpg 768w, https:\/\/www.mendoza.gov.ar\/wp-content\/uploads\/sites\/5\/2021\/01\/IMG-20210125-WA0032-120x90.jpg 120w, https:\/\/www.mendoza.gov.ar\/wp-content\/uploads\/sites\/5\/2021\/01\/IMG-20210125-WA0032.jpg 1080w\" sizes=\"(max-width: 700px) 100vw, 700px\"><\/a><\/figure><\/li><\/ul><\/figure>\n\n\n\n<figure class=\"wp-block-image\" id=\"block-6ced38ce-cf36-43a4-bda2-6d6ecc045941\"><img src=\"https:\/\/www.mendoza.gov.ar\/prensa\/wp-content\/uploads\/sites\/5\/2020\/03\/WhatsApp-Image-2020-03-17-at-6.23.29-PM-1.jpeg\" alt=\"Esta imagen tiene un atributo alt vac&iacute;o; el nombre del archivo es WhatsApp-Image-2020-03-17-at-6.23.29-PM-1.jpeg\" class=\" img-responsive center-block\"><\/figure>\n\n\n\n<p class=\"has-text-align-center\" id=\"block-4672d608-8a30-472c-91ba-07e641c39018\"><a rel=\"noreferrer noopener\" href=\"https:\/\/www.mendoza.gov.ar\/prensa\/covid-19\/\" target=\"_blank\"><strong>Clic aqu&iacute; para ver m&aacute;s noticias sobre coronavirus<\/strong><\/a><\/p>\n\n\n\n<figure class=\"wp-block-image\" id=\"block-679c5d04-4f24-4464-a49a-df7b140e38eb\"><img src=\"https:\/\/www.mendoza.gov.ar\/prensa\/wp-content\/uploads\/sites\/5\/2020\/03\/WhatsApp-Image-2020-03-17-at-6.23.29-PM-1.jpeg\" alt=\"Esta imagen tiene un atributo alt vac&iacute;o; el nombre del archivo es WhatsApp-Image-2020-03-17-at-6.23.29-PM-1.jpeg\" class=\" img-responsive center-block\"><\/figure>\n\n\n\n<p class=\"has-text-align-center\" id=\"block-e70c843d-9c55-4a54-a13e-110b356d59f8\"><strong><a rel=\"noreferrer noopener\" href=\"https:\/\/www.mendoza.gov.ar\/prensa\/comunicados\/\" target=\"_blank\">Clic aqu&iacute; para ver los comunicados del Ministerio de Salud<\/a><\/strong><\/p>\n\n\n\n<figure class=\"wp-block-image\" id=\"block-55da5334-2597-4644-a2ad-ad62409c9f96\"><img src=\"https:\/\/www.mendoza.gov.ar\/prensa\/wp-content\/uploads\/sites\/5\/2020\/03\/WhatsApp-Image-2020-03-17-at-6.23.29-PM-1.jpeg\" alt=\"Esta imagen tiene un atributo alt vac&iacute;o; el nombre del archivo es WhatsApp-Image-2020-03-17-at-6.23.29-PM-1.jpeg\" class=\" img-responsive center-block\"><\/figure>\n\n\n\n<p class=\"has-text-align-center\" id=\"block-f052e2af-737b-4a93-aa6a-293bed4ff9e2\"><strong><a rel=\"noreferrer noopener\" href=\"https:\/\/www.mendoza.gov.ar\/coronavirus\" target=\"_blank\">www.mendoza.gov.ar\/coronavirus<\/a><\/strong><\/p>\n<\/body><\/html>\n","protected":false},"excerpt":{"rendered":"El espacio tiene capacidad para 20 personas que&nbsp; recibir&aacute;n un abordaje completo, que va desde lo social y sicol&oacute;gico al asesoramiento legal y judicial. Con gran presencia de funcionarios de Gobierno, encabezados por el vicegobernador de la provincia Mario Abed, la ministra de Salud, Desarrollo Social y Deportes,&nbsp; Ana Mar&iacute;a Nadal, y el intendente de&#8230; <a class=\"view-article\" href=\"https:\/\/www.mendoza.gov.ar\/prensa\/inauguraron-refugio-para-victimas-de-violencia-de-genero-y-personas-del-colectivo-lgtbiq-en-san-martin\/\"><\/a>","protected":false},"author":66,"featured_media":257467,"comment_status":"open","ping_status":"open","sticky":false,"template":"","format":"standard","meta":[],"categories":[32],"tags":[],"_links":{"self":[{"href":"https:\/\/www.mendoza.gov.ar\/prensa\/wp-json\/wp\/v2\/posts\/257458"}],"collection":[{"href":"https:\/\/www.mendoza.gov.ar\/prensa\/wp-json\/wp\/v2\/posts"}],"about":[{"href":"https:\/\/www.mendoza.gov.ar\/prensa\/wp-json\/wp\/v2\/types\/post"}],"author":[{"embeddable":true,"href":"https:\/\/www.mendoza.gov.ar\/prensa\/wp-json\/wp\/v2\/users\/66"}],"replies":[{"embeddable":true,"href":"https:\/\/www.mendoza.gov.ar\/prensa\/wp-json\/wp\/v2\/comments?post=257458"}],"version-history":[{"count":2,"href":"https:\/\/www.mendoza.gov.ar\/prensa\/wp-json\/wp\/v2\/posts\/257458\/revisions"}],"predecessor-version":[{"id":257469,"href":"https:\/\/www.mendoza.gov.ar\/prensa\/wp-json\/wp\/v2\/posts\/257458\/revisions\/257469"}],"wp:featuredmedia":[{"embeddable":true,"href":"https:\/\/www.mendoza.gov.ar\/prensa\/wp-json\/wp\/v2\/media\/257467"}],"wp:attachment":[{"href":"https:\/\/www.mendoza.gov.ar\/prensa\/wp-json\/wp\/v2\/media?parent=257458"}],"wp:term":[{"taxonomy":"category","embeddable":true,"href":"https:\/\/www.mendoza.gov.ar\/prensa\/wp-json\/wp\/v2\/categories?post=257458"},{"taxonomy":"post_tag","embeddable":true,"href":"https:\/\/www.mendoza.gov.ar\/prensa\/wp-json\/wp\/v2\/tags?post=257458"}],"curies":[{"name":"wp","href":"https:\/\/api.w.org\/{rel}","templated":true}]}}