{"id":258188,"date":"2021-02-04T08:44:31","date_gmt":"2021-02-04T11:44:31","guid":{"rendered":"https:\/\/www.mendoza.gov.ar\/prensa\/?p=258188"},"modified":"2021-02-04T11:58:29","modified_gmt":"2021-02-04T14:58:29","slug":"economia-habilito-el-registro-de-emprendedores-audiovisuales-para-gestionar-fondos-de-promocion-a-la-actividad","status":"publish","type":"post","link":"https:\/\/www.mendoza.gov.ar\/prensa\/economia-habilito-el-registro-de-emprendedores-audiovisuales-para-gestionar-fondos-de-promocion-a-la-actividad\/","title":{"rendered":"Econom\u00eda habilit\u00f3 el registro de emprendedores audiovisuales para gestionar fondos de promoci\u00f3n a la actividad"},"content":{"rendered":"<!DOCTYPE html PUBLIC \"-\/\/W3C\/\/DTD HTML 4.0 Transitional\/\/EN\" \"http:\/\/www.w3.org\/TR\/REC-html40\/loose.dtd\">\n<html><body><h5>La reglamentaci&oacute;n de la Ley de Promoci&oacute;n y Desarrollo de la Industria Audiovisual establece el empadronamiento como paso fundamental para la generaci&oacute;n de fondos de inversi&oacute;n, incubaci&oacute;n y aceleraci&oacute;n de proyectos.<\/h5>\n\n\n\n<p>El Ministerio de Econom&iacute;a y Energ&iacute;a, a trav&eacute;s de su Direcci&oacute;n de Innovaci&oacute;n y Desarrollo Econ&oacute;mico est&aacute; registrando a las empresas audiovisuales mendocinas como parte de lo establecido en la Ley 9058 de promoci&oacute;n y desarrollo del sector.<\/p>\n\n\n\n<p>Sancionada en 2018 y reglamentada en 2020, la norma impulsa la producci&oacute;n audiovisual local, la generaci&oacute;n de valor y de empleo. Adem&aacute;s, dota al sector de herramientas de promoci&oacute;n y fondos din&aacute;micos para posicionar a nivel global la producci&oacute;n mendocina.<\/p>\n\n\n\n<p>La reglamentaci&oacute;n de esta ley establece el Registro de Empresas Audiovisuales, la creaci&oacute;n de Mendoza Film Commission y permite la generaci&oacute;n de fondos de inversi&oacute;n, para incubaci&oacute;n y aceleraci&oacute;n de proyectos, como tambi&eacute;n fondos de garant&iacute;a, mediante la creaci&oacute;n de un fideicomiso.<\/p>\n\n\n\n<p>El registro es sencillo y se realiza completando una&nbsp;<a rel=\"noreferrer noopener\" href=\"https:\/\/ticketsform.mendoza.gov.ar\/ticketsform\/servlet\/responderformulariointerno?SEFE70NwhB1HUYA5B39FySX6kJkCRbxMe1OFR8I0YGCIq0EpPzrqrpzamIPBRLH0R7Zcvf5a7vPiphzReoGlIJfpTH_vFiTJ8Ld8szf7EYo=\" target=\"_blank\">solicitud de inscripci&oacute;n<\/a>&nbsp;on line, con una serie de datos personales, jur&iacute;dicos y de constituci&oacute;n de la empresa o unidad de negocios. Este registro es un paso fundamental y condici&oacute;n necesaria para la participaci&oacute;n en concursos y subsidios que el Gobierno de Mendoza genere.<\/p>\n\n\n\n<p>Con la reglamentaci&oacute;n de la ley 9058, el audiovisual tiene tratamiento de industria y podr&aacute; promover la producci&oacute;n de contenidos de todo tipo, corto, medio y largo, documentales, comerciales y videojuegos, cualquiera sea su sistema de registro y almacenamiento. Adem&aacute;s, gozar&aacute; de los beneficios impositivos previstos en &ldquo;la legislaci&oacute;n vigente y en la que se dictare en el futuro para la actividad industrial, de acuerdo a lo establecido por la Ley Provincial 8770, seg&uacute;n indica en su art&iacute;culo 8.<\/p>\n\n\n\n<p>&ldquo;Es un sector que es importante y lo ser&aacute; mucho m&aacute;s con el paso del tiempo. En todo lo que desde el Estado podamos hacer para trabajar en pol&iacute;ticas p&uacute;blicas que le sirva al sector privado, que invierte y crea, debemos estar presentes. El trabajo conjunto tanto entre los ministerios de Econom&iacute;a y de Turismo y Cultura como con el sector privado es la forma de funcionamiento en el mundo moderno. La industria audiovisual es una actividad que potencia otras actividades econ&oacute;micas porque presenta nuestros paisajes y posiciona la provincia en el exterior&rdquo;, explic&oacute; el ministro de Econom&iacute;a y Energ&iacute;a, Enrique Vaqui&eacute;.<\/p>\n\n\n\n<p><strong>Un sector pujante y con mucho potencial<\/strong><\/p>\n\n\n\n<p>El sector audiovisual mendocino emplea de forma directa a unas 3.000 personas, n&uacute;mero que se incrementa considerablemente con el desarrollo de m&aacute;s de 200 proyectos que se vienen gestando desde 2018 y que incluyen cine, series, documentales y animaci&oacute;n, entre otras nuevas iniciativas.<\/p>\n\n\n\n<p>Es un sector muy din&aacute;mico y que, seg&uacute;n sus proyecciones, desde la actualidad y hasta el a&ntilde;o 2021 se podr&iacute;an realizar inversiones que superan los US $50 millones, con una generaci&oacute;n de empleo de alrededor de 6.000 puestos de trabajo y ventas proyectadas por aproximadamente US$ 80 millones.<\/p>\n\n\n\n<p><strong>La econom&iacute;a creativa, una oportunidad de desarrollo para Mendoza<\/strong><\/p>\n\n\n\n<p>Si la econom&iacute;a creativa o naranja fuera un pa&iacute;s, ser&iacute;a la cuarta econom&iacute;a del mundo, ocupar&iacute;a el noveno lugar como exportadora de bienes y servicios y representar&iacute;a la cuarta fuerza laboral del planeta. Basada en el talento, la propiedad intelectual, la conectividad y la herencia cultural, es una tendencia mundial afianzada en los pa&iacute;ses desarrollados y creciente en Am&eacute;rica Latina y el Caribe.<\/p>\n\n\n\n<p>Las grandes ventajas de Mendoza para el desarrollo de la industria audiovisual son las locaciones inexploradas: escenarios naturales y arquitect&oacute;nicos in&eacute;ditos, aptos para producciones audiovisuales. La provincia tiene cuatro estaciones marcadas, escaso r&eacute;gimen de lluvias y buen clima, con d&iacute;as de sol y cielo n&iacute;tido.<\/p>\n\n\n\n<p>La variedad &eacute;tnica y cultural de Mendoza es otra de sus fortalezas. Descendientes de italianos y espa&ntilde;oles conviven con inmigrantes de pa&iacute;ses lim&iacute;trofes, con herederos de minor&iacute;as germanas, &aacute;rabes y asi&aacute;ticas y, por supuesto, con descendientes de pueblos originarios. Todos ellos potenciales actores de reparto.<\/p>\n\n\n\n<p>Entre las locaciones a descubrir por esta industria se destacan los paisajes: desde la cordillera de los Andes hasta las dunas el desierto de Lavalle o las &aacute;reas naturales protegidas con el imponente cerro Aconcagua. Tambi&eacute;n hay superficies cultivadas y pueblos somnolientos, la Ciudad de Mendoza con su parque General San Mart&iacute;n, r&iacute;os, lagunas y embalses. La flora y fauna de Mendoza tambi&eacute;n suman bellezas particulares. La arquitectura es otro atractivo, desde el edificio del Banco Hipotecario hasta la avenida Emilio Civit, con sus residencias se&ntilde;oriales.<\/p>\n\n\n\n<p>Adem&aacute;s, Mendoza permite la realizaci&oacute;n audiovisual en distintas &eacute;pocas del a&ntilde;o y filmar en contra temporada del hemisferio Norte. El punto fuerte del clima, con estaciones del a&ntilde;o bien diferenciadas, se potencia por el escaso r&eacute;gimen de lluvias: con m&aacute;s de 300 d&iacute;as de sol al a&ntilde;o y un cielo n&iacute;tido, constituyen el set ideal para cualquier producci&oacute;n.<\/p>\n\n\n\n<figure class=\"wp-block-gallery columns-1\"><ul class=\"blocks-gallery-grid\"><li class=\"blocks-gallery-item\"><figure><a href=\"https:\/\/www.mendoza.gov.ar\/wp-content\/uploads\/sites\/5\/2021\/02\/Screenshot_20210203-231226_Drive.jpg\"><img loading=\"lazy\" width=\"700\" height=\"709\" src=\"https:\/\/www.mendoza.gov.ar\/wp-content\/uploads\/sites\/5\/2021\/02\/Screenshot_20210203-231226_Drive-700x709.jpg\" alt=\"\" data-id=\"258189\" data-full-url=\"https:\/\/www.mendoza.gov.ar\/wp-content\/uploads\/sites\/5\/2021\/02\/Screenshot_20210203-231226_Drive.jpg\" data-link=\"https:\/\/www.mendoza.gov.ar\/prensa\/?attachment_id=258189\" class=\"wp-image-258189 img-responsive center-block\" srcset=\"https:\/\/www.mendoza.gov.ar\/wp-content\/uploads\/sites\/5\/2021\/02\/Screenshot_20210203-231226_Drive-700x709.jpg 700w, https:\/\/www.mendoza.gov.ar\/wp-content\/uploads\/sites\/5\/2021\/02\/Screenshot_20210203-231226_Drive-250x253.jpg 250w, https:\/\/www.mendoza.gov.ar\/wp-content\/uploads\/sites\/5\/2021\/02\/Screenshot_20210203-231226_Drive-768x777.jpg 768w, https:\/\/www.mendoza.gov.ar\/wp-content\/uploads\/sites\/5\/2021\/02\/Screenshot_20210203-231226_Drive-120x121.jpg 120w, https:\/\/www.mendoza.gov.ar\/wp-content\/uploads\/sites\/5\/2021\/02\/Screenshot_20210203-231226_Drive.jpg 985w\" sizes=\"(max-width: 700px) 100vw, 700px\"><\/a><\/figure><\/li><\/ul><\/figure>\n\n\n\n<figure class=\"wp-block-image\" id=\"block-6ced38ce-cf36-43a4-bda2-6d6ecc045941\"><img src=\"https:\/\/www.mendoza.gov.ar\/prensa\/wp-content\/uploads\/sites\/5\/2020\/03\/WhatsApp-Image-2020-03-17-at-6.23.29-PM-1.jpeg\" alt=\"Esta imagen tiene un atributo alt vac&iacute;o; el nombre del archivo es WhatsApp-Image-2020-03-17-at-6.23.29-PM-1.jpeg\" class=\" img-responsive center-block\"><\/figure>\n\n\n\n<p class=\"has-text-align-center\" id=\"block-4672d608-8a30-472c-91ba-07e641c39018\"><a rel=\"noreferrer noopener\" href=\"https:\/\/www.mendoza.gov.ar\/prensa\/covid-19\/\" target=\"_blank\"><strong>Clic aqu&iacute; para ver m&aacute;s noticias sobre coronavirus<\/strong><\/a><\/p>\n\n\n\n<figure class=\"wp-block-image\" id=\"block-679c5d04-4f24-4464-a49a-df7b140e38eb\"><img src=\"https:\/\/www.mendoza.gov.ar\/prensa\/wp-content\/uploads\/sites\/5\/2020\/03\/WhatsApp-Image-2020-03-17-at-6.23.29-PM-1.jpeg\" alt=\"Esta imagen tiene un atributo alt vac&iacute;o; el nombre del archivo es WhatsApp-Image-2020-03-17-at-6.23.29-PM-1.jpeg\" class=\" img-responsive center-block\"><\/figure>\n\n\n\n<p class=\"has-text-align-center\" id=\"block-e70c843d-9c55-4a54-a13e-110b356d59f8\"><strong><a rel=\"noreferrer noopener\" href=\"https:\/\/www.mendoza.gov.ar\/prensa\/comunicados\/\" target=\"_blank\">Clic aqu&iacute; para ver los comunicados del Ministerio de Salud<\/a><\/strong><\/p>\n\n\n\n<figure class=\"wp-block-image\" id=\"block-55da5334-2597-4644-a2ad-ad62409c9f96\"><img src=\"https:\/\/www.mendoza.gov.ar\/prensa\/wp-content\/uploads\/sites\/5\/2020\/03\/WhatsApp-Image-2020-03-17-at-6.23.29-PM-1.jpeg\" alt=\"Esta imagen tiene un atributo alt vac&iacute;o; el nombre del archivo es WhatsApp-Image-2020-03-17-at-6.23.29-PM-1.jpeg\" class=\" img-responsive center-block\"><\/figure>\n\n\n\n<p class=\"has-text-align-center\" id=\"block-f052e2af-737b-4a93-aa6a-293bed4ff9e2\"><strong><a rel=\"noreferrer noopener\" href=\"https:\/\/www.mendoza.gov.ar\/coronavirus\" target=\"_blank\">www.mendoza.gov.ar\/coronavirus<\/a><\/strong><\/p>\n<\/body><\/html>\n","protected":false},"excerpt":{"rendered":"La reglamentaci&oacute;n de la Ley de Promoci&oacute;n y Desarrollo de la Industria Audiovisual establece el empadronamiento como paso fundamental para la generaci&oacute;n de fondos de inversi&oacute;n, incubaci&oacute;n y aceleraci&oacute;n de proyectos. El Ministerio de Econom&iacute;a y Energ&iacute;a, a trav&eacute;s de su Direcci&oacute;n de Innovaci&oacute;n y Desarrollo Econ&oacute;mico est&aacute; registrando a las empresas audiovisuales mendocinas como&#8230; <a class=\"view-article\" href=\"https:\/\/www.mendoza.gov.ar\/prensa\/economia-habilito-el-registro-de-emprendedores-audiovisuales-para-gestionar-fondos-de-promocion-a-la-actividad\/\"><\/a>","protected":false},"author":66,"featured_media":258189,"comment_status":"open","ping_status":"open","sticky":false,"template":"","format":"standard","meta":[],"categories":[15],"tags":[],"_links":{"self":[{"href":"https:\/\/www.mendoza.gov.ar\/prensa\/wp-json\/wp\/v2\/posts\/258188"}],"collection":[{"href":"https:\/\/www.mendoza.gov.ar\/prensa\/wp-json\/wp\/v2\/posts"}],"about":[{"href":"https:\/\/www.mendoza.gov.ar\/prensa\/wp-json\/wp\/v2\/types\/post"}],"author":[{"embeddable":true,"href":"https:\/\/www.mendoza.gov.ar\/prensa\/wp-json\/wp\/v2\/users\/66"}],"replies":[{"embeddable":true,"href":"https:\/\/www.mendoza.gov.ar\/prensa\/wp-json\/wp\/v2\/comments?post=258188"}],"version-history":[{"count":2,"href":"https:\/\/www.mendoza.gov.ar\/prensa\/wp-json\/wp\/v2\/posts\/258188\/revisions"}],"predecessor-version":[{"id":258231,"href":"https:\/\/www.mendoza.gov.ar\/prensa\/wp-json\/wp\/v2\/posts\/258188\/revisions\/258231"}],"wp:featuredmedia":[{"embeddable":true,"href":"https:\/\/www.mendoza.gov.ar\/prensa\/wp-json\/wp\/v2\/media\/258189"}],"wp:attachment":[{"href":"https:\/\/www.mendoza.gov.ar\/prensa\/wp-json\/wp\/v2\/media?parent=258188"}],"wp:term":[{"taxonomy":"category","embeddable":true,"href":"https:\/\/www.mendoza.gov.ar\/prensa\/wp-json\/wp\/v2\/categories?post=258188"},{"taxonomy":"post_tag","embeddable":true,"href":"https:\/\/www.mendoza.gov.ar\/prensa\/wp-json\/wp\/v2\/tags?post=258188"}],"curies":[{"name":"wp","href":"https:\/\/api.w.org\/{rel}","templated":true}]}}