{"id":258605,"date":"2021-02-08T14:55:18","date_gmt":"2021-02-08T17:55:18","guid":{"rendered":"https:\/\/www.mendoza.gov.ar\/prensa\/?p=258605"},"modified":"2021-02-08T17:46:04","modified_gmt":"2021-02-08T20:46:04","slug":"impuesto-automotor-se-corregira-el-90-de-los-autos","status":"publish","type":"post","link":"https:\/\/www.mendoza.gov.ar\/prensa\/impuesto-automotor-se-corregira-el-90-de-los-autos\/","title":{"rendered":"Impuesto Automotor: el aumento de la mayor\u00eda de los veh\u00edculos tendr\u00e1 un tope del 29%"},"content":{"rendered":"<!DOCTYPE html PUBLIC \"-\/\/W3C\/\/DTD HTML 4.0 Transitional\/\/EN\" \"http:\/\/www.w3.org\/TR\/REC-html40\/loose.dtd\">\n<html><body><h5>Esto se acord&oacute; en la reuni&oacute;n que mantuvieron el Gobernador y el ministro de Hacienda y Finanzas junto a los Intendentes de Mendoza.<\/h5>\n\n\n\n<p>Este lunes por la ma&ntilde;ana, en casa de Gobierno, se llev&oacute; a cabo una reuni&oacute;n entre Rodolfo Su&aacute;rez, gobernador de Mendoza, Lisandro Nieri, ministro de Hacienda y Finanzas y los Intendentes de la Provincia. En la misma se acord&oacute; ejecutar una correcci&oacute;n en los montos de las boletas de Impuesto Automotor 2021.<\/p>\n\n\n\n<p>Sobre este tema, Lisandro Nieri explic&oacute;: &ldquo;Finalmente determinamos establecer topes a los aumentos, esto har&aacute; que el 91% de los veh&iacute;culos (m&aacute;s de 800.000 autos), va a estar alcanzado por un tope del 29% del impuesto automotor. El 8% restante, que son 70.000 veh&iacute;culos que tienen un valor entre 1 y 2 millones de pesos, van a estar en un tope del 35% y, 16.000 veh&iacute;culos que tienen un valor superior a 2 millones de pesos, van a tener un tope del 45%.&rdquo;.<\/p>\n\n\n\n<p>Adem&aacute;s, Nieri hizo referencia a quienes ya han abonado el Impuesto: &ldquo;Hay 14.000 contribuyentes que ya pagaron el impuesto anual y 10.000 que pagaron la primera cuota. Para los contribuyentes que abonaron la primera cuota se aplicar&aacute; el descuento correspondiente por la diferencia en las siguiente cuota y aquellos que pagaron el anual, se les devolver&agrave; el monto que corresponda&rdquo;.<\/p>\n\n\n\n<figure class=\"wp-block-gallery columns-3\"><ul class=\"blocks-gallery-grid\"><li class=\"blocks-gallery-item\"><figure><a href=\"https:\/\/www.mendoza.gov.ar\/wp-content\/uploads\/sites\/5\/2021\/02\/1-700x467.jpg\"><img loading=\"lazy\" width=\"700\" height=\"467\" src=\"https:\/\/www.mendoza.gov.ar\/wp-content\/uploads\/sites\/5\/2021\/02\/1-700x467.jpg\" alt=\"\" data-id=\"258607\" data-link=\"https:\/\/www.mendoza.gov.ar\/prensa\/?attachment_id=258607\" class=\"wp-image-258607 img-responsive center-block\" srcset=\"https:\/\/www.mendoza.gov.ar\/wp-content\/uploads\/sites\/5\/2021\/02\/1-700x467.jpg 700w, https:\/\/www.mendoza.gov.ar\/wp-content\/uploads\/sites\/5\/2021\/02\/1-250x167.jpg 250w, https:\/\/www.mendoza.gov.ar\/wp-content\/uploads\/sites\/5\/2021\/02\/1-768x513.jpg 768w, https:\/\/www.mendoza.gov.ar\/wp-content\/uploads\/sites\/5\/2021\/02\/1-1536x1025.jpg 1536w, https:\/\/www.mendoza.gov.ar\/wp-content\/uploads\/sites\/5\/2021\/02\/1-2048x1367.jpg 2048w, https:\/\/www.mendoza.gov.ar\/wp-content\/uploads\/sites\/5\/2021\/02\/1-120x80.jpg 120w\" sizes=\"(max-width: 700px) 100vw, 700px\"><\/a><\/figure><\/li><li class=\"blocks-gallery-item\"><figure><a href=\"https:\/\/www.mendoza.gov.ar\/wp-content\/uploads\/sites\/5\/2021\/02\/2-700x467.jpg\"><img loading=\"lazy\" width=\"700\" height=\"467\" src=\"https:\/\/www.mendoza.gov.ar\/wp-content\/uploads\/sites\/5\/2021\/02\/2-700x467.jpg\" alt=\"\" data-id=\"258608\" data-link=\"https:\/\/www.mendoza.gov.ar\/prensa\/?attachment_id=258608\" class=\"wp-image-258608 img-responsive center-block\" srcset=\"https:\/\/www.mendoza.gov.ar\/wp-content\/uploads\/sites\/5\/2021\/02\/2-700x467.jpg 700w, https:\/\/www.mendoza.gov.ar\/wp-content\/uploads\/sites\/5\/2021\/02\/2-250x167.jpg 250w, https:\/\/www.mendoza.gov.ar\/wp-content\/uploads\/sites\/5\/2021\/02\/2-768x513.jpg 768w, https:\/\/www.mendoza.gov.ar\/wp-content\/uploads\/sites\/5\/2021\/02\/2-1536x1025.jpg 1536w, https:\/\/www.mendoza.gov.ar\/wp-content\/uploads\/sites\/5\/2021\/02\/2-2048x1367.jpg 2048w, https:\/\/www.mendoza.gov.ar\/wp-content\/uploads\/sites\/5\/2021\/02\/2-120x80.jpg 120w\" sizes=\"(max-width: 700px) 100vw, 700px\"><\/a><\/figure><\/li><li class=\"blocks-gallery-item\"><figure><a href=\"https:\/\/www.mendoza.gov.ar\/wp-content\/uploads\/sites\/5\/2021\/02\/3.jpg\"><img loading=\"lazy\" width=\"700\" height=\"485\" src=\"https:\/\/www.mendoza.gov.ar\/wp-content\/uploads\/sites\/5\/2021\/02\/3-700x485.jpg\" alt=\"\" data-id=\"258609\" data-full-url=\"https:\/\/www.mendoza.gov.ar\/wp-content\/uploads\/sites\/5\/2021\/02\/3.jpg\" data-link=\"https:\/\/www.mendoza.gov.ar\/prensa\/?attachment_id=258609\" class=\"wp-image-258609 img-responsive center-block\" srcset=\"https:\/\/www.mendoza.gov.ar\/wp-content\/uploads\/sites\/5\/2021\/02\/3-700x485.jpg 700w, https:\/\/www.mendoza.gov.ar\/wp-content\/uploads\/sites\/5\/2021\/02\/3-250x173.jpg 250w, https:\/\/www.mendoza.gov.ar\/wp-content\/uploads\/sites\/5\/2021\/02\/3-768x532.jpg 768w, https:\/\/www.mendoza.gov.ar\/wp-content\/uploads\/sites\/5\/2021\/02\/3-1536x1065.jpg 1536w, https:\/\/www.mendoza.gov.ar\/wp-content\/uploads\/sites\/5\/2021\/02\/3-2048x1420.jpg 2048w, https:\/\/www.mendoza.gov.ar\/wp-content\/uploads\/sites\/5\/2021\/02\/3-120x83.jpg 120w\" sizes=\"(max-width: 700px) 100vw, 700px\"><\/a><\/figure><\/li><\/ul><\/figure>\n<\/body><\/html>\n","protected":false},"excerpt":{"rendered":"Esto se acord&oacute; en la reuni&oacute;n que mantuvieron el Gobernador y el ministro de Hacienda y Finanzas junto a los Intendentes de Mendoza. Este lunes por la ma&ntilde;ana, en casa de Gobierno, se llev&oacute; a cabo una reuni&oacute;n entre Rodolfo Su&aacute;rez, gobernador de Mendoza, Lisandro Nieri, ministro de Hacienda y Finanzas y los Intendentes de&#8230; <a class=\"view-article\" href=\"https:\/\/www.mendoza.gov.ar\/prensa\/impuesto-automotor-se-corregira-el-90-de-los-autos\/\"><\/a>","protected":false},"author":77,"featured_media":258608,"comment_status":"open","ping_status":"open","sticky":false,"template":"","format":"standard","meta":[],"categories":[21],"tags":[],"_links":{"self":[{"href":"https:\/\/www.mendoza.gov.ar\/prensa\/wp-json\/wp\/v2\/posts\/258605"}],"collection":[{"href":"https:\/\/www.mendoza.gov.ar\/prensa\/wp-json\/wp\/v2\/posts"}],"about":[{"href":"https:\/\/www.mendoza.gov.ar\/prensa\/wp-json\/wp\/v2\/types\/post"}],"author":[{"embeddable":true,"href":"https:\/\/www.mendoza.gov.ar\/prensa\/wp-json\/wp\/v2\/users\/77"}],"replies":[{"embeddable":true,"href":"https:\/\/www.mendoza.gov.ar\/prensa\/wp-json\/wp\/v2\/comments?post=258605"}],"version-history":[{"count":5,"href":"https:\/\/www.mendoza.gov.ar\/prensa\/wp-json\/wp\/v2\/posts\/258605\/revisions"}],"predecessor-version":[{"id":258700,"href":"https:\/\/www.mendoza.gov.ar\/prensa\/wp-json\/wp\/v2\/posts\/258605\/revisions\/258700"}],"wp:featuredmedia":[{"embeddable":true,"href":"https:\/\/www.mendoza.gov.ar\/prensa\/wp-json\/wp\/v2\/media\/258608"}],"wp:attachment":[{"href":"https:\/\/www.mendoza.gov.ar\/prensa\/wp-json\/wp\/v2\/media?parent=258605"}],"wp:term":[{"taxonomy":"category","embeddable":true,"href":"https:\/\/www.mendoza.gov.ar\/prensa\/wp-json\/wp\/v2\/categories?post=258605"},{"taxonomy":"post_tag","embeddable":true,"href":"https:\/\/www.mendoza.gov.ar\/prensa\/wp-json\/wp\/v2\/tags?post=258605"}],"curies":[{"name":"wp","href":"https:\/\/api.w.org\/{rel}","templated":true}]}}