{"id":258804,"date":"2021-02-09T14:45:20","date_gmt":"2021-02-09T17:45:20","guid":{"rendered":"https:\/\/www.mendoza.gov.ar\/prensa\/?p=258804"},"modified":"2021-02-09T14:49:14","modified_gmt":"2021-02-09T17:49:14","slug":"jovenes-privados-de-la-libertad-participaron-en-la-creacion-de-cuentos-para-ninos-con-autismo","status":"publish","type":"post","link":"https:\/\/www.mendoza.gov.ar\/prensa\/jovenes-privados-de-la-libertad-participaron-en-la-creacion-de-cuentos-para-ninos-con-autismo\/","title":{"rendered":"J\u00f3venes privados de la libertad participaron en la creaci\u00f3n de cuentos para ni\u00f1os con autismo"},"content":{"rendered":"<!DOCTYPE html PUBLIC \"-\/\/W3C\/\/DTD HTML 4.0 Transitional\/\/EN\" \"http:\/\/www.w3.org\/TR\/REC-html40\/loose.dtd\">\n<html><body><h5>Se trata del ciclo denominado &ldquo;Liberando Cuentos&rdquo;, que fue declarado de inter&eacute;s por la Honorable C&aacute;mara de Senadores debido a su alto compromiso e interacci&oacute;n social. &nbsp;<\/h5>\n\n\n\n<p>La senadora provincial Mar&iacute;a Mercedes Rus, fue la encargada de presentar un proyecto legislativo para reconocer y destacar a un grupo de escritores encabezados por Viviana Baldo y Lucio Albirosa, quienes, con la colaboraci&oacute;n de j&oacute;venes-adultos alojados en la Unidad Penal N&deg;6, crearon &nbsp;cuentos para ni&ntilde;os con autismo.<\/p>\n\n\n\n<p>&ldquo;Este tipo de proyectos suponen una interacci&oacute;n cultural y social de gran trascendencia, y que hacen mucho bien&rdquo;, explic&oacute; la senadora. En este sentido, coment&oacute; que es importante que la sociedad visibilice estas acciones, de all&iacute; su presentaci&oacute;n para que este ciclo sea declarado de inter&eacute;s por la Legislatura provincial.<\/p>\n\n\n\n<p>En cuanto al trabajo de las personas privadas de libertad, Rus explic&oacute; que &ldquo;todos los principios y las reglas b&aacute;sicas en materia de personas privadas de libertad nos dicen que el Estado est&aacute; obligado a brindar educaci&oacute;n, y quienes se encuentran alojados tengan acceso a ella y a los valores culturales. Tambi&eacute;n es cierto que desde hace un tiempo a esta parte, la provincia de Mendoza viene promoviendo que las personas privadas de libertad estudien y se capaciten para que transiten &nbsp;ese periodo tan dif&iacute;cil trabajando o aprendiendo alg&uacute;n oficio&rdquo;.<\/p>\n\n\n\n<p>Es importante destacar que durante la creaci&oacute;n de estos ocho cuentos infantiles,&nbsp; los de j&oacute;venes alojados en la Unidad 6 adultos colaboraron con los grafismos y el coloreo de los dibujos con los que contaban estos ejemplares, que cuentan con el valor agregado de que pueden ser abordados por ni&ntilde;os y ni&ntilde;as con autismo.<\/p>\n\n\n\n<p><strong>Los escritores y el surgimiento de &ldquo;Liberando Cuentos&rdquo;<\/strong><\/p>\n\n\n\n<p>Si bien todo este camino comenz&oacute; hace aproximadamente 5 a&ntilde;os, con un taller literario de distintos g&eacute;neros, entre ellos de cuentos infantiles, la idea surgi&oacute; luego de llevar un proyecto de un taller de expresi&oacute;n dentro del &Aacute;rea de Educaci&oacute;n de la Unidad Penal encargada del alojamiento de personas entre 18 a 21 a&ntilde;os.<\/p>\n\n\n\n<p>&ldquo;Fue all&iacute; en donde dimos cuenta que la parte de ilustraci&oacute;n era en donde ellos mejor se expresaban, ya que la mayor&iacute;a contaba sus historias&nbsp; y que sent&iacute;an a trav&eacute;s de los dibujos, fue por este motivo que se pens&oacute; en ellos ya que los cuentos infantiles necesitan indefectiblemente del acompa&ntilde;amiento de un dibujo. Esta expresi&oacute;n es muy importante porque estos cuentos, necesitan de dibujos que puedan expresar bien sus emociones, con las sonrisas bien marcadas, los ojos abiertos, esto los chicos lo hac&iacute;an muy bien y fue all&iacute; que decidimos unirlos&rdquo;, inform&oacute; la escritora &nbsp;Viviana Baldo.<\/p>\n\n\n\n<p>Durante el acto, estuvieron presentes Sonia Brocheto,&nbsp; Marta Salvi y &nbsp;Miriam Barbera, algunas de las escritoras que colaboraron &nbsp;con el ciclo &ldquo;Liberando Cuentos&rdquo;, quienes recibieron sus reconocimientos de parte de autoridades provinciales como &nbsp;Luz Faingold, directora de Derechos Humanos y Luis Romero, procurador de las personas privadas de libertad.<\/p>\n\n\n\n<p><strong>Desde el &Aacute;rea de Educaci&oacute;n de la U6<\/strong><\/p>\n\n\n\n<p>Laura Ponce, responsable del &Aacute;rea de Educaci&oacute;n fue la representante que tuvo el Servicio Penitenciario en la mesa, all&iacute; no s&oacute;lo agradeci&oacute; el reconocimiento de parte de la Senadora Mercedes Rus sino de toda la Legislatura, &ldquo;esto es una caricia a todos los que hemos estado dentro de este trabajo, que es de &iacute;ndole social y humana, algo que surgi&oacute; como un sue&ntilde;o. Siempre que alguien se acerca con intenciones de ayudar, son personas con un compromiso social fuertemente marcado&rdquo;.<\/p>\n\n\n\n<p>Ponce, coment&oacute; que &ldquo;en principio este proyecto surgi&oacute; con la idea de generar mejor convivencia entre los chicos, ya que junto con el equipo interdisciplinario hab&iacute;amos notado que hab&iacute;an ciertas asperezas entre ellos. La llegada de estas din&aacute;micas recreativas, con juegos que al principio los tomaban con cierta desconfianza despu&eacute;s fueron puro entusiasmo. Esto hizo que los chicos se sintieran parte, una caracter&iacute;stica fundamental para trabajar con los j&oacute;venes-adultos que es que cuando ven que alguien se suma y los acompa&ntilde;a se dejan ayudar&rdquo;. &nbsp;<\/p>\n\n\n\n<p>Para finalizar Ponce expres&oacute; su deseo de que este proyecto pueda continuar en el tiempo &ldquo;fomentamos mucho desde mi lugar en el Servicio Penitenciario, el hecho de incluir otros sectores, otros actores sociales que generalmente vienen con aire fresco, con ideas y propuestas nuevas, que realmente son necesarios para garantizar y proteger los derechos de aquellos que se encuentran intramuros y que no pierdan esa calidad de personas&rdquo;.<\/p>\n\n\n\n<p><\/p>\n\n\n\n<figure class=\"wp-block-gallery columns-3\"><ul class=\"blocks-gallery-grid\"><li class=\"blocks-gallery-item\"><figure><a href=\"https:\/\/www.mendoza.gov.ar\/wp-content\/uploads\/sites\/5\/2021\/02\/IMG_20210208_104930504.jpg\"><img loading=\"lazy\" width=\"700\" height=\"394\" src=\"https:\/\/www.mendoza.gov.ar\/wp-content\/uploads\/sites\/5\/2021\/02\/IMG_20210208_104930504-700x394.jpg\" alt=\"\" data-id=\"258805\" data-full-url=\"https:\/\/www.mendoza.gov.ar\/wp-content\/uploads\/sites\/5\/2021\/02\/IMG_20210208_104930504.jpg\" data-link=\"https:\/\/www.mendoza.gov.ar\/prensa\/?attachment_id=258805\" class=\"wp-image-258805 img-responsive center-block\" srcset=\"https:\/\/www.mendoza.gov.ar\/wp-content\/uploads\/sites\/5\/2021\/02\/IMG_20210208_104930504-700x394.jpg 700w, https:\/\/www.mendoza.gov.ar\/wp-content\/uploads\/sites\/5\/2021\/02\/IMG_20210208_104930504-250x141.jpg 250w, https:\/\/www.mendoza.gov.ar\/wp-content\/uploads\/sites\/5\/2021\/02\/IMG_20210208_104930504-768x432.jpg 768w, https:\/\/www.mendoza.gov.ar\/wp-content\/uploads\/sites\/5\/2021\/02\/IMG_20210208_104930504-1536x864.jpg 1536w, https:\/\/www.mendoza.gov.ar\/wp-content\/uploads\/sites\/5\/2021\/02\/IMG_20210208_104930504-2048x1152.jpg 2048w, https:\/\/www.mendoza.gov.ar\/wp-content\/uploads\/sites\/5\/2021\/02\/IMG_20210208_104930504-120x68.jpg 120w\" sizes=\"(max-width: 700px) 100vw, 700px\"><\/a><\/figure><\/li><li class=\"blocks-gallery-item\"><figure><a href=\"https:\/\/www.mendoza.gov.ar\/wp-content\/uploads\/sites\/5\/2021\/02\/IMG_20210208_102537422.jpg\"><img loading=\"lazy\" width=\"700\" height=\"394\" src=\"https:\/\/www.mendoza.gov.ar\/wp-content\/uploads\/sites\/5\/2021\/02\/IMG_20210208_102537422-700x394.jpg\" alt=\"\" data-id=\"258806\" data-full-url=\"https:\/\/www.mendoza.gov.ar\/wp-content\/uploads\/sites\/5\/2021\/02\/IMG_20210208_102537422.jpg\" data-link=\"https:\/\/www.mendoza.gov.ar\/prensa\/?attachment_id=258806\" class=\"wp-image-258806 img-responsive center-block\" srcset=\"https:\/\/www.mendoza.gov.ar\/wp-content\/uploads\/sites\/5\/2021\/02\/IMG_20210208_102537422-700x394.jpg 700w, https:\/\/www.mendoza.gov.ar\/wp-content\/uploads\/sites\/5\/2021\/02\/IMG_20210208_102537422-250x141.jpg 250w, https:\/\/www.mendoza.gov.ar\/wp-content\/uploads\/sites\/5\/2021\/02\/IMG_20210208_102537422-768x432.jpg 768w, https:\/\/www.mendoza.gov.ar\/wp-content\/uploads\/sites\/5\/2021\/02\/IMG_20210208_102537422-1536x864.jpg 1536w, https:\/\/www.mendoza.gov.ar\/wp-content\/uploads\/sites\/5\/2021\/02\/IMG_20210208_102537422-2048x1152.jpg 2048w, https:\/\/www.mendoza.gov.ar\/wp-content\/uploads\/sites\/5\/2021\/02\/IMG_20210208_102537422-120x68.jpg 120w\" sizes=\"(max-width: 700px) 100vw, 700px\"><\/a><\/figure><\/li><li class=\"blocks-gallery-item\"><figure><a href=\"https:\/\/www.mendoza.gov.ar\/wp-content\/uploads\/sites\/5\/2021\/02\/IMG_20210208_103404893.jpg\"><img loading=\"lazy\" width=\"700\" height=\"387\" src=\"https:\/\/www.mendoza.gov.ar\/wp-content\/uploads\/sites\/5\/2021\/02\/IMG_20210208_103404893-700x387.jpg\" alt=\"\" data-id=\"258807\" data-full-url=\"https:\/\/www.mendoza.gov.ar\/wp-content\/uploads\/sites\/5\/2021\/02\/IMG_20210208_103404893.jpg\" data-link=\"https:\/\/www.mendoza.gov.ar\/prensa\/?attachment_id=258807\" class=\"wp-image-258807 img-responsive center-block\" srcset=\"https:\/\/www.mendoza.gov.ar\/wp-content\/uploads\/sites\/5\/2021\/02\/IMG_20210208_103404893-700x387.jpg 700w, https:\/\/www.mendoza.gov.ar\/wp-content\/uploads\/sites\/5\/2021\/02\/IMG_20210208_103404893-250x138.jpg 250w, https:\/\/www.mendoza.gov.ar\/wp-content\/uploads\/sites\/5\/2021\/02\/IMG_20210208_103404893-768x425.jpg 768w, https:\/\/www.mendoza.gov.ar\/wp-content\/uploads\/sites\/5\/2021\/02\/IMG_20210208_103404893-1536x850.jpg 1536w, https:\/\/www.mendoza.gov.ar\/wp-content\/uploads\/sites\/5\/2021\/02\/IMG_20210208_103404893-2048x1133.jpg 2048w, https:\/\/www.mendoza.gov.ar\/wp-content\/uploads\/sites\/5\/2021\/02\/IMG_20210208_103404893-120x66.jpg 120w\" sizes=\"(max-width: 700px) 100vw, 700px\"><\/a><\/figure><\/li><li class=\"blocks-gallery-item\"><figure><a href=\"https:\/\/www.mendoza.gov.ar\/wp-content\/uploads\/sites\/5\/2021\/02\/IMG_20210208_104420795.jpg\"><img loading=\"lazy\" width=\"700\" height=\"394\" src=\"https:\/\/www.mendoza.gov.ar\/wp-content\/uploads\/sites\/5\/2021\/02\/IMG_20210208_104420795-700x394.jpg\" alt=\"\" data-id=\"258808\" data-full-url=\"https:\/\/www.mendoza.gov.ar\/wp-content\/uploads\/sites\/5\/2021\/02\/IMG_20210208_104420795.jpg\" data-link=\"https:\/\/www.mendoza.gov.ar\/prensa\/?attachment_id=258808\" class=\"wp-image-258808 img-responsive center-block\" srcset=\"https:\/\/www.mendoza.gov.ar\/wp-content\/uploads\/sites\/5\/2021\/02\/IMG_20210208_104420795-700x394.jpg 700w, https:\/\/www.mendoza.gov.ar\/wp-content\/uploads\/sites\/5\/2021\/02\/IMG_20210208_104420795-250x141.jpg 250w, https:\/\/www.mendoza.gov.ar\/wp-content\/uploads\/sites\/5\/2021\/02\/IMG_20210208_104420795-768x432.jpg 768w, https:\/\/www.mendoza.gov.ar\/wp-content\/uploads\/sites\/5\/2021\/02\/IMG_20210208_104420795-1536x864.jpg 1536w, https:\/\/www.mendoza.gov.ar\/wp-content\/uploads\/sites\/5\/2021\/02\/IMG_20210208_104420795-2048x1152.jpg 2048w, https:\/\/www.mendoza.gov.ar\/wp-content\/uploads\/sites\/5\/2021\/02\/IMG_20210208_104420795-120x68.jpg 120w\" sizes=\"(max-width: 700px) 100vw, 700px\"><\/a><\/figure><\/li><\/ul><\/figure>\n\n\n\n<figure class=\"wp-block-image\" id=\"block-6dfb6430-2163-41da-a9e6-7d9e86745ad8\"><img src=\"https:\/\/www.mendoza.gov.ar\/prensa\/wp-content\/uploads\/sites\/5\/2020\/03\/WhatsApp-Image-2020-03-17-at-6.23.29-PM-1.jpeg\" alt=\"Esta imagen tiene un atributo alt vac&iacute;o; el nombre del archivo es WhatsApp-Image-2020-03-17-at-6.23.29-PM-1.jpeg\" class=\" img-responsive center-block\"><\/figure>\n\n\n\n<p id=\"block-931ed423-f809-439c-b0dd-232b50c7ffe2\"><a rel=\"noreferrer noopener\" href=\"https:\/\/www.mendoza.gov.ar\/prensa\/covid-19\/\" target=\"_blank\"><strong>Clic aqu&iacute; para ver m&aacute;s noticias sobre coronavirus<\/strong><\/a><\/p>\n\n\n\n<figure class=\"wp-block-image\" id=\"block-1053c4b1-bef4-46d8-bc66-dbcb8da65641\"><img src=\"https:\/\/www.mendoza.gov.ar\/prensa\/wp-content\/uploads\/sites\/5\/2020\/03\/WhatsApp-Image-2020-03-17-at-6.23.29-PM-1.jpeg\" alt=\"Esta imagen tiene un atributo alt vac&iacute;o; el nombre del archivo es WhatsApp-Image-2020-03-17-at-6.23.29-PM-1.jpeg\" class=\" img-responsive center-block\"><\/figure>\n\n\n\n<p id=\"block-63522da2-0be0-4cbf-8fd7-6e78be03e806\"><strong><a rel=\"noreferrer noopener\" href=\"https:\/\/www.mendoza.gov.ar\/prensa\/comunicados\/\" target=\"_blank\">Clic aqu&iacute; para ver los comunicados del Ministerio de Salud<\/a><\/strong><\/p>\n\n\n\n<figure class=\"wp-block-image\" id=\"block-e3b51b97-4478-4878-88f4-7afad88d59e0\"><img src=\"https:\/\/www.mendoza.gov.ar\/prensa\/wp-content\/uploads\/sites\/5\/2020\/03\/WhatsApp-Image-2020-03-17-at-6.23.29-PM-1.jpeg\" alt=\"Esta imagen tiene un atributo alt vac&iacute;o; el nombre del archivo es WhatsApp-Image-2020-03-17-at-6.23.29-PM-1.jpeg\" class=\" img-responsive center-block\"><\/figure>\n\n\n\n<p id=\"block-7da8c503-f124-4b7d-9981-a3b12ee0e94c\"><strong><a rel=\"noreferrer noopener\" href=\"https:\/\/www.mendoza.gov.ar\/coronavirus\" target=\"_blank\">www.mendoza.gov.ar\/coronavirus<\/a><\/strong><\/p>\n<\/body><\/html>\n","protected":false},"excerpt":{"rendered":"Se trata del ciclo denominado &ldquo;Liberando Cuentos&rdquo;, que fue declarado de inter&eacute;s por la Honorable C&aacute;mara de Senadores debido a su alto compromiso e interacci&oacute;n social. &nbsp; La senadora provincial Mar&iacute;a Mercedes Rus, fue la encargada de presentar un proyecto legislativo para reconocer y destacar a un grupo de escritores encabezados por Viviana Baldo y&#8230; <a class=\"view-article\" href=\"https:\/\/www.mendoza.gov.ar\/prensa\/jovenes-privados-de-la-libertad-participaron-en-la-creacion-de-cuentos-para-ninos-con-autismo\/\"><\/a>","protected":false},"author":77,"featured_media":258805,"comment_status":"open","ping_status":"open","sticky":false,"template":"","format":"standard","meta":[],"categories":[33],"tags":[],"_links":{"self":[{"href":"https:\/\/www.mendoza.gov.ar\/prensa\/wp-json\/wp\/v2\/posts\/258804"}],"collection":[{"href":"https:\/\/www.mendoza.gov.ar\/prensa\/wp-json\/wp\/v2\/posts"}],"about":[{"href":"https:\/\/www.mendoza.gov.ar\/prensa\/wp-json\/wp\/v2\/types\/post"}],"author":[{"embeddable":true,"href":"https:\/\/www.mendoza.gov.ar\/prensa\/wp-json\/wp\/v2\/users\/77"}],"replies":[{"embeddable":true,"href":"https:\/\/www.mendoza.gov.ar\/prensa\/wp-json\/wp\/v2\/comments?post=258804"}],"version-history":[{"count":2,"href":"https:\/\/www.mendoza.gov.ar\/prensa\/wp-json\/wp\/v2\/posts\/258804\/revisions"}],"predecessor-version":[{"id":258810,"href":"https:\/\/www.mendoza.gov.ar\/prensa\/wp-json\/wp\/v2\/posts\/258804\/revisions\/258810"}],"wp:featuredmedia":[{"embeddable":true,"href":"https:\/\/www.mendoza.gov.ar\/prensa\/wp-json\/wp\/v2\/media\/258805"}],"wp:attachment":[{"href":"https:\/\/www.mendoza.gov.ar\/prensa\/wp-json\/wp\/v2\/media?parent=258804"}],"wp:term":[{"taxonomy":"category","embeddable":true,"href":"https:\/\/www.mendoza.gov.ar\/prensa\/wp-json\/wp\/v2\/categories?post=258804"},{"taxonomy":"post_tag","embeddable":true,"href":"https:\/\/www.mendoza.gov.ar\/prensa\/wp-json\/wp\/v2\/tags?post=258804"}],"curies":[{"name":"wp","href":"https:\/\/api.w.org\/{rel}","templated":true}]}}