{"id":260301,"date":"2021-02-22T14:41:58","date_gmt":"2021-02-22T17:41:58","guid":{"rendered":"https:\/\/www.mendoza.gov.ar\/prensa\/?p=260301"},"modified":"2021-02-22T15:09:15","modified_gmt":"2021-02-22T18:09:15","slug":"comenzo-la-vacunacion-en-geriatricos-de-la-provincia","status":"publish","type":"post","link":"https:\/\/www.mendoza.gov.ar\/prensa\/comenzo-la-vacunacion-en-geriatricos-de-la-provincia\/","title":{"rendered":"Comenz\u00f3 la vacunaci\u00f3n en geri\u00e1tricos de la provincia"},"content":{"rendered":"<!DOCTYPE html PUBLIC \"-\/\/W3C\/\/DTD HTML 4.0 Transitional\/\/EN\" \"http:\/\/www.w3.org\/TR\/REC-html40\/loose.dtd\">\n<html><body><h5>Ser&iacute;an unas 5.000 dosis que se han dispuesto para llegar a 308 instituciones geri&aacute;tricas y centros de hemodi&aacute;lisis y hogares de personas con discapacidad.<\/h5>\n\n\n\n<p>La ministra de Salud, Desarrollo Social y Deportes, Ana Mar&iacute;a Nadal junto a funcionarios de su cartera, dieron comienzo a la nueva etapa de vacunaci&oacute;n contra el COVID-19. El lugar elegido fue el Hogar Santa Marta, ubicado en calle Boulogne Sur Mer de Ciudad.<\/p>\n\n\n\n<p>Est&aacute; previsto que se inmunice a los adultos mayores que quieran hacerlo, y tambi&eacute;n se har&aacute; un cronograma escalonado para que el personal de los geri&aacute;tricos reciba la vacuna.<\/p>\n\n\n\n<p>Consultada, la ministra Ana Mar&iacute;a Nadal, explic&oacute;: &ldquo;Comenzamos con la campa&ntilde;a de vacunaci&oacute;n en geri&aacute;tricos, tal como lo hab&iacute;amos anunciado el viernes. De estas 23.000 dosis que llegaron de laboratorios Astra Zeneca, 5.000 de ellas las hemos destinado a inmunizar a los adultos mayores y personal de geri&aacute;tricos, que comprenden a esta poblaci&oacute;n&rdquo;.&nbsp;<\/p>\n\n\n\n<p>&ldquo;Son adultos que tienen una vulnerabilidad natural por su edad pero tambi&eacute;n por la situaci&oacute;n de convivencia. Si bien el a&ntilde;o pasado tuvimos una estrategia exitosa en geri&aacute;tricos que fue coordinada por la Subsecretar&iacute;a de Gesti&oacute;n, fue un a&ntilde;o dif&iacute;cil, as&iacute; que empezar a vacunar desde hoy es algo que nos da tranquilidad para enfrentar la posible segunda ola&rdquo;, sostuvo la ministra.<\/p>\n\n\n\n<p>Adem&aacute;s, con respecto a la adhesi&oacute;n voluntaria a la inmunizaci&oacute;n, Nadal se&ntilde;al&oacute;: &ldquo;Estamos teniendo un alt&iacute;simo porcentaje de aceptaci&oacute;n de la vacuna, la confianza en la misma ha ido creciendo y se sabe que los efectos adversos son leves&rdquo;.<\/p>\n\n\n\n<p>Cada instituci&oacute;n ser&aacute; informada del d&iacute;a, lugar y hora de la vacunaci&oacute;n, y se utilizar&aacute; una estrategia similar a la campa&ntilde;a antigripal, teniendo en cuenta que quienes permanecen en instituciones no tienen que registrarse porque ser&aacute;n vacunados a partir del relevamiento ya realizado por el Ministerio de Salud.<\/p>\n\n\n\n<p><strong>Inscripciones on line<\/strong><\/p>\n\n\n\n<p>Asimismo, desde hoy el Gobierno de Mendoza habilit&oacute; una p&aacute;gina web para que mayores de 70 a&ntilde;os puedan pedir un turno para recibir la vacuna contra el coronavirus.<\/p>\n\n\n\n<p>Sobre el tema, Nadal, indic&oacute;: &ldquo;Desde anoche tenemos anotados 25.000 personas con solicitud de vacunar. Hemos estado chequeando de forma permanente la p&aacute;gina y no hemos tenido registros de colapso. La semana que viene empezamos a vacunar a quienes se inscribieron. Mayores de 70 a&ntilde;os tenemos unas 210.000 personas en la Provincia y hoy tenemos una disponibilidad de 18.000 vacunas. Entonces, pedimos que nos permitan organizarnos porque queremos tener una campa&ntilde;a de vacunaci&oacute;n continua. Con esto quiero decir que las personas preinscriptas van a recibir un turno devuelto, y lo vamos a ir haciendo a medida que tengamos vacunas, esto es un plan de vacunaci&oacute;n para organizarse&rdquo;.<\/p>\n\n\n\n<p>&ldquo;Las vacunas chinas ya tienen la aprobaci&oacute;n de emergencia en la Anmat e iremos poni&eacute;ndolas a disposici&oacute;n a medida que tengamos. Estamos esperando el mismo promedio de vacunas que llegan a Mendoza en cada tanda&rdquo;, puntualiz&oacute; la ministra.<\/p>\n\n\n\n<p><\/p>\n\n\n\n<figure class=\"wp-block-gallery columns-3\"><ul class=\"blocks-gallery-grid\"><li class=\"blocks-gallery-item\"><figure><a href=\"https:\/\/www.mendoza.gov.ar\/wp-content\/uploads\/sites\/5\/2021\/02\/1MAR_0785.jpg\"><img loading=\"lazy\" width=\"700\" height=\"882\" src=\"https:\/\/www.mendoza.gov.ar\/wp-content\/uploads\/sites\/5\/2021\/02\/1MAR_0785-700x882.jpg\" alt=\"\" data-id=\"260302\" data-full-url=\"https:\/\/www.mendoza.gov.ar\/wp-content\/uploads\/sites\/5\/2021\/02\/1MAR_0785.jpg\" data-link=\"https:\/\/www.mendoza.gov.ar\/prensa\/?attachment_id=260302\" class=\"wp-image-260302 img-responsive center-block\" srcset=\"https:\/\/www.mendoza.gov.ar\/wp-content\/uploads\/sites\/5\/2021\/02\/1MAR_0785-700x882.jpg 700w, https:\/\/www.mendoza.gov.ar\/wp-content\/uploads\/sites\/5\/2021\/02\/1MAR_0785-250x315.jpg 250w, https:\/\/www.mendoza.gov.ar\/wp-content\/uploads\/sites\/5\/2021\/02\/1MAR_0785-768x968.jpg 768w, https:\/\/www.mendoza.gov.ar\/wp-content\/uploads\/sites\/5\/2021\/02\/1MAR_0785-1218x1536.jpg 1218w, https:\/\/www.mendoza.gov.ar\/wp-content\/uploads\/sites\/5\/2021\/02\/1MAR_0785-1625x2048.jpg 1625w, https:\/\/www.mendoza.gov.ar\/wp-content\/uploads\/sites\/5\/2021\/02\/1MAR_0785-120x151.jpg 120w\" sizes=\"(max-width: 700px) 100vw, 700px\"><\/a><\/figure><\/li><li class=\"blocks-gallery-item\"><figure><a href=\"https:\/\/www.mendoza.gov.ar\/wp-content\/uploads\/sites\/5\/2021\/02\/1MAR_0820.jpg\"><img loading=\"lazy\" width=\"700\" height=\"502\" src=\"https:\/\/www.mendoza.gov.ar\/wp-content\/uploads\/sites\/5\/2021\/02\/1MAR_0820-700x502.jpg\" alt=\"\" data-id=\"260303\" data-full-url=\"https:\/\/www.mendoza.gov.ar\/wp-content\/uploads\/sites\/5\/2021\/02\/1MAR_0820.jpg\" data-link=\"https:\/\/www.mendoza.gov.ar\/prensa\/?attachment_id=260303\" class=\"wp-image-260303 img-responsive center-block\" srcset=\"https:\/\/www.mendoza.gov.ar\/wp-content\/uploads\/sites\/5\/2021\/02\/1MAR_0820-700x502.jpg 700w, https:\/\/www.mendoza.gov.ar\/wp-content\/uploads\/sites\/5\/2021\/02\/1MAR_0820-250x179.jpg 250w, https:\/\/www.mendoza.gov.ar\/wp-content\/uploads\/sites\/5\/2021\/02\/1MAR_0820-768x550.jpg 768w, https:\/\/www.mendoza.gov.ar\/wp-content\/uploads\/sites\/5\/2021\/02\/1MAR_0820-1536x1101.jpg 1536w, https:\/\/www.mendoza.gov.ar\/wp-content\/uploads\/sites\/5\/2021\/02\/1MAR_0820-2048x1468.jpg 2048w, https:\/\/www.mendoza.gov.ar\/wp-content\/uploads\/sites\/5\/2021\/02\/1MAR_0820-120x86.jpg 120w\" sizes=\"(max-width: 700px) 100vw, 700px\"><\/a><\/figure><\/li><li class=\"blocks-gallery-item\"><figure><a href=\"https:\/\/www.mendoza.gov.ar\/wp-content\/uploads\/sites\/5\/2021\/02\/1MAR_0807.jpg\"><img loading=\"lazy\" width=\"700\" height=\"471\" src=\"https:\/\/www.mendoza.gov.ar\/wp-content\/uploads\/sites\/5\/2021\/02\/1MAR_0807-700x471.jpg\" alt=\"\" data-id=\"260304\" data-full-url=\"https:\/\/www.mendoza.gov.ar\/wp-content\/uploads\/sites\/5\/2021\/02\/1MAR_0807.jpg\" data-link=\"https:\/\/www.mendoza.gov.ar\/prensa\/?attachment_id=260304\" class=\"wp-image-260304 img-responsive center-block\" srcset=\"https:\/\/www.mendoza.gov.ar\/wp-content\/uploads\/sites\/5\/2021\/02\/1MAR_0807-700x471.jpg 700w, https:\/\/www.mendoza.gov.ar\/wp-content\/uploads\/sites\/5\/2021\/02\/1MAR_0807-250x168.jpg 250w, https:\/\/www.mendoza.gov.ar\/wp-content\/uploads\/sites\/5\/2021\/02\/1MAR_0807-768x517.jpg 768w, https:\/\/www.mendoza.gov.ar\/wp-content\/uploads\/sites\/5\/2021\/02\/1MAR_0807-1536x1034.jpg 1536w, https:\/\/www.mendoza.gov.ar\/wp-content\/uploads\/sites\/5\/2021\/02\/1MAR_0807-2048x1379.jpg 2048w, https:\/\/www.mendoza.gov.ar\/wp-content\/uploads\/sites\/5\/2021\/02\/1MAR_0807-120x81.jpg 120w\" sizes=\"(max-width: 700px) 100vw, 700px\"><\/a><\/figure><\/li><li class=\"blocks-gallery-item\"><figure><a href=\"https:\/\/www.mendoza.gov.ar\/wp-content\/uploads\/sites\/5\/2021\/02\/1MAR_0776.jpg\"><img loading=\"lazy\" width=\"700\" height=\"468\" src=\"https:\/\/www.mendoza.gov.ar\/wp-content\/uploads\/sites\/5\/2021\/02\/1MAR_0776-700x468.jpg\" alt=\"\" data-id=\"260305\" data-full-url=\"https:\/\/www.mendoza.gov.ar\/wp-content\/uploads\/sites\/5\/2021\/02\/1MAR_0776.jpg\" data-link=\"https:\/\/www.mendoza.gov.ar\/prensa\/?attachment_id=260305\" class=\"wp-image-260305 img-responsive center-block\" srcset=\"https:\/\/www.mendoza.gov.ar\/wp-content\/uploads\/sites\/5\/2021\/02\/1MAR_0776-700x468.jpg 700w, https:\/\/www.mendoza.gov.ar\/wp-content\/uploads\/sites\/5\/2021\/02\/1MAR_0776-250x167.jpg 250w, https:\/\/www.mendoza.gov.ar\/wp-content\/uploads\/sites\/5\/2021\/02\/1MAR_0776-768x514.jpg 768w, https:\/\/www.mendoza.gov.ar\/wp-content\/uploads\/sites\/5\/2021\/02\/1MAR_0776-1536x1028.jpg 1536w, https:\/\/www.mendoza.gov.ar\/wp-content\/uploads\/sites\/5\/2021\/02\/1MAR_0776-2048x1370.jpg 2048w, https:\/\/www.mendoza.gov.ar\/wp-content\/uploads\/sites\/5\/2021\/02\/1MAR_0776-120x80.jpg 120w\" sizes=\"(max-width: 700px) 100vw, 700px\"><\/a><\/figure><\/li><li class=\"blocks-gallery-item\"><figure><a href=\"https:\/\/www.mendoza.gov.ar\/wp-content\/uploads\/sites\/5\/2021\/02\/1MAR_0796.jpg\"><img loading=\"lazy\" width=\"700\" height=\"474\" src=\"https:\/\/www.mendoza.gov.ar\/wp-content\/uploads\/sites\/5\/2021\/02\/1MAR_0796-700x474.jpg\" alt=\"\" data-id=\"260306\" data-full-url=\"https:\/\/www.mendoza.gov.ar\/wp-content\/uploads\/sites\/5\/2021\/02\/1MAR_0796.jpg\" data-link=\"https:\/\/www.mendoza.gov.ar\/prensa\/?attachment_id=260306\" class=\"wp-image-260306 img-responsive center-block\" srcset=\"https:\/\/www.mendoza.gov.ar\/wp-content\/uploads\/sites\/5\/2021\/02\/1MAR_0796-700x474.jpg 700w, https:\/\/www.mendoza.gov.ar\/wp-content\/uploads\/sites\/5\/2021\/02\/1MAR_0796-250x169.jpg 250w, https:\/\/www.mendoza.gov.ar\/wp-content\/uploads\/sites\/5\/2021\/02\/1MAR_0796-768x520.jpg 768w, https:\/\/www.mendoza.gov.ar\/wp-content\/uploads\/sites\/5\/2021\/02\/1MAR_0796-1536x1039.jpg 1536w, https:\/\/www.mendoza.gov.ar\/wp-content\/uploads\/sites\/5\/2021\/02\/1MAR_0796-2048x1385.jpg 2048w, https:\/\/www.mendoza.gov.ar\/wp-content\/uploads\/sites\/5\/2021\/02\/1MAR_0796-120x81.jpg 120w\" sizes=\"(max-width: 700px) 100vw, 700px\"><\/a><\/figure><\/li><li class=\"blocks-gallery-item\"><figure><a href=\"https:\/\/www.mendoza.gov.ar\/wp-content\/uploads\/sites\/5\/2021\/02\/1MAR_0738.jpg\"><img loading=\"lazy\" width=\"700\" height=\"467\" src=\"https:\/\/www.mendoza.gov.ar\/wp-content\/uploads\/sites\/5\/2021\/02\/1MAR_0738-700x467.jpg\" alt=\"\" data-id=\"260307\" data-full-url=\"https:\/\/www.mendoza.gov.ar\/wp-content\/uploads\/sites\/5\/2021\/02\/1MAR_0738.jpg\" data-link=\"https:\/\/www.mendoza.gov.ar\/prensa\/?attachment_id=260307\" class=\"wp-image-260307 img-responsive center-block\" srcset=\"https:\/\/www.mendoza.gov.ar\/wp-content\/uploads\/sites\/5\/2021\/02\/1MAR_0738-700x467.jpg 700w, https:\/\/www.mendoza.gov.ar\/wp-content\/uploads\/sites\/5\/2021\/02\/1MAR_0738-250x167.jpg 250w, https:\/\/www.mendoza.gov.ar\/wp-content\/uploads\/sites\/5\/2021\/02\/1MAR_0738-768x512.jpg 768w, https:\/\/www.mendoza.gov.ar\/wp-content\/uploads\/sites\/5\/2021\/02\/1MAR_0738-1536x1024.jpg 1536w, https:\/\/www.mendoza.gov.ar\/wp-content\/uploads\/sites\/5\/2021\/02\/1MAR_0738-2048x1365.jpg 2048w, https:\/\/www.mendoza.gov.ar\/wp-content\/uploads\/sites\/5\/2021\/02\/1MAR_0738-120x80.jpg 120w\" sizes=\"(max-width: 700px) 100vw, 700px\"><\/a><\/figure><\/li><li class=\"blocks-gallery-item\"><figure><a href=\"https:\/\/www.mendoza.gov.ar\/wp-content\/uploads\/sites\/5\/2021\/02\/1MAR_0751.jpg\"><img loading=\"lazy\" width=\"700\" height=\"467\" src=\"https:\/\/www.mendoza.gov.ar\/wp-content\/uploads\/sites\/5\/2021\/02\/1MAR_0751-700x467.jpg\" alt=\"\" data-id=\"260308\" data-full-url=\"https:\/\/www.mendoza.gov.ar\/wp-content\/uploads\/sites\/5\/2021\/02\/1MAR_0751.jpg\" data-link=\"https:\/\/www.mendoza.gov.ar\/prensa\/?attachment_id=260308\" class=\"wp-image-260308 img-responsive center-block\" srcset=\"https:\/\/www.mendoza.gov.ar\/wp-content\/uploads\/sites\/5\/2021\/02\/1MAR_0751-700x467.jpg 700w, https:\/\/www.mendoza.gov.ar\/wp-content\/uploads\/sites\/5\/2021\/02\/1MAR_0751-250x167.jpg 250w, https:\/\/www.mendoza.gov.ar\/wp-content\/uploads\/sites\/5\/2021\/02\/1MAR_0751-768x512.jpg 768w, https:\/\/www.mendoza.gov.ar\/wp-content\/uploads\/sites\/5\/2021\/02\/1MAR_0751-1536x1024.jpg 1536w, https:\/\/www.mendoza.gov.ar\/wp-content\/uploads\/sites\/5\/2021\/02\/1MAR_0751-2048x1365.jpg 2048w, https:\/\/www.mendoza.gov.ar\/wp-content\/uploads\/sites\/5\/2021\/02\/1MAR_0751-120x80.jpg 120w\" sizes=\"(max-width: 700px) 100vw, 700px\"><\/a><\/figure><\/li><li class=\"blocks-gallery-item\"><figure><a href=\"https:\/\/www.mendoza.gov.ar\/wp-content\/uploads\/sites\/5\/2021\/02\/1MAR_0755.jpg\"><img loading=\"lazy\" width=\"700\" height=\"467\" src=\"https:\/\/www.mendoza.gov.ar\/wp-content\/uploads\/sites\/5\/2021\/02\/1MAR_0755-700x467.jpg\" alt=\"\" data-id=\"260309\" data-full-url=\"https:\/\/www.mendoza.gov.ar\/wp-content\/uploads\/sites\/5\/2021\/02\/1MAR_0755.jpg\" data-link=\"https:\/\/www.mendoza.gov.ar\/prensa\/?attachment_id=260309\" class=\"wp-image-260309 img-responsive center-block\" srcset=\"https:\/\/www.mendoza.gov.ar\/wp-content\/uploads\/sites\/5\/2021\/02\/1MAR_0755-700x467.jpg 700w, https:\/\/www.mendoza.gov.ar\/wp-content\/uploads\/sites\/5\/2021\/02\/1MAR_0755-250x167.jpg 250w, https:\/\/www.mendoza.gov.ar\/wp-content\/uploads\/sites\/5\/2021\/02\/1MAR_0755-768x512.jpg 768w, https:\/\/www.mendoza.gov.ar\/wp-content\/uploads\/sites\/5\/2021\/02\/1MAR_0755-1536x1024.jpg 1536w, https:\/\/www.mendoza.gov.ar\/wp-content\/uploads\/sites\/5\/2021\/02\/1MAR_0755-2048x1365.jpg 2048w, https:\/\/www.mendoza.gov.ar\/wp-content\/uploads\/sites\/5\/2021\/02\/1MAR_0755-120x80.jpg 120w\" sizes=\"(max-width: 700px) 100vw, 700px\"><\/a><\/figure><\/li><li class=\"blocks-gallery-item\"><figure><a href=\"https:\/\/www.mendoza.gov.ar\/wp-content\/uploads\/sites\/5\/2021\/02\/1MAR_0769.jpg\"><img loading=\"lazy\" width=\"700\" height=\"457\" src=\"https:\/\/www.mendoza.gov.ar\/wp-content\/uploads\/sites\/5\/2021\/02\/1MAR_0769-700x457.jpg\" alt=\"\" data-id=\"260310\" data-full-url=\"https:\/\/www.mendoza.gov.ar\/wp-content\/uploads\/sites\/5\/2021\/02\/1MAR_0769.jpg\" data-link=\"https:\/\/www.mendoza.gov.ar\/prensa\/?attachment_id=260310\" class=\"wp-image-260310 img-responsive center-block\" srcset=\"https:\/\/www.mendoza.gov.ar\/wp-content\/uploads\/sites\/5\/2021\/02\/1MAR_0769-700x457.jpg 700w, https:\/\/www.mendoza.gov.ar\/wp-content\/uploads\/sites\/5\/2021\/02\/1MAR_0769-250x163.jpg 250w, https:\/\/www.mendoza.gov.ar\/wp-content\/uploads\/sites\/5\/2021\/02\/1MAR_0769-768x501.jpg 768w, https:\/\/www.mendoza.gov.ar\/wp-content\/uploads\/sites\/5\/2021\/02\/1MAR_0769-1536x1002.jpg 1536w, https:\/\/www.mendoza.gov.ar\/wp-content\/uploads\/sites\/5\/2021\/02\/1MAR_0769-2048x1336.jpg 2048w, https:\/\/www.mendoza.gov.ar\/wp-content\/uploads\/sites\/5\/2021\/02\/1MAR_0769-120x78.jpg 120w\" sizes=\"(max-width: 700px) 100vw, 700px\"><\/a><\/figure><\/li><li class=\"blocks-gallery-item\"><figure><a href=\"https:\/\/www.mendoza.gov.ar\/wp-content\/uploads\/sites\/5\/2021\/02\/1MAR_0801.jpg\"><img loading=\"lazy\" width=\"700\" height=\"849\" src=\"https:\/\/www.mendoza.gov.ar\/wp-content\/uploads\/sites\/5\/2021\/02\/1MAR_0801-700x849.jpg\" alt=\"\" data-id=\"260311\" data-full-url=\"https:\/\/www.mendoza.gov.ar\/wp-content\/uploads\/sites\/5\/2021\/02\/1MAR_0801.jpg\" data-link=\"https:\/\/www.mendoza.gov.ar\/prensa\/?attachment_id=260311\" class=\"wp-image-260311 img-responsive center-block\" srcset=\"https:\/\/www.mendoza.gov.ar\/wp-content\/uploads\/sites\/5\/2021\/02\/1MAR_0801-700x849.jpg 700w, https:\/\/www.mendoza.gov.ar\/wp-content\/uploads\/sites\/5\/2021\/02\/1MAR_0801-250x303.jpg 250w, https:\/\/www.mendoza.gov.ar\/wp-content\/uploads\/sites\/5\/2021\/02\/1MAR_0801-768x932.jpg 768w, https:\/\/www.mendoza.gov.ar\/wp-content\/uploads\/sites\/5\/2021\/02\/1MAR_0801-1266x1536.jpg 1266w, https:\/\/www.mendoza.gov.ar\/wp-content\/uploads\/sites\/5\/2021\/02\/1MAR_0801-1688x2048.jpg 1688w, https:\/\/www.mendoza.gov.ar\/wp-content\/uploads\/sites\/5\/2021\/02\/1MAR_0801-120x146.jpg 120w\" sizes=\"(max-width: 700px) 100vw, 700px\"><\/a><\/figure><\/li><\/ul><\/figure>\n\n\n\n<figure class=\"wp-block-image\" id=\"block-b488ef10-3d2c-49e5-971c-0faa5288ca26\"><img src=\"https:\/\/www.mendoza.gov.ar\/prensa\/wp-content\/uploads\/sites\/5\/2020\/03\/WhatsApp-Image-2020-03-17-at-6.23.29-PM-1.jpeg\" alt=\"Esta imagen tiene un atributo alt vac&iacute;o; el nombre del archivo es WhatsApp-Image-2020-03-17-at-6.23.29-PM-1.jpeg\" class=\" img-responsive center-block\"><\/figure>\n\n\n\n<p class=\"has-text-align-center\" id=\"block-2d541db0-37f2-45b8-97ca-6b38c19b9b4c\"><a rel=\"noreferrer noopener\" href=\"https:\/\/www.mendoza.gov.ar\/prensa\/covid-19\/\" target=\"_blank\"><strong>Clic aqu&iacute; para ver m&aacute;s noticias sobre coronavirus<\/strong><\/a><\/p>\n\n\n\n<figure class=\"wp-block-image\" id=\"block-85c84bed-72ae-4717-8012-2357f5ca2f05\"><img src=\"https:\/\/www.mendoza.gov.ar\/prensa\/wp-content\/uploads\/sites\/5\/2020\/03\/WhatsApp-Image-2020-03-17-at-6.23.29-PM-1.jpeg\" alt=\"Esta imagen tiene un atributo alt vac&iacute;o; el nombre del archivo es WhatsApp-Image-2020-03-17-at-6.23.29-PM-1.jpeg\" class=\" img-responsive center-block\"><\/figure>\n\n\n\n<p class=\"has-text-align-center\" id=\"block-a9334a25-80b6-4a65-9f8e-bef1e81d7b68\"><strong><a rel=\"noreferrer noopener\" href=\"https:\/\/www.mendoza.gov.ar\/prensa\/comunicados\/\" target=\"_blank\">Clic aqu&iacute; para ver los comunicados del Ministerio de Salud<\/a><\/strong><\/p>\n\n\n\n<figure class=\"wp-block-image\" id=\"block-d3e8c809-7de9-4bcd-9d72-ee5d8915b244\"><img src=\"https:\/\/www.mendoza.gov.ar\/prensa\/wp-content\/uploads\/sites\/5\/2020\/03\/WhatsApp-Image-2020-03-17-at-6.23.29-PM-1.jpeg\" alt=\"Esta imagen tiene un atributo alt vac&iacute;o; el nombre del archivo es WhatsApp-Image-2020-03-17-at-6.23.29-PM-1.jpeg\" class=\" img-responsive center-block\"><\/figure>\n\n\n\n<p class=\"has-text-align-center\" id=\"block-df568712-377b-49b4-b6f0-fbcb6caa5cbe\"><strong><a rel=\"noreferrer noopener\" href=\"https:\/\/www.mendoza.gov.ar\/coronavirus\" target=\"_blank\">www.mendoza.gov.ar\/coronavirus<\/a><\/strong><\/p>\n<\/body><\/html>\n","protected":false},"excerpt":{"rendered":"Ser&iacute;an unas 5.000 dosis que se han dispuesto para llegar a 308 instituciones geri&aacute;tricas y centros de hemodi&aacute;lisis y hogares de personas con discapacidad. La ministra de Salud, Desarrollo Social y Deportes, Ana Mar&iacute;a Nadal junto a funcionarios de su cartera, dieron comienzo a la nueva etapa de vacunaci&oacute;n contra el COVID-19. El lugar elegido&#8230; <a class=\"view-article\" href=\"https:\/\/www.mendoza.gov.ar\/prensa\/comenzo-la-vacunacion-en-geriatricos-de-la-provincia\/\"><\/a>","protected":false},"author":62,"featured_media":260304,"comment_status":"open","ping_status":"open","sticky":false,"template":"","format":"standard","meta":[],"categories":[1822,32],"tags":[],"_links":{"self":[{"href":"https:\/\/www.mendoza.gov.ar\/prensa\/wp-json\/wp\/v2\/posts\/260301"}],"collection":[{"href":"https:\/\/www.mendoza.gov.ar\/prensa\/wp-json\/wp\/v2\/posts"}],"about":[{"href":"https:\/\/www.mendoza.gov.ar\/prensa\/wp-json\/wp\/v2\/types\/post"}],"author":[{"embeddable":true,"href":"https:\/\/www.mendoza.gov.ar\/prensa\/wp-json\/wp\/v2\/users\/62"}],"replies":[{"embeddable":true,"href":"https:\/\/www.mendoza.gov.ar\/prensa\/wp-json\/wp\/v2\/comments?post=260301"}],"version-history":[{"count":5,"href":"https:\/\/www.mendoza.gov.ar\/prensa\/wp-json\/wp\/v2\/posts\/260301\/revisions"}],"predecessor-version":[{"id":260320,"href":"https:\/\/www.mendoza.gov.ar\/prensa\/wp-json\/wp\/v2\/posts\/260301\/revisions\/260320"}],"wp:featuredmedia":[{"embeddable":true,"href":"https:\/\/www.mendoza.gov.ar\/prensa\/wp-json\/wp\/v2\/media\/260304"}],"wp:attachment":[{"href":"https:\/\/www.mendoza.gov.ar\/prensa\/wp-json\/wp\/v2\/media?parent=260301"}],"wp:term":[{"taxonomy":"category","embeddable":true,"href":"https:\/\/www.mendoza.gov.ar\/prensa\/wp-json\/wp\/v2\/categories?post=260301"},{"taxonomy":"post_tag","embeddable":true,"href":"https:\/\/www.mendoza.gov.ar\/prensa\/wp-json\/wp\/v2\/tags?post=260301"}],"curies":[{"name":"wp","href":"https:\/\/api.w.org\/{rel}","templated":true}]}}