{"id":260489,"date":"2021-02-24T08:38:39","date_gmt":"2021-02-24T11:38:39","guid":{"rendered":"https:\/\/www.mendoza.gov.ar\/prensa\/?p=260489"},"modified":"2021-02-24T09:32:35","modified_gmt":"2021-02-24T12:32:35","slug":"laguna-el-viboron-los-primeros-analisis-de-irrigacion-arrojan-que-no-hay-agroquimicos-y-ahora-estudia-las-algas","status":"publish","type":"post","link":"https:\/\/www.mendoza.gov.ar\/prensa\/laguna-el-viboron-los-primeros-analisis-de-irrigacion-arrojan-que-no-hay-agroquimicos-y-ahora-estudia-las-algas\/","title":{"rendered":"Laguna El Vibor\u00f3n: los primeros an\u00e1lisis de Irrigaci\u00f3n arrojan que no hay agroqu\u00edmicos y ahora estudia las algas"},"content":{"rendered":"<!DOCTYPE html PUBLIC \"-\/\/W3C\/\/DTD HTML 4.0 Transitional\/\/EN\" \"http:\/\/www.w3.org\/TR\/REC-html40\/loose.dtd\">\n<html><body><h5>La Direcci&oacute;n de Gesti&oacute;n Ambiental del Recurso H&iacute;drico avanza con otros an&aacute;lisis y estudios.<\/h5>\n\n\n\n<p>El Director de la Direcci&oacute;n de Gesti&oacute;n Ambiental del Recurso H&iacute;drico de Irrigaci&oacute;n, An&iacute;bal Manzur, confirm&oacute; que recibi&oacute; los resultados de los primeros an&aacute;lisis que solicit&oacute; d&iacute;as atr&aacute;s para corroborar la presencia de agrot&oacute;xicos en el agua de la Laguna El Vibor&oacute;n, en Maip&uacute;, donde se han hallado peces y aves muertas.<\/p>\n\n\n\n<p>Estos resultados, entonces, indican que no hay presencia de pesticidas.<\/p>\n\n\n\n<p>&ldquo;Las muestras para detectar la presencia de agroqu&iacute;micos fueron enviadas al INTA y el informe de an&aacute;lisis de residuos de pesticidas arroj&oacute; que no se ha detectado ninguno, de un listado de m&aacute;s de 18. Es decir que la problem&aacute;tica de la Laguna no reside en este aspecto&rdquo;, asegur&oacute; Manzur.<\/p>\n\n\n\n<p>&ldquo;Seguimos analizando por diferentes &aacute;mbitos y posibilidades d&oacute;nde est&aacute; verdaderamente la problem&aacute;tica&rdquo;, sostuvo el funcionario del organismo del agua.<\/p>\n\n\n\n<p>Desde inicios de febrero el Departamento General de Irrigaci&oacute;n viene monitoreando todas las semanas lo que sucede en la Laguna.En la ma&ntilde;ana de este martes, personal de r&iacute;o Mendoza concurri&oacute; para tomar muestras y realizar an&aacute;lisis biol&oacute;gicos con el objetivo de determinar si hay existencia de algas t&oacute;xicas.<\/p>\n\n\n\n<p>Hasta el momento el personal del organismo ha realizado inspecciones, en las que se han tomado muestras, medido conductividad y pH y nivel de ox&iacute;geno en el agua. Se ha recorrido toda la zona en cada visita, se ha dialogado con vecinos de la zona y tambi&eacute;n con representantes de todas las asambleas del agua de Mendoza.<\/p>\n\n\n\n<figure class=\"wp-block-gallery columns-3\"><ul class=\"blocks-gallery-grid\"><li class=\"blocks-gallery-item\"><figure><a href=\"https:\/\/www.mendoza.gov.ar\/wp-content\/uploads\/sites\/5\/2021\/02\/analisis-biolo-2.jpeg\"><img loading=\"lazy\" width=\"700\" height=\"525\" src=\"https:\/\/www.mendoza.gov.ar\/wp-content\/uploads\/sites\/5\/2021\/02\/analisis-biolo-2-700x525.jpeg\" alt=\"\" data-id=\"260491\" data-full-url=\"https:\/\/www.mendoza.gov.ar\/wp-content\/uploads\/sites\/5\/2021\/02\/analisis-biolo-2.jpeg\" data-link=\"https:\/\/www.mendoza.gov.ar\/prensa\/?attachment_id=260491\" class=\"wp-image-260491 img-responsive center-block\" srcset=\"https:\/\/www.mendoza.gov.ar\/wp-content\/uploads\/sites\/5\/2021\/02\/analisis-biolo-2-700x525.jpeg 700w, https:\/\/www.mendoza.gov.ar\/wp-content\/uploads\/sites\/5\/2021\/02\/analisis-biolo-2-250x188.jpeg 250w, https:\/\/www.mendoza.gov.ar\/wp-content\/uploads\/sites\/5\/2021\/02\/analisis-biolo-2-768x576.jpeg 768w, https:\/\/www.mendoza.gov.ar\/wp-content\/uploads\/sites\/5\/2021\/02\/analisis-biolo-2-120x90.jpeg 120w, https:\/\/www.mendoza.gov.ar\/wp-content\/uploads\/sites\/5\/2021\/02\/analisis-biolo-2.jpeg 1280w\" sizes=\"(max-width: 700px) 100vw, 700px\"><\/a><\/figure><\/li><li class=\"blocks-gallery-item\"><figure><a href=\"https:\/\/www.mendoza.gov.ar\/wp-content\/uploads\/sites\/5\/2021\/02\/analisis-biolog-3.jpeg\"><img loading=\"lazy\" width=\"700\" height=\"525\" src=\"https:\/\/www.mendoza.gov.ar\/wp-content\/uploads\/sites\/5\/2021\/02\/analisis-biolog-3-700x525.jpeg\" alt=\"\" data-id=\"260492\" data-full-url=\"https:\/\/www.mendoza.gov.ar\/wp-content\/uploads\/sites\/5\/2021\/02\/analisis-biolog-3.jpeg\" data-link=\"https:\/\/www.mendoza.gov.ar\/prensa\/?attachment_id=260492\" class=\"wp-image-260492 img-responsive center-block\" srcset=\"https:\/\/www.mendoza.gov.ar\/wp-content\/uploads\/sites\/5\/2021\/02\/analisis-biolog-3-700x525.jpeg 700w, https:\/\/www.mendoza.gov.ar\/wp-content\/uploads\/sites\/5\/2021\/02\/analisis-biolog-3-250x188.jpeg 250w, https:\/\/www.mendoza.gov.ar\/wp-content\/uploads\/sites\/5\/2021\/02\/analisis-biolog-3-768x576.jpeg 768w, https:\/\/www.mendoza.gov.ar\/wp-content\/uploads\/sites\/5\/2021\/02\/analisis-biolog-3-120x90.jpeg 120w, https:\/\/www.mendoza.gov.ar\/wp-content\/uploads\/sites\/5\/2021\/02\/analisis-biolog-3.jpeg 1280w\" sizes=\"(max-width: 700px) 100vw, 700px\"><\/a><\/figure><\/li><li class=\"blocks-gallery-item\"><figure><a href=\"https:\/\/www.mendoza.gov.ar\/wp-content\/uploads\/sites\/5\/2021\/02\/analisis-biologico.jpeg\"><img loading=\"lazy\" width=\"700\" height=\"525\" src=\"https:\/\/www.mendoza.gov.ar\/wp-content\/uploads\/sites\/5\/2021\/02\/analisis-biologico-700x525.jpeg\" alt=\"\" data-id=\"260493\" data-full-url=\"https:\/\/www.mendoza.gov.ar\/wp-content\/uploads\/sites\/5\/2021\/02\/analisis-biologico.jpeg\" data-link=\"https:\/\/www.mendoza.gov.ar\/prensa\/?attachment_id=260493\" class=\"wp-image-260493 img-responsive center-block\" srcset=\"https:\/\/www.mendoza.gov.ar\/wp-content\/uploads\/sites\/5\/2021\/02\/analisis-biologico-700x525.jpeg 700w, https:\/\/www.mendoza.gov.ar\/wp-content\/uploads\/sites\/5\/2021\/02\/analisis-biologico-250x188.jpeg 250w, https:\/\/www.mendoza.gov.ar\/wp-content\/uploads\/sites\/5\/2021\/02\/analisis-biologico-768x576.jpeg 768w, https:\/\/www.mendoza.gov.ar\/wp-content\/uploads\/sites\/5\/2021\/02\/analisis-biologico-120x90.jpeg 120w, https:\/\/www.mendoza.gov.ar\/wp-content\/uploads\/sites\/5\/2021\/02\/analisis-biologico.jpeg 1280w\" sizes=\"(max-width: 700px) 100vw, 700px\"><\/a><\/figure><\/li><li class=\"blocks-gallery-item\"><figure><a href=\"https:\/\/www.mendoza.gov.ar\/wp-content\/uploads\/sites\/5\/2021\/02\/laguna.jpeg\"><img loading=\"lazy\" width=\"700\" height=\"525\" src=\"https:\/\/www.mendoza.gov.ar\/wp-content\/uploads\/sites\/5\/2021\/02\/laguna-700x525.jpeg\" alt=\"\" data-id=\"260494\" data-full-url=\"https:\/\/www.mendoza.gov.ar\/wp-content\/uploads\/sites\/5\/2021\/02\/laguna.jpeg\" data-link=\"https:\/\/www.mendoza.gov.ar\/prensa\/?attachment_id=260494\" class=\"wp-image-260494 img-responsive center-block\" srcset=\"https:\/\/www.mendoza.gov.ar\/wp-content\/uploads\/sites\/5\/2021\/02\/laguna-700x525.jpeg 700w, https:\/\/www.mendoza.gov.ar\/wp-content\/uploads\/sites\/5\/2021\/02\/laguna-250x188.jpeg 250w, https:\/\/www.mendoza.gov.ar\/wp-content\/uploads\/sites\/5\/2021\/02\/laguna-768x576.jpeg 768w, https:\/\/www.mendoza.gov.ar\/wp-content\/uploads\/sites\/5\/2021\/02\/laguna-120x90.jpeg 120w, https:\/\/www.mendoza.gov.ar\/wp-content\/uploads\/sites\/5\/2021\/02\/laguna.jpeg 1280w\" sizes=\"(max-width: 700px) 100vw, 700px\"><\/a><\/figure><\/li><\/ul><\/figure>\n\n\n\n<figure class=\"wp-block-image\" id=\"block-6ced38ce-cf36-43a4-bda2-6d6ecc045941\"><img src=\"https:\/\/www.mendoza.gov.ar\/prensa\/wp-content\/uploads\/sites\/5\/2020\/03\/WhatsApp-Image-2020-03-17-at-6.23.29-PM-1.jpeg\" alt=\"Esta imagen tiene un atributo alt vac&iacute;o; el nombre del archivo es WhatsApp-Image-2020-03-17-at-6.23.29-PM-1.jpeg\" class=\" img-responsive center-block\"><\/figure>\n\n\n\n<p class=\"has-text-align-center\" id=\"block-4672d608-8a30-472c-91ba-07e641c39018\"><a rel=\"noreferrer noopener\" href=\"https:\/\/www.mendoza.gov.ar\/prensa\/covid-19\/\" target=\"_blank\"><strong>Clic aqu&iacute; para ver m&aacute;s noticias sobre coronavirus<\/strong><\/a><\/p>\n\n\n\n<figure class=\"wp-block-image\" id=\"block-679c5d04-4f24-4464-a49a-df7b140e38eb\"><img src=\"https:\/\/www.mendoza.gov.ar\/prensa\/wp-content\/uploads\/sites\/5\/2020\/03\/WhatsApp-Image-2020-03-17-at-6.23.29-PM-1.jpeg\" alt=\"Esta imagen tiene un atributo alt vac&iacute;o; el nombre del archivo es WhatsApp-Image-2020-03-17-at-6.23.29-PM-1.jpeg\" class=\" img-responsive center-block\"><\/figure>\n\n\n\n<p class=\"has-text-align-center\" id=\"block-e70c843d-9c55-4a54-a13e-110b356d59f8\"><strong><a rel=\"noreferrer noopener\" href=\"https:\/\/www.mendoza.gov.ar\/prensa\/comunicados\/\" target=\"_blank\">Clic aqu&iacute; para ver los comunicados del Ministerio de Salud<\/a><\/strong><\/p>\n\n\n\n<figure class=\"wp-block-image\" id=\"block-55da5334-2597-4644-a2ad-ad62409c9f96\"><img src=\"https:\/\/www.mendoza.gov.ar\/prensa\/wp-content\/uploads\/sites\/5\/2020\/03\/WhatsApp-Image-2020-03-17-at-6.23.29-PM-1.jpeg\" alt=\"Esta imagen tiene un atributo alt vac&iacute;o; el nombre del archivo es WhatsApp-Image-2020-03-17-at-6.23.29-PM-1.jpeg\" class=\" img-responsive center-block\"><\/figure>\n\n\n\n<p class=\"has-text-align-center\" id=\"block-f052e2af-737b-4a93-aa6a-293bed4ff9e2\"><strong><a rel=\"noreferrer noopener\" href=\"https:\/\/www.mendoza.gov.ar\/coronavirus\" target=\"_blank\">www.mendoza.gov.ar\/coronavirus<\/a><\/strong><\/p>\n<\/body><\/html>\n","protected":false},"excerpt":{"rendered":"La Direcci&oacute;n de Gesti&oacute;n Ambiental del Recurso H&iacute;drico avanza con otros an&aacute;lisis y estudios. El Director de la Direcci&oacute;n de Gesti&oacute;n Ambiental del Recurso H&iacute;drico de Irrigaci&oacute;n, An&iacute;bal Manzur, confirm&oacute; que recibi&oacute; los resultados de los primeros an&aacute;lisis que solicit&oacute; d&iacute;as atr&aacute;s para corroborar la presencia de agrot&oacute;xicos en el agua de la Laguna El&#8230; <a class=\"view-article\" href=\"https:\/\/www.mendoza.gov.ar\/prensa\/laguna-el-viboron-los-primeros-analisis-de-irrigacion-arrojan-que-no-hay-agroquimicos-y-ahora-estudia-las-algas\/\"><\/a>","protected":false},"author":66,"featured_media":260494,"comment_status":"open","ping_status":"open","sticky":false,"template":"","format":"standard","meta":[],"categories":[26],"tags":[],"_links":{"self":[{"href":"https:\/\/www.mendoza.gov.ar\/prensa\/wp-json\/wp\/v2\/posts\/260489"}],"collection":[{"href":"https:\/\/www.mendoza.gov.ar\/prensa\/wp-json\/wp\/v2\/posts"}],"about":[{"href":"https:\/\/www.mendoza.gov.ar\/prensa\/wp-json\/wp\/v2\/types\/post"}],"author":[{"embeddable":true,"href":"https:\/\/www.mendoza.gov.ar\/prensa\/wp-json\/wp\/v2\/users\/66"}],"replies":[{"embeddable":true,"href":"https:\/\/www.mendoza.gov.ar\/prensa\/wp-json\/wp\/v2\/comments?post=260489"}],"version-history":[{"count":2,"href":"https:\/\/www.mendoza.gov.ar\/prensa\/wp-json\/wp\/v2\/posts\/260489\/revisions"}],"predecessor-version":[{"id":260495,"href":"https:\/\/www.mendoza.gov.ar\/prensa\/wp-json\/wp\/v2\/posts\/260489\/revisions\/260495"}],"wp:featuredmedia":[{"embeddable":true,"href":"https:\/\/www.mendoza.gov.ar\/prensa\/wp-json\/wp\/v2\/media\/260494"}],"wp:attachment":[{"href":"https:\/\/www.mendoza.gov.ar\/prensa\/wp-json\/wp\/v2\/media?parent=260489"}],"wp:term":[{"taxonomy":"category","embeddable":true,"href":"https:\/\/www.mendoza.gov.ar\/prensa\/wp-json\/wp\/v2\/categories?post=260489"},{"taxonomy":"post_tag","embeddable":true,"href":"https:\/\/www.mendoza.gov.ar\/prensa\/wp-json\/wp\/v2\/tags?post=260489"}],"curies":[{"name":"wp","href":"https:\/\/api.w.org\/{rel}","templated":true}]}}