{"id":260635,"date":"2021-02-25T11:20:51","date_gmt":"2021-02-25T14:20:51","guid":{"rendered":"https:\/\/www.mendoza.gov.ar\/prensa\/?p=260635"},"modified":"2021-02-25T11:58:22","modified_gmt":"2021-02-25T14:58:22","slug":"osep-presento-sus-nuevos-modulos-para-test-rapido-y-pcr","status":"publish","type":"post","link":"https:\/\/www.mendoza.gov.ar\/prensa\/osep-presento-sus-nuevos-modulos-para-test-rapido-y-pcr\/","title":{"rendered":"OSEP present\u00f3 sus nuevos m\u00f3dulos para test r\u00e1pido y PCR"},"content":{"rendered":"<!DOCTYPE html PUBLIC \"-\/\/W3C\/\/DTD HTML 4.0 Transitional\/\/EN\" \"http:\/\/www.w3.org\/TR\/REC-html40\/loose.dtd\">\n<html><body><h5><strong><br>Con la presencia de autoridades de&nbsp;la obra social, se realiz&oacute;&nbsp;la presentaci&oacute;n de nuevos m&oacute;dulos destinados a la atenci&oacute;n de COVID-19 en el&nbsp;Hospital El Carmen.<\/strong><\/h5>\n\n\n\n<p>La flamante estructura se encuentra en la playa de estacionamiento de Salta y Groussac de Godoy Cruz&nbsp;y sus&nbsp;instalaciones&nbsp;remplazan&nbsp;la carpa que fue instalada durante los comienzos de la emergencia sanitaria para recibir a afiliados con s&iacute;ntomas de COVID .<\/p>\n\n\n\n<p>Se trata de un espacio con&nbsp;todos los servicios y que est&aacute; formado por 26 m&oacute;dulos que funcionan&nbsp;como consultorios previos a la guardia e internaci&oacute;n del paciente. Cuentan con sector de admisi&oacute;n y 12 box de hisopado. Cada uno cuenta con la atenci&oacute;n de enfermeros, sala de espera, 4 consultorios m&eacute;dicos, laboratorio de test r&aacute;pido, enfermer&iacute;a y admisi&oacute;n.<\/p>\n\n\n\n<p>Carlos Funes, director general de la OSEP, se mostr&oacute; muy satisfecho con la novedad del hospital, ya que permitir&aacute; trabajar con comodidad y celeridad en un contexto que&nbsp;sigue demandando&nbsp;grandes esfuerzos.<\/p>\n\n\n\n<p>&ldquo;Entendimos&nbsp;que la problem&aacute;tica no se detiene y nos obligaba a seguir creciendo y haciendo. Estoy agradecido a la Asociaci&oacute;n de Pilotos de Mendoza por la instalaci&oacute;n de una carpa de 1.000 metros cubiertos, que dio una respuesta eficiente y nos ense&ntilde;&oacute; la l&oacute;gica de lo que quer&iacute;amos para el paciente que ven&iacute;a con una patolog&iacute;a respiratoria y hab&iacute;a que descartar si ten&iacute;a COVID. Buscamos algo superador, que es este m&oacute;dulo, muy protegido de los cambios clim&aacute;ticos y con la misma l&oacute;gica de funcionamiento&rdquo;, se&ntilde;al&oacute;.<\/p>\n\n\n\n<p>Por su parte, Oscar Boiero, director del efector,&nbsp;indic&oacute; que se prev&eacute;n m&aacute;s obras, incluyendo una nueva estructura&nbsp;con ocho camas para Terapia Intensiva.<\/p>\n\n\n\n<p>Cabe aclarar que el complejo modular presentado ayer no es&nbsp;de una unidad de internaci&oacute;n sino un espacio previo al ingreso al hospital. Su&nbsp;fin&nbsp;es brindar un lugar propio y exclusivo para intervenir ante posibles casos de COVID-19 y, a la vez, propiciar&nbsp;el distanciamiento.<\/p>\n\n\n\n<p><strong>Ampliaci&oacute;n horaria<\/strong><\/p>\n\n\n\n<p>El M&oacute;dulo COVID funcionar&aacute; a partir del 3 de marzo de lunes a viernes de 7 a 16.<\/p>\n\n\n\n<figure class=\"wp-block-gallery columns-3\"><ul class=\"blocks-gallery-grid\"><li class=\"blocks-gallery-item\"><figure><a href=\"https:\/\/www.mendoza.gov.ar\/wp-content\/uploads\/sites\/5\/2021\/02\/foto1-700x256.jpg\"><img loading=\"lazy\" width=\"700\" height=\"256\" src=\"https:\/\/www.mendoza.gov.ar\/wp-content\/uploads\/sites\/5\/2021\/02\/foto1-700x256.jpg\" alt=\"\" data-id=\"260636\" data-link=\"https:\/\/www.mendoza.gov.ar\/prensa\/?attachment_id=260636\" class=\"wp-image-260636 img-responsive center-block\" srcset=\"https:\/\/www.mendoza.gov.ar\/wp-content\/uploads\/sites\/5\/2021\/02\/foto1-700x256.jpg 700w, https:\/\/www.mendoza.gov.ar\/wp-content\/uploads\/sites\/5\/2021\/02\/foto1-250x91.jpg 250w, https:\/\/www.mendoza.gov.ar\/wp-content\/uploads\/sites\/5\/2021\/02\/foto1-768x281.jpg 768w, https:\/\/www.mendoza.gov.ar\/wp-content\/uploads\/sites\/5\/2021\/02\/foto1-120x44.jpg 120w, https:\/\/www.mendoza.gov.ar\/wp-content\/uploads\/sites\/5\/2021\/02\/foto1.jpg 1200w\" sizes=\"(max-width: 700px) 100vw, 700px\"><\/a><\/figure><\/li><li class=\"blocks-gallery-item\"><figure><a href=\"https:\/\/www.mendoza.gov.ar\/wp-content\/uploads\/sites\/5\/2021\/02\/foto2-700x256.jpg\"><img loading=\"lazy\" width=\"700\" height=\"256\" src=\"https:\/\/www.mendoza.gov.ar\/wp-content\/uploads\/sites\/5\/2021\/02\/foto2-700x256.jpg\" alt=\"\" data-id=\"260637\" data-link=\"https:\/\/www.mendoza.gov.ar\/prensa\/?attachment_id=260637\" class=\"wp-image-260637 img-responsive center-block\" srcset=\"https:\/\/www.mendoza.gov.ar\/wp-content\/uploads\/sites\/5\/2021\/02\/foto2-700x256.jpg 700w, https:\/\/www.mendoza.gov.ar\/wp-content\/uploads\/sites\/5\/2021\/02\/foto2-250x91.jpg 250w, https:\/\/www.mendoza.gov.ar\/wp-content\/uploads\/sites\/5\/2021\/02\/foto2-768x281.jpg 768w, https:\/\/www.mendoza.gov.ar\/wp-content\/uploads\/sites\/5\/2021\/02\/foto2-120x44.jpg 120w, https:\/\/www.mendoza.gov.ar\/wp-content\/uploads\/sites\/5\/2021\/02\/foto2.jpg 1200w\" sizes=\"(max-width: 700px) 100vw, 700px\"><\/a><\/figure><\/li><li class=\"blocks-gallery-item\"><figure><a href=\"https:\/\/www.mendoza.gov.ar\/wp-content\/uploads\/sites\/5\/2021\/02\/foto3-700x256.jpg\"><img loading=\"lazy\" width=\"700\" height=\"256\" src=\"https:\/\/www.mendoza.gov.ar\/wp-content\/uploads\/sites\/5\/2021\/02\/foto3-700x256.jpg\" alt=\"\" data-id=\"260638\" data-link=\"https:\/\/www.mendoza.gov.ar\/prensa\/?attachment_id=260638\" class=\"wp-image-260638 img-responsive center-block\" srcset=\"https:\/\/www.mendoza.gov.ar\/wp-content\/uploads\/sites\/5\/2021\/02\/foto3-700x256.jpg 700w, https:\/\/www.mendoza.gov.ar\/wp-content\/uploads\/sites\/5\/2021\/02\/foto3-250x91.jpg 250w, https:\/\/www.mendoza.gov.ar\/wp-content\/uploads\/sites\/5\/2021\/02\/foto3-768x281.jpg 768w, https:\/\/www.mendoza.gov.ar\/wp-content\/uploads\/sites\/5\/2021\/02\/foto3-120x44.jpg 120w, https:\/\/www.mendoza.gov.ar\/wp-content\/uploads\/sites\/5\/2021\/02\/foto3.jpg 1200w\" sizes=\"(max-width: 700px) 100vw, 700px\"><\/a><\/figure><\/li><li class=\"blocks-gallery-item\"><figure><a href=\"https:\/\/www.mendoza.gov.ar\/wp-content\/uploads\/sites\/5\/2021\/02\/foto4-700x256.jpg\"><img loading=\"lazy\" width=\"700\" height=\"256\" src=\"https:\/\/www.mendoza.gov.ar\/wp-content\/uploads\/sites\/5\/2021\/02\/foto4-700x256.jpg\" alt=\"\" data-id=\"260639\" data-link=\"https:\/\/www.mendoza.gov.ar\/prensa\/?attachment_id=260639\" class=\"wp-image-260639 img-responsive center-block\" srcset=\"https:\/\/www.mendoza.gov.ar\/wp-content\/uploads\/sites\/5\/2021\/02\/foto4-700x256.jpg 700w, https:\/\/www.mendoza.gov.ar\/wp-content\/uploads\/sites\/5\/2021\/02\/foto4-250x91.jpg 250w, https:\/\/www.mendoza.gov.ar\/wp-content\/uploads\/sites\/5\/2021\/02\/foto4-768x280.jpg 768w, https:\/\/www.mendoza.gov.ar\/wp-content\/uploads\/sites\/5\/2021\/02\/foto4-120x44.jpg 120w, https:\/\/www.mendoza.gov.ar\/wp-content\/uploads\/sites\/5\/2021\/02\/foto4.jpg 1200w\" sizes=\"(max-width: 700px) 100vw, 700px\"><\/a><\/figure><\/li><li class=\"blocks-gallery-item\"><figure><a href=\"https:\/\/www.mendoza.gov.ar\/wp-content\/uploads\/sites\/5\/2021\/02\/foto5-700x256.jpg\"><img loading=\"lazy\" width=\"700\" height=\"256\" src=\"https:\/\/www.mendoza.gov.ar\/wp-content\/uploads\/sites\/5\/2021\/02\/foto5-700x256.jpg\" alt=\"\" data-id=\"260640\" data-link=\"https:\/\/www.mendoza.gov.ar\/prensa\/?attachment_id=260640\" class=\"wp-image-260640 img-responsive center-block\" srcset=\"https:\/\/www.mendoza.gov.ar\/wp-content\/uploads\/sites\/5\/2021\/02\/foto5-700x256.jpg 700w, https:\/\/www.mendoza.gov.ar\/wp-content\/uploads\/sites\/5\/2021\/02\/foto5-250x91.jpg 250w, https:\/\/www.mendoza.gov.ar\/wp-content\/uploads\/sites\/5\/2021\/02\/foto5-768x280.jpg 768w, https:\/\/www.mendoza.gov.ar\/wp-content\/uploads\/sites\/5\/2021\/02\/foto5-120x44.jpg 120w, https:\/\/www.mendoza.gov.ar\/wp-content\/uploads\/sites\/5\/2021\/02\/foto5.jpg 1200w\" sizes=\"(max-width: 700px) 100vw, 700px\"><\/a><\/figure><\/li><li class=\"blocks-gallery-item\"><figure><a href=\"https:\/\/www.mendoza.gov.ar\/wp-content\/uploads\/sites\/5\/2021\/02\/foto6.jpg\"><img loading=\"lazy\" width=\"700\" height=\"256\" src=\"https:\/\/www.mendoza.gov.ar\/wp-content\/uploads\/sites\/5\/2021\/02\/foto6-700x256.jpg\" alt=\"\" data-id=\"260641\" data-full-url=\"https:\/\/www.mendoza.gov.ar\/wp-content\/uploads\/sites\/5\/2021\/02\/foto6.jpg\" data-link=\"https:\/\/www.mendoza.gov.ar\/prensa\/?attachment_id=260641\" class=\"wp-image-260641 img-responsive center-block\" srcset=\"https:\/\/www.mendoza.gov.ar\/wp-content\/uploads\/sites\/5\/2021\/02\/foto6-700x256.jpg 700w, https:\/\/www.mendoza.gov.ar\/wp-content\/uploads\/sites\/5\/2021\/02\/foto6-250x91.jpg 250w, https:\/\/www.mendoza.gov.ar\/wp-content\/uploads\/sites\/5\/2021\/02\/foto6-768x281.jpg 768w, https:\/\/www.mendoza.gov.ar\/wp-content\/uploads\/sites\/5\/2021\/02\/foto6-120x44.jpg 120w, https:\/\/www.mendoza.gov.ar\/wp-content\/uploads\/sites\/5\/2021\/02\/foto6.jpg 1200w\" sizes=\"(max-width: 700px) 100vw, 700px\"><\/a><\/figure><\/li><\/ul><\/figure>\n\n\n\n<figure class=\"wp-block-image\" id=\"block-05e3dec6-7a42-488d-af7e-891440b809fe\"><img src=\"https:\/\/www.mendoza.gov.ar\/prensa\/wp-content\/uploads\/sites\/5\/2020\/03\/WhatsApp-Image-2020-03-17-at-6.23.29-PM-1.jpeg\" alt=\"Esta imagen tiene un atributo alt vac&iacute;o; el nombre del archivo es WhatsApp-Image-2020-03-17-at-6.23.29-PM-1.jpeg\" class=\" img-responsive center-block\"><\/figure>\n\n\n\n<p id=\"block-bb044a79-cdb2-4fd5-9f18-74721eb7187b\"><a rel=\"noreferrer noopener\" href=\"https:\/\/www.mendoza.gov.ar\/prensa\/covid-19\/\" target=\"_blank\"><strong>Clic aqu&iacute; para ver m&aacute;s noticias sobre coronavirus<\/strong><\/a><\/p>\n\n\n\n<figure class=\"wp-block-image\" id=\"block-1c7c87ec-f01f-44cf-a5bf-cf306c12e548\"><img src=\"https:\/\/www.mendoza.gov.ar\/prensa\/wp-content\/uploads\/sites\/5\/2020\/03\/WhatsApp-Image-2020-03-17-at-6.23.29-PM-1.jpeg\" alt=\"Esta imagen tiene un atributo alt vac&iacute;o; el nombre del archivo es WhatsApp-Image-2020-03-17-at-6.23.29-PM-1.jpeg\" class=\" img-responsive center-block\"><\/figure>\n\n\n\n<p id=\"block-f2061b6c-5d74-441c-98eb-be02a1c68959\"><strong><a rel=\"noreferrer noopener\" href=\"https:\/\/www.mendoza.gov.ar\/prensa\/comunicados\/\" target=\"_blank\">Clic aqu&iacute; para ver los comunicados del Ministerio de Salud<\/a><\/strong><\/p>\n\n\n\n<figure class=\"wp-block-image\" id=\"block-d0b3f4c5-4843-4f23-8efe-a11cbaef07ad\"><img src=\"https:\/\/www.mendoza.gov.ar\/prensa\/wp-content\/uploads\/sites\/5\/2020\/03\/WhatsApp-Image-2020-03-17-at-6.23.29-PM-1.jpeg\" alt=\"Esta imagen tiene un atributo alt vac&iacute;o; el nombre del archivo es WhatsApp-Image-2020-03-17-at-6.23.29-PM-1.jpeg\" class=\" img-responsive center-block\"><\/figure>\n\n\n\n<p id=\"block-73c70b5d-e06f-4569-a7d1-8afd599db44f\"><strong><a rel=\"noreferrer noopener\" href=\"https:\/\/www.mendoza.gov.ar\/coronavirus\" target=\"_blank\">www.mendoza.gov.ar\/coronavirus<\/a><\/strong><\/p>\n<\/body><\/html>\n","protected":false},"excerpt":{"rendered":"Con la presencia de autoridades de&nbsp;la obra social, se realiz&oacute;&nbsp;la presentaci&oacute;n de nuevos m&oacute;dulos destinados a la atenci&oacute;n de COVID-19 en el&nbsp;Hospital El Carmen. La flamante estructura se encuentra en la playa de estacionamiento de Salta y Groussac de Godoy Cruz&nbsp;y sus&nbsp;instalaciones&nbsp;remplazan&nbsp;la carpa que fue instalada durante los comienzos de la emergencia sanitaria para recibir&#8230; <a class=\"view-article\" href=\"https:\/\/www.mendoza.gov.ar\/prensa\/osep-presento-sus-nuevos-modulos-para-test-rapido-y-pcr\/\"><\/a>","protected":false},"author":61,"featured_media":260636,"comment_status":"open","ping_status":"open","sticky":false,"template":"","format":"standard","meta":[],"categories":[30],"tags":[],"_links":{"self":[{"href":"https:\/\/www.mendoza.gov.ar\/prensa\/wp-json\/wp\/v2\/posts\/260635"}],"collection":[{"href":"https:\/\/www.mendoza.gov.ar\/prensa\/wp-json\/wp\/v2\/posts"}],"about":[{"href":"https:\/\/www.mendoza.gov.ar\/prensa\/wp-json\/wp\/v2\/types\/post"}],"author":[{"embeddable":true,"href":"https:\/\/www.mendoza.gov.ar\/prensa\/wp-json\/wp\/v2\/users\/61"}],"replies":[{"embeddable":true,"href":"https:\/\/www.mendoza.gov.ar\/prensa\/wp-json\/wp\/v2\/comments?post=260635"}],"version-history":[{"count":4,"href":"https:\/\/www.mendoza.gov.ar\/prensa\/wp-json\/wp\/v2\/posts\/260635\/revisions"}],"predecessor-version":[{"id":260663,"href":"https:\/\/www.mendoza.gov.ar\/prensa\/wp-json\/wp\/v2\/posts\/260635\/revisions\/260663"}],"wp:featuredmedia":[{"embeddable":true,"href":"https:\/\/www.mendoza.gov.ar\/prensa\/wp-json\/wp\/v2\/media\/260636"}],"wp:attachment":[{"href":"https:\/\/www.mendoza.gov.ar\/prensa\/wp-json\/wp\/v2\/media?parent=260635"}],"wp:term":[{"taxonomy":"category","embeddable":true,"href":"https:\/\/www.mendoza.gov.ar\/prensa\/wp-json\/wp\/v2\/categories?post=260635"},{"taxonomy":"post_tag","embeddable":true,"href":"https:\/\/www.mendoza.gov.ar\/prensa\/wp-json\/wp\/v2\/tags?post=260635"}],"curies":[{"name":"wp","href":"https:\/\/api.w.org\/{rel}","templated":true}]}}