{"id":260878,"date":"2021-02-26T12:13:23","date_gmt":"2021-02-26T15:13:23","guid":{"rendered":"https:\/\/www.mendoza.gov.ar\/prensa\/?p=260878"},"modified":"2021-02-26T13:45:56","modified_gmt":"2021-02-26T16:45:56","slug":"especificaron-cuales-seran-los-puntos-de-vacunacion-en-el-resto-de-los-departamentos","status":"publish","type":"post","link":"https:\/\/www.mendoza.gov.ar\/prensa\/especificaron-cuales-seran-los-puntos-de-vacunacion-en-el-resto-de-los-departamentos\/","title":{"rendered":"Especificaron cu\u00e1les ser\u00e1n los puntos de vacunaci\u00f3n en el Este, Valle de Uco y Sur"},"content":{"rendered":"<!DOCTYPE html PUBLIC \"-\/\/W3C\/\/DTD HTML 4.0 Transitional\/\/EN\" \"http:\/\/www.w3.org\/TR\/REC-html40\/loose.dtd\">\n<html><body><h5>Fue en la reuni&oacute;n que mantuvieron ministros e intendentes para coordinar los puntos de vacunaci&oacute;n por departamento y la cantidad de dosis diarias.<\/h5>\n\n\n\n<p>La ministra de Salud, Desarrollo Social y Deportes, Ana Nadal, y el ministro de Gobierno, Trabajo y Justicia, V&iacute;ctor Iba&ntilde;ez, se reunieron con intendentes para coordinar detalles sobre el procedimiento de vacunaci&oacute;n a mayores de 70 a&ntilde;os.<\/p>\n\n\n\n<p>Estuvieron presentes los intendentes de San Mart&iacute;n, Ra&uacute;l Rufeil; H&eacute;ctor Ruiz, de Jun&iacute;n; de Rivadavia, Miguel Ronco; de Santa Rosa, Florencia Dest&eacute;fanis, y el jefe de gabinete del departamento La Paz, Franco Gil. Por el lado del Valle de Uco asistieron Gustavo Soto, de Tupungato; Mart&iacute;n Aveiro, de Tunuy&aacute;n, y Rolando Scanio, de San Carlos, mientras que de la regi&oacute;n Sur se hizo presente Emir F&eacute;lix, de San Rafael.<\/p>\n\n\n\n<p>Al t&eacute;rmino del encuentro, Nadal se&ntilde;al&oacute;: &ldquo;La reuni&oacute;n fue para organizar la campa&ntilde;a que comienza el lunes, para que podamos empezar y avanzar lo m&aacute;s r&aacute;pido posible con la inmunizaci&oacute;n en mayores de 70. Estamos entregando turnos con horario, no es para que asistan todos a la misma hora sino que se dar&aacute;n los turnos cada 15 minutos&rdquo;.<\/p>\n\n\n\n<p>Asimismo, la ministra coment&oacute; que en la provincia ya hay 73.000 inscriptos adultos mayores distribuidos en mayor cantidad en el Gran Mendoza. En cuanto a las vacunas para docentes, indic&oacute; que &ldquo;las dosis est&aacute;n en el pa&iacute;s, no hay precisi&oacute;n de cu&aacute;ndo llegar&aacute;n a Mendoza ni cu&aacute;ntas, pero tenemos una proyecci&oacute;n. Como sabemos, no se pueden aplicar en mayores de 60 a&ntilde;os, as&iacute; que en forma coordinada con la DGE vamos a vacunar a los docentes. La idea es organizarnos como lo venimos haciendo y vacunar en funci&oacute;n de los registros. Hay un registro nacional que funciona m&aacute;s como censo para saber cu&aacute;ntos son los docentes, pero no implica que esto genere un turno&rdquo;.<\/p>\n\n\n\n<p>A su vez, el intendente de Tunuy&aacute;n, Mart&iacute;n Aveiro, afirm&oacute;: &ldquo;Vamos a vacunar en el Scaravelli y ya estamos trabajando en el operativo de inscripci&oacute;n de los adultos mayores, como tambi&eacute;n vamos a trabajar el tema del transporte para que no tengan que tomarse un colectivo con 30<br>personas. Vamos a tener la log&iacute;stica para que no tengan que esperar y tener que estar parados durante mucho tiempo. Lo importante es agilizar los operativos y esas vacunas salgan al territorio para inmunizar cuanto antes a la poblaci&oacute;n&rdquo;.<\/p>\n\n\n\n<p>Por &uacute;ltimo, la intendenta de Santa Rosa, Flor Dest&eacute;fanis, explic&oacute;: &ldquo;En Santa Rosa ya tenemos 544 mayores de 70 a&ntilde;os inscriptos y nos informaron que hay que ser pacientes y razonables con respecto a la disponibilidad. Pero hay que estar atentos porque van a empezar a llegar los correos electr&oacute;nicos con los turnos y hay que tratar de no perder la oportunidad. Adem&aacute;s, estamos coordinando los municipios y el ministerio para habilitar lugares destinados a quienes todav&iacute;a no se han inscripto y brindar movilidad a quienes lo necesitan. Es muy importante trabajar en equipo, como nos ha pedido la ministra de Salud, ya estamos trabajando en los<br>turnos que se van a dar a trav&eacute;s de un sistema con un criterio totalmente objetivo, as&iacute; que conf&iacute;o en que muy pronto vamos a estar todos vacunados&rdquo;.<\/p>\n\n\n\n<p><strong>Los lugares que ser&aacute;n habilitados para vacunar son los siguientes:<\/strong><\/p>\n\n\n\n<p>Tunuy&aacute;n: Hospital Antonio Scaravelli.<br>San Carlos: Hospital Victorino Tagarelli.<br>Tupugato: Polideportivo Francisco Rizzo.<br>Jun&iacute;n: Centro de Salud N&ordm; 62.<br>Rivadavia: Vacunatorio Central.<br>Santa Rosa: Hospital Arenas Raffo.<br>San Mart&iacute;n: Hospital Perrupato.<br>La Paz: Vacunatorio del Hospital Arturo Illia.<br>San Rafael: Policonsultorios Hospital Schestakow.<br>General Alvear: Hospital Enfermeros Argentinos.<br>Malarg&uuml;e: Hospital Malarg&uuml;e.<\/p>\n\n\n\n<figure class=\"wp-block-gallery columns-3\"><ul class=\"blocks-gallery-grid\"><li class=\"blocks-gallery-item\"><figure><a href=\"https:\/\/www.mendoza.gov.ar\/wp-content\/uploads\/sites\/5\/2021\/02\/DSC_0051.jpg\"><img loading=\"lazy\" width=\"700\" height=\"467\" src=\"https:\/\/www.mendoza.gov.ar\/wp-content\/uploads\/sites\/5\/2021\/02\/DSC_0051-700x467.jpg\" alt=\"\" data-id=\"260911\" data-full-url=\"https:\/\/www.mendoza.gov.ar\/wp-content\/uploads\/sites\/5\/2021\/02\/DSC_0051.jpg\" data-link=\"https:\/\/www.mendoza.gov.ar\/prensa\/especificaron-cuales-seran-los-puntos-de-vacunacion-en-el-resto-de-los-departamentos\/dsc_0051-4\/\" class=\"wp-image-260911 img-responsive center-block\" srcset=\"https:\/\/www.mendoza.gov.ar\/wp-content\/uploads\/sites\/5\/2021\/02\/DSC_0051-700x467.jpg 700w, https:\/\/www.mendoza.gov.ar\/wp-content\/uploads\/sites\/5\/2021\/02\/DSC_0051-250x167.jpg 250w, https:\/\/www.mendoza.gov.ar\/wp-content\/uploads\/sites\/5\/2021\/02\/DSC_0051-768x512.jpg 768w, https:\/\/www.mendoza.gov.ar\/wp-content\/uploads\/sites\/5\/2021\/02\/DSC_0051-1536x1024.jpg 1536w, https:\/\/www.mendoza.gov.ar\/wp-content\/uploads\/sites\/5\/2021\/02\/DSC_0051-2048x1365.jpg 2048w, https:\/\/www.mendoza.gov.ar\/wp-content\/uploads\/sites\/5\/2021\/02\/DSC_0051-120x80.jpg 120w\" sizes=\"(max-width: 700px) 100vw, 700px\"><\/a><\/figure><\/li><li class=\"blocks-gallery-item\"><figure><a href=\"https:\/\/www.mendoza.gov.ar\/wp-content\/uploads\/sites\/5\/2021\/02\/DSC_0062.jpg\"><img loading=\"lazy\" width=\"700\" height=\"467\" src=\"https:\/\/www.mendoza.gov.ar\/wp-content\/uploads\/sites\/5\/2021\/02\/DSC_0062-700x467.jpg\" alt=\"\" data-id=\"260912\" data-full-url=\"https:\/\/www.mendoza.gov.ar\/wp-content\/uploads\/sites\/5\/2021\/02\/DSC_0062.jpg\" data-link=\"https:\/\/www.mendoza.gov.ar\/prensa\/especificaron-cuales-seran-los-puntos-de-vacunacion-en-el-resto-de-los-departamentos\/dsc_0062-2\/\" class=\"wp-image-260912 img-responsive center-block\" srcset=\"https:\/\/www.mendoza.gov.ar\/wp-content\/uploads\/sites\/5\/2021\/02\/DSC_0062-700x467.jpg 700w, https:\/\/www.mendoza.gov.ar\/wp-content\/uploads\/sites\/5\/2021\/02\/DSC_0062-250x167.jpg 250w, https:\/\/www.mendoza.gov.ar\/wp-content\/uploads\/sites\/5\/2021\/02\/DSC_0062-768x512.jpg 768w, https:\/\/www.mendoza.gov.ar\/wp-content\/uploads\/sites\/5\/2021\/02\/DSC_0062-1536x1024.jpg 1536w, https:\/\/www.mendoza.gov.ar\/wp-content\/uploads\/sites\/5\/2021\/02\/DSC_0062-2048x1365.jpg 2048w, https:\/\/www.mendoza.gov.ar\/wp-content\/uploads\/sites\/5\/2021\/02\/DSC_0062-120x80.jpg 120w\" sizes=\"(max-width: 700px) 100vw, 700px\"><\/a><\/figure><\/li><li class=\"blocks-gallery-item\"><figure><a href=\"https:\/\/www.mendoza.gov.ar\/wp-content\/uploads\/sites\/5\/2021\/02\/DSC_0076.jpg\"><img loading=\"lazy\" width=\"700\" height=\"467\" src=\"https:\/\/www.mendoza.gov.ar\/wp-content\/uploads\/sites\/5\/2021\/02\/DSC_0076-700x467.jpg\" alt=\"\" data-id=\"260913\" data-full-url=\"https:\/\/www.mendoza.gov.ar\/wp-content\/uploads\/sites\/5\/2021\/02\/DSC_0076.jpg\" data-link=\"https:\/\/www.mendoza.gov.ar\/prensa\/especificaron-cuales-seran-los-puntos-de-vacunacion-en-el-resto-de-los-departamentos\/dsc_0076-4\/\" class=\"wp-image-260913 img-responsive center-block\" srcset=\"https:\/\/www.mendoza.gov.ar\/wp-content\/uploads\/sites\/5\/2021\/02\/DSC_0076-700x467.jpg 700w, https:\/\/www.mendoza.gov.ar\/wp-content\/uploads\/sites\/5\/2021\/02\/DSC_0076-250x167.jpg 250w, https:\/\/www.mendoza.gov.ar\/wp-content\/uploads\/sites\/5\/2021\/02\/DSC_0076-768x512.jpg 768w, https:\/\/www.mendoza.gov.ar\/wp-content\/uploads\/sites\/5\/2021\/02\/DSC_0076-1536x1024.jpg 1536w, https:\/\/www.mendoza.gov.ar\/wp-content\/uploads\/sites\/5\/2021\/02\/DSC_0076-2048x1365.jpg 2048w, https:\/\/www.mendoza.gov.ar\/wp-content\/uploads\/sites\/5\/2021\/02\/DSC_0076-120x80.jpg 120w\" sizes=\"(max-width: 700px) 100vw, 700px\"><\/a><\/figure><\/li><li class=\"blocks-gallery-item\"><figure><a href=\"https:\/\/www.mendoza.gov.ar\/wp-content\/uploads\/sites\/5\/2021\/02\/DSC_9130.jpg\"><img loading=\"lazy\" width=\"700\" height=\"411\" src=\"https:\/\/www.mendoza.gov.ar\/wp-content\/uploads\/sites\/5\/2021\/02\/DSC_9130-700x411.jpg\" alt=\"\" data-id=\"260914\" data-full-url=\"https:\/\/www.mendoza.gov.ar\/wp-content\/uploads\/sites\/5\/2021\/02\/DSC_9130.jpg\" data-link=\"https:\/\/www.mendoza.gov.ar\/prensa\/especificaron-cuales-seran-los-puntos-de-vacunacion-en-el-resto-de-los-departamentos\/dsc_9130\/\" class=\"wp-image-260914 img-responsive center-block\" srcset=\"https:\/\/www.mendoza.gov.ar\/wp-content\/uploads\/sites\/5\/2021\/02\/DSC_9130-700x411.jpg 700w, https:\/\/www.mendoza.gov.ar\/wp-content\/uploads\/sites\/5\/2021\/02\/DSC_9130-250x147.jpg 250w, https:\/\/www.mendoza.gov.ar\/wp-content\/uploads\/sites\/5\/2021\/02\/DSC_9130-768x451.jpg 768w, https:\/\/www.mendoza.gov.ar\/wp-content\/uploads\/sites\/5\/2021\/02\/DSC_9130-1536x903.jpg 1536w, https:\/\/www.mendoza.gov.ar\/wp-content\/uploads\/sites\/5\/2021\/02\/DSC_9130-2048x1203.jpg 2048w, https:\/\/www.mendoza.gov.ar\/wp-content\/uploads\/sites\/5\/2021\/02\/DSC_9130-120x71.jpg 120w\" sizes=\"(max-width: 700px) 100vw, 700px\"><\/a><\/figure><\/li><li class=\"blocks-gallery-item\"><figure><a href=\"https:\/\/www.mendoza.gov.ar\/wp-content\/uploads\/sites\/5\/2021\/02\/DSC_9137.jpg\"><img loading=\"lazy\" width=\"700\" height=\"451\" src=\"https:\/\/www.mendoza.gov.ar\/wp-content\/uploads\/sites\/5\/2021\/02\/DSC_9137-700x451.jpg\" alt=\"\" data-id=\"260915\" data-full-url=\"https:\/\/www.mendoza.gov.ar\/wp-content\/uploads\/sites\/5\/2021\/02\/DSC_9137.jpg\" data-link=\"https:\/\/www.mendoza.gov.ar\/prensa\/especificaron-cuales-seran-los-puntos-de-vacunacion-en-el-resto-de-los-departamentos\/dsc_9137\/\" class=\"wp-image-260915 img-responsive center-block\" srcset=\"https:\/\/www.mendoza.gov.ar\/wp-content\/uploads\/sites\/5\/2021\/02\/DSC_9137-700x451.jpg 700w, https:\/\/www.mendoza.gov.ar\/wp-content\/uploads\/sites\/5\/2021\/02\/DSC_9137-250x161.jpg 250w, https:\/\/www.mendoza.gov.ar\/wp-content\/uploads\/sites\/5\/2021\/02\/DSC_9137-768x494.jpg 768w, https:\/\/www.mendoza.gov.ar\/wp-content\/uploads\/sites\/5\/2021\/02\/DSC_9137-1536x989.jpg 1536w, https:\/\/www.mendoza.gov.ar\/wp-content\/uploads\/sites\/5\/2021\/02\/DSC_9137-2048x1319.jpg 2048w, https:\/\/www.mendoza.gov.ar\/wp-content\/uploads\/sites\/5\/2021\/02\/DSC_9137-120x77.jpg 120w\" sizes=\"(max-width: 700px) 100vw, 700px\"><\/a><\/figure><\/li><li class=\"blocks-gallery-item\"><figure><a href=\"https:\/\/www.mendoza.gov.ar\/wp-content\/uploads\/sites\/5\/2021\/02\/DSC_9138.jpg\"><img loading=\"lazy\" width=\"700\" height=\"467\" src=\"https:\/\/www.mendoza.gov.ar\/wp-content\/uploads\/sites\/5\/2021\/02\/DSC_9138-700x467.jpg\" alt=\"\" data-id=\"260916\" data-full-url=\"https:\/\/www.mendoza.gov.ar\/wp-content\/uploads\/sites\/5\/2021\/02\/DSC_9138.jpg\" data-link=\"https:\/\/www.mendoza.gov.ar\/prensa\/especificaron-cuales-seran-los-puntos-de-vacunacion-en-el-resto-de-los-departamentos\/dsc_9138-2\/\" class=\"wp-image-260916 img-responsive center-block\" srcset=\"https:\/\/www.mendoza.gov.ar\/wp-content\/uploads\/sites\/5\/2021\/02\/DSC_9138-700x467.jpg 700w, https:\/\/www.mendoza.gov.ar\/wp-content\/uploads\/sites\/5\/2021\/02\/DSC_9138-250x167.jpg 250w, https:\/\/www.mendoza.gov.ar\/wp-content\/uploads\/sites\/5\/2021\/02\/DSC_9138-768x513.jpg 768w, https:\/\/www.mendoza.gov.ar\/wp-content\/uploads\/sites\/5\/2021\/02\/DSC_9138-1536x1025.jpg 1536w, https:\/\/www.mendoza.gov.ar\/wp-content\/uploads\/sites\/5\/2021\/02\/DSC_9138-2048x1367.jpg 2048w, https:\/\/www.mendoza.gov.ar\/wp-content\/uploads\/sites\/5\/2021\/02\/DSC_9138-120x80.jpg 120w\" sizes=\"(max-width: 700px) 100vw, 700px\"><\/a><\/figure><\/li><li class=\"blocks-gallery-item\"><figure><a href=\"https:\/\/www.mendoza.gov.ar\/wp-content\/uploads\/sites\/5\/2021\/02\/DSC_9140.jpg\"><img loading=\"lazy\" width=\"700\" height=\"428\" src=\"https:\/\/www.mendoza.gov.ar\/wp-content\/uploads\/sites\/5\/2021\/02\/DSC_9140-700x428.jpg\" alt=\"\" data-id=\"260917\" data-full-url=\"https:\/\/www.mendoza.gov.ar\/wp-content\/uploads\/sites\/5\/2021\/02\/DSC_9140.jpg\" data-link=\"https:\/\/www.mendoza.gov.ar\/prensa\/especificaron-cuales-seran-los-puntos-de-vacunacion-en-el-resto-de-los-departamentos\/dsc_9140-3\/\" class=\"wp-image-260917 img-responsive center-block\" srcset=\"https:\/\/www.mendoza.gov.ar\/wp-content\/uploads\/sites\/5\/2021\/02\/DSC_9140-700x428.jpg 700w, https:\/\/www.mendoza.gov.ar\/wp-content\/uploads\/sites\/5\/2021\/02\/DSC_9140-250x153.jpg 250w, https:\/\/www.mendoza.gov.ar\/wp-content\/uploads\/sites\/5\/2021\/02\/DSC_9140-768x469.jpg 768w, https:\/\/www.mendoza.gov.ar\/wp-content\/uploads\/sites\/5\/2021\/02\/DSC_9140-1536x938.jpg 1536w, https:\/\/www.mendoza.gov.ar\/wp-content\/uploads\/sites\/5\/2021\/02\/DSC_9140-2048x1251.jpg 2048w, https:\/\/www.mendoza.gov.ar\/wp-content\/uploads\/sites\/5\/2021\/02\/DSC_9140-120x73.jpg 120w\" sizes=\"(max-width: 700px) 100vw, 700px\"><\/a><\/figure><\/li><li class=\"blocks-gallery-item\"><figure><a href=\"https:\/\/www.mendoza.gov.ar\/wp-content\/uploads\/sites\/5\/2021\/02\/DSC_9145-Pano.jpg\"><img loading=\"lazy\" width=\"700\" height=\"185\" src=\"https:\/\/www.mendoza.gov.ar\/wp-content\/uploads\/sites\/5\/2021\/02\/DSC_9145-Pano-700x185.jpg\" alt=\"\" data-id=\"260918\" data-full-url=\"https:\/\/www.mendoza.gov.ar\/wp-content\/uploads\/sites\/5\/2021\/02\/DSC_9145-Pano.jpg\" data-link=\"https:\/\/www.mendoza.gov.ar\/prensa\/especificaron-cuales-seran-los-puntos-de-vacunacion-en-el-resto-de-los-departamentos\/dsc_9145-pano\/\" class=\"wp-image-260918 img-responsive center-block\" srcset=\"https:\/\/www.mendoza.gov.ar\/wp-content\/uploads\/sites\/5\/2021\/02\/DSC_9145-Pano-700x185.jpg 700w, https:\/\/www.mendoza.gov.ar\/wp-content\/uploads\/sites\/5\/2021\/02\/DSC_9145-Pano-250x66.jpg 250w, https:\/\/www.mendoza.gov.ar\/wp-content\/uploads\/sites\/5\/2021\/02\/DSC_9145-Pano-768x203.jpg 768w, https:\/\/www.mendoza.gov.ar\/wp-content\/uploads\/sites\/5\/2021\/02\/DSC_9145-Pano-1536x405.jpg 1536w, https:\/\/www.mendoza.gov.ar\/wp-content\/uploads\/sites\/5\/2021\/02\/DSC_9145-Pano-2048x540.jpg 2048w, https:\/\/www.mendoza.gov.ar\/wp-content\/uploads\/sites\/5\/2021\/02\/DSC_9145-Pano-120x32.jpg 120w\" sizes=\"(max-width: 700px) 100vw, 700px\"><\/a><\/figure><\/li><li class=\"blocks-gallery-item\"><figure><a href=\"https:\/\/www.mendoza.gov.ar\/wp-content\/uploads\/sites\/5\/2021\/02\/DSC_9150.jpg\"><img loading=\"lazy\" width=\"700\" height=\"467\" src=\"https:\/\/www.mendoza.gov.ar\/wp-content\/uploads\/sites\/5\/2021\/02\/DSC_9150-700x467.jpg\" alt=\"\" data-id=\"260919\" data-full-url=\"https:\/\/www.mendoza.gov.ar\/wp-content\/uploads\/sites\/5\/2021\/02\/DSC_9150.jpg\" data-link=\"https:\/\/www.mendoza.gov.ar\/prensa\/especificaron-cuales-seran-los-puntos-de-vacunacion-en-el-resto-de-los-departamentos\/dsc_9150\/\" class=\"wp-image-260919 img-responsive center-block\" srcset=\"https:\/\/www.mendoza.gov.ar\/wp-content\/uploads\/sites\/5\/2021\/02\/DSC_9150-700x467.jpg 700w, https:\/\/www.mendoza.gov.ar\/wp-content\/uploads\/sites\/5\/2021\/02\/DSC_9150-250x167.jpg 250w, https:\/\/www.mendoza.gov.ar\/wp-content\/uploads\/sites\/5\/2021\/02\/DSC_9150-768x513.jpg 768w, https:\/\/www.mendoza.gov.ar\/wp-content\/uploads\/sites\/5\/2021\/02\/DSC_9150-1536x1025.jpg 1536w, https:\/\/www.mendoza.gov.ar\/wp-content\/uploads\/sites\/5\/2021\/02\/DSC_9150-2048x1367.jpg 2048w, https:\/\/www.mendoza.gov.ar\/wp-content\/uploads\/sites\/5\/2021\/02\/DSC_9150-120x80.jpg 120w\" sizes=\"(max-width: 700px) 100vw, 700px\"><\/a><\/figure><\/li><li class=\"blocks-gallery-item\"><figure><a href=\"https:\/\/www.mendoza.gov.ar\/wp-content\/uploads\/sites\/5\/2021\/02\/DSC_9153.jpg\"><img loading=\"lazy\" width=\"700\" height=\"467\" src=\"https:\/\/www.mendoza.gov.ar\/wp-content\/uploads\/sites\/5\/2021\/02\/DSC_9153-700x467.jpg\" alt=\"\" data-id=\"260920\" data-full-url=\"https:\/\/www.mendoza.gov.ar\/wp-content\/uploads\/sites\/5\/2021\/02\/DSC_9153.jpg\" data-link=\"https:\/\/www.mendoza.gov.ar\/prensa\/especificaron-cuales-seran-los-puntos-de-vacunacion-en-el-resto-de-los-departamentos\/dsc_9153\/\" class=\"wp-image-260920 img-responsive center-block\" srcset=\"https:\/\/www.mendoza.gov.ar\/wp-content\/uploads\/sites\/5\/2021\/02\/DSC_9153-700x467.jpg 700w, https:\/\/www.mendoza.gov.ar\/wp-content\/uploads\/sites\/5\/2021\/02\/DSC_9153-250x167.jpg 250w, https:\/\/www.mendoza.gov.ar\/wp-content\/uploads\/sites\/5\/2021\/02\/DSC_9153-768x513.jpg 768w, https:\/\/www.mendoza.gov.ar\/wp-content\/uploads\/sites\/5\/2021\/02\/DSC_9153-1536x1025.jpg 1536w, https:\/\/www.mendoza.gov.ar\/wp-content\/uploads\/sites\/5\/2021\/02\/DSC_9153-2048x1367.jpg 2048w, https:\/\/www.mendoza.gov.ar\/wp-content\/uploads\/sites\/5\/2021\/02\/DSC_9153-120x80.jpg 120w\" sizes=\"(max-width: 700px) 100vw, 700px\"><\/a><\/figure><\/li><li class=\"blocks-gallery-item\"><figure><a href=\"https:\/\/www.mendoza.gov.ar\/wp-content\/uploads\/sites\/5\/2021\/02\/DSC_9155.jpg\"><img loading=\"lazy\" width=\"700\" height=\"467\" src=\"https:\/\/www.mendoza.gov.ar\/wp-content\/uploads\/sites\/5\/2021\/02\/DSC_9155-700x467.jpg\" alt=\"\" data-id=\"260921\" data-full-url=\"https:\/\/www.mendoza.gov.ar\/wp-content\/uploads\/sites\/5\/2021\/02\/DSC_9155.jpg\" data-link=\"https:\/\/www.mendoza.gov.ar\/prensa\/especificaron-cuales-seran-los-puntos-de-vacunacion-en-el-resto-de-los-departamentos\/dsc_9155-2\/\" class=\"wp-image-260921 img-responsive center-block\" srcset=\"https:\/\/www.mendoza.gov.ar\/wp-content\/uploads\/sites\/5\/2021\/02\/DSC_9155-700x467.jpg 700w, https:\/\/www.mendoza.gov.ar\/wp-content\/uploads\/sites\/5\/2021\/02\/DSC_9155-250x167.jpg 250w, https:\/\/www.mendoza.gov.ar\/wp-content\/uploads\/sites\/5\/2021\/02\/DSC_9155-768x513.jpg 768w, https:\/\/www.mendoza.gov.ar\/wp-content\/uploads\/sites\/5\/2021\/02\/DSC_9155-1536x1025.jpg 1536w, https:\/\/www.mendoza.gov.ar\/wp-content\/uploads\/sites\/5\/2021\/02\/DSC_9155-2048x1367.jpg 2048w, https:\/\/www.mendoza.gov.ar\/wp-content\/uploads\/sites\/5\/2021\/02\/DSC_9155-120x80.jpg 120w\" sizes=\"(max-width: 700px) 100vw, 700px\"><\/a><\/figure><\/li><li class=\"blocks-gallery-item\"><figure><a href=\"https:\/\/www.mendoza.gov.ar\/wp-content\/uploads\/sites\/5\/2021\/02\/DSC_9157.jpg\"><img loading=\"lazy\" width=\"700\" height=\"467\" src=\"https:\/\/www.mendoza.gov.ar\/wp-content\/uploads\/sites\/5\/2021\/02\/DSC_9157-700x467.jpg\" alt=\"\" data-id=\"260922\" data-full-url=\"https:\/\/www.mendoza.gov.ar\/wp-content\/uploads\/sites\/5\/2021\/02\/DSC_9157.jpg\" data-link=\"https:\/\/www.mendoza.gov.ar\/prensa\/especificaron-cuales-seran-los-puntos-de-vacunacion-en-el-resto-de-los-departamentos\/dsc_9157-4\/\" class=\"wp-image-260922 img-responsive center-block\" srcset=\"https:\/\/www.mendoza.gov.ar\/wp-content\/uploads\/sites\/5\/2021\/02\/DSC_9157-700x467.jpg 700w, https:\/\/www.mendoza.gov.ar\/wp-content\/uploads\/sites\/5\/2021\/02\/DSC_9157-250x167.jpg 250w, https:\/\/www.mendoza.gov.ar\/wp-content\/uploads\/sites\/5\/2021\/02\/DSC_9157-768x513.jpg 768w, https:\/\/www.mendoza.gov.ar\/wp-content\/uploads\/sites\/5\/2021\/02\/DSC_9157-1536x1025.jpg 1536w, https:\/\/www.mendoza.gov.ar\/wp-content\/uploads\/sites\/5\/2021\/02\/DSC_9157-2048x1367.jpg 2048w, https:\/\/www.mendoza.gov.ar\/wp-content\/uploads\/sites\/5\/2021\/02\/DSC_9157-120x80.jpg 120w\" sizes=\"(max-width: 700px) 100vw, 700px\"><\/a><\/figure><\/li><\/ul><\/figure>\n\n\n\n<figure class=\"wp-block-image\" id=\"block-f0efccbf-cf2f-4a11-bad2-14e919b2078d\"><img src=\"https:\/\/www.mendoza.gov.ar\/prensa\/wp-content\/uploads\/sites\/5\/2020\/03\/WhatsApp-Image-2020-03-17-at-6.23.29-PM-1.jpeg\" alt=\"Esta imagen tiene un atributo alt vac&iacute;o; el nombre del archivo es WhatsApp-Image-2020-03-17-at-6.23.29-PM-1.jpeg\" class=\" img-responsive center-block\"><\/figure>\n\n\n\n<p id=\"block-c184fbed-b72d-46b9-a25d-c5f24e227707\"><a rel=\"noreferrer noopener\" href=\"https:\/\/www.mendoza.gov.ar\/prensa\/covid-19\/\" target=\"_blank\"><strong>Clic aqu&iacute; para ver m&aacute;s noticias sobre coronavirus<\/strong><\/a><\/p>\n\n\n\n<figure class=\"wp-block-image\" id=\"block-8891831a-40f5-463f-ba95-2f6ab20a4023\"><img src=\"https:\/\/www.mendoza.gov.ar\/prensa\/wp-content\/uploads\/sites\/5\/2020\/03\/WhatsApp-Image-2020-03-17-at-6.23.29-PM-1.jpeg\" alt=\"Esta imagen tiene un atributo alt vac&iacute;o; el nombre del archivo es WhatsApp-Image-2020-03-17-at-6.23.29-PM-1.jpeg\" class=\" img-responsive center-block\"><\/figure>\n\n\n\n<p id=\"block-97ff474a-3527-4e6f-b93a-5cb6f5b13faa\"><strong><a rel=\"noreferrer noopener\" href=\"https:\/\/www.mendoza.gov.ar\/prensa\/comunicados\/\" target=\"_blank\">Clic aqu&iacute; para ver los comunicados del Ministerio de Salud<\/a><\/strong><\/p>\n\n\n\n<figure class=\"wp-block-image\" id=\"block-ff3d5b4c-6c5b-4785-8cff-d7f9d932a8db\"><img src=\"https:\/\/www.mendoza.gov.ar\/prensa\/wp-content\/uploads\/sites\/5\/2020\/03\/WhatsApp-Image-2020-03-17-at-6.23.29-PM-1.jpeg\" alt=\"Esta imagen tiene un atributo alt vac&iacute;o; el nombre del archivo es WhatsApp-Image-2020-03-17-at-6.23.29-PM-1.jpeg\" class=\" img-responsive center-block\"><\/figure>\n\n\n\n<p id=\"block-d915f75e-2bc7-4ba7-a2a2-707fa9230059\"><strong><a rel=\"noreferrer noopener\" href=\"https:\/\/www.mendoza.gov.ar\/coronavirus\" target=\"_blank\">www.mendoza.gov.ar\/coronavirus<\/a><\/strong><\/p>\n<\/body><\/html>\n","protected":false},"excerpt":{"rendered":"Fue en la reuni&oacute;n que mantuvieron ministros e intendentes para coordinar los puntos de vacunaci&oacute;n por departamento y la cantidad de dosis diarias. La ministra de Salud, Desarrollo Social y Deportes, Ana Nadal, y el ministro de Gobierno, Trabajo y Justicia, V&iacute;ctor Iba&ntilde;ez, se reunieron con intendentes para coordinar detalles sobre el procedimiento de vacunaci&oacute;n&#8230; <a class=\"view-article\" href=\"https:\/\/www.mendoza.gov.ar\/prensa\/especificaron-cuales-seran-los-puntos-de-vacunacion-en-el-resto-de-los-departamentos\/\"><\/a>","protected":false},"author":61,"featured_media":260913,"comment_status":"open","ping_status":"open","sticky":false,"template":"","format":"standard","meta":[],"categories":[32],"tags":[],"_links":{"self":[{"href":"https:\/\/www.mendoza.gov.ar\/prensa\/wp-json\/wp\/v2\/posts\/260878"}],"collection":[{"href":"https:\/\/www.mendoza.gov.ar\/prensa\/wp-json\/wp\/v2\/posts"}],"about":[{"href":"https:\/\/www.mendoza.gov.ar\/prensa\/wp-json\/wp\/v2\/types\/post"}],"author":[{"embeddable":true,"href":"https:\/\/www.mendoza.gov.ar\/prensa\/wp-json\/wp\/v2\/users\/61"}],"replies":[{"embeddable":true,"href":"https:\/\/www.mendoza.gov.ar\/prensa\/wp-json\/wp\/v2\/comments?post=260878"}],"version-history":[{"count":6,"href":"https:\/\/www.mendoza.gov.ar\/prensa\/wp-json\/wp\/v2\/posts\/260878\/revisions"}],"predecessor-version":[{"id":260925,"href":"https:\/\/www.mendoza.gov.ar\/prensa\/wp-json\/wp\/v2\/posts\/260878\/revisions\/260925"}],"wp:featuredmedia":[{"embeddable":true,"href":"https:\/\/www.mendoza.gov.ar\/prensa\/wp-json\/wp\/v2\/media\/260913"}],"wp:attachment":[{"href":"https:\/\/www.mendoza.gov.ar\/prensa\/wp-json\/wp\/v2\/media?parent=260878"}],"wp:term":[{"taxonomy":"category","embeddable":true,"href":"https:\/\/www.mendoza.gov.ar\/prensa\/wp-json\/wp\/v2\/categories?post=260878"},{"taxonomy":"post_tag","embeddable":true,"href":"https:\/\/www.mendoza.gov.ar\/prensa\/wp-json\/wp\/v2\/tags?post=260878"}],"curies":[{"name":"wp","href":"https:\/\/api.w.org\/{rel}","templated":true}]}}