{"id":260904,"date":"2021-02-26T14:49:27","date_gmt":"2021-02-26T17:49:27","guid":{"rendered":"https:\/\/www.mendoza.gov.ar\/prensa\/?p=260904"},"modified":"2021-02-26T16:12:24","modified_gmt":"2021-02-26T19:12:24","slug":"suarez-presento-la-agencia-mendocina-de-innovacion-ciencia-y-tecnologia","status":"publish","type":"post","link":"https:\/\/www.mendoza.gov.ar\/prensa\/suarez-presento-la-agencia-mendocina-de-innovacion-ciencia-y-tecnologia\/","title":{"rendered":"Suarez present\u00f3 la Agencia Mendocina de Innovaci\u00f3n, Ciencia y Tecnolog\u00eda"},"content":{"rendered":"<!DOCTYPE html PUBLIC \"-\/\/W3C\/\/DTD HTML 4.0 Transitional\/\/EN\" \"http:\/\/www.w3.org\/TR\/REC-html40\/loose.dtd\">\n<html><body><h5>Se trata de una de las iniciativas que present&oacute; el Gobernador en su discurso del 1&ordm; de Mayo. Forma parte del paquete de leyes que aprob&oacute; la Legislatura de Mendoza para seguir impulsando al sector tecnol&oacute;gico y que incluy&oacute; tambi&eacute;n la Ley de Fomento a los Emprendedores y la Ley de Econom&iacute;a del Conocimiento.<\/h5>\n\n\n\n<p>El Gobernador Rodolfo Suarez present&oacute; la Agencia de Ciencia, Tecnolog&iacute;a e Innovaci&oacute;n. La iniciativa forma parte de tres leyes que aprob&oacute; la Legislatura de Mendoza para seguir impulsando al sector tecnol&oacute;gico que incluyeron tambi&eacute;n la Ley de Fomento a los Emprendedores y la Ley de Econom&iacute;a del Conocimiento.<\/p>\n\n\n\n<p>Durante la presentaci&oacute;n estuvieron presentes Enrique Vaqui&eacute;, ministro de Econom&iacute;a y Energ&iacute;a; Gabriel Fidel, quien dirigir&aacute; la Agencia; Fernando Peirano, residente de la Agencia Nacional de Promoci&oacute;n Cient&iacute;fica y Tecnol&oacute;gica, quien se conect&oacute; por internet; ministros del gabinete provincial y de la suprema Corte de Justicia, funcionarios del Polo TIC e intendentes.<\/p>\n\n\n\n<p>&ldquo;Desde que asum&iacute; vengo sosteniendo que para construir una econom&iacute;a m&aacute;s sana, una institucionalidad m&aacute;s firme y una convivencia arm&oacute;nica que d&eacute; oportunidades de progreso a todas las mendocinas y los mendocinos, se necesita de una agenda de desarrollo sostenida, m&aacute;s ambiciosa que la que se transita, por el camino de las reformas a las que estamos habituados&rdquo;, sostuvo el Gobernador al iniciar su discurso.<\/p>\n\n\n\n<p><strong>&ldquo;<\/strong>M&aacute;s a&uacute;n si consideramos el impacto de la pandemia que, como todos saben, no solo ha deteriorado la econom&iacute;a de las personas y en consecuencia de los Estados, sino que ha generado un efecto inercial de exclusi&oacute;n que viene multiplicando la pobreza y que, por lo tanto, tenemos que detener cuanto antes&rdquo;, agreg&oacute; Suarez.<\/p>\n\n\n\n<p>De esta manera, el Gobernador sostuvo que &ldquo;el &uacute;nico camino para que haya sustentabilidad y crecimiento de los sectores de la econom&iacute;a es conectar la educaci&oacute;n, la innovaci&oacute;n, la investigaci&oacute;n cient&iacute;fica y la tecnolog&iacute;a con la producci&oacute;n. Por eso, aun reconociendo que a los grandes instrumentos de pol&iacute;tica macroecon&oacute;mica los maneja la Naci&oacute;n y que las provincias tienen muy pocas herramientas para influir en la econom&iacute;a real, siento que tenemos la responsabilidad indelegable de agudizar la creatividad para contribuir al desarrollo local&rdquo;.<\/p>\n\n\n\n<p>Sobre la agencia, Suarez detall&oacute; que &ldquo;tendr&aacute; por objeto poner en marcha una pol&iacute;tica de Estado consensuada y planificada que articule a los sectores cient&iacute;ficos, tecnol&oacute;gicos, educativos, productivos y al propio Estado, para desarrollar un ecosistema de innovaci&oacute;n que favorezca la generaci&oacute;n y la transferencia de conocimientos de modo sin&eacute;rgico, que como resultado permitir&aacute; mejorar el desempe&ntilde;o de nuestra econom&iacute;a, sobre todo en el sector pyme, beneficiando adem&aacute;s a la sociedad mediante la formaci&oacute;n de capital humano calificado y mejores oportunidades laborales&rdquo;.<\/p>\n\n\n\n<p>&ldquo;Estoy convencido de que esta iniciativa tambi&eacute;n contribuir&aacute; a hacer crecer m&aacute;s a&uacute;n la Marca Mendoza como activo de confianza y previsibilidad, promoviendo la integraci&oacute;n de la producci&oacute;n mendocina de calidad con las cadenas globales de valor&rdquo;, destac&oacute; el mandatario.<\/p>\n\n\n\n<p>Luego asegur&oacute;: &ldquo;Nuestra meta es ambiciosa: queremos que Mendoza sea reconocida como l&iacute;der en materia de innovaci&oacute;n en Am&eacute;rica Latina. Por nuestra historia, los mendocinos sabemos que los sue&ntilde;os pueden convertirse en logros duraderos de la mano del esfuerzo. Y ese es un rasgo de identidad que tenemos que reverdecer constantemente, porque as&iacute; seguiremos estando orgullosos de la provincia que estamos construyendo&rdquo;.<\/p>\n\n\n\n<p>Sobre la importancia de esta nueva herramienta, el Gobernador se&ntilde;al&oacute; que &ldquo;pr&aacute;cticamente no tendr&aacute; impacto en el gasto p&uacute;blico, ya que operar&aacute; gracias a la articulaci&oacute;n y refuncionalizaci&oacute;n de estructuras y recursos existentes, de modo que ser&aacute; un instrumento eficaz para contribuir al desarrollo de Mendoza, atendiendo la pol&iacute;tica de austeridad que nos hemos autoimpuesto para optimizar al extremo la inversi&oacute;n p&uacute;blica y como gesto de empat&iacute;a con las mendocinas y los mendocinos que vienen pasando dificultades&rdquo;.<\/p>\n\n\n\n<p>Para finalizar, destac&oacute; que &ldquo;estos avances institucionales no son meras abstracciones t&eacute;cnicas. Hacen directamente a la vida de las personas y a sus posibilidades de progreso, por eso tienen car&aacute;cter estrat&eacute;gico para mi gobierno&rdquo;.<\/p>\n\n\n\n<p><strong>Las palabras de Gabriel Fidel como representante de la Agencia<\/strong><\/p>\n\n\n\n<p>&ldquo;La agencia va a funcionar como un ecosistema de innovaci&oacute;n y la idea es impulsar principalmente la innovaci&oacute;n, la ciencia y la tecnolog&iacute;a en toda la econom&iacute;a. Es decir, no solamente el sector de la econom&iacute;a o de los servicios basados en los conocimientos per se, sino buscar diseminarlo a trav&eacute;s de todas las cadenas de valor&rdquo;, indic&oacute; Gabriel Fidel.<\/p>\n\n\n\n<p>Y aclar&oacute; que lo que se buscar&aacute; con la puesta en marcha es &ldquo;un aumento de la productividad y de la competitividad de la econom&iacute;a de Mendoza en su conjunto y confiamos en que de esa manera apostamos a una estrategia de desarrollo profunda. A su vez, derrama en el resto de la sociedad, porque los ciudadanos, a partir de esto, vamos a tener una mayor calidad de vida&rdquo;.<\/p>\n\n\n\n<p>Asimismo, explic&oacute; que &ldquo;esta es la mejor estrategia de desarrollo para que la provincia de Mendoza pueda insertarse en la econom&iacute;a mundial de las cadenas de valor globales. Sabemos que el comercio mundial por esa v&iacute;a es de alrededor del 80% del comercio mundial y confiamos que con esta estrategia vamos a poder insertarnos mejor en el mundo&rdquo;.<\/p>\n\n\n\n<p><strong>La importancia de la agencia<\/strong><\/p>\n\n\n\n<p>En la presentaci&oacute;n, Vaqui&eacute; sostuvo que &ldquo;el conocimiento es una construcci&oacute;n colectiva, es por ello que desde el primer momento de nuestro Gobierno convocamos a todos los miembros de este gran ecosistema y conformamos la Mesa de la Econom&iacute;a del Conocimiento, un &aacute;mbito para debatir y compartir las visiones de un presente y un futuro com&uacute;n para el sector&rdquo;.<\/p>\n\n\n\n<p>&ldquo;El af&aacute;n por el conocimiento nos desaf&iacute;a y nos plantea encarar el futuro con decisi&oacute;n y con herramientas creativas. Es por ello que quiero plantear que detr&aacute;s de los anuncios del Gobernador, vinculados a tres leyes que enviar&aacute; a la Legislatura, hay una clara intenci&oacute;n de que el trabajo p&uacute;blico-privado sea el m&eacute;todo para desarrollar pol&iacute;ticas&rdquo;, agreg&oacute; el funcionario.<\/p>\n\n\n\n<p>Este paquete de leyes permitir&aacute; potenciar la formaci&oacute;n de Mendoza como &ldquo;tierra del conocimiento&rdquo; y generar empleo privado de calidad, herramientas que, en conjunto con otras como los programas Mendoza Activa y Enlace, buscan reactivar la econom&iacute;a mendocina.<\/p>\n\n\n\n<p>El funcionario tambi&eacute;n coment&oacute; el trabajo que se est&aacute; realizando para el desarrollo de nuevos polos tecnol&oacute;gicos tanto en el Este como en el Sur provincial. &ldquo;Iniciamos en la zona Este, en el actual PASIP, porque all&iacute; tenemos las instalaciones y las condiciones necesarias para ejecutar este proyecto&rdquo;, afirm&oacute; Vaqui&eacute;.<\/p>\n\n\n\n<p><strong>Las leyes tecnol&oacute;gicas en detalle<\/strong><\/p>\n\n\n\n<p>La Ley de Fomento Emprendedores busca crear nuevos emprendimientos de base tecnol&oacute;gica permitiendo que Mendoza se compita en mejores condiciones en el mundo de las <em>start-up<\/em> con fondos por 1.500.000 d&oacute;lares y 3.330.000 pesos.<\/p>\n\n\n\n<p>La Ley de Creaci&oacute;n Agencia de Ciencia, Tecnolog&iacute;a e Innovaci&oacute;n tiene como objetivo redefinir la estrategia de desarrollo cient&iacute;fico y tecnol&oacute;gico, con lineamientos generados con el ambiente acad&eacute;mico, empresarial y productivo, reestructurando el dise&ntilde;o institucional de los institutos existentes y destinando una suma de 1.500.000 d&oacute;lares.<\/p>\n\n\n\n<p>La Ley de Econom&iacute;a del Conocimiento busca fomentar el desarrollo del <em>software<\/em>, servicios inform&aacute;ticos y audiovisuales entre otros considerados &ldquo;econom&iacute;a naranja&rdquo;, promoviendo la creaci&oacute;n de nuevas empresas de Servicios Basados en el Conocimiento y potenciando las existentes. Se destinar&aacute;n fondos por 1.400.000 d&oacute;lares y 95.000.000 de pesos.<\/p>\n\n\n\n<p><strong>Cornejo y Garc&iacute;a Zalazar se refirieron a la obra p&uacute;blica en Mendoza durante la presentaci&oacute;n<\/strong><\/p>\n\n\n\n<p>En el marco de la presentaci&oacute;n de la Agencia de Ciencia, Tecnolog&iacute;a e Innovaci&oacute;n el diputado Nacional, Alfredo Cornejo y el intendente de Godoy Cruz, Tadeo Garc&iacute;a Zalazar, se refirieron a la firma de convenios por obras p&uacute;blicas que se realiz&oacute; en Maip&uacute;. &ldquo;Varios intendentes no asistimos al acto porque ning&uacute;n convenio tiene especificados obra, monto o plazos&rdquo;, explic&oacute; el cacique comunal.<\/p>\n\n\n\n<p>Por su parte, Cornejo detall&oacute; que &ldquo;ya durante el Gobierno de Cristina Fern&aacute;ndez de Kirchner, muchas veces se firmaron convenios pero despu&eacute;s la Naci&oacute;n no transfiri&oacute; esos fondos a la Provincia. Es un punto para seguir meticulosamente&rdquo;. Garc&iacute;a Zalazar agreg&oacute; que &ldquo;la asignaci&oacute;n de fondos se da en base a la afinidad con el Gobierno nacional. Esperemos que eso cambie&rdquo;.<\/p>\n\n\n\n<p>El diputado nacional sostuvo que &ldquo;lo l&oacute;gico, lo normal y lo respetuoso hubiese sido que la firma de convenios por obra p&uacute;blica se hiciera en Casa de Gobierno junto al gobernador Rodolfo Suarez&rdquo;. Y el intendente indic&oacute;: &ldquo;Recibimos una invitaci&oacute;n para participar en un acto con anuncios de obra. Pero cuando pedimos las obras, no estaba la informaci&oacute;n. Se trata de convenios gen&eacute;ricos, sin monto de la obra ni fecha de inicio&rdquo;.<\/p>\n\n\n\n<p>&ldquo;Estamos a disposici&oacute;n del ministro y firmaremos cuando aclaren los montos y las fechas de inicio de las obras&rdquo;, complet&oacute; Garc&iacute;a Zalazar, mientras que Cornejo a&ntilde;adi&oacute; que &ldquo;Mendoza es la &uacute;ltima provincia en cuanto a distribuci&oacute;n por habitantes de los recursos&rdquo;.<\/p>\n\n\n\n<figure class=\"wp-block-gallery columns-3 is-cropped\"><ul class=\"blocks-gallery-grid\"><li class=\"blocks-gallery-item\"><figure><img loading=\"lazy\" width=\"700\" height=\"467\" src=\"https:\/\/www.mendoza.gov.ar\/wp-content\/uploads\/sites\/5\/2021\/02\/DSC_9431-700x467.jpg\" alt=\"\" data-id=\"260942\" data-link=\"https:\/\/www.mendoza.gov.ar\/prensa\/?attachment_id=260942\" class=\"wp-image-260942 img-responsive center-block\" srcset=\"https:\/\/www.mendoza.gov.ar\/wp-content\/uploads\/sites\/5\/2021\/02\/DSC_9431-700x467.jpg 700w, https:\/\/www.mendoza.gov.ar\/wp-content\/uploads\/sites\/5\/2021\/02\/DSC_9431-250x167.jpg 250w, https:\/\/www.mendoza.gov.ar\/wp-content\/uploads\/sites\/5\/2021\/02\/DSC_9431-768x513.jpg 768w, https:\/\/www.mendoza.gov.ar\/wp-content\/uploads\/sites\/5\/2021\/02\/DSC_9431-1536x1025.jpg 1536w, https:\/\/www.mendoza.gov.ar\/wp-content\/uploads\/sites\/5\/2021\/02\/DSC_9431-2048x1367.jpg 2048w, https:\/\/www.mendoza.gov.ar\/wp-content\/uploads\/sites\/5\/2021\/02\/DSC_9431-120x80.jpg 120w\" sizes=\"(max-width: 700px) 100vw, 700px\"><\/figure><\/li><li class=\"blocks-gallery-item\"><figure><img src=\"https:\/\/www.mendoza.gov.ar\/wp-content\/uploads\/sites\/5\/2021\/02\/DSC_9399-700x467.jpg\" alt=\"\" data-id=\"260943\" data-link=\"https:\/\/www.mendoza.gov.ar\/prensa\/?attachment_id=260943\" class=\"wp-image-260943 img-responsive center-block\"><\/figure><\/li><li class=\"blocks-gallery-item\"><figure><img loading=\"lazy\" width=\"700\" height=\"456\" src=\"https:\/\/www.mendoza.gov.ar\/wp-content\/uploads\/sites\/5\/2021\/02\/DSC_9599-700x456.jpg\" alt=\"\" data-id=\"260944\" data-full-url=\"https:\/\/www.mendoza.gov.ar\/wp-content\/uploads\/sites\/5\/2021\/02\/DSC_9599.jpg\" data-link=\"https:\/\/www.mendoza.gov.ar\/prensa\/?attachment_id=260944\" class=\"wp-image-260944 img-responsive center-block\" srcset=\"https:\/\/www.mendoza.gov.ar\/wp-content\/uploads\/sites\/5\/2021\/02\/DSC_9599-700x456.jpg 700w, https:\/\/www.mendoza.gov.ar\/wp-content\/uploads\/sites\/5\/2021\/02\/DSC_9599-250x163.jpg 250w, https:\/\/www.mendoza.gov.ar\/wp-content\/uploads\/sites\/5\/2021\/02\/DSC_9599-768x500.jpg 768w, https:\/\/www.mendoza.gov.ar\/wp-content\/uploads\/sites\/5\/2021\/02\/DSC_9599-1536x1000.jpg 1536w, https:\/\/www.mendoza.gov.ar\/wp-content\/uploads\/sites\/5\/2021\/02\/DSC_9599-2048x1334.jpg 2048w, https:\/\/www.mendoza.gov.ar\/wp-content\/uploads\/sites\/5\/2021\/02\/DSC_9599-120x78.jpg 120w\" sizes=\"(max-width: 700px) 100vw, 700px\"><\/figure><\/li><\/ul><\/figure>\n\n\n\n<figure class=\"wp-block-image\" id=\"block-6ced38ce-cf36-43a4-bda2-6d6ecc045941\"><img src=\"https:\/\/www.mendoza.gov.ar\/prensa\/wp-content\/uploads\/sites\/5\/2020\/03\/WhatsApp-Image-2020-03-17-at-6.23.29-PM-1.jpeg\" alt=\"Esta imagen tiene un atributo alt vac&iacute;o; el nombre del archivo es WhatsApp-Image-2020-03-17-at-6.23.29-PM-1.jpeg\" class=\" img-responsive center-block\"><\/figure>\n\n\n\n<p class=\"has-text-align-center\" id=\"block-4672d608-8a30-472c-91ba-07e641c39018\"><a rel=\"noreferrer noopener\" href=\"https:\/\/www.mendoza.gov.ar\/prensa\/covid-19\/\" target=\"_blank\"><strong>Clic aqu&iacute; para ver m&aacute;s noticias sobre coronavirus<\/strong><\/a><\/p>\n\n\n\n<figure class=\"wp-block-image\" id=\"block-679c5d04-4f24-4464-a49a-df7b140e38eb\"><img src=\"https:\/\/www.mendoza.gov.ar\/prensa\/wp-content\/uploads\/sites\/5\/2020\/03\/WhatsApp-Image-2020-03-17-at-6.23.29-PM-1.jpeg\" alt=\"Esta imagen tiene un atributo alt vac&iacute;o; el nombre del archivo es WhatsApp-Image-2020-03-17-at-6.23.29-PM-1.jpeg\" class=\" img-responsive center-block\"><\/figure>\n\n\n\n<p class=\"has-text-align-center\" id=\"block-e70c843d-9c55-4a54-a13e-110b356d59f8\"><strong><a rel=\"noreferrer noopener\" href=\"https:\/\/www.mendoza.gov.ar\/prensa\/comunicados\/\" target=\"_blank\">Clic aqu&iacute; para ver los comunicados del Ministerio de Salud<\/a><\/strong><\/p>\n\n\n\n<figure class=\"wp-block-image\" id=\"block-55da5334-2597-4644-a2ad-ad62409c9f96\"><img src=\"https:\/\/www.mendoza.gov.ar\/prensa\/wp-content\/uploads\/sites\/5\/2020\/03\/WhatsApp-Image-2020-03-17-at-6.23.29-PM-1.jpeg\" alt=\"Esta imagen tiene un atributo alt vac&iacute;o; el nombre del archivo es WhatsApp-Image-2020-03-17-at-6.23.29-PM-1.jpeg\" class=\" img-responsive center-block\"><\/figure>\n\n\n\n<p class=\"has-text-align-center\" id=\"block-f052e2af-737b-4a93-aa6a-293bed4ff9e2\"><strong><a rel=\"noreferrer noopener\" href=\"https:\/\/www.mendoza.gov.ar\/coronavirus\" target=\"_blank\">www.mendoza.gov.ar\/coronavirus<\/a><\/strong><\/p>\n<\/body><\/html>\n","protected":false},"excerpt":{"rendered":"Se trata de una de las iniciativas que present&oacute; el Gobernador en su discurso del 1&ordm; de Mayo. Forma parte del paquete de leyes que aprob&oacute; la Legislatura de Mendoza para seguir impulsando al sector tecnol&oacute;gico y que incluy&oacute; tambi&eacute;n la Ley de Fomento a los Emprendedores y la Ley de Econom&iacute;a del Conocimiento. El&#8230; <a class=\"view-article\" href=\"https:\/\/www.mendoza.gov.ar\/prensa\/suarez-presento-la-agencia-mendocina-de-innovacion-ciencia-y-tecnologia\/\"><\/a>","protected":false},"author":76,"featured_media":260943,"comment_status":"open","ping_status":"open","sticky":false,"template":"","format":"standard","meta":[],"categories":[19,15],"tags":[],"_links":{"self":[{"href":"https:\/\/www.mendoza.gov.ar\/prensa\/wp-json\/wp\/v2\/posts\/260904"}],"collection":[{"href":"https:\/\/www.mendoza.gov.ar\/prensa\/wp-json\/wp\/v2\/posts"}],"about":[{"href":"https:\/\/www.mendoza.gov.ar\/prensa\/wp-json\/wp\/v2\/types\/post"}],"author":[{"embeddable":true,"href":"https:\/\/www.mendoza.gov.ar\/prensa\/wp-json\/wp\/v2\/users\/76"}],"replies":[{"embeddable":true,"href":"https:\/\/www.mendoza.gov.ar\/prensa\/wp-json\/wp\/v2\/comments?post=260904"}],"version-history":[{"count":5,"href":"https:\/\/www.mendoza.gov.ar\/prensa\/wp-json\/wp\/v2\/posts\/260904\/revisions"}],"predecessor-version":[{"id":260977,"href":"https:\/\/www.mendoza.gov.ar\/prensa\/wp-json\/wp\/v2\/posts\/260904\/revisions\/260977"}],"wp:featuredmedia":[{"embeddable":true,"href":"https:\/\/www.mendoza.gov.ar\/prensa\/wp-json\/wp\/v2\/media\/260943"}],"wp:attachment":[{"href":"https:\/\/www.mendoza.gov.ar\/prensa\/wp-json\/wp\/v2\/media?parent=260904"}],"wp:term":[{"taxonomy":"category","embeddable":true,"href":"https:\/\/www.mendoza.gov.ar\/prensa\/wp-json\/wp\/v2\/categories?post=260904"},{"taxonomy":"post_tag","embeddable":true,"href":"https:\/\/www.mendoza.gov.ar\/prensa\/wp-json\/wp\/v2\/tags?post=260904"}],"curies":[{"name":"wp","href":"https:\/\/api.w.org\/{rel}","templated":true}]}}