{"id":261099,"date":"2021-02-27T10:50:00","date_gmt":"2021-02-27T13:50:00","guid":{"rendered":"https:\/\/www.mendoza.gov.ar\/prensa\/?p=261099"},"modified":"2021-02-27T12:30:57","modified_gmt":"2021-02-27T15:30:57","slug":"campana-del-gobierno-provincial-para-mujeres-de-tunuyan-realizaron-estudios-medicos-y-prevencion-de-embarazos-no-deseados","status":"publish","type":"post","link":"https:\/\/www.mendoza.gov.ar\/prensa\/campana-del-gobierno-provincial-para-mujeres-de-tunuyan-realizaron-estudios-medicos-y-prevencion-de-embarazos-no-deseados\/","title":{"rendered":"Campa\u00f1a del Gobierno provincial para mujeres de Tunuy\u00e1n: realizaron estudios m\u00e9dicos y prevenci\u00f3n de embarazos no deseados"},"content":{"rendered":"<!DOCTYPE html PUBLIC \"-\/\/W3C\/\/DTD HTML 4.0 Transitional\/\/EN\" \"http:\/\/www.w3.org\/TR\/REC-html40\/loose.dtd\">\n<html><body><h5>Los equipos del Ministerio de Salud realizaron mamograf&iacute;as, PAP, colocaron implantes subd&eacute;rmicos y DIU. Por la alta demanda, la campa&ntilde;a continuar&aacute; en marzo.<\/h5>\n\n\n\n<p>El m&oacute;vil sanitario dependiente del Programa Provincial de Salud Reproductiva del Gobierno de Mendoza estuvo cuatro d&iacute;as realizando estudios gratuitos, sin turno, a mujeres de Tunuy&aacute;n. Este cami&oacute;n sanitario recorri&oacute; varias zonas del departamento y coloc&oacute; implantes subd&eacute;rmicos (a mujeres a partir de los 14 a&ntilde;os) y dispositivos intra uterinos (DIU). Adem&aacute;s, realiz&oacute; Papanicolaou (PAP) y mamograf&iacute;as a mujeres a partir de los 40 a&ntilde;os.<\/p>\n\n\n\n<p>La asistencia que se brind&oacute; desde el Ministerio de Salud se inici&oacute; en el distrito de Las Pintadas el lunes pasado y continu&oacute; al d&iacute;a siguiente por El Algarrobo, posteriormente en Colonia Las Rosas y concluy&oacute; el jueves en Los Sauces. La tarea forma parte de las estrategias de acci&oacute;n en las que trabaja la cartera de Salud para fortalecer la atenci&oacute;n primaria en la provincia.<\/p>\n\n\n\n<p>Durante los &uacute;ltimos a&ntilde;os, el Gobierno de Mendoza potenci&oacute; los servicios y la asistencia en la salud de las mujeres y de las adolescentes del Valle de Uco. Principalmente, se fortalecieron en toda la regi&oacute;n los servicios de atenci&oacute;n en salud sexual y reproductiva, acciones fundamentales para el cuidado de mujeres y adolescentes. Esto fue acompa&ntilde;ado con la inversi&oacute;n en nueva aparatolog&iacute;a para cada hospital o instrumentos ginecol&oacute;gicos nuevos para centros de salud, hasta la suma de m&aacute;s profesionales ginecol&oacute;gicos y obstetras en diversos centros asistenciales. Sin embargo, en 2020, por la pandemia, las atenciones debieron ser reducidas. Es por ello que, aprovechando la disminuci&oacute;n de casos, las estructuras de salud p&uacute;blica provinciales se han focalizado en buscar a las personas que necesitan de estudios m&eacute;dicos, en este caso y puntualmente a las mujeres de Tunuy&aacute;n.<\/p>\n\n\n\n<p>La potenciaci&oacute;n de los servicios que brindan los camiones sanitarios ha sido un eje de trabajo para el &Aacute;rea Sanitaria de Tunuy&aacute;n. Este organismo que a los centros de salud y se ha encargado de fortalecer la asistencia en los territorios m&aacute;s necesitados de este departamento. Sin estos servicios de protecci&oacute;n que llegan a las comunidades m&aacute;s alejadas, las mujeres y las adolescentes ser&iacute;an m&aacute;s vulnerables a la violencia sexual, a los embarazos no deseados, a las infecciones de transmisi&oacute;n sexual o al avance de patolog&iacute;as que podr&iacute;an evitarse con estudios previos. Cabe se&ntilde;alar que durante esta &uacute;ltima campa&ntilde;a se colocaron implantes subd&eacute;rmicos a mujeres desde las 14 a&ntilde;os.<\/p>\n\n\n\n<p>Es por esto que, en marzo, la campa&ntilde;a para fortalecer los cuidados integrales de las mujeres continuar&aacute; realiz&aacute;ndose en Tunuy&aacute;n. Desde el &Aacute;rea Sanitaria, su referente, Ver&oacute;nica Atencio, comunic&oacute;: &ldquo;El 8 de marzo, en el Centro de Salud de Vista Flores, los equipos de salud del Gobierno provincial realizar&aacute;n PAP por orden de llegada. Y posteriormente, el 11 de marzo, en el Centro de Salud de El Top&oacute;n, tambi&eacute;n se realizar&aacute;n PAP a las mujeres que se acerquen a este lugar. Estos estudios se realizar&aacute;n a mujeres mayores de 25 a&ntilde;os que no est&eacute;n con presencia del periodo menstrual, con y sin obra social, y por orden de llegada&rdquo;, inform&oacute; la funcionaria provincial.<\/p>\n\n\n\n<p><\/p>\n\n\n\n<figure class=\"wp-block-gallery columns-3\"><ul class=\"blocks-gallery-grid\"><li class=\"blocks-gallery-item\"><figure><a href=\"https:\/\/www.mendoza.gov.ar\/wp-content\/uploads\/sites\/5\/2021\/02\/IMG-20210225-WA0067.jpg\"><img loading=\"lazy\" width=\"700\" height=\"700\" src=\"https:\/\/www.mendoza.gov.ar\/wp-content\/uploads\/sites\/5\/2021\/02\/IMG-20210225-WA0067-700x700.jpg\" alt=\"\" data-id=\"261100\" data-full-url=\"https:\/\/www.mendoza.gov.ar\/wp-content\/uploads\/sites\/5\/2021\/02\/IMG-20210225-WA0067.jpg\" data-link=\"https:\/\/www.mendoza.gov.ar\/prensa\/?attachment_id=261100\" class=\"wp-image-261100 img-responsive center-block\" srcset=\"https:\/\/www.mendoza.gov.ar\/wp-content\/uploads\/sites\/5\/2021\/02\/IMG-20210225-WA0067-700x700.jpg 700w, https:\/\/www.mendoza.gov.ar\/wp-content\/uploads\/sites\/5\/2021\/02\/IMG-20210225-WA0067-250x250.jpg 250w, https:\/\/www.mendoza.gov.ar\/wp-content\/uploads\/sites\/5\/2021\/02\/IMG-20210225-WA0067-150x150.jpg 150w, https:\/\/www.mendoza.gov.ar\/wp-content\/uploads\/sites\/5\/2021\/02\/IMG-20210225-WA0067-768x768.jpg 768w, https:\/\/www.mendoza.gov.ar\/wp-content\/uploads\/sites\/5\/2021\/02\/IMG-20210225-WA0067-120x120.jpg 120w, https:\/\/www.mendoza.gov.ar\/wp-content\/uploads\/sites\/5\/2021\/02\/IMG-20210225-WA0067.jpg 1280w\" sizes=\"(max-width: 700px) 100vw, 700px\"><\/a><\/figure><\/li><li class=\"blocks-gallery-item\"><figure><a href=\"https:\/\/www.mendoza.gov.ar\/wp-content\/uploads\/sites\/5\/2021\/02\/IMG-20210225-WA0070.jpg\"><img loading=\"lazy\" width=\"700\" height=\"525\" src=\"https:\/\/www.mendoza.gov.ar\/wp-content\/uploads\/sites\/5\/2021\/02\/IMG-20210225-WA0070-700x525.jpg\" alt=\"\" data-id=\"261101\" data-full-url=\"https:\/\/www.mendoza.gov.ar\/wp-content\/uploads\/sites\/5\/2021\/02\/IMG-20210225-WA0070.jpg\" data-link=\"https:\/\/www.mendoza.gov.ar\/prensa\/?attachment_id=261101\" class=\"wp-image-261101 img-responsive center-block\" srcset=\"https:\/\/www.mendoza.gov.ar\/wp-content\/uploads\/sites\/5\/2021\/02\/IMG-20210225-WA0070-700x525.jpg 700w, https:\/\/www.mendoza.gov.ar\/wp-content\/uploads\/sites\/5\/2021\/02\/IMG-20210225-WA0070-250x188.jpg 250w, https:\/\/www.mendoza.gov.ar\/wp-content\/uploads\/sites\/5\/2021\/02\/IMG-20210225-WA0070-768x576.jpg 768w, https:\/\/www.mendoza.gov.ar\/wp-content\/uploads\/sites\/5\/2021\/02\/IMG-20210225-WA0070-120x90.jpg 120w, https:\/\/www.mendoza.gov.ar\/wp-content\/uploads\/sites\/5\/2021\/02\/IMG-20210225-WA0070.jpg 1040w\" sizes=\"(max-width: 700px) 100vw, 700px\"><\/a><\/figure><\/li><li class=\"blocks-gallery-item\"><figure><a href=\"https:\/\/www.mendoza.gov.ar\/wp-content\/uploads\/sites\/5\/2021\/02\/IMG-20210225-WA0071.jpg\"><img loading=\"lazy\" width=\"700\" height=\"700\" src=\"https:\/\/www.mendoza.gov.ar\/wp-content\/uploads\/sites\/5\/2021\/02\/IMG-20210225-WA0071-700x700.jpg\" alt=\"\" data-id=\"261102\" data-full-url=\"https:\/\/www.mendoza.gov.ar\/wp-content\/uploads\/sites\/5\/2021\/02\/IMG-20210225-WA0071.jpg\" data-link=\"https:\/\/www.mendoza.gov.ar\/prensa\/?attachment_id=261102\" class=\"wp-image-261102 img-responsive center-block\" srcset=\"https:\/\/www.mendoza.gov.ar\/wp-content\/uploads\/sites\/5\/2021\/02\/IMG-20210225-WA0071-700x700.jpg 700w, https:\/\/www.mendoza.gov.ar\/wp-content\/uploads\/sites\/5\/2021\/02\/IMG-20210225-WA0071-250x250.jpg 250w, https:\/\/www.mendoza.gov.ar\/wp-content\/uploads\/sites\/5\/2021\/02\/IMG-20210225-WA0071-150x150.jpg 150w, https:\/\/www.mendoza.gov.ar\/wp-content\/uploads\/sites\/5\/2021\/02\/IMG-20210225-WA0071-768x768.jpg 768w, https:\/\/www.mendoza.gov.ar\/wp-content\/uploads\/sites\/5\/2021\/02\/IMG-20210225-WA0071-120x120.jpg 120w, https:\/\/www.mendoza.gov.ar\/wp-content\/uploads\/sites\/5\/2021\/02\/IMG-20210225-WA0071.jpg 1280w\" sizes=\"(max-width: 700px) 100vw, 700px\"><\/a><\/figure><\/li><li class=\"blocks-gallery-item\"><figure><a href=\"https:\/\/www.mendoza.gov.ar\/wp-content\/uploads\/sites\/5\/2021\/02\/IMG-20210225-WA0069.jpg\"><img loading=\"lazy\" width=\"700\" height=\"525\" src=\"https:\/\/www.mendoza.gov.ar\/wp-content\/uploads\/sites\/5\/2021\/02\/IMG-20210225-WA0069-700x525.jpg\" alt=\"\" data-id=\"261103\" data-full-url=\"https:\/\/www.mendoza.gov.ar\/wp-content\/uploads\/sites\/5\/2021\/02\/IMG-20210225-WA0069.jpg\" data-link=\"https:\/\/www.mendoza.gov.ar\/prensa\/?attachment_id=261103\" class=\"wp-image-261103 img-responsive center-block\" srcset=\"https:\/\/www.mendoza.gov.ar\/wp-content\/uploads\/sites\/5\/2021\/02\/IMG-20210225-WA0069-700x525.jpg 700w, https:\/\/www.mendoza.gov.ar\/wp-content\/uploads\/sites\/5\/2021\/02\/IMG-20210225-WA0069-250x188.jpg 250w, https:\/\/www.mendoza.gov.ar\/wp-content\/uploads\/sites\/5\/2021\/02\/IMG-20210225-WA0069-768x576.jpg 768w, https:\/\/www.mendoza.gov.ar\/wp-content\/uploads\/sites\/5\/2021\/02\/IMG-20210225-WA0069-120x90.jpg 120w, https:\/\/www.mendoza.gov.ar\/wp-content\/uploads\/sites\/5\/2021\/02\/IMG-20210225-WA0069.jpg 1032w\" sizes=\"(max-width: 700px) 100vw, 700px\"><\/a><\/figure><\/li><li class=\"blocks-gallery-item\"><figure><a href=\"https:\/\/www.mendoza.gov.ar\/wp-content\/uploads\/sites\/5\/2021\/02\/IMG-20210224-WA0007.jpg\"><img loading=\"lazy\" width=\"700\" height=\"333\" src=\"https:\/\/www.mendoza.gov.ar\/wp-content\/uploads\/sites\/5\/2021\/02\/IMG-20210224-WA0007-700x333.jpg\" alt=\"\" data-id=\"261104\" data-full-url=\"https:\/\/www.mendoza.gov.ar\/wp-content\/uploads\/sites\/5\/2021\/02\/IMG-20210224-WA0007.jpg\" data-link=\"https:\/\/www.mendoza.gov.ar\/prensa\/?attachment_id=261104\" class=\"wp-image-261104 img-responsive center-block\" srcset=\"https:\/\/www.mendoza.gov.ar\/wp-content\/uploads\/sites\/5\/2021\/02\/IMG-20210224-WA0007-700x333.jpg 700w, https:\/\/www.mendoza.gov.ar\/wp-content\/uploads\/sites\/5\/2021\/02\/IMG-20210224-WA0007-250x119.jpg 250w, https:\/\/www.mendoza.gov.ar\/wp-content\/uploads\/sites\/5\/2021\/02\/IMG-20210224-WA0007-768x365.jpg 768w, https:\/\/www.mendoza.gov.ar\/wp-content\/uploads\/sites\/5\/2021\/02\/IMG-20210224-WA0007-120x57.jpg 120w, https:\/\/www.mendoza.gov.ar\/wp-content\/uploads\/sites\/5\/2021\/02\/IMG-20210224-WA0007.jpg 1160w\" sizes=\"(max-width: 700px) 100vw, 700px\"><\/a><\/figure><\/li><li class=\"blocks-gallery-item\"><figure><a href=\"https:\/\/www.mendoza.gov.ar\/wp-content\/uploads\/sites\/5\/2021\/02\/IMG-20210224-WA0023.jpg\"><img loading=\"lazy\" width=\"552\" height=\"1160\" src=\"https:\/\/www.mendoza.gov.ar\/wp-content\/uploads\/sites\/5\/2021\/02\/IMG-20210224-WA0023.jpg\" alt=\"\" data-id=\"261105\" data-full-url=\"https:\/\/www.mendoza.gov.ar\/wp-content\/uploads\/sites\/5\/2021\/02\/IMG-20210224-WA0023.jpg\" data-link=\"https:\/\/www.mendoza.gov.ar\/prensa\/?attachment_id=261105\" class=\"wp-image-261105 img-responsive center-block\" srcset=\"https:\/\/www.mendoza.gov.ar\/wp-content\/uploads\/sites\/5\/2021\/02\/IMG-20210224-WA0023.jpg 552w, https:\/\/www.mendoza.gov.ar\/wp-content\/uploads\/sites\/5\/2021\/02\/IMG-20210224-WA0023-250x525.jpg 250w, https:\/\/www.mendoza.gov.ar\/wp-content\/uploads\/sites\/5\/2021\/02\/IMG-20210224-WA0023-120x252.jpg 120w\" sizes=\"(max-width: 552px) 100vw, 552px\"><\/a><\/figure><\/li><\/ul><\/figure>\n\n\n\n<figure class=\"wp-block-image\" id=\"block-3dae3560-0ec0-4560-87a0-0be6ed3b7da9\"><img src=\"https:\/\/www.mendoza.gov.ar\/prensa\/wp-content\/uploads\/sites\/5\/2020\/03\/WhatsApp-Image-2020-03-17-at-6.23.29-PM-1.jpeg\" alt=\"Esta imagen tiene un atributo alt vac&iacute;o; el nombre del archivo es WhatsApp-Image-2020-03-17-at-6.23.29-PM-1.jpeg\" class=\" img-responsive center-block\"><\/figure>\n\n\n\n<p id=\"block-4f24a622-0528-41d0-b21a-49d3212915a2\"><a rel=\"noreferrer noopener\" href=\"https:\/\/www.mendoza.gov.ar\/prensa\/covid-19\/\" target=\"_blank\"><strong>Clic aqu&iacute; para ver m&aacute;s noticias sobre coronavirus<\/strong><\/a><\/p>\n\n\n\n<figure class=\"wp-block-image\" id=\"block-48317466-06b4-4334-8f7c-a85d50be10a2\"><img src=\"https:\/\/www.mendoza.gov.ar\/prensa\/wp-content\/uploads\/sites\/5\/2020\/03\/WhatsApp-Image-2020-03-17-at-6.23.29-PM-1.jpeg\" alt=\"Esta imagen tiene un atributo alt vac&iacute;o; el nombre del archivo es WhatsApp-Image-2020-03-17-at-6.23.29-PM-1.jpeg\" class=\" img-responsive center-block\"><\/figure>\n\n\n\n<p id=\"block-b5c36cc8-f770-41bd-9c5d-372c425e0f77\"><strong><a rel=\"noreferrer noopener\" href=\"https:\/\/www.mendoza.gov.ar\/prensa\/comunicados\/\" target=\"_blank\">Clic aqu&iacute; para ver los comunicados del Ministerio de Salud<\/a><\/strong><\/p>\n\n\n\n<figure class=\"wp-block-image\" id=\"block-2f9afd1a-5dc5-430a-bd10-0faa5eeb7479\"><img src=\"https:\/\/www.mendoza.gov.ar\/prensa\/wp-content\/uploads\/sites\/5\/2020\/03\/WhatsApp-Image-2020-03-17-at-6.23.29-PM-1.jpeg\" alt=\"Esta imagen tiene un atributo alt vac&iacute;o; el nombre del archivo es WhatsApp-Image-2020-03-17-at-6.23.29-PM-1.jpeg\" class=\" img-responsive center-block\"><\/figure>\n\n\n\n<p id=\"block-9e529dde-07f8-4233-812d-b2fbb2dfef9c\"><strong><a rel=\"noreferrer noopener\" href=\"https:\/\/www.mendoza.gov.ar\/coronavirus\" target=\"_blank\">www.mendoza.gov.ar\/coronavirus<\/a><\/strong><\/p>\n\n\n\n<p><\/p>\n<\/body><\/html>\n","protected":false},"excerpt":{"rendered":"Los equipos del Ministerio de Salud realizaron mamograf&iacute;as, PAP, colocaron implantes subd&eacute;rmicos y DIU. Por la alta demanda, la campa&ntilde;a continuar&aacute; en marzo. El m&oacute;vil sanitario dependiente del Programa Provincial de Salud Reproductiva del Gobierno de Mendoza estuvo cuatro d&iacute;as realizando estudios gratuitos, sin turno, a mujeres de Tunuy&aacute;n. Este cami&oacute;n sanitario recorri&oacute; varias zonas&#8230; <a class=\"view-article\" href=\"https:\/\/www.mendoza.gov.ar\/prensa\/campana-del-gobierno-provincial-para-mujeres-de-tunuyan-realizaron-estudios-medicos-y-prevencion-de-embarazos-no-deseados\/\"><\/a>","protected":false},"author":78,"featured_media":261100,"comment_status":"open","ping_status":"open","sticky":false,"template":"","format":"standard","meta":[],"categories":[32],"tags":[],"_links":{"self":[{"href":"https:\/\/www.mendoza.gov.ar\/prensa\/wp-json\/wp\/v2\/posts\/261099"}],"collection":[{"href":"https:\/\/www.mendoza.gov.ar\/prensa\/wp-json\/wp\/v2\/posts"}],"about":[{"href":"https:\/\/www.mendoza.gov.ar\/prensa\/wp-json\/wp\/v2\/types\/post"}],"author":[{"embeddable":true,"href":"https:\/\/www.mendoza.gov.ar\/prensa\/wp-json\/wp\/v2\/users\/78"}],"replies":[{"embeddable":true,"href":"https:\/\/www.mendoza.gov.ar\/prensa\/wp-json\/wp\/v2\/comments?post=261099"}],"version-history":[{"count":4,"href":"https:\/\/www.mendoza.gov.ar\/prensa\/wp-json\/wp\/v2\/posts\/261099\/revisions"}],"predecessor-version":[{"id":261110,"href":"https:\/\/www.mendoza.gov.ar\/prensa\/wp-json\/wp\/v2\/posts\/261099\/revisions\/261110"}],"wp:featuredmedia":[{"embeddable":true,"href":"https:\/\/www.mendoza.gov.ar\/prensa\/wp-json\/wp\/v2\/media\/261100"}],"wp:attachment":[{"href":"https:\/\/www.mendoza.gov.ar\/prensa\/wp-json\/wp\/v2\/media?parent=261099"}],"wp:term":[{"taxonomy":"category","embeddable":true,"href":"https:\/\/www.mendoza.gov.ar\/prensa\/wp-json\/wp\/v2\/categories?post=261099"},{"taxonomy":"post_tag","embeddable":true,"href":"https:\/\/www.mendoza.gov.ar\/prensa\/wp-json\/wp\/v2\/tags?post=261099"}],"curies":[{"name":"wp","href":"https:\/\/api.w.org\/{rel}","templated":true}]}}