{"id":262614,"date":"2021-03-09T16:42:19","date_gmt":"2021-03-09T19:42:19","guid":{"rendered":"https:\/\/www.mendoza.gov.ar\/prensa\/?p=262614"},"modified":"2021-03-09T17:02:18","modified_gmt":"2021-03-09T20:02:18","slug":"este-miercoles-se-intensificara-el-operativo-de-vacunacion-a-docentes","status":"publish","type":"post","link":"https:\/\/www.mendoza.gov.ar\/prensa\/este-miercoles-se-intensificara-el-operativo-de-vacunacion-a-docentes\/","title":{"rendered":"Este mi\u00e9rcoles se intensificar\u00e1 el operativo de vacunaci\u00f3n a docentes"},"content":{"rendered":"<!DOCTYPE html PUBLIC \"-\/\/W3C\/\/DTD HTML 4.0 Transitional\/\/EN\" \"http:\/\/www.w3.org\/TR\/REC-html40\/loose.dtd\">\n<html><body><h5>El estadio Arena Aconcagua continuar&aacute; concentrando a los educadores del Gran Mendoza. Se establecieron los puntos para los departamentos del Este, Valle de Uco y Sur de Mendoza, y entre este martes y mi&eacute;rcoles se citar&aacute;n a los docentes para dar inicio desde el jueves.<\/h5>\n\n\n\n<p>El Ministerio de Salud Desarrollo Social y Deportes, junto a la Direcci&oacute;n General de Escuelas, intensificar&aacute; el operativo para inmunizar desde ma&ntilde;ana mi&eacute;rcoles a docentes de toda la provincia. En el estadio Arena Aconcagua, ubicado en el Parque General San Mart&iacute;n se concentrar&aacute; a los educadores del Gran Mendoza, que ya hab&iacute;an iniciado su vacunaci&oacute;n desde la semana pasada.<\/p>\n\n\n\n<p>Los puntos elegidos para vacunar a los educadores son los mismos que se utilizan para mayores de a&ntilde;os, exceptuando en San Rafael, que desde este jueves puso como sede para la campa&ntilde;a a docentes el Laboratorio de OSEP, ubicado en la calle Entre R&iacute;os de ese departamento. En tanto, durante esa jornada tambi&eacute;n dar&aacute; inicio la vacunaci&oacute;n en el resto de los departamentos de la provincia, tanto de la zona Este, Sur, Valle de Uco y Lavalle.<\/p>\n\n\n\n<p>Al respecto, la subsecretaria de Planificaci&oacute;n y Coberturas Sanitarias, Mariana &Aacute;lvarez, coment&oacute;: &ldquo;El viernes pasado comenzamos la vacunaci&oacute;n para docentes en el estadio Aconcagua Arena y ahora vamos a avanzar en el resto de la provincia. Los lugares ser&aacute;n los mismos en los que se est&aacute; avanzando en vacunaci&oacute;n para mayores de 70 a&ntilde;os exceptuando la zona metropolitana, que seguir&aacute; en el Aconcagua Arena y, en San Rafael, en la sede de OSEP&rdquo;.<\/p>\n\n\n\n<p>&ldquo;Es importante que los docentes y personal sepan que desde la DGE van a ir avisando d&iacute;a, horario y lugar. Vale recordar que estamos en la etapa de primer inicial, primero, segundo y tercer grado de instituciones p&uacute;blicas y privadas. Hasta el momento llevamos vacunadas 2.500 personas y a partir de ma&ntilde;ana (por este mi&eacute;rcoles) se va a intensificar mucho m&aacute;s esa vacunaci&oacute;n&rdquo;, refiri&oacute; &Aacute;lvarez.<\/p>\n\n\n\n<p>Tambi&eacute;n el jefe de Gabinete de la Direcci&oacute;n General de Escuelas, Patricio Cabral, manifest&oacute;: &ldquo;En esta etapa se espera vacunar a 19 mil docentes, tal como se estipul&oacute; en el Consejo Federal de Educaci&oacute;n, empezando por directivos, personal de jardines maternales, nivel Inicial y el primer ciclo de primaria, que corresponde a primero, segundo y tercer grado&rdquo;.<\/p>\n\n\n\n<p>&ldquo;Desde la DGE hemos elaborado los listados en conjunto con los supervisores y directivos. Fue una tarea ardua para los trabajadores pero ya podemos contar con la informaci&oacute;n necesaria para replicar lo que se est&aacute; relazando en la zona metropolitana en toda la provincia&rdquo;, concluy&oacute; Cabral.<\/p>\n\n\n\n<p>Desde Salud informaron que adem&aacute;s se a&ntilde;adieron ocasionalmente el espacio de la Nave Cultural de Capital y el Polideportivo Vicente Polimeni como lugares alternativos para cumplir con el distanciamiento y la demanda si es necesario.<\/p>\n\n\n\n<p>Los lugares que ser&aacute;n habilitados para vacunar son los siguientes:<\/p>\n\n\n\n<ul><li>Tunuy&aacute;n: Hospital Antonio Scaravelli.<\/li><li>San Carlos: Hospital Victorino Tagarelli.<\/li><li>Tupugato: Polideportivo Francisco Rizzo.<\/li><li>Jun&iacute;n: Centro de Salud N&ordm; 62.<\/li><li>Rivadavia: Vacunatorio Central.<\/li><li>Santa Rosa: Hospital Arenas Raffo.<\/li><li>San Mart&iacute;n: Hospital Perrupato.<\/li><li>La Paz: Vacunatorio del Hospital Arturo Illia.<\/li><li>San Rafael: Laboratorio de OSEP, Entre R&iacute;os 345.<\/li><li>General Alvear: Hospital Enfermeros Argentinos.<\/li><li>Malarg&uuml;e: Hospital Malarg&uuml;e.<\/li><\/ul>\n\n\n\n<p>De esta manera se extiende la campa&ntilde;a al resto de la provincia con la idea de agilizar los tiempos y llegar a vacunar la mayor cantidad de docentes en el menor tiempo posible, de acuerdo con los grupos de mayor vulnerabilidad y la disponibilidad de vacunas.<\/p>\n\n\n\n<div class=\"wp-block-group\"><div class=\"wp-block-group__inner-container\">\n<figure class=\"wp-block-image\" id=\"block-6ced38ce-cf36-43a4-bda2-6d6ecc045941\"><img src=\"https:\/\/www.mendoza.gov.ar\/prensa\/wp-content\/uploads\/sites\/5\/2020\/03\/WhatsApp-Image-2020-03-17-at-6.23.29-PM-1.jpeg\" alt=\"Esta imagen tiene un atributo alt vac&iacute;o; el nombre del archivo es WhatsApp-Image-2020-03-17-at-6.23.29-PM-1.jpeg\" class=\" img-responsive center-block\"><\/figure>\n\n\n\n<p class=\"has-text-align-center\" id=\"block-4672d608-8a30-472c-91ba-07e641c39018\"><a rel=\"noreferrer noopener\" href=\"https:\/\/www.mendoza.gov.ar\/prensa\/covid-19\/\" target=\"_blank\"><strong>Clic aqu&iacute; para ver m&aacute;s noticias sobre coronavirus<\/strong><\/a><\/p>\n\n\n\n<figure class=\"wp-block-image\" id=\"block-679c5d04-4f24-4464-a49a-df7b140e38eb\"><img src=\"https:\/\/www.mendoza.gov.ar\/prensa\/wp-content\/uploads\/sites\/5\/2020\/03\/WhatsApp-Image-2020-03-17-at-6.23.29-PM-1.jpeg\" alt=\"Esta imagen tiene un atributo alt vac&iacute;o; el nombre del archivo es WhatsApp-Image-2020-03-17-at-6.23.29-PM-1.jpeg\" class=\" img-responsive center-block\"><\/figure>\n\n\n\n<p class=\"has-text-align-center\" id=\"block-e70c843d-9c55-4a54-a13e-110b356d59f8\"><strong><a rel=\"noreferrer noopener\" href=\"https:\/\/www.mendoza.gov.ar\/prensa\/comunicados\/\" target=\"_blank\">Clic aqu&iacute; para ver los comunicados del Ministerio de Salud<\/a><\/strong><\/p>\n\n\n\n<figure class=\"wp-block-image\" id=\"block-55da5334-2597-4644-a2ad-ad62409c9f96\"><img src=\"https:\/\/www.mendoza.gov.ar\/prensa\/wp-content\/uploads\/sites\/5\/2020\/03\/WhatsApp-Image-2020-03-17-at-6.23.29-PM-1.jpeg\" alt=\"Esta imagen tiene un atributo alt vac&iacute;o; el nombre del archivo es WhatsApp-Image-2020-03-17-at-6.23.29-PM-1.jpeg\" class=\" img-responsive center-block\"><\/figure>\n\n\n\n<p class=\"has-text-align-center\" id=\"block-f052e2af-737b-4a93-aa6a-293bed4ff9e2\"><strong><a rel=\"noreferrer noopener\" href=\"https:\/\/www.mendoza.gov.ar\/coronavirus\" target=\"_blank\">www.mendoza.gov.ar\/coronavirus<\/a><\/strong><\/p>\n<\/div><\/div>\n<\/body><\/html>\n","protected":false},"excerpt":{"rendered":"El estadio Arena Aconcagua continuar&aacute; concentrando a los educadores del Gran Mendoza. Se establecieron los puntos para los departamentos del Este, Valle de Uco y Sur de Mendoza, y entre este martes y mi&eacute;rcoles se citar&aacute;n a los docentes para dar inicio desde el jueves. El Ministerio de Salud Desarrollo Social y Deportes, junto a&#8230; <a class=\"view-article\" href=\"https:\/\/www.mendoza.gov.ar\/prensa\/este-miercoles-se-intensificara-el-operativo-de-vacunacion-a-docentes\/\"><\/a>","protected":false},"author":68,"featured_media":261966,"comment_status":"open","ping_status":"open","sticky":false,"template":"","format":"standard","meta":[],"categories":[1822,12,30,32],"tags":[],"_links":{"self":[{"href":"https:\/\/www.mendoza.gov.ar\/prensa\/wp-json\/wp\/v2\/posts\/262614"}],"collection":[{"href":"https:\/\/www.mendoza.gov.ar\/prensa\/wp-json\/wp\/v2\/posts"}],"about":[{"href":"https:\/\/www.mendoza.gov.ar\/prensa\/wp-json\/wp\/v2\/types\/post"}],"author":[{"embeddable":true,"href":"https:\/\/www.mendoza.gov.ar\/prensa\/wp-json\/wp\/v2\/users\/68"}],"replies":[{"embeddable":true,"href":"https:\/\/www.mendoza.gov.ar\/prensa\/wp-json\/wp\/v2\/comments?post=262614"}],"version-history":[{"count":7,"href":"https:\/\/www.mendoza.gov.ar\/prensa\/wp-json\/wp\/v2\/posts\/262614\/revisions"}],"predecessor-version":[{"id":262626,"href":"https:\/\/www.mendoza.gov.ar\/prensa\/wp-json\/wp\/v2\/posts\/262614\/revisions\/262626"}],"wp:featuredmedia":[{"embeddable":true,"href":"https:\/\/www.mendoza.gov.ar\/prensa\/wp-json\/wp\/v2\/media\/261966"}],"wp:attachment":[{"href":"https:\/\/www.mendoza.gov.ar\/prensa\/wp-json\/wp\/v2\/media?parent=262614"}],"wp:term":[{"taxonomy":"category","embeddable":true,"href":"https:\/\/www.mendoza.gov.ar\/prensa\/wp-json\/wp\/v2\/categories?post=262614"},{"taxonomy":"post_tag","embeddable":true,"href":"https:\/\/www.mendoza.gov.ar\/prensa\/wp-json\/wp\/v2\/tags?post=262614"}],"curies":[{"name":"wp","href":"https:\/\/api.w.org\/{rel}","templated":true}]}}