{"id":262806,"date":"2021-03-11T07:06:00","date_gmt":"2021-03-11T10:06:00","guid":{"rendered":"https:\/\/www.mendoza.gov.ar\/prensa\/?p=262806"},"modified":"2021-03-11T09:29:03","modified_gmt":"2021-03-11T12:29:03","slug":"discapacidad-curso-de-prevencion-y-deteccion-de-alteraciones-en-ninos","status":"publish","type":"post","link":"https:\/\/www.mendoza.gov.ar\/prensa\/discapacidad-curso-de-prevencion-y-deteccion-de-alteraciones-en-ninos\/","title":{"rendered":"Discapacidad: curso de prevenci\u00f3n y detecci\u00f3n de alteraciones en ni\u00f1os"},"content":{"rendered":"<!DOCTYPE html PUBLIC \"-\/\/W3C\/\/DTD HTML 4.0 Transitional\/\/EN\" \"http:\/\/www.w3.org\/TR\/REC-html40\/loose.dtd\">\n<html><body><h5>Ser&aacute; de manera virtual, durante seis jornadas. Comienza el viernes pr&oacute;ximo y est&aacute; organizado por la Direcci&oacute;n de Atenci&oacute;n a la Persona con Discapacidad del Gobierno de Mendoza.<\/h5>\n\n\n\n<p>El pr&oacute;ximo viernes 12 de marzo, a partir de las 14.30, el programa de Detecci&oacute;n, Seguimiento y Estimulaci&oacute;n del Ni&ntilde;o en riego (Deseprec) dictar&aacute; la sexta edici&oacute;n del Curso de prevenci&oacute;n y detecci&oacute;n de alteraciones en el desarrollo infantil de 0 a 4 a&ntilde;os para m&eacute;dicos de cuarto a&ntilde;o de la residencia cl&iacute;nica pedi&aacute;trica.<\/p>\n\n\n\n<p>Est&aacute; organizado por Direcci&oacute;n de Atenci&oacute;n a la Persona con Discapacidad del Gobierno de Mendoza y se realizar&aacute; de manera virtual. Ser&aacute; durante seis encuentros con disertaciones sobre temas vinculados al crecimiento y desarrollo en los primeros a&ntilde;os de vida y estar&aacute; a cargo de profesionales especialistas pertenecientes a Salud y Desarrollo Social.<\/p>\n\n\n\n<p>Participar&aacute;n en esta oportunidad 30 m&eacute;dicos de los hospitales Humberto Notti, Luis Lagomaggiore, Diego Paroissien y Alfredo Perrupato. La actividad cuenta con el aval de docencia e investigaci&oacute;n del Hospital Notti.<br>Esta capacitaci&oacute;n tiene como objetivo promover la atenci&oacute;n del ni&ntilde;o y la prevenci&oacute;n como estrategia de control del desarrollo en la primera infancia y la importancia de la detecci&oacute;n oportuna de alteraciones y la discapacidad. <\/p>\n\n\n\n<p>El objetivo es facilitar diagn&oacute;sticos espec&iacute;ficos y definir tipo de intervenciones para evitar o disminuir el da&ntilde;o ocasionado por los trastornos en etapa temprana.<\/p>\n\n\n\n<p>Asimismo, se dar&aacute;n a conocer los recursos con que cuenta la red de programas y servicios salud, desarrollo social y educaci&oacute;n para contener y acompa&ntilde;ar a los ni&ntilde;os y las familias.<\/p>\n<\/body><\/html>\n","protected":false},"excerpt":{"rendered":"Ser&aacute; de manera virtual, durante seis jornadas. Comienza el viernes pr&oacute;ximo y est&aacute; organizado por la Direcci&oacute;n de Atenci&oacute;n a la Persona con Discapacidad del Gobierno de Mendoza. El pr&oacute;ximo viernes 12 de marzo, a partir de las 14.30, el programa de Detecci&oacute;n, Seguimiento y Estimulaci&oacute;n del Ni&ntilde;o en riego (Deseprec) dictar&aacute; la sexta edici&oacute;n&#8230; <a class=\"view-article\" href=\"https:\/\/www.mendoza.gov.ar\/prensa\/discapacidad-curso-de-prevencion-y-deteccion-de-alteraciones-en-ninos\/\"><\/a>","protected":false},"author":68,"featured_media":214195,"comment_status":"open","ping_status":"open","sticky":false,"template":"","format":"standard","meta":[],"categories":[11],"tags":[],"_links":{"self":[{"href":"https:\/\/www.mendoza.gov.ar\/prensa\/wp-json\/wp\/v2\/posts\/262806"}],"collection":[{"href":"https:\/\/www.mendoza.gov.ar\/prensa\/wp-json\/wp\/v2\/posts"}],"about":[{"href":"https:\/\/www.mendoza.gov.ar\/prensa\/wp-json\/wp\/v2\/types\/post"}],"author":[{"embeddable":true,"href":"https:\/\/www.mendoza.gov.ar\/prensa\/wp-json\/wp\/v2\/users\/68"}],"replies":[{"embeddable":true,"href":"https:\/\/www.mendoza.gov.ar\/prensa\/wp-json\/wp\/v2\/comments?post=262806"}],"version-history":[{"count":2,"href":"https:\/\/www.mendoza.gov.ar\/prensa\/wp-json\/wp\/v2\/posts\/262806\/revisions"}],"predecessor-version":[{"id":262842,"href":"https:\/\/www.mendoza.gov.ar\/prensa\/wp-json\/wp\/v2\/posts\/262806\/revisions\/262842"}],"wp:featuredmedia":[{"embeddable":true,"href":"https:\/\/www.mendoza.gov.ar\/prensa\/wp-json\/wp\/v2\/media\/214195"}],"wp:attachment":[{"href":"https:\/\/www.mendoza.gov.ar\/prensa\/wp-json\/wp\/v2\/media?parent=262806"}],"wp:term":[{"taxonomy":"category","embeddable":true,"href":"https:\/\/www.mendoza.gov.ar\/prensa\/wp-json\/wp\/v2\/categories?post=262806"},{"taxonomy":"post_tag","embeddable":true,"href":"https:\/\/www.mendoza.gov.ar\/prensa\/wp-json\/wp\/v2\/tags?post=262806"}],"curies":[{"name":"wp","href":"https:\/\/api.w.org\/{rel}","templated":true}]}}