{"id":263439,"date":"2021-03-16T13:01:16","date_gmt":"2021-03-16T16:01:16","guid":{"rendered":"https:\/\/www.mendoza.gov.ar\/prensa\/?p=263439"},"modified":"2021-03-16T16:35:19","modified_gmt":"2021-03-16T19:35:19","slug":"vacunacion-a-docentes-del-valle-de-uco-en-tiempo-record-finalizo-la-primera-etapa","status":"publish","type":"post","link":"https:\/\/www.mendoza.gov.ar\/prensa\/vacunacion-a-docentes-del-valle-de-uco-en-tiempo-record-finalizo-la-primera-etapa\/","title":{"rendered":"Vacunaci\u00f3n a docentes del Valle de Uco: en tiempo r\u00e9cord finaliz\u00f3 la primera etapa"},"content":{"rendered":"<!DOCTYPE html PUBLIC \"-\/\/W3C\/\/DTD HTML 4.0 Transitional\/\/EN\" \"http:\/\/www.w3.org\/TR\/REC-html40\/loose.dtd\">\n<html><body><h5>Fueron vacunados m&aacute;s de 1.100 docentes. Para continuar, se espera el env&iacute;o de dosis.<\/h5>\n\n\n\n<p>El operativo de vacunaci&oacute;n a docentes del Valle de Uco se inici&oacute; el jueves pasado y finaliz&oacute; a los tres d&iacute;as h&aacute;biles de iniciado. Fue llevado adelante por los equipos del Ministerio de Salud y de la Direcci&oacute;n General de Escuelas (DGE) en la regi&oacute;n. Tanto en San Carlos, como en Tunuy&aacute;n y Tupungato se inocul&oacute; a grupos de docentes y directivos que fueron convocados por las instituciones educativas y seleccionados de acuerdo con los listados de Gesti&oacute;n Educativa Mendoza (GEM).<\/p>\n\n\n\n<p>&ldquo;Hemos concretado m&aacute;s de 1.000 docentes vacunados en tres d&iacute;as. La recepci&oacute;n de los docentes ha sido muy positiva y han acudido con mucha disposici&oacute;n&rdquo;, inform&oacute; Silvia Cornejo, delegada de la DGE en el Valle de Uco. Y agreg&oacute;: &ldquo;Esto es hist&oacute;rico y es la primera vez que lo llevamos adelante. Sin dudas, tenemos mucho que mejorar, pero es gratificante ver el compromiso de todos para poder llevar adelante este gran operativo. En tiempo r&eacute;cord, sin dejar de cumplir con sus habituales obligaciones, los docentes y las instituciones educativas han estado llevando adelante todo lo que se les solicit&oacute;, conjuntamente con los equipos de salud que no paran en ning&uacute;n momento. La verdad que es admirable&rdquo;, sostuvo Cornejo.<\/p>\n\n\n\n<p>La funcionaria tambi&eacute;n destac&oacute; el trabajo que hacen desde la DGE regional con las escuelas y los equipos de Salud: &ldquo;Estamos llevando a cabo diversas capacitaciones en todo el Valle de Uco, articuladas con los equipos de Salud, para lograr aplicar correctamente los protocolos ante la aparici&oacute;n de casos. Orgullosamente podemos decir que cada escuela de la regi&oacute;n tiene sus REC (Referentes Escolares COVID), un titular y un suplente, y por turno. Los REC son figuras claves en las escuelas, encargados de articular con los equipos de Salud. Cada escuela tiene un centro asistencial espec&iacute;fico asignado para consultar. Cada REC informa en una plataforma lo que va ocurriendo en cada escuela&rdquo;.<\/p>\n\n\n\n<p>En total, en esta primera etapa de vacunaci&oacute;n se ha inoculado a 1.177 docentes del Valle de Uco. En Tupungato 293 docentes, en Tunuy&aacute;n 487, y en San Carlos 397 docentes. Desde el equipo de salud regional destacaron el proceso de vacunaci&oacute;n realizado: &ldquo;Iniciamos la semana pasada&nbsp;con una prueba piloto y en los dos d&iacute;as siguientes aumentamos el n&uacute;mero de docentes que fuimos vacunado. Y en tres d&iacute;as hemos concluido con la primera etapa de docentes vacunados&rdquo;, inform&oacute; Rodolfo Guill&eacute;n, coordinador regional de Salud.&nbsp;<\/p>\n\n\n\n<p>&ldquo;Ha sido un operativo intenso y hemos finalizado con los docentes m&aacute;s expuestos que han decidido vacunarse. Debido a la masividad, fuimos ajustando diversas acciones log&iacute;sticas a medida que transcurri&oacute; el operativo y subsanando inconvenientes que se fueron presentando. Seguramente vendr&aacute;n m&aacute;s etapas, pero ac&aacute; en Valle de Uco ya concluimos el primer esquema. Ahora, en estos d&iacute;as vamos a profundizar la vacunaci&oacute;n en adultos mayores. Amedida que tengamos disponibilidad de vacunas, seguiremos con los operativos o enfoc&aacute;ndonos a la poblaci&oacute;n seg&uacute;n la vacunas de que dispongamos&rdquo;, sintetiz&oacute; Guill&eacute;n.<\/p>\n\n\n\n<p>GALER&Iacute;A<\/p>\n\n\n\n<figure class=\"wp-block-gallery columns-3 is-cropped\"><ul class=\"blocks-gallery-grid\"><li class=\"blocks-gallery-item\"><figure><img loading=\"lazy\" width=\"700\" height=\"525\" src=\"https:\/\/www.mendoza.gov.ar\/wp-content\/uploads\/sites\/5\/2021\/03\/Vacunacion-Valle-de-Uco5-700x525.jpg\" alt=\"\" data-id=\"263443\" data-full-url=\"https:\/\/www.mendoza.gov.ar\/wp-content\/uploads\/sites\/5\/2021\/03\/Vacunacion-Valle-de-Uco5.jpg\" data-link=\"https:\/\/www.mendoza.gov.ar\/prensa\/?attachment_id=263443\" class=\"wp-image-263443 img-responsive center-block\" srcset=\"https:\/\/www.mendoza.gov.ar\/wp-content\/uploads\/sites\/5\/2021\/03\/Vacunacion-Valle-de-Uco5-700x525.jpg 700w, https:\/\/www.mendoza.gov.ar\/wp-content\/uploads\/sites\/5\/2021\/03\/Vacunacion-Valle-de-Uco5-250x188.jpg 250w, https:\/\/www.mendoza.gov.ar\/wp-content\/uploads\/sites\/5\/2021\/03\/Vacunacion-Valle-de-Uco5-768x576.jpg 768w, https:\/\/www.mendoza.gov.ar\/wp-content\/uploads\/sites\/5\/2021\/03\/Vacunacion-Valle-de-Uco5-120x90.jpg 120w, https:\/\/www.mendoza.gov.ar\/wp-content\/uploads\/sites\/5\/2021\/03\/Vacunacion-Valle-de-Uco5.jpg 960w\" sizes=\"(max-width: 700px) 100vw, 700px\"><\/figure><\/li><li class=\"blocks-gallery-item\"><figure><img loading=\"lazy\" width=\"540\" height=\"960\" src=\"https:\/\/www.mendoza.gov.ar\/wp-content\/uploads\/sites\/5\/2021\/03\/Vacunacion-Valle-de-Uco4.jpg\" alt=\"\" data-id=\"263444\" data-full-url=\"https:\/\/www.mendoza.gov.ar\/wp-content\/uploads\/sites\/5\/2021\/03\/Vacunacion-Valle-de-Uco4.jpg\" data-link=\"https:\/\/www.mendoza.gov.ar\/prensa\/?attachment_id=263444\" class=\"wp-image-263444 img-responsive center-block\" srcset=\"https:\/\/www.mendoza.gov.ar\/wp-content\/uploads\/sites\/5\/2021\/03\/Vacunacion-Valle-de-Uco4.jpg 540w, https:\/\/www.mendoza.gov.ar\/wp-content\/uploads\/sites\/5\/2021\/03\/Vacunacion-Valle-de-Uco4-250x444.jpg 250w, https:\/\/www.mendoza.gov.ar\/wp-content\/uploads\/sites\/5\/2021\/03\/Vacunacion-Valle-de-Uco4-120x213.jpg 120w\" sizes=\"(max-width: 540px) 100vw, 540px\"><\/figure><\/li><li class=\"blocks-gallery-item\"><figure><img loading=\"lazy\" width=\"540\" height=\"960\" src=\"https:\/\/www.mendoza.gov.ar\/wp-content\/uploads\/sites\/5\/2021\/03\/Vacunacion-Valle-de-Uco3.jpg\" alt=\"\" data-id=\"263445\" data-full-url=\"https:\/\/www.mendoza.gov.ar\/wp-content\/uploads\/sites\/5\/2021\/03\/Vacunacion-Valle-de-Uco3.jpg\" data-link=\"https:\/\/www.mendoza.gov.ar\/prensa\/?attachment_id=263445\" class=\"wp-image-263445 img-responsive center-block\" srcset=\"https:\/\/www.mendoza.gov.ar\/wp-content\/uploads\/sites\/5\/2021\/03\/Vacunacion-Valle-de-Uco3.jpg 540w, https:\/\/www.mendoza.gov.ar\/wp-content\/uploads\/sites\/5\/2021\/03\/Vacunacion-Valle-de-Uco3-250x444.jpg 250w, https:\/\/www.mendoza.gov.ar\/wp-content\/uploads\/sites\/5\/2021\/03\/Vacunacion-Valle-de-Uco3-120x213.jpg 120w\" sizes=\"(max-width: 540px) 100vw, 540px\"><\/figure><\/li><li class=\"blocks-gallery-item\"><figure><img loading=\"lazy\" width=\"700\" height=\"525\" src=\"https:\/\/www.mendoza.gov.ar\/wp-content\/uploads\/sites\/5\/2021\/03\/Vacunacion-Valle-de-Uco2-700x525.jpg\" alt=\"\" data-id=\"263446\" data-full-url=\"https:\/\/www.mendoza.gov.ar\/wp-content\/uploads\/sites\/5\/2021\/03\/Vacunacion-Valle-de-Uco2.jpg\" data-link=\"https:\/\/www.mendoza.gov.ar\/prensa\/?attachment_id=263446\" class=\"wp-image-263446 img-responsive center-block\" srcset=\"https:\/\/www.mendoza.gov.ar\/wp-content\/uploads\/sites\/5\/2021\/03\/Vacunacion-Valle-de-Uco2-700x525.jpg 700w, https:\/\/www.mendoza.gov.ar\/wp-content\/uploads\/sites\/5\/2021\/03\/Vacunacion-Valle-de-Uco2-250x188.jpg 250w, https:\/\/www.mendoza.gov.ar\/wp-content\/uploads\/sites\/5\/2021\/03\/Vacunacion-Valle-de-Uco2-768x576.jpg 768w, https:\/\/www.mendoza.gov.ar\/wp-content\/uploads\/sites\/5\/2021\/03\/Vacunacion-Valle-de-Uco2-120x90.jpg 120w, https:\/\/www.mendoza.gov.ar\/wp-content\/uploads\/sites\/5\/2021\/03\/Vacunacion-Valle-de-Uco2.jpg 960w\" sizes=\"(max-width: 700px) 100vw, 700px\"><\/figure><\/li><li class=\"blocks-gallery-item\"><figure><img loading=\"lazy\" width=\"700\" height=\"698\" src=\"https:\/\/www.mendoza.gov.ar\/wp-content\/uploads\/sites\/5\/2021\/03\/Vacunacion-Valle-de-Uco1-700x698.jpg\" alt=\"\" data-id=\"263447\" data-full-url=\"https:\/\/www.mendoza.gov.ar\/wp-content\/uploads\/sites\/5\/2021\/03\/Vacunacion-Valle-de-Uco1.jpg\" data-link=\"https:\/\/www.mendoza.gov.ar\/prensa\/?attachment_id=263447\" class=\"wp-image-263447 img-responsive center-block\" srcset=\"https:\/\/www.mendoza.gov.ar\/wp-content\/uploads\/sites\/5\/2021\/03\/Vacunacion-Valle-de-Uco1-700x698.jpg 700w, https:\/\/www.mendoza.gov.ar\/wp-content\/uploads\/sites\/5\/2021\/03\/Vacunacion-Valle-de-Uco1-250x249.jpg 250w, https:\/\/www.mendoza.gov.ar\/wp-content\/uploads\/sites\/5\/2021\/03\/Vacunacion-Valle-de-Uco1-150x150.jpg 150w, https:\/\/www.mendoza.gov.ar\/wp-content\/uploads\/sites\/5\/2021\/03\/Vacunacion-Valle-de-Uco1-768x766.jpg 768w, https:\/\/www.mendoza.gov.ar\/wp-content\/uploads\/sites\/5\/2021\/03\/Vacunacion-Valle-de-Uco1-120x120.jpg 120w, https:\/\/www.mendoza.gov.ar\/wp-content\/uploads\/sites\/5\/2021\/03\/Vacunacion-Valle-de-Uco1.jpg 960w\" sizes=\"(max-width: 700px) 100vw, 700px\"><\/figure><\/li><li class=\"blocks-gallery-item\"><figure><img loading=\"lazy\" width=\"700\" height=\"359\" src=\"https:\/\/www.mendoza.gov.ar\/wp-content\/uploads\/sites\/5\/2021\/03\/Vacunacion-Valle-de-Uco-700x359.jpg\" alt=\"\" data-id=\"263448\" data-full-url=\"https:\/\/www.mendoza.gov.ar\/wp-content\/uploads\/sites\/5\/2021\/03\/Vacunacion-Valle-de-Uco.jpg\" data-link=\"https:\/\/www.mendoza.gov.ar\/prensa\/?attachment_id=263448\" class=\"wp-image-263448 img-responsive center-block\" srcset=\"https:\/\/www.mendoza.gov.ar\/wp-content\/uploads\/sites\/5\/2021\/03\/Vacunacion-Valle-de-Uco-700x359.jpg 700w, https:\/\/www.mendoza.gov.ar\/wp-content\/uploads\/sites\/5\/2021\/03\/Vacunacion-Valle-de-Uco-250x128.jpg 250w, https:\/\/www.mendoza.gov.ar\/wp-content\/uploads\/sites\/5\/2021\/03\/Vacunacion-Valle-de-Uco-768x394.jpg 768w, https:\/\/www.mendoza.gov.ar\/wp-content\/uploads\/sites\/5\/2021\/03\/Vacunacion-Valle-de-Uco-120x62.jpg 120w, https:\/\/www.mendoza.gov.ar\/wp-content\/uploads\/sites\/5\/2021\/03\/Vacunacion-Valle-de-Uco.jpg 960w\" sizes=\"(max-width: 700px) 100vw, 700px\"><\/figure><\/li><\/ul><\/figure>\n\n\n\n<figure class=\"wp-block-image\"><img src=\"https:\/\/www.mendoza.gov.ar\/prensa\/wp-content\/uploads\/sites\/5\/2020\/03\/WhatsApp-Image-2020-03-17-at-6.23.29-PM-1.jpeg\" alt=\"Esta imagen tiene un atributo alt vac&iacute;o; el nombre del archivo es WhatsApp-Image-2020-03-17-at-6.23.29-PM-1.jpeg\" class=\" img-responsive center-block\"><\/figure>\n\n\n\n<p><a rel=\"noreferrer noopener\" href=\"https:\/\/www.mendoza.gov.ar\/prensa\/covid-19\/\" target=\"_blank\"><strong>Clic aqu&iacute; para ver m&aacute;s noticias sobre coronavirus<\/strong><\/a><\/p>\n\n\n\n<figure class=\"wp-block-image\"><img src=\"https:\/\/www.mendoza.gov.ar\/prensa\/wp-content\/uploads\/sites\/5\/2020\/03\/WhatsApp-Image-2020-03-17-at-6.23.29-PM-1.jpeg\" alt=\"Esta imagen tiene un atributo alt vac&iacute;o; el nombre del archivo es WhatsApp-Image-2020-03-17-at-6.23.29-PM-1.jpeg\" class=\" img-responsive center-block\"><\/figure>\n\n\n\n<p><strong><a rel=\"noreferrer noopener\" href=\"https:\/\/www.mendoza.gov.ar\/prensa\/comunicados\/\" target=\"_blank\">Clic aqu&iacute; para ver los comunicados del Ministerio de Salud<\/a><\/strong><\/p>\n\n\n\n<figure class=\"wp-block-image\"><img src=\"https:\/\/www.mendoza.gov.ar\/prensa\/wp-content\/uploads\/sites\/5\/2020\/03\/WhatsApp-Image-2020-03-17-at-6.23.29-PM-1.jpeg\" alt=\"Esta imagen tiene un atributo alt vac&iacute;o; el nombre del archivo es WhatsApp-Image-2020-03-17-at-6.23.29-PM-1.jpeg\" class=\" img-responsive center-block\"><\/figure>\n\n\n\n<p><strong><a rel=\"noreferrer noopener\" href=\"https:\/\/www.mendoza.gov.ar\/coronavirus\" target=\"_blank\">www.mendoza.gov.ar\/coronavirus<\/a><\/strong><\/p>\n<\/body><\/html>\n","protected":false},"excerpt":{"rendered":"Fueron vacunados m&aacute;s de 1.100 docentes. Para continuar, se espera el env&iacute;o de dosis. El operativo de vacunaci&oacute;n a docentes del Valle de Uco se inici&oacute; el jueves pasado y finaliz&oacute; a los tres d&iacute;as h&aacute;biles de iniciado. Fue llevado adelante por los equipos del Ministerio de Salud y de la Direcci&oacute;n General de Escuelas&#8230; <a class=\"view-article\" href=\"https:\/\/www.mendoza.gov.ar\/prensa\/vacunacion-a-docentes-del-valle-de-uco-en-tiempo-record-finalizo-la-primera-etapa\/\"><\/a>","protected":false},"author":62,"featured_media":263445,"comment_status":"open","ping_status":"open","sticky":false,"template":"","format":"standard","meta":[],"categories":[32],"tags":[],"_links":{"self":[{"href":"https:\/\/www.mendoza.gov.ar\/prensa\/wp-json\/wp\/v2\/posts\/263439"}],"collection":[{"href":"https:\/\/www.mendoza.gov.ar\/prensa\/wp-json\/wp\/v2\/posts"}],"about":[{"href":"https:\/\/www.mendoza.gov.ar\/prensa\/wp-json\/wp\/v2\/types\/post"}],"author":[{"embeddable":true,"href":"https:\/\/www.mendoza.gov.ar\/prensa\/wp-json\/wp\/v2\/users\/62"}],"replies":[{"embeddable":true,"href":"https:\/\/www.mendoza.gov.ar\/prensa\/wp-json\/wp\/v2\/comments?post=263439"}],"version-history":[{"count":6,"href":"https:\/\/www.mendoza.gov.ar\/prensa\/wp-json\/wp\/v2\/posts\/263439\/revisions"}],"predecessor-version":[{"id":263462,"href":"https:\/\/www.mendoza.gov.ar\/prensa\/wp-json\/wp\/v2\/posts\/263439\/revisions\/263462"}],"wp:featuredmedia":[{"embeddable":true,"href":"https:\/\/www.mendoza.gov.ar\/prensa\/wp-json\/wp\/v2\/media\/263445"}],"wp:attachment":[{"href":"https:\/\/www.mendoza.gov.ar\/prensa\/wp-json\/wp\/v2\/media?parent=263439"}],"wp:term":[{"taxonomy":"category","embeddable":true,"href":"https:\/\/www.mendoza.gov.ar\/prensa\/wp-json\/wp\/v2\/categories?post=263439"},{"taxonomy":"post_tag","embeddable":true,"href":"https:\/\/www.mendoza.gov.ar\/prensa\/wp-json\/wp\/v2\/tags?post=263439"}],"curies":[{"name":"wp","href":"https:\/\/api.w.org\/{rel}","templated":true}]}}