{"id":263810,"date":"2021-03-19T19:19:01","date_gmt":"2021-03-19T22:19:01","guid":{"rendered":"https:\/\/www.mendoza.gov.ar\/prensa\/?p=263810"},"modified":"2021-03-19T19:41:51","modified_gmt":"2021-03-19T22:41:51","slug":"el-schestakow-cuenta-con-una-camioneta-a-control-remoto-para-que-los-ninos-pequenos-entren-jugando-al-quirofano","status":"publish","type":"post","link":"https:\/\/www.mendoza.gov.ar\/prensa\/el-schestakow-cuenta-con-una-camioneta-a-control-remoto-para-que-los-ninos-pequenos-entren-jugando-al-quirofano\/","title":{"rendered":"El Schestakow cuenta con una camioneta a control remoto para que los ni\u00f1os peque\u00f1os entren jugando al quir\u00f3fano"},"content":{"rendered":"<!DOCTYPE html PUBLIC \"-\/\/W3C\/\/DTD HTML 4.0 Transitional\/\/EN\" \"http:\/\/www.w3.org\/TR\/REC-html40\/loose.dtd\">\n<html><body><h5>El equipo fue donado por la Asociaci&oacute;n Cuento Con Vos y remplazar&aacute;  a las camillas para ingresar a cirug&iacute;a.<\/h5>\n\n\n\n<p>El Hospital Teodoro Schestakow suma un novedoso equipamiento para ofrecer mejor servicio a los pacientes del Servicio de Pediatr&iacute;a. Se trata de una camioneta a control remoto que don&oacute; la Asociaci&oacute;n Cuento Con Vos y que facilitar&aacute; el traslado de los ni&ntilde;os que deben someterse a una cirug&iacute;a.<\/p>\n\n\n\n<p>Bibiana Toledo, presidenta de la asociaci&oacute;n, explic&oacute; que &ldquo;esta metodolog&iacute;a que se utiliza en Europa, principalmente en Espa&ntilde;a y en Argentina ya la utilizan otros dos hospitales. Sirve para el traslado a los pacientes m&aacute;s chiquitos a quir&oacute;fano y remplaza a las camillas logrando que los ni&ntilde;os bajen el nivel de ansiedad y entren felices&rdquo;.<\/p>\n\n\n\n<p>En la entrega estuvieron presentes Dami&aacute;n Vizca&iacute;no, vicepresidente de la Asociaci&oacute;n, y Pablo Gonz&aacute;lez, tesorero, quien detall&oacute; que la camioneta tiene radio, mp4, manejo a control remoto y manual. Se utiliza en ni&ntilde;os de 3 a 6 a&ntilde;os.<\/p>\n\n\n\n<p>La unidad fue recibida por la gerenta asistencial, Virginia Bravo, y Gabriela Lafi, jefa del Servicio de Pediatr&iacute;a, junto a todo su equipo.<\/p>\n\n\n\n<p>Bravo agradeci&oacute; este presente en nombre de los pacientes por ayudar con esta iniciativa que es de suma importancia. Por su parte, la doctora Lafi destac&oacute; los beneficios de una movilidad de estas caracter&iacute;sticas. &ldquo;Disminuye el estr&eacute;s de los pacientes cuando se dirigen a una cirug&iacute;a. S bien se utilizar&aacute; para cirug&iacute;as programadas, no deja de ser una situaci&oacute;n desconocida para ellos. Los chicos ir&aacute;n jugando y entretenidos hacia el quir&oacute;fano&rdquo;.<\/p>\n\n\n\n<p>&ldquo;Los pediatras hab&iacute;amos visto esta modalidad en otros hospitales. Estamos muy felices, ya que podemos ofrec&eacute;rsela a nuestros pacientes, siendo una de las cosas m&aacute;s lindas que nos puede pasar. No olvidarnos que al ser ni&ntilde;os, adem&aacute;s de estar en una situaci&oacute;n de internaci&oacute;n, el hecho de jugar es entretenerse y divertirse un poquito como se pueda. Con esta unidad se puede lograr&rdquo;.<\/p>\n\n\n\n<figure class=\"wp-block-gallery columns-3\"><ul class=\"blocks-gallery-grid\"><li class=\"blocks-gallery-item\"><figure><a href=\"https:\/\/www.mendoza.gov.ar\/wp-content\/uploads\/sites\/5\/2021\/03\/CAMIONETA-3-700x467.jpg\"><img loading=\"lazy\" width=\"700\" height=\"467\" src=\"https:\/\/www.mendoza.gov.ar\/wp-content\/uploads\/sites\/5\/2021\/03\/CAMIONETA-3-700x467.jpg\" alt=\"\" data-id=\"263811\" data-link=\"https:\/\/www.mendoza.gov.ar\/prensa\/?attachment_id=263811\" class=\"wp-image-263811 img-responsive center-block\" srcset=\"https:\/\/www.mendoza.gov.ar\/wp-content\/uploads\/sites\/5\/2021\/03\/CAMIONETA-3-700x467.jpg 700w, https:\/\/www.mendoza.gov.ar\/wp-content\/uploads\/sites\/5\/2021\/03\/CAMIONETA-3-250x167.jpg 250w, https:\/\/www.mendoza.gov.ar\/wp-content\/uploads\/sites\/5\/2021\/03\/CAMIONETA-3-768x512.jpg 768w, https:\/\/www.mendoza.gov.ar\/wp-content\/uploads\/sites\/5\/2021\/03\/CAMIONETA-3-1536x1024.jpg 1536w, https:\/\/www.mendoza.gov.ar\/wp-content\/uploads\/sites\/5\/2021\/03\/CAMIONETA-3-120x80.jpg 120w, https:\/\/www.mendoza.gov.ar\/wp-content\/uploads\/sites\/5\/2021\/03\/CAMIONETA-3.jpg 2048w\" sizes=\"(max-width: 700px) 100vw, 700px\"><\/a><\/figure><\/li><li class=\"blocks-gallery-item\"><figure><a href=\"https:\/\/www.mendoza.gov.ar\/wp-content\/uploads\/sites\/5\/2021\/03\/CAMIONETA-2-700x467.jpg\"><img loading=\"lazy\" width=\"700\" height=\"467\" src=\"https:\/\/www.mendoza.gov.ar\/wp-content\/uploads\/sites\/5\/2021\/03\/CAMIONETA-2-700x467.jpg\" alt=\"\" data-id=\"263812\" data-link=\"https:\/\/www.mendoza.gov.ar\/prensa\/?attachment_id=263812\" class=\"wp-image-263812 img-responsive center-block\" srcset=\"https:\/\/www.mendoza.gov.ar\/wp-content\/uploads\/sites\/5\/2021\/03\/CAMIONETA-2-700x467.jpg 700w, https:\/\/www.mendoza.gov.ar\/wp-content\/uploads\/sites\/5\/2021\/03\/CAMIONETA-2-250x167.jpg 250w, https:\/\/www.mendoza.gov.ar\/wp-content\/uploads\/sites\/5\/2021\/03\/CAMIONETA-2-768x512.jpg 768w, https:\/\/www.mendoza.gov.ar\/wp-content\/uploads\/sites\/5\/2021\/03\/CAMIONETA-2-1536x1024.jpg 1536w, https:\/\/www.mendoza.gov.ar\/wp-content\/uploads\/sites\/5\/2021\/03\/CAMIONETA-2-120x80.jpg 120w, https:\/\/www.mendoza.gov.ar\/wp-content\/uploads\/sites\/5\/2021\/03\/CAMIONETA-2.jpg 2048w\" sizes=\"(max-width: 700px) 100vw, 700px\"><\/a><\/figure><\/li><li class=\"blocks-gallery-item\"><figure><a href=\"https:\/\/www.mendoza.gov.ar\/wp-content\/uploads\/sites\/5\/2021\/03\/CAMIONETA-1-700x467.jpg\"><img loading=\"lazy\" width=\"700\" height=\"467\" src=\"https:\/\/www.mendoza.gov.ar\/wp-content\/uploads\/sites\/5\/2021\/03\/CAMIONETA-1-700x467.jpg\" alt=\"\" data-id=\"263813\" data-link=\"https:\/\/www.mendoza.gov.ar\/prensa\/?attachment_id=263813\" class=\"wp-image-263813 img-responsive center-block\" srcset=\"https:\/\/www.mendoza.gov.ar\/wp-content\/uploads\/sites\/5\/2021\/03\/CAMIONETA-1-700x467.jpg 700w, https:\/\/www.mendoza.gov.ar\/wp-content\/uploads\/sites\/5\/2021\/03\/CAMIONETA-1-250x167.jpg 250w, https:\/\/www.mendoza.gov.ar\/wp-content\/uploads\/sites\/5\/2021\/03\/CAMIONETA-1-768x512.jpg 768w, https:\/\/www.mendoza.gov.ar\/wp-content\/uploads\/sites\/5\/2021\/03\/CAMIONETA-1-1536x1024.jpg 1536w, https:\/\/www.mendoza.gov.ar\/wp-content\/uploads\/sites\/5\/2021\/03\/CAMIONETA-1-120x80.jpg 120w, https:\/\/www.mendoza.gov.ar\/wp-content\/uploads\/sites\/5\/2021\/03\/CAMIONETA-1.jpg 2048w\" sizes=\"(max-width: 700px) 100vw, 700px\"><\/a><\/figure><\/li><li class=\"blocks-gallery-item\"><figure><a href=\"https:\/\/www.mendoza.gov.ar\/wp-content\/uploads\/sites\/5\/2021\/03\/CAMIONETA-5-700x467.jpg\"><img loading=\"lazy\" width=\"700\" height=\"467\" src=\"https:\/\/www.mendoza.gov.ar\/wp-content\/uploads\/sites\/5\/2021\/03\/CAMIONETA-5-700x467.jpg\" alt=\"\" data-id=\"263814\" data-link=\"https:\/\/www.mendoza.gov.ar\/prensa\/?attachment_id=263814\" class=\"wp-image-263814 img-responsive center-block\" srcset=\"https:\/\/www.mendoza.gov.ar\/wp-content\/uploads\/sites\/5\/2021\/03\/CAMIONETA-5-700x467.jpg 700w, https:\/\/www.mendoza.gov.ar\/wp-content\/uploads\/sites\/5\/2021\/03\/CAMIONETA-5-250x167.jpg 250w, https:\/\/www.mendoza.gov.ar\/wp-content\/uploads\/sites\/5\/2021\/03\/CAMIONETA-5-768x512.jpg 768w, https:\/\/www.mendoza.gov.ar\/wp-content\/uploads\/sites\/5\/2021\/03\/CAMIONETA-5-120x80.jpg 120w, https:\/\/www.mendoza.gov.ar\/wp-content\/uploads\/sites\/5\/2021\/03\/CAMIONETA-5.jpg 1440w\" sizes=\"(max-width: 700px) 100vw, 700px\"><\/a><\/figure><\/li><li class=\"blocks-gallery-item\"><figure><a href=\"https:\/\/www.mendoza.gov.ar\/wp-content\/uploads\/sites\/5\/2021\/03\/CAMIONETA-7-700x467.jpg\"><img loading=\"lazy\" width=\"700\" height=\"467\" src=\"https:\/\/www.mendoza.gov.ar\/wp-content\/uploads\/sites\/5\/2021\/03\/CAMIONETA-7-700x467.jpg\" alt=\"\" data-id=\"263815\" data-link=\"https:\/\/www.mendoza.gov.ar\/prensa\/?attachment_id=263815\" class=\"wp-image-263815 img-responsive center-block\" srcset=\"https:\/\/www.mendoza.gov.ar\/wp-content\/uploads\/sites\/5\/2021\/03\/CAMIONETA-7-700x467.jpg 700w, https:\/\/www.mendoza.gov.ar\/wp-content\/uploads\/sites\/5\/2021\/03\/CAMIONETA-7-250x167.jpg 250w, https:\/\/www.mendoza.gov.ar\/wp-content\/uploads\/sites\/5\/2021\/03\/CAMIONETA-7-768x512.jpg 768w, https:\/\/www.mendoza.gov.ar\/wp-content\/uploads\/sites\/5\/2021\/03\/CAMIONETA-7-1536x1024.jpg 1536w, https:\/\/www.mendoza.gov.ar\/wp-content\/uploads\/sites\/5\/2021\/03\/CAMIONETA-7-120x80.jpg 120w, https:\/\/www.mendoza.gov.ar\/wp-content\/uploads\/sites\/5\/2021\/03\/CAMIONETA-7.jpg 2048w\" sizes=\"(max-width: 700px) 100vw, 700px\"><\/a><\/figure><\/li><li class=\"blocks-gallery-item\"><figure><a href=\"https:\/\/www.mendoza.gov.ar\/wp-content\/uploads\/sites\/5\/2021\/03\/CAMIONETA-8-700x467.jpg\"><img loading=\"lazy\" width=\"700\" height=\"467\" src=\"https:\/\/www.mendoza.gov.ar\/wp-content\/uploads\/sites\/5\/2021\/03\/CAMIONETA-8-700x467.jpg\" alt=\"\" data-id=\"263816\" data-link=\"https:\/\/www.mendoza.gov.ar\/prensa\/?attachment_id=263816\" class=\"wp-image-263816 img-responsive center-block\" srcset=\"https:\/\/www.mendoza.gov.ar\/wp-content\/uploads\/sites\/5\/2021\/03\/CAMIONETA-8-700x467.jpg 700w, https:\/\/www.mendoza.gov.ar\/wp-content\/uploads\/sites\/5\/2021\/03\/CAMIONETA-8-250x167.jpg 250w, https:\/\/www.mendoza.gov.ar\/wp-content\/uploads\/sites\/5\/2021\/03\/CAMIONETA-8-768x512.jpg 768w, https:\/\/www.mendoza.gov.ar\/wp-content\/uploads\/sites\/5\/2021\/03\/CAMIONETA-8-120x80.jpg 120w, https:\/\/www.mendoza.gov.ar\/wp-content\/uploads\/sites\/5\/2021\/03\/CAMIONETA-8.jpg 1440w\" sizes=\"(max-width: 700px) 100vw, 700px\"><\/a><\/figure><\/li><li class=\"blocks-gallery-item\"><figure><a href=\"https:\/\/www.mendoza.gov.ar\/wp-content\/uploads\/sites\/5\/2021\/03\/CAMIONETA-6-700x467.jpg\"><img loading=\"lazy\" width=\"700\" height=\"467\" src=\"https:\/\/www.mendoza.gov.ar\/wp-content\/uploads\/sites\/5\/2021\/03\/CAMIONETA-6-700x467.jpg\" alt=\"\" data-id=\"263817\" data-link=\"https:\/\/www.mendoza.gov.ar\/prensa\/?attachment_id=263817\" class=\"wp-image-263817 img-responsive center-block\" srcset=\"https:\/\/www.mendoza.gov.ar\/wp-content\/uploads\/sites\/5\/2021\/03\/CAMIONETA-6-700x467.jpg 700w, https:\/\/www.mendoza.gov.ar\/wp-content\/uploads\/sites\/5\/2021\/03\/CAMIONETA-6-250x167.jpg 250w, https:\/\/www.mendoza.gov.ar\/wp-content\/uploads\/sites\/5\/2021\/03\/CAMIONETA-6-768x512.jpg 768w, https:\/\/www.mendoza.gov.ar\/wp-content\/uploads\/sites\/5\/2021\/03\/CAMIONETA-6-1536x1024.jpg 1536w, https:\/\/www.mendoza.gov.ar\/wp-content\/uploads\/sites\/5\/2021\/03\/CAMIONETA-6-120x80.jpg 120w, https:\/\/www.mendoza.gov.ar\/wp-content\/uploads\/sites\/5\/2021\/03\/CAMIONETA-6.jpg 2048w\" sizes=\"(max-width: 700px) 100vw, 700px\"><\/a><\/figure><\/li><li class=\"blocks-gallery-item\"><figure><a href=\"https:\/\/www.mendoza.gov.ar\/wp-content\/uploads\/sites\/5\/2021\/03\/CAMIONETA-4.jpg\"><img loading=\"lazy\" width=\"700\" height=\"467\" src=\"https:\/\/www.mendoza.gov.ar\/wp-content\/uploads\/sites\/5\/2021\/03\/CAMIONETA-4-700x467.jpg\" alt=\"\" data-id=\"263818\" data-full-url=\"https:\/\/www.mendoza.gov.ar\/wp-content\/uploads\/sites\/5\/2021\/03\/CAMIONETA-4.jpg\" data-link=\"https:\/\/www.mendoza.gov.ar\/prensa\/?attachment_id=263818\" class=\"wp-image-263818 img-responsive center-block\" srcset=\"https:\/\/www.mendoza.gov.ar\/wp-content\/uploads\/sites\/5\/2021\/03\/CAMIONETA-4-700x467.jpg 700w, https:\/\/www.mendoza.gov.ar\/wp-content\/uploads\/sites\/5\/2021\/03\/CAMIONETA-4-250x167.jpg 250w, https:\/\/www.mendoza.gov.ar\/wp-content\/uploads\/sites\/5\/2021\/03\/CAMIONETA-4-768x512.jpg 768w, https:\/\/www.mendoza.gov.ar\/wp-content\/uploads\/sites\/5\/2021\/03\/CAMIONETA-4-1536x1024.jpg 1536w, https:\/\/www.mendoza.gov.ar\/wp-content\/uploads\/sites\/5\/2021\/03\/CAMIONETA-4-120x80.jpg 120w, https:\/\/www.mendoza.gov.ar\/wp-content\/uploads\/sites\/5\/2021\/03\/CAMIONETA-4.jpg 2048w\" sizes=\"(max-width: 700px) 100vw, 700px\"><\/a><\/figure><\/li><\/ul><\/figure>\n\n\n\n<figure class=\"wp-block-image\" id=\"block-6ced38ce-cf36-43a4-bda2-6d6ecc045941\"><img src=\"https:\/\/www.mendoza.gov.ar\/prensa\/wp-content\/uploads\/sites\/5\/2020\/03\/WhatsApp-Image-2020-03-17-at-6.23.29-PM-1.jpeg\" alt=\"Esta imagen tiene un atributo alt vac&iacute;o; el nombre del archivo es WhatsApp-Image-2020-03-17-at-6.23.29-PM-1.jpeg\" class=\" img-responsive center-block\"><\/figure>\n\n\n\n<p class=\"has-text-align-center\" id=\"block-4672d608-8a30-472c-91ba-07e641c39018\"><a rel=\"noreferrer noopener\" href=\"https:\/\/www.mendoza.gov.ar\/prensa\/covid-19\/\" target=\"_blank\"><strong>Clic aqu&iacute; para ver m&aacute;s noticias sobre coronavirus<\/strong><\/a><\/p>\n\n\n\n<figure class=\"wp-block-image\" id=\"block-679c5d04-4f24-4464-a49a-df7b140e38eb\"><img src=\"https:\/\/www.mendoza.gov.ar\/prensa\/wp-content\/uploads\/sites\/5\/2020\/03\/WhatsApp-Image-2020-03-17-at-6.23.29-PM-1.jpeg\" alt=\"Esta imagen tiene un atributo alt vac&iacute;o; el nombre del archivo es WhatsApp-Image-2020-03-17-at-6.23.29-PM-1.jpeg\" class=\" img-responsive center-block\"><\/figure>\n\n\n\n<p class=\"has-text-align-center\" id=\"block-e70c843d-9c55-4a54-a13e-110b356d59f8\"><strong><a rel=\"noreferrer noopener\" href=\"https:\/\/www.mendoza.gov.ar\/prensa\/comunicados\/\" target=\"_blank\">Clic aqu&iacute; para ver los comunicados del Ministerio de Salud<\/a><\/strong><\/p>\n\n\n\n<figure class=\"wp-block-image\" id=\"block-55da5334-2597-4644-a2ad-ad62409c9f96\"><img src=\"https:\/\/www.mendoza.gov.ar\/prensa\/wp-content\/uploads\/sites\/5\/2020\/03\/WhatsApp-Image-2020-03-17-at-6.23.29-PM-1.jpeg\" alt=\"Esta imagen tiene un atributo alt vac&iacute;o; el nombre del archivo es WhatsApp-Image-2020-03-17-at-6.23.29-PM-1.jpeg\" class=\" img-responsive center-block\"><\/figure>\n\n\n\n<p class=\"has-text-align-center\" id=\"block-f052e2af-737b-4a93-aa6a-293bed4ff9e2\"><strong><a rel=\"noreferrer noopener\" href=\"https:\/\/www.mendoza.gov.ar\/coronavirus\" target=\"_blank\">www.mendoza.gov.ar\/coronavirus<\/a><\/strong><\/p>\n<\/body><\/html>\n","protected":false},"excerpt":{"rendered":"El equipo fue donado por la Asociaci&oacute;n Cuento Con Vos y remplazar&aacute; a las camillas para ingresar a cirug&iacute;a. El Hospital Teodoro Schestakow suma un novedoso equipamiento para ofrecer mejor servicio a los pacientes del Servicio de Pediatr&iacute;a. Se trata de una camioneta a control remoto que don&oacute; la Asociaci&oacute;n Cuento Con Vos y que&#8230; <a class=\"view-article\" href=\"https:\/\/www.mendoza.gov.ar\/prensa\/el-schestakow-cuenta-con-una-camioneta-a-control-remoto-para-que-los-ninos-pequenos-entren-jugando-al-quirofano\/\"><\/a>","protected":false},"author":63,"featured_media":263817,"comment_status":"open","ping_status":"open","sticky":false,"template":"","format":"standard","meta":[],"categories":[32],"tags":[2581,1244,2582,1500],"_links":{"self":[{"href":"https:\/\/www.mendoza.gov.ar\/prensa\/wp-json\/wp\/v2\/posts\/263810"}],"collection":[{"href":"https:\/\/www.mendoza.gov.ar\/prensa\/wp-json\/wp\/v2\/posts"}],"about":[{"href":"https:\/\/www.mendoza.gov.ar\/prensa\/wp-json\/wp\/v2\/types\/post"}],"author":[{"embeddable":true,"href":"https:\/\/www.mendoza.gov.ar\/prensa\/wp-json\/wp\/v2\/users\/63"}],"replies":[{"embeddable":true,"href":"https:\/\/www.mendoza.gov.ar\/prensa\/wp-json\/wp\/v2\/comments?post=263810"}],"version-history":[{"count":3,"href":"https:\/\/www.mendoza.gov.ar\/prensa\/wp-json\/wp\/v2\/posts\/263810\/revisions"}],"predecessor-version":[{"id":263821,"href":"https:\/\/www.mendoza.gov.ar\/prensa\/wp-json\/wp\/v2\/posts\/263810\/revisions\/263821"}],"wp:featuredmedia":[{"embeddable":true,"href":"https:\/\/www.mendoza.gov.ar\/prensa\/wp-json\/wp\/v2\/media\/263817"}],"wp:attachment":[{"href":"https:\/\/www.mendoza.gov.ar\/prensa\/wp-json\/wp\/v2\/media?parent=263810"}],"wp:term":[{"taxonomy":"category","embeddable":true,"href":"https:\/\/www.mendoza.gov.ar\/prensa\/wp-json\/wp\/v2\/categories?post=263810"},{"taxonomy":"post_tag","embeddable":true,"href":"https:\/\/www.mendoza.gov.ar\/prensa\/wp-json\/wp\/v2\/tags?post=263810"}],"curies":[{"name":"wp","href":"https:\/\/api.w.org\/{rel}","templated":true}]}}