{"id":264176,"date":"2021-03-23T17:07:02","date_gmt":"2021-03-23T20:07:02","guid":{"rendered":"https:\/\/www.mendoza.gov.ar\/prensa\/?p=264176"},"modified":"2021-03-23T17:07:39","modified_gmt":"2021-03-23T20:07:39","slug":"campana-de-prevencion-de-cancer-colorrectal-en-el-hospital-schestakow","status":"publish","type":"post","link":"https:\/\/www.mendoza.gov.ar\/prensa\/campana-de-prevencion-de-cancer-colorrectal-en-el-hospital-schestakow\/","title":{"rendered":"Campa\u00f1a de Prevenci\u00f3n de C\u00e1ncer Colorrectal en el Hospital Schestakow"},"content":{"rendered":"<!DOCTYPE html PUBLIC \"-\/\/W3C\/\/DTD HTML 4.0 Transitional\/\/EN\" \"http:\/\/www.w3.org\/TR\/REC-html40\/loose.dtd\">\n<html><body><h5>Profesionales del centro asistencial de San Rafael brindar&aacute;n informaci&oacute;n y asesoramiento sobre esta patolog&iacute;a. Atender&aacute;n durante toda la semana de 9 a 12 en el hall de Consultorios Externos por orden de llegada y sin turno previo.<\/h5>\n\n\n\n<p>Desde un stand dispuesto en el hall de Consultorios Externos &nbsp;del Hospital Teodoro Schestakow, profesionales de la &nbsp;Secci&oacute;n de Gastroenterolog&iacute;a &ldquo;Dr. Alfredo Lodi&rdquo; y del Servicio de Laboratorios Cl&iacute;nicos brindan informaci&oacute;n y asesoramiento para la prevenci&oacute;n, control y detecci&oacute;n temprana de c&aacute;ncer colorectal.<\/p>\n\n\n\n<p>Los profesionales brindar&aacute;n este servicio durante toda la semana, de 9 a 12, al p&uacute;blico en general que puede presentarse de forma espont&aacute;nea, es decir, &nbsp;sin turno previo. La atenci&oacute;n es por orden de llegada.<\/p>\n\n\n\n<p>El c&aacute;ncer colorrectal es la tercera causa de c&aacute;ncer en Argentina y se debe tener en cuenta que si se lo detecta a tiempo el paciente se puede curar. El Dr. Mariano Arg&uuml;ello, m&eacute;dico gastroenter&oacute;logo, inform&oacute;<\/p>\n\n\n\n<p>Seg&uacute;n destac&oacute; el m&eacute;dico gastroenter&oacute;logo mariano Arg&uuml;ello , este tipo de c&aacute;ncer se puede prevenir con el no consumo de tabaco, con el consumo moderado de alcohol, con la realizaci&oacute;n de actividad f&iacute;sica combatiendo el sedentarismo y la obesidad, y con una alimentaci&oacute;n saludable, consumiendo mucha fibra.&rdquo;<\/p>\n\n\n\n<p>Si bien el Hospital Schestakow lleva adelante esta campa&ntilde;a durante estos d&iacute;as por el D&iacute;a Mundial de Prevenci&oacute;n del C&aacute;ncer Colorrectal, que se conmemora el 31 de marzo, el profesional aclar&oacute; que &nbsp;&ldquo;hace tiempo que se trabaja en la prevenci&oacute;n, y a diario. Esta semana nos abocaremos a hacer un estudio que se denomina &ldquo;test de sangre oculta en materia fecal. En el stand se testea a todo paciente mayor entre mayor a 50 a&ntilde;os y hasta los 75 a&ntilde;os. Al paciente se le entrega un frasco donde debe depositar la materia fecal y luego lo llevar&aacute; al Laboratorio para su an&aacute;lisis&rdquo;.<\/p>\n\n\n\n<p>Arg&uuml;ello explic&oacute; que &ldquo;para el control y prevenci&oacute;n se deben diferenciar dos tipos de pacientes: los que poseen antecedentes familiares de primer grado de esta patolog&iacute;a, los que tienen colitis ulcerosa y los que padecen de poliposis m&uacute;ltiples. Estos deben asesorarse con el especialista gastroenter&oacute;logo a cualquier edad&rdquo;.<\/p>\n\n\n\n<p>Un grupo de riesgo de presentar la enfermedad son las personas mayores de 50 a&ntilde;os, tanto hombres y mujeres, quienes deben realizarse un control&nbsp; peri&oacute;dico con un profesional gastroenter&oacute;logo. En caso de detectar la enfermedad se les indican estudios espec&iacute;ficos &nbsp;y tratamiento&rdquo;.<\/p>\n\n\n\n<figure class=\"wp-block-gallery columns-3\"><ul class=\"blocks-gallery-grid\"><li class=\"blocks-gallery-item\"><figure><a href=\"https:\/\/www.mendoza.gov.ar\/wp-content\/uploads\/sites\/5\/2021\/03\/CAMPANA-CANCER-COLORRECTAL-2-1-700x466.jpg\"><img loading=\"lazy\" width=\"700\" height=\"466\" src=\"https:\/\/www.mendoza.gov.ar\/wp-content\/uploads\/sites\/5\/2021\/03\/CAMPANA-CANCER-COLORRECTAL-2-1-700x466.jpg\" alt=\"\" data-id=\"264185\" data-link=\"https:\/\/www.mendoza.gov.ar\/prensa\/?attachment_id=264185\" class=\"wp-image-264185 img-responsive center-block\" srcset=\"https:\/\/www.mendoza.gov.ar\/wp-content\/uploads\/sites\/5\/2021\/03\/CAMPANA-CANCER-COLORRECTAL-2-1-700x466.jpg 700w, https:\/\/www.mendoza.gov.ar\/wp-content\/uploads\/sites\/5\/2021\/03\/CAMPANA-CANCER-COLORRECTAL-2-1-250x167.jpg 250w, https:\/\/www.mendoza.gov.ar\/wp-content\/uploads\/sites\/5\/2021\/03\/CAMPANA-CANCER-COLORRECTAL-2-1-768x512.jpg 768w, https:\/\/www.mendoza.gov.ar\/wp-content\/uploads\/sites\/5\/2021\/03\/CAMPANA-CANCER-COLORRECTAL-2-1-120x80.jpg 120w, https:\/\/www.mendoza.gov.ar\/wp-content\/uploads\/sites\/5\/2021\/03\/CAMPANA-CANCER-COLORRECTAL-2-1.jpg 1280w\" sizes=\"(max-width: 700px) 100vw, 700px\"><\/a><\/figure><\/li><li class=\"blocks-gallery-item\"><figure><a href=\"https:\/\/www.mendoza.gov.ar\/wp-content\/uploads\/sites\/5\/2021\/03\/CAMPANA-CANCER-COLORRECTAL-3-700x466.jpg\"><img loading=\"lazy\" width=\"700\" height=\"466\" src=\"https:\/\/www.mendoza.gov.ar\/wp-content\/uploads\/sites\/5\/2021\/03\/CAMPANA-CANCER-COLORRECTAL-3-700x466.jpg\" alt=\"\" data-id=\"264186\" data-link=\"https:\/\/www.mendoza.gov.ar\/prensa\/?attachment_id=264186\" class=\"wp-image-264186 img-responsive center-block\" srcset=\"https:\/\/www.mendoza.gov.ar\/wp-content\/uploads\/sites\/5\/2021\/03\/CAMPANA-CANCER-COLORRECTAL-3-700x466.jpg 700w, https:\/\/www.mendoza.gov.ar\/wp-content\/uploads\/sites\/5\/2021\/03\/CAMPANA-CANCER-COLORRECTAL-3-250x167.jpg 250w, https:\/\/www.mendoza.gov.ar\/wp-content\/uploads\/sites\/5\/2021\/03\/CAMPANA-CANCER-COLORRECTAL-3-768x512.jpg 768w, https:\/\/www.mendoza.gov.ar\/wp-content\/uploads\/sites\/5\/2021\/03\/CAMPANA-CANCER-COLORRECTAL-3-120x80.jpg 120w, https:\/\/www.mendoza.gov.ar\/wp-content\/uploads\/sites\/5\/2021\/03\/CAMPANA-CANCER-COLORRECTAL-3.jpg 1280w\" sizes=\"(max-width: 700px) 100vw, 700px\"><\/a><\/figure><\/li><li class=\"blocks-gallery-item\"><figure><a href=\"https:\/\/www.mendoza.gov.ar\/wp-content\/uploads\/sites\/5\/2021\/03\/CAMPANA-CANCER-COLORRECTAL-4-700x466.jpg\"><img loading=\"lazy\" width=\"700\" height=\"466\" src=\"https:\/\/www.mendoza.gov.ar\/wp-content\/uploads\/sites\/5\/2021\/03\/CAMPANA-CANCER-COLORRECTAL-4-700x466.jpg\" alt=\"\" data-id=\"264187\" data-link=\"https:\/\/www.mendoza.gov.ar\/prensa\/?attachment_id=264187\" class=\"wp-image-264187 img-responsive center-block\" srcset=\"https:\/\/www.mendoza.gov.ar\/wp-content\/uploads\/sites\/5\/2021\/03\/CAMPANA-CANCER-COLORRECTAL-4-700x466.jpg 700w, https:\/\/www.mendoza.gov.ar\/wp-content\/uploads\/sites\/5\/2021\/03\/CAMPANA-CANCER-COLORRECTAL-4-250x167.jpg 250w, https:\/\/www.mendoza.gov.ar\/wp-content\/uploads\/sites\/5\/2021\/03\/CAMPANA-CANCER-COLORRECTAL-4-768x512.jpg 768w, https:\/\/www.mendoza.gov.ar\/wp-content\/uploads\/sites\/5\/2021\/03\/CAMPANA-CANCER-COLORRECTAL-4-120x80.jpg 120w, https:\/\/www.mendoza.gov.ar\/wp-content\/uploads\/sites\/5\/2021\/03\/CAMPANA-CANCER-COLORRECTAL-4.jpg 1280w\" sizes=\"(max-width: 700px) 100vw, 700px\"><\/a><\/figure><\/li><li class=\"blocks-gallery-item\"><figure><a href=\"https:\/\/www.mendoza.gov.ar\/wp-content\/uploads\/sites\/5\/2021\/03\/CAMPANA-CANCER-COLORRECTAL-1-700x466.jpg\"><img loading=\"lazy\" width=\"700\" height=\"466\" src=\"https:\/\/www.mendoza.gov.ar\/wp-content\/uploads\/sites\/5\/2021\/03\/CAMPANA-CANCER-COLORRECTAL-1-700x466.jpg\" alt=\"\" data-id=\"264188\" data-link=\"https:\/\/www.mendoza.gov.ar\/prensa\/?attachment_id=264188\" class=\"wp-image-264188 img-responsive center-block\" srcset=\"https:\/\/www.mendoza.gov.ar\/wp-content\/uploads\/sites\/5\/2021\/03\/CAMPANA-CANCER-COLORRECTAL-1-700x466.jpg 700w, https:\/\/www.mendoza.gov.ar\/wp-content\/uploads\/sites\/5\/2021\/03\/CAMPANA-CANCER-COLORRECTAL-1-250x167.jpg 250w, https:\/\/www.mendoza.gov.ar\/wp-content\/uploads\/sites\/5\/2021\/03\/CAMPANA-CANCER-COLORRECTAL-1-768x512.jpg 768w, https:\/\/www.mendoza.gov.ar\/wp-content\/uploads\/sites\/5\/2021\/03\/CAMPANA-CANCER-COLORRECTAL-1-120x80.jpg 120w, https:\/\/www.mendoza.gov.ar\/wp-content\/uploads\/sites\/5\/2021\/03\/CAMPANA-CANCER-COLORRECTAL-1.jpg 1280w\" sizes=\"(max-width: 700px) 100vw, 700px\"><\/a><\/figure><\/li><li class=\"blocks-gallery-item\"><figure><a href=\"https:\/\/www.mendoza.gov.ar\/wp-content\/uploads\/sites\/5\/2021\/03\/CAMPANA-CANCER-COLORRECTAL-6-700x466.jpg\"><img loading=\"lazy\" width=\"700\" height=\"466\" src=\"https:\/\/www.mendoza.gov.ar\/wp-content\/uploads\/sites\/5\/2021\/03\/CAMPANA-CANCER-COLORRECTAL-6-700x466.jpg\" alt=\"\" data-id=\"264189\" data-link=\"https:\/\/www.mendoza.gov.ar\/prensa\/?attachment_id=264189\" class=\"wp-image-264189 img-responsive center-block\" srcset=\"https:\/\/www.mendoza.gov.ar\/wp-content\/uploads\/sites\/5\/2021\/03\/CAMPANA-CANCER-COLORRECTAL-6-700x466.jpg 700w, https:\/\/www.mendoza.gov.ar\/wp-content\/uploads\/sites\/5\/2021\/03\/CAMPANA-CANCER-COLORRECTAL-6-250x167.jpg 250w, https:\/\/www.mendoza.gov.ar\/wp-content\/uploads\/sites\/5\/2021\/03\/CAMPANA-CANCER-COLORRECTAL-6-768x512.jpg 768w, https:\/\/www.mendoza.gov.ar\/wp-content\/uploads\/sites\/5\/2021\/03\/CAMPANA-CANCER-COLORRECTAL-6-120x80.jpg 120w, https:\/\/www.mendoza.gov.ar\/wp-content\/uploads\/sites\/5\/2021\/03\/CAMPANA-CANCER-COLORRECTAL-6.jpg 1280w\" sizes=\"(max-width: 700px) 100vw, 700px\"><\/a><\/figure><\/li><li class=\"blocks-gallery-item\"><figure><a href=\"https:\/\/www.mendoza.gov.ar\/wp-content\/uploads\/sites\/5\/2021\/03\/CAMPANA-CANCER-COLORRECTAL-5.jpg\"><img loading=\"lazy\" width=\"700\" height=\"466\" src=\"https:\/\/www.mendoza.gov.ar\/wp-content\/uploads\/sites\/5\/2021\/03\/CAMPANA-CANCER-COLORRECTAL-5-700x466.jpg\" alt=\"\" data-id=\"264190\" data-full-url=\"https:\/\/www.mendoza.gov.ar\/wp-content\/uploads\/sites\/5\/2021\/03\/CAMPANA-CANCER-COLORRECTAL-5.jpg\" data-link=\"https:\/\/www.mendoza.gov.ar\/prensa\/?attachment_id=264190\" class=\"wp-image-264190 img-responsive center-block\" srcset=\"https:\/\/www.mendoza.gov.ar\/wp-content\/uploads\/sites\/5\/2021\/03\/CAMPANA-CANCER-COLORRECTAL-5-700x466.jpg 700w, https:\/\/www.mendoza.gov.ar\/wp-content\/uploads\/sites\/5\/2021\/03\/CAMPANA-CANCER-COLORRECTAL-5-250x167.jpg 250w, https:\/\/www.mendoza.gov.ar\/wp-content\/uploads\/sites\/5\/2021\/03\/CAMPANA-CANCER-COLORRECTAL-5-768x512.jpg 768w, https:\/\/www.mendoza.gov.ar\/wp-content\/uploads\/sites\/5\/2021\/03\/CAMPANA-CANCER-COLORRECTAL-5-120x80.jpg 120w, https:\/\/www.mendoza.gov.ar\/wp-content\/uploads\/sites\/5\/2021\/03\/CAMPANA-CANCER-COLORRECTAL-5.jpg 1280w\" sizes=\"(max-width: 700px) 100vw, 700px\"><\/a><\/figure><\/li><\/ul><\/figure>\n\n\n\n<figure class=\"wp-block-image\" id=\"block-6ced38ce-cf36-43a4-bda2-6d6ecc045941\"><img src=\"https:\/\/www.mendoza.gov.ar\/prensa\/wp-content\/uploads\/sites\/5\/2020\/03\/WhatsApp-Image-2020-03-17-at-6.23.29-PM-1.jpeg\" alt=\"Esta imagen tiene un atributo alt vac&iacute;o; el nombre del archivo es WhatsApp-Image-2020-03-17-at-6.23.29-PM-1.jpeg\" class=\" img-responsive center-block\"><\/figure>\n\n\n\n<p class=\"has-text-align-center\" id=\"block-4672d608-8a30-472c-91ba-07e641c39018\"><a rel=\"noreferrer noopener\" href=\"https:\/\/www.mendoza.gov.ar\/prensa\/covid-19\/\" target=\"_blank\"><strong>Clic aqu&iacute; para ver m&aacute;s noticias sobre coronavirus<\/strong><\/a><\/p>\n\n\n\n<figure class=\"wp-block-image\" id=\"block-679c5d04-4f24-4464-a49a-df7b140e38eb\"><img src=\"https:\/\/www.mendoza.gov.ar\/prensa\/wp-content\/uploads\/sites\/5\/2020\/03\/WhatsApp-Image-2020-03-17-at-6.23.29-PM-1.jpeg\" alt=\"Esta imagen tiene un atributo alt vac&iacute;o; el nombre del archivo es WhatsApp-Image-2020-03-17-at-6.23.29-PM-1.jpeg\" class=\" img-responsive center-block\"><\/figure>\n\n\n\n<p class=\"has-text-align-center\" id=\"block-e70c843d-9c55-4a54-a13e-110b356d59f8\"><strong><a rel=\"noreferrer noopener\" href=\"https:\/\/www.mendoza.gov.ar\/prensa\/comunicados\/\" target=\"_blank\">Clic aqu&iacute; para ver los comunicados del Ministerio de Salud<\/a><\/strong><\/p>\n\n\n\n<figure class=\"wp-block-image\" id=\"block-55da5334-2597-4644-a2ad-ad62409c9f96\"><img src=\"https:\/\/www.mendoza.gov.ar\/prensa\/wp-content\/uploads\/sites\/5\/2020\/03\/WhatsApp-Image-2020-03-17-at-6.23.29-PM-1.jpeg\" alt=\"Esta imagen tiene un atributo alt vac&iacute;o; el nombre del archivo es WhatsApp-Image-2020-03-17-at-6.23.29-PM-1.jpeg\" class=\" img-responsive center-block\"><\/figure>\n\n\n\n<p class=\"has-text-align-center\" id=\"block-f052e2af-737b-4a93-aa6a-293bed4ff9e2\"><strong><a rel=\"noreferrer noopener\" href=\"https:\/\/www.mendoza.gov.ar\/coronavirus\" target=\"_blank\">www.mendoza.gov.ar\/coronavirus<\/a><\/strong><\/p>\n<\/body><\/html>\n","protected":false},"excerpt":{"rendered":"Profesionales del centro asistencial de San Rafael brindar&aacute;n informaci&oacute;n y asesoramiento sobre esta patolog&iacute;a. Atender&aacute;n durante toda la semana de 9 a 12 en el hall de Consultorios Externos por orden de llegada y sin turno previo. Desde un stand dispuesto en el hall de Consultorios Externos &nbsp;del Hospital Teodoro Schestakow, profesionales de la &nbsp;Secci&oacute;n&#8230; <a class=\"view-article\" href=\"https:\/\/www.mendoza.gov.ar\/prensa\/campana-de-prevencion-de-cancer-colorrectal-en-el-hospital-schestakow\/\"><\/a>","protected":false},"author":63,"featured_media":264188,"comment_status":"open","ping_status":"open","sticky":false,"template":"","format":"standard","meta":[],"categories":[32],"tags":[2594,2581,1360],"_links":{"self":[{"href":"https:\/\/www.mendoza.gov.ar\/prensa\/wp-json\/wp\/v2\/posts\/264176"}],"collection":[{"href":"https:\/\/www.mendoza.gov.ar\/prensa\/wp-json\/wp\/v2\/posts"}],"about":[{"href":"https:\/\/www.mendoza.gov.ar\/prensa\/wp-json\/wp\/v2\/types\/post"}],"author":[{"embeddable":true,"href":"https:\/\/www.mendoza.gov.ar\/prensa\/wp-json\/wp\/v2\/users\/63"}],"replies":[{"embeddable":true,"href":"https:\/\/www.mendoza.gov.ar\/prensa\/wp-json\/wp\/v2\/comments?post=264176"}],"version-history":[{"count":3,"href":"https:\/\/www.mendoza.gov.ar\/prensa\/wp-json\/wp\/v2\/posts\/264176\/revisions"}],"predecessor-version":[{"id":264192,"href":"https:\/\/www.mendoza.gov.ar\/prensa\/wp-json\/wp\/v2\/posts\/264176\/revisions\/264192"}],"wp:featuredmedia":[{"embeddable":true,"href":"https:\/\/www.mendoza.gov.ar\/prensa\/wp-json\/wp\/v2\/media\/264188"}],"wp:attachment":[{"href":"https:\/\/www.mendoza.gov.ar\/prensa\/wp-json\/wp\/v2\/media?parent=264176"}],"wp:term":[{"taxonomy":"category","embeddable":true,"href":"https:\/\/www.mendoza.gov.ar\/prensa\/wp-json\/wp\/v2\/categories?post=264176"},{"taxonomy":"post_tag","embeddable":true,"href":"https:\/\/www.mendoza.gov.ar\/prensa\/wp-json\/wp\/v2\/tags?post=264176"}],"curies":[{"name":"wp","href":"https:\/\/api.w.org\/{rel}","templated":true}]}}