{"id":264499,"date":"2021-03-26T15:41:59","date_gmt":"2021-03-26T18:41:59","guid":{"rendered":"https:\/\/www.mendoza.gov.ar\/prensa\/?p=264499"},"modified":"2021-03-26T18:32:13","modified_gmt":"2021-03-26T21:32:13","slug":"consejo-tributario-se-firmo-el-acuerdo-para-avanzar-en-la-implementacion-del-nuevo-codigo-tributario-municipal-armonizado","status":"publish","type":"post","link":"https:\/\/www.mendoza.gov.ar\/prensa\/consejo-tributario-se-firmo-el-acuerdo-para-avanzar-en-la-implementacion-del-nuevo-codigo-tributario-municipal-armonizado\/","title":{"rendered":"Consejo Tributario: se firm\u00f3 el acuerdo para avanzar en la implementaci\u00f3n del nuevo C\u00f3digo Tributario Municipal Armonizado"},"content":{"rendered":"<!DOCTYPE html PUBLIC \"-\/\/W3C\/\/DTD HTML 4.0 Transitional\/\/EN\" \"http:\/\/www.w3.org\/TR\/REC-html40\/loose.dtd\">\n<html><body><h5>Fue en el marco de la reuni&oacute;n de la Comisi&oacute;n Plenaria del Consejo Tributario. Participaron miembros del Ministerio de Hacienda y Finanzas y ATM de la Provincia, las &aacute;reas de Hacienda de los municipios y las comisiones de Hacienda y Presupuesto de la Legislatura provincial.<\/h5>\n\n\n\n<p>Se realiz&oacute; ese viernes la primera reuni&oacute;n del a&ntilde;o de la Comisi&oacute;n Plenaria del Consejo Tributario Mendoza. El objetivo fue la firma del acuerdo para implementar el nuevo C&oacute;digo Tributario Municipal Armonizado. Este nuevo c&oacute;digo tiene como fin fomentar la integraci&oacute;n y colaboraci&oacute;n entre los municipios en las capacitaciones de su personal, adaptaci&oacute;n de sus organigramas y adopci&oacute;n de pautas normativas comunes de procedimiento, lo que se traduce en una mayor seguridad jur&iacute;dica para el contribuyente sin afectar la autonom&iacute;a de cada Comuna para establecer sus propios tributos.<\/p>\n\n\n\n<p>La apertura estuvo a cargo del ministro de Hacienda y Finanzas, Lisandro Nieri, presidente del Consejo Tributario Provincial, quien destac&oacute;: &ldquo;Lograr este c&oacute;digo armonizado es una meta que tiene el consejo desde su creaci&oacute;n. Es un trabajo de 120 art&iacute;culos consensuado con la participaci&oacute;n de los 18 municipios en m&aacute;s de 20 reuniones que realizamos desde junio del 2020&rdquo;.<\/p>\n\n\n\n<p>Adem&aacute;s, agreg&oacute;: &ldquo;El objetivo principal es dar certezas y previsibilidad para cualquier inversor, empresario o contribuyente que hoy est&aacute; en la provincia o cualquier nuevo emprendimiento a desarrollarse&rdquo;.<\/p>\n\n\n\n<p>En el acto estuvieron presentes adem&aacute;s los intendentes de Luj&aacute;n, Sebasti&aacute;n Bragagnolo; de Guaymall&eacute;n, Marcelino Iglesias; de General Alvear, Walther Marcolini; de Tupungato, Gustavo Soto; de Godoy Cruz, Tadeo Garc&iacute;a Zalazar, y de Jun&iacute;n, Francisco Ruiz.<\/p>\n\n\n\n<p>Cabe destacar que se efectuaron reuniones de trabajo en conjunto entre personal del Ministerio de Hacienda y Finanzas de Mendoza, de la Administraci&oacute;n Tributaria Mendoza, secretarios de Hacienda y directores generales de Rentas de casi todos los municipios, proponiendo y deliberando cada una de las disposiciones que conforman el documento.<br>Durante la jornada se llevaron a cabo diferentes exposiciones que estuvieron a cargo de Jorge Balmaceda, secretario de Econom&iacute;a e Ingresos P&uacute;blicos de Luj&aacute;n de Cuyo; Jimena Politino, coordinadora de Ingresos P&uacute;blicos de Luj&aacute;n de Cuyo; Alicia Z&aacute;rate, secretaria de Hacienda de Guaymall&eacute;n; M&oacute;nica Fr&iacute;as, directora de Rentas de Maip&uacute;, y Walter Coronel, Cultura Tributaria de AFIP.<\/p>\n\n\n\n<p><strong>Consejo Tributario Mendoza<\/strong><\/p>\n\n\n\n<p>El Consejo Tributario Mendoza fue creado en 2007 por la Ley 7658 y est&aacute; integrado por el Ministerio de Hacienda y Finanzas, la Administraci&oacute;n Tributaria Mendoza (ATM), &aacute;reas de Hacienda de los municipios y las comisiones de Hacienda y Presupuesto de las c&aacute;maras de Senadores y de Diputados de la Legislatura provincial. Luego de varios a&ntilde;os sin sesionar, en 2016 se reanudaron las reuniones.<\/p>\n\n\n\n<p>Los objetivos del consejo son: posibilitar la homogeneizaci&oacute;n de la informaci&oacute;n de los contribuyentes de las administraciones tributarias provincial y municipal; promover el cumplimiento voluntario de las obligaciones fiscales y combatir la evasi&oacute;n, elusi&oacute;n y toda otra forma de incumplimiento; promover el intercambio de experiencias y colaboraci&oacute;n mutua; impulsar la transferencia e intercambio de tecnolog&iacute;as de administraci&oacute;n tributaria y promover el Programa de Cultura Tributaria Integral Mendoza.<\/p>\n\n\n\n<figure class=\"wp-block-gallery columns-3\"><ul class=\"blocks-gallery-grid\"><li class=\"blocks-gallery-item\"><figure><a href=\"https:\/\/www.mendoza.gov.ar\/wp-content\/uploads\/sites\/5\/2021\/03\/1DSC_3919.jpg\"><img loading=\"lazy\" width=\"700\" height=\"482\" src=\"https:\/\/www.mendoza.gov.ar\/wp-content\/uploads\/sites\/5\/2021\/03\/1DSC_3919-700x482.jpg\" alt=\"\" data-id=\"264500\" data-full-url=\"https:\/\/www.mendoza.gov.ar\/wp-content\/uploads\/sites\/5\/2021\/03\/1DSC_3919.jpg\" data-link=\"https:\/\/www.mendoza.gov.ar\/prensa\/?attachment_id=264500\" class=\"wp-image-264500 img-responsive center-block\" srcset=\"https:\/\/www.mendoza.gov.ar\/wp-content\/uploads\/sites\/5\/2021\/03\/1DSC_3919-700x482.jpg 700w, https:\/\/www.mendoza.gov.ar\/wp-content\/uploads\/sites\/5\/2021\/03\/1DSC_3919-250x172.jpg 250w, https:\/\/www.mendoza.gov.ar\/wp-content\/uploads\/sites\/5\/2021\/03\/1DSC_3919-768x528.jpg 768w, https:\/\/www.mendoza.gov.ar\/wp-content\/uploads\/sites\/5\/2021\/03\/1DSC_3919-1536x1057.jpg 1536w, https:\/\/www.mendoza.gov.ar\/wp-content\/uploads\/sites\/5\/2021\/03\/1DSC_3919-2048x1409.jpg 2048w, https:\/\/www.mendoza.gov.ar\/wp-content\/uploads\/sites\/5\/2021\/03\/1DSC_3919-120x83.jpg 120w\" sizes=\"(max-width: 700px) 100vw, 700px\"><\/a><\/figure><\/li><li class=\"blocks-gallery-item\"><figure><a href=\"https:\/\/www.mendoza.gov.ar\/wp-content\/uploads\/sites\/5\/2021\/03\/1DSC_3905.jpg\"><img loading=\"lazy\" width=\"700\" height=\"464\" src=\"https:\/\/www.mendoza.gov.ar\/wp-content\/uploads\/sites\/5\/2021\/03\/1DSC_3905-700x464.jpg\" alt=\"\" data-id=\"264501\" data-full-url=\"https:\/\/www.mendoza.gov.ar\/wp-content\/uploads\/sites\/5\/2021\/03\/1DSC_3905.jpg\" data-link=\"https:\/\/www.mendoza.gov.ar\/prensa\/?attachment_id=264501\" class=\"wp-image-264501 img-responsive center-block\" srcset=\"https:\/\/www.mendoza.gov.ar\/wp-content\/uploads\/sites\/5\/2021\/03\/1DSC_3905-700x464.jpg 700w, https:\/\/www.mendoza.gov.ar\/wp-content\/uploads\/sites\/5\/2021\/03\/1DSC_3905-250x166.jpg 250w, https:\/\/www.mendoza.gov.ar\/wp-content\/uploads\/sites\/5\/2021\/03\/1DSC_3905-768x509.jpg 768w, https:\/\/www.mendoza.gov.ar\/wp-content\/uploads\/sites\/5\/2021\/03\/1DSC_3905-1536x1017.jpg 1536w, https:\/\/www.mendoza.gov.ar\/wp-content\/uploads\/sites\/5\/2021\/03\/1DSC_3905-2048x1356.jpg 2048w, https:\/\/www.mendoza.gov.ar\/wp-content\/uploads\/sites\/5\/2021\/03\/1DSC_3905-120x79.jpg 120w\" sizes=\"(max-width: 700px) 100vw, 700px\"><\/a><\/figure><\/li><li class=\"blocks-gallery-item\"><figure><a href=\"https:\/\/www.mendoza.gov.ar\/wp-content\/uploads\/sites\/5\/2021\/03\/1DSC_3926.jpg\"><img loading=\"lazy\" width=\"700\" height=\"464\" src=\"https:\/\/www.mendoza.gov.ar\/wp-content\/uploads\/sites\/5\/2021\/03\/1DSC_3926-700x464.jpg\" alt=\"\" data-id=\"264502\" data-full-url=\"https:\/\/www.mendoza.gov.ar\/wp-content\/uploads\/sites\/5\/2021\/03\/1DSC_3926.jpg\" data-link=\"https:\/\/www.mendoza.gov.ar\/prensa\/?attachment_id=264502\" class=\"wp-image-264502 img-responsive center-block\" srcset=\"https:\/\/www.mendoza.gov.ar\/wp-content\/uploads\/sites\/5\/2021\/03\/1DSC_3926-700x464.jpg 700w, https:\/\/www.mendoza.gov.ar\/wp-content\/uploads\/sites\/5\/2021\/03\/1DSC_3926-250x166.jpg 250w, https:\/\/www.mendoza.gov.ar\/wp-content\/uploads\/sites\/5\/2021\/03\/1DSC_3926-768x509.jpg 768w, https:\/\/www.mendoza.gov.ar\/wp-content\/uploads\/sites\/5\/2021\/03\/1DSC_3926-1536x1017.jpg 1536w, https:\/\/www.mendoza.gov.ar\/wp-content\/uploads\/sites\/5\/2021\/03\/1DSC_3926-2048x1356.jpg 2048w, https:\/\/www.mendoza.gov.ar\/wp-content\/uploads\/sites\/5\/2021\/03\/1DSC_3926-120x79.jpg 120w\" sizes=\"(max-width: 700px) 100vw, 700px\"><\/a><\/figure><\/li><li class=\"blocks-gallery-item\"><figure><a href=\"https:\/\/www.mendoza.gov.ar\/wp-content\/uploads\/sites\/5\/2021\/03\/1DSC_3929.jpg\"><img loading=\"lazy\" width=\"700\" height=\"464\" src=\"https:\/\/www.mendoza.gov.ar\/wp-content\/uploads\/sites\/5\/2021\/03\/1DSC_3929-700x464.jpg\" alt=\"\" data-id=\"264503\" data-full-url=\"https:\/\/www.mendoza.gov.ar\/wp-content\/uploads\/sites\/5\/2021\/03\/1DSC_3929.jpg\" data-link=\"https:\/\/www.mendoza.gov.ar\/prensa\/?attachment_id=264503\" class=\"wp-image-264503 img-responsive center-block\" srcset=\"https:\/\/www.mendoza.gov.ar\/wp-content\/uploads\/sites\/5\/2021\/03\/1DSC_3929-700x464.jpg 700w, https:\/\/www.mendoza.gov.ar\/wp-content\/uploads\/sites\/5\/2021\/03\/1DSC_3929-250x166.jpg 250w, https:\/\/www.mendoza.gov.ar\/wp-content\/uploads\/sites\/5\/2021\/03\/1DSC_3929-768x509.jpg 768w, https:\/\/www.mendoza.gov.ar\/wp-content\/uploads\/sites\/5\/2021\/03\/1DSC_3929-1536x1017.jpg 1536w, https:\/\/www.mendoza.gov.ar\/wp-content\/uploads\/sites\/5\/2021\/03\/1DSC_3929-2048x1356.jpg 2048w, https:\/\/www.mendoza.gov.ar\/wp-content\/uploads\/sites\/5\/2021\/03\/1DSC_3929-120x79.jpg 120w\" sizes=\"(max-width: 700px) 100vw, 700px\"><\/a><\/figure><\/li><li class=\"blocks-gallery-item\"><figure><a href=\"https:\/\/www.mendoza.gov.ar\/wp-content\/uploads\/sites\/5\/2021\/03\/1DSC_3896.jpg\"><img loading=\"lazy\" width=\"700\" height=\"464\" src=\"https:\/\/www.mendoza.gov.ar\/wp-content\/uploads\/sites\/5\/2021\/03\/1DSC_3896-700x464.jpg\" alt=\"\" data-id=\"264504\" data-full-url=\"https:\/\/www.mendoza.gov.ar\/wp-content\/uploads\/sites\/5\/2021\/03\/1DSC_3896.jpg\" data-link=\"https:\/\/www.mendoza.gov.ar\/prensa\/?attachment_id=264504\" class=\"wp-image-264504 img-responsive center-block\" srcset=\"https:\/\/www.mendoza.gov.ar\/wp-content\/uploads\/sites\/5\/2021\/03\/1DSC_3896-700x464.jpg 700w, https:\/\/www.mendoza.gov.ar\/wp-content\/uploads\/sites\/5\/2021\/03\/1DSC_3896-250x166.jpg 250w, https:\/\/www.mendoza.gov.ar\/wp-content\/uploads\/sites\/5\/2021\/03\/1DSC_3896-768x509.jpg 768w, https:\/\/www.mendoza.gov.ar\/wp-content\/uploads\/sites\/5\/2021\/03\/1DSC_3896-1536x1017.jpg 1536w, https:\/\/www.mendoza.gov.ar\/wp-content\/uploads\/sites\/5\/2021\/03\/1DSC_3896-2048x1356.jpg 2048w, https:\/\/www.mendoza.gov.ar\/wp-content\/uploads\/sites\/5\/2021\/03\/1DSC_3896-120x79.jpg 120w\" sizes=\"(max-width: 700px) 100vw, 700px\"><\/a><\/figure><\/li><li class=\"blocks-gallery-item\"><figure><a href=\"https:\/\/www.mendoza.gov.ar\/wp-content\/uploads\/sites\/5\/2021\/03\/1DSC_3841.jpg\"><img loading=\"lazy\" width=\"700\" height=\"464\" src=\"https:\/\/www.mendoza.gov.ar\/wp-content\/uploads\/sites\/5\/2021\/03\/1DSC_3841-700x464.jpg\" alt=\"\" data-id=\"264505\" data-full-url=\"https:\/\/www.mendoza.gov.ar\/wp-content\/uploads\/sites\/5\/2021\/03\/1DSC_3841.jpg\" data-link=\"https:\/\/www.mendoza.gov.ar\/prensa\/?attachment_id=264505\" class=\"wp-image-264505 img-responsive center-block\" srcset=\"https:\/\/www.mendoza.gov.ar\/wp-content\/uploads\/sites\/5\/2021\/03\/1DSC_3841-700x464.jpg 700w, https:\/\/www.mendoza.gov.ar\/wp-content\/uploads\/sites\/5\/2021\/03\/1DSC_3841-250x166.jpg 250w, https:\/\/www.mendoza.gov.ar\/wp-content\/uploads\/sites\/5\/2021\/03\/1DSC_3841-768x509.jpg 768w, https:\/\/www.mendoza.gov.ar\/wp-content\/uploads\/sites\/5\/2021\/03\/1DSC_3841-1536x1017.jpg 1536w, https:\/\/www.mendoza.gov.ar\/wp-content\/uploads\/sites\/5\/2021\/03\/1DSC_3841-2048x1356.jpg 2048w, https:\/\/www.mendoza.gov.ar\/wp-content\/uploads\/sites\/5\/2021\/03\/1DSC_3841-120x79.jpg 120w\" sizes=\"(max-width: 700px) 100vw, 700px\"><\/a><\/figure><\/li><li class=\"blocks-gallery-item\"><figure><a href=\"https:\/\/www.mendoza.gov.ar\/wp-content\/uploads\/sites\/5\/2021\/03\/1DSC_3873.jpg\"><img loading=\"lazy\" width=\"700\" height=\"481\" src=\"https:\/\/www.mendoza.gov.ar\/wp-content\/uploads\/sites\/5\/2021\/03\/1DSC_3873-700x481.jpg\" alt=\"\" data-id=\"264506\" data-full-url=\"https:\/\/www.mendoza.gov.ar\/wp-content\/uploads\/sites\/5\/2021\/03\/1DSC_3873.jpg\" data-link=\"https:\/\/www.mendoza.gov.ar\/prensa\/?attachment_id=264506\" class=\"wp-image-264506 img-responsive center-block\" srcset=\"https:\/\/www.mendoza.gov.ar\/wp-content\/uploads\/sites\/5\/2021\/03\/1DSC_3873-700x481.jpg 700w, https:\/\/www.mendoza.gov.ar\/wp-content\/uploads\/sites\/5\/2021\/03\/1DSC_3873-250x172.jpg 250w, https:\/\/www.mendoza.gov.ar\/wp-content\/uploads\/sites\/5\/2021\/03\/1DSC_3873-768x528.jpg 768w, https:\/\/www.mendoza.gov.ar\/wp-content\/uploads\/sites\/5\/2021\/03\/1DSC_3873-1536x1056.jpg 1536w, https:\/\/www.mendoza.gov.ar\/wp-content\/uploads\/sites\/5\/2021\/03\/1DSC_3873-2048x1408.jpg 2048w, https:\/\/www.mendoza.gov.ar\/wp-content\/uploads\/sites\/5\/2021\/03\/1DSC_3873-120x82.jpg 120w\" sizes=\"(max-width: 700px) 100vw, 700px\"><\/a><\/figure><\/li><li class=\"blocks-gallery-item\"><figure><a href=\"https:\/\/www.mendoza.gov.ar\/wp-content\/uploads\/sites\/5\/2021\/03\/1DSC_3835.jpg\"><img loading=\"lazy\" width=\"700\" height=\"466\" src=\"https:\/\/www.mendoza.gov.ar\/wp-content\/uploads\/sites\/5\/2021\/03\/1DSC_3835-700x466.jpg\" alt=\"\" data-id=\"264507\" data-full-url=\"https:\/\/www.mendoza.gov.ar\/wp-content\/uploads\/sites\/5\/2021\/03\/1DSC_3835.jpg\" data-link=\"https:\/\/www.mendoza.gov.ar\/prensa\/?attachment_id=264507\" class=\"wp-image-264507 img-responsive center-block\" srcset=\"https:\/\/www.mendoza.gov.ar\/wp-content\/uploads\/sites\/5\/2021\/03\/1DSC_3835-700x466.jpg 700w, https:\/\/www.mendoza.gov.ar\/wp-content\/uploads\/sites\/5\/2021\/03\/1DSC_3835-250x166.jpg 250w, https:\/\/www.mendoza.gov.ar\/wp-content\/uploads\/sites\/5\/2021\/03\/1DSC_3835-768x511.jpg 768w, https:\/\/www.mendoza.gov.ar\/wp-content\/uploads\/sites\/5\/2021\/03\/1DSC_3835-1536x1023.jpg 1536w, https:\/\/www.mendoza.gov.ar\/wp-content\/uploads\/sites\/5\/2021\/03\/1DSC_3835-2048x1364.jpg 2048w, https:\/\/www.mendoza.gov.ar\/wp-content\/uploads\/sites\/5\/2021\/03\/1DSC_3835-120x80.jpg 120w\" sizes=\"(max-width: 700px) 100vw, 700px\"><\/a><\/figure><\/li><li class=\"blocks-gallery-item\"><figure><a href=\"https:\/\/www.mendoza.gov.ar\/wp-content\/uploads\/sites\/5\/2021\/03\/1DSC_3885.jpg\"><img loading=\"lazy\" width=\"700\" height=\"464\" src=\"https:\/\/www.mendoza.gov.ar\/wp-content\/uploads\/sites\/5\/2021\/03\/1DSC_3885-700x464.jpg\" alt=\"\" data-id=\"264508\" data-full-url=\"https:\/\/www.mendoza.gov.ar\/wp-content\/uploads\/sites\/5\/2021\/03\/1DSC_3885.jpg\" data-link=\"https:\/\/www.mendoza.gov.ar\/prensa\/?attachment_id=264508\" class=\"wp-image-264508 img-responsive center-block\" srcset=\"https:\/\/www.mendoza.gov.ar\/wp-content\/uploads\/sites\/5\/2021\/03\/1DSC_3885-700x464.jpg 700w, https:\/\/www.mendoza.gov.ar\/wp-content\/uploads\/sites\/5\/2021\/03\/1DSC_3885-250x166.jpg 250w, https:\/\/www.mendoza.gov.ar\/wp-content\/uploads\/sites\/5\/2021\/03\/1DSC_3885-768x509.jpg 768w, https:\/\/www.mendoza.gov.ar\/wp-content\/uploads\/sites\/5\/2021\/03\/1DSC_3885-1536x1017.jpg 1536w, https:\/\/www.mendoza.gov.ar\/wp-content\/uploads\/sites\/5\/2021\/03\/1DSC_3885-2048x1356.jpg 2048w, https:\/\/www.mendoza.gov.ar\/wp-content\/uploads\/sites\/5\/2021\/03\/1DSC_3885-120x79.jpg 120w\" sizes=\"(max-width: 700px) 100vw, 700px\"><\/a><\/figure><\/li><\/ul><\/figure>\n\n\n\n<div class=\"wp-block-group\"><div class=\"wp-block-group__inner-container\">\n<figure class=\"wp-block-image\" id=\"block-6ced38ce-cf36-43a4-bda2-6d6ecc045941\"><img src=\"https:\/\/www.mendoza.gov.ar\/prensa\/wp-content\/uploads\/sites\/5\/2020\/03\/WhatsApp-Image-2020-03-17-at-6.23.29-PM-1.jpeg\" alt=\"Esta imagen tiene un atributo alt vac&iacute;o; el nombre del archivo es WhatsApp-Image-2020-03-17-at-6.23.29-PM-1.jpeg\" class=\" img-responsive center-block\"><\/figure>\n\n\n\n<p class=\"has-text-align-center\" id=\"block-4672d608-8a30-472c-91ba-07e641c39018\"><a rel=\"noreferrer noopener\" href=\"https:\/\/www.mendoza.gov.ar\/prensa\/covid-19\/\" target=\"_blank\"><strong>Clic aqu&iacute; para ver m&aacute;s noticias sobre coronavirus<\/strong><\/a><\/p>\n\n\n\n<figure class=\"wp-block-image\" id=\"block-679c5d04-4f24-4464-a49a-df7b140e38eb\"><img src=\"https:\/\/www.mendoza.gov.ar\/prensa\/wp-content\/uploads\/sites\/5\/2020\/03\/WhatsApp-Image-2020-03-17-at-6.23.29-PM-1.jpeg\" alt=\"Esta imagen tiene un atributo alt vac&iacute;o; el nombre del archivo es WhatsApp-Image-2020-03-17-at-6.23.29-PM-1.jpeg\" class=\" img-responsive center-block\"><\/figure>\n\n\n\n<p class=\"has-text-align-center\" id=\"block-e70c843d-9c55-4a54-a13e-110b356d59f8\"><strong><a rel=\"noreferrer noopener\" href=\"https:\/\/www.mendoza.gov.ar\/prensa\/comunicados\/\" target=\"_blank\">Clic aqu&iacute; para ver los comunicados del Ministerio de Salud<\/a><\/strong><\/p>\n\n\n\n<figure class=\"wp-block-image\" id=\"block-55da5334-2597-4644-a2ad-ad62409c9f96\"><img src=\"https:\/\/www.mendoza.gov.ar\/prensa\/wp-content\/uploads\/sites\/5\/2020\/03\/WhatsApp-Image-2020-03-17-at-6.23.29-PM-1.jpeg\" alt=\"Esta imagen tiene un atributo alt vac&iacute;o; el nombre del archivo es WhatsApp-Image-2020-03-17-at-6.23.29-PM-1.jpeg\" class=\" img-responsive center-block\"><\/figure>\n\n\n\n<p class=\"has-text-align-center\" id=\"block-f052e2af-737b-4a93-aa6a-293bed4ff9e2\"><strong><a rel=\"noreferrer noopener\" href=\"https:\/\/www.mendoza.gov.ar\/coronavirus\" target=\"_blank\">www.mendoza.gov.ar\/coronavirus<\/a><\/strong><\/p>\n<\/div><\/div>\n<\/body><\/html>\n","protected":false},"excerpt":{"rendered":"Fue en el marco de la reuni&oacute;n de la Comisi&oacute;n Plenaria del Consejo Tributario. Participaron miembros del Ministerio de Hacienda y Finanzas y ATM de la Provincia, las &aacute;reas de Hacienda de los municipios y las comisiones de Hacienda y Presupuesto de la Legislatura provincial. Se realiz&oacute; ese viernes la primera reuni&oacute;n del a&ntilde;o de&#8230; <a class=\"view-article\" href=\"https:\/\/www.mendoza.gov.ar\/prensa\/consejo-tributario-se-firmo-el-acuerdo-para-avanzar-en-la-implementacion-del-nuevo-codigo-tributario-municipal-armonizado\/\"><\/a>","protected":false},"author":68,"featured_media":264502,"comment_status":"open","ping_status":"open","sticky":false,"template":"","format":"standard","meta":[],"categories":[21],"tags":[],"_links":{"self":[{"href":"https:\/\/www.mendoza.gov.ar\/prensa\/wp-json\/wp\/v2\/posts\/264499"}],"collection":[{"href":"https:\/\/www.mendoza.gov.ar\/prensa\/wp-json\/wp\/v2\/posts"}],"about":[{"href":"https:\/\/www.mendoza.gov.ar\/prensa\/wp-json\/wp\/v2\/types\/post"}],"author":[{"embeddable":true,"href":"https:\/\/www.mendoza.gov.ar\/prensa\/wp-json\/wp\/v2\/users\/68"}],"replies":[{"embeddable":true,"href":"https:\/\/www.mendoza.gov.ar\/prensa\/wp-json\/wp\/v2\/comments?post=264499"}],"version-history":[{"count":6,"href":"https:\/\/www.mendoza.gov.ar\/prensa\/wp-json\/wp\/v2\/posts\/264499\/revisions"}],"predecessor-version":[{"id":264572,"href":"https:\/\/www.mendoza.gov.ar\/prensa\/wp-json\/wp\/v2\/posts\/264499\/revisions\/264572"}],"wp:featuredmedia":[{"embeddable":true,"href":"https:\/\/www.mendoza.gov.ar\/prensa\/wp-json\/wp\/v2\/media\/264502"}],"wp:attachment":[{"href":"https:\/\/www.mendoza.gov.ar\/prensa\/wp-json\/wp\/v2\/media?parent=264499"}],"wp:term":[{"taxonomy":"category","embeddable":true,"href":"https:\/\/www.mendoza.gov.ar\/prensa\/wp-json\/wp\/v2\/categories?post=264499"},{"taxonomy":"post_tag","embeddable":true,"href":"https:\/\/www.mendoza.gov.ar\/prensa\/wp-json\/wp\/v2\/tags?post=264499"}],"curies":[{"name":"wp","href":"https:\/\/api.w.org\/{rel}","templated":true}]}}