{"id":264948,"date":"2021-03-31T12:15:00","date_gmt":"2021-03-31T15:15:00","guid":{"rendered":"https:\/\/www.mendoza.gov.ar\/prensa\/?p=264948"},"modified":"2021-03-31T15:20:45","modified_gmt":"2021-03-31T18:20:45","slug":"salud-realizara-testeos-rapidos-de-covid-19-en-puntos-turisticos","status":"publish","type":"post","link":"https:\/\/www.mendoza.gov.ar\/prensa\/salud-realizara-testeos-rapidos-de-covid-19-en-puntos-turisticos\/","title":{"rendered":"Salud realizar\u00e1 testeos r\u00e1pidos de COVID-19 en puntos tur\u00edsticos"},"content":{"rendered":"<!DOCTYPE html PUBLIC \"-\/\/W3C\/\/DTD HTML 4.0 Transitional\/\/EN\" \"http:\/\/www.w3.org\/TR\/REC-html40\/loose.dtd\">\n<html><body><h5>Desde hoy y hasta el domingo se realizar&aacute;n hisopados a personas que posean alg&uacute;n tipo de s&iacute;ntoma. Adem&aacute;s, continuar&aacute; la vacunaci&oacute;n a adultos mayores el Jueves y Viernes Santo.<\/h5>\n\n\n\n<p>El Ministerio de Salud Desarrollo Social y Deportes comunic&oacute; que desde hoy y hasta el domingo pr&oacute;ximo se realizar&aacute;n testeos r&aacute;pidos, con motivo del aumento de la circulaci&oacute;n de personas en Semana Santa.<\/p>\n\n\n\n<p>Esta acci&oacute;n, que estar&aacute; dispuesta en distintos puntos de la provincia, permite que las personas cuenten de un espacio adicional para realizar el testeo en caso de presentar s&iacute;ntomas y configurar un caso sospechoso.<\/p>\n\n\n\n<p>El objetivo es poder hacer testeos donde hay mayor circulaci&oacute;n de personas y concretar diagn&oacute;sticos oportunos.<\/p>\n\n\n\n<p>Esta estrategia se lleva adelante teniendo en cuenta que en Semana Santa aumenta la movilidad de la poblaci&oacute;n con fines tur&iacute;sticos en la provincia de Mendoza. Por esto, el Ministerio de Salud plantea aumentar la capacidad y accesibilidad de testeo para quienes lo requieran.<\/p>\n\n\n\n<p>Al respecto, la subsecretaria de Planificaci&oacute;n y Coberturas Sanitarias, Mariana Alvarez, indic&oacute;: &ldquo;Tenemos puntos de testeo en toda la provincia, en lugares tur&iacute;sticos como en Parque General San Martin, en Potrerillos, el Manzano Hist&oacute;rico; la Villa 25 de Mayo y El Nihuil, en el caso de San Rafael, as&iacute; como en los hospitales cabecera del Este.<\/p>\n\n\n\n<p>&ldquo;Si alguna persona sea turista o no -agreg&oacute;- que transita por Mendoza comienza con alg&uacute;n tipo de s&iacute;ntomas y siente alguna necesidad de hacerse el testeo, tiene que dirigirse espont&aacute;neamente a estos lugares. Desde hoy al domingo vamos a trabajar all&iacute;, ya que esos puntos son importantes como referencia para el control de la evoluci&oacute;n de la pandemia, para ir viendo la cantidad de casos positivos que pueden surgir y tambi&eacute;n son muestras que nos van a ayudar para ir tomando decisiones d&iacute;a a d&iacute;a&rdquo;, aclar&oacute; la subsecretaria.<\/p>\n\n\n\n<p><strong>Puestos de testeos tur&iacute;sticos<\/strong><\/p>\n\n\n\n<p><em>Capital<\/em><\/p>\n\n\n\n<p>&bull; Lugar: Puesto en el Parque General San Mart&iacute;n.<\/p>\n\n\n\n<p>&bull; D&iacute;as: 31 de marzo; 1, 2, 3 y 4 de abril.<\/p>\n\n\n\n<p>&bull; Horario: 9 a 13.<\/p>\n\n\n\n<p><em>Luj&aacute;n de Cuyo<\/em><\/p>\n\n\n\n<p>&bull; Lugar: Puesto en Potrerillos.<\/p>\n\n\n\n<p>&bull; D&iacute;as: 31 de marzo; 1, 2, 3 y 4 de abril.<\/p>\n\n\n\n<p>&bull; Horario: 8 a 18.<\/p>\n\n\n\n<p><em>San Rafael<\/em><\/p>\n\n\n\n<p>&bull;Lugar: Puesto en El Nihuil.<\/p>\n\n\n\n<p>&bull; D&iacute;as: 31 de marzo; 1, 2, 3 y 4 de abril.<\/p>\n\n\n\n<p>&bull; Horario: 8 a 18.<\/p>\n\n\n\n<p>&bull; Lugar: Puesto en Villa 25 de Mayo.<\/p>\n\n\n\n<p>&bull;D&iacute;as: 31 de marzo; 1, 2, 3 y 4 de abril.<\/p>\n\n\n\n<p>&bull; Horario: 8 a 18.<\/p>\n\n\n\n<p><em>Malarg&uuml;e<\/em><\/p>\n\n\n\n<p>&bull; Lugar: Puesto en el Hospital Regional Malarg&uuml;e.<\/p>\n\n\n\n<p>&bull; D&iacute;as: 31 de marzo; 1, 2, 3 y 4 de abril.<\/p>\n\n\n\n<p>&bull; Horario: 9 a 13.<\/p>\n\n\n\n<p><em>General Alvear<\/em><\/p>\n\n\n\n<p>&bull; Lugar: Puesto en el Hospital Enfermeros Argentinos.<\/p>\n\n\n\n<p>&bull; D&iacute;as: 31 de marzo; 1, 2, 3 y 4 de abril.<\/p>\n\n\n\n<p>&bull; Horario: 9 a 13.<\/p>\n\n\n\n<p><em>Tunuy&aacute;n<\/em><\/p>\n\n\n\n<p>&bull; Lugar: Puesto en El Manzano.<\/p>\n\n\n\n<p>&bull;&nbsp; D&iacute;as: 1, 2, 3 y 4 de abril.<\/p>\n\n\n\n<p>&bull; Horario: 10 a 18.<\/p>\n\n\n\n<p><em>Rivadavia<\/em><\/p>\n\n\n\n<p>&bull; Lugar: Puesto en el Hospital Saporiti.<\/p>\n\n\n\n<p>&bull; D&iacute;as: 1, 2, 3 y 4 de abril.<\/p>\n\n\n\n<p>&bull; Horario: 8 a 16.<\/p>\n\n\n\n<p><em>San Mart&iacute;n<\/em><\/p>\n\n\n\n<p>&bull; Lugar: Puesto en el Hospital Perrupato.<\/p>\n\n\n\n<p>&bull; D&iacute;as: 1, 2, 3 y 4 de abril.<\/p>\n\n\n\n<p>&bull; Horario: 8 a 16.<\/p>\n\n\n\n<p><strong>Campa&ntilde;a de vacunaci&oacute;n<\/strong><\/p>\n\n\n\n<p>Por otra parte, la ministra Ana Mar&iacute;a Nadal confirm&oacute; esta ma&ntilde;ana que continuar&aacute;n con la campa&ntilde;a de vacunaci&oacute;n a adultos mayores de 70 a&ntilde;os durante el Jueves y Viernes Santo. La metodolog&iacute;a de aviso ser&aacute; la misma: a trav&eacute;s de mensaje de texto o al correo electr&oacute;nico.<\/p>\n\n\n\n<p>En los departamentos del Gran Mendoza, continuar&aacute;n con la inoculaci&oacute;n de primeras dosis, mientras que en el Este y el Sur provincial, previa notificaci&oacute;n, comenzar&aacute;n con la aplicaci&oacute;n de segundas dosis, de acuerdo con el calendario establecido y con la disponibilidad de vacunas.<\/p>\n\n\n\n<figure class=\"wp-block-image size-large\"><img loading=\"lazy\" width=\"700\" height=\"525\" src=\"https:\/\/www.mendoza.gov.ar\/wp-content\/uploads\/sites\/5\/2021\/03\/Testeos-700x525.jpg\" alt=\"\" class=\"wp-image-264951 img-responsive center-block\" srcset=\"https:\/\/www.mendoza.gov.ar\/wp-content\/uploads\/sites\/5\/2021\/03\/Testeos-700x525.jpg 700w, https:\/\/www.mendoza.gov.ar\/wp-content\/uploads\/sites\/5\/2021\/03\/Testeos-250x188.jpg 250w, https:\/\/www.mendoza.gov.ar\/wp-content\/uploads\/sites\/5\/2021\/03\/Testeos-768x576.jpg 768w, https:\/\/www.mendoza.gov.ar\/wp-content\/uploads\/sites\/5\/2021\/03\/Testeos-120x90.jpg 120w, https:\/\/www.mendoza.gov.ar\/wp-content\/uploads\/sites\/5\/2021\/03\/Testeos.jpg 1024w\" sizes=\"(max-width: 700px) 100vw, 700px\"><\/figure>\n\n\n\n<figure class=\"wp-block-image\" id=\"block-a18997b0-1367-4e33-85ce-3dc950f738d4\"><img src=\"https:\/\/www.mendoza.gov.ar\/prensa\/wp-content\/uploads\/sites\/5\/2020\/03\/WhatsApp-Image-2020-03-17-at-6.23.29-PM-1.jpeg\" alt=\"Esta imagen tiene un atributo alt vac&iacute;o; el nombre del archivo es WhatsApp-Image-2020-03-17-at-6.23.29-PM-1.jpeg\" class=\" img-responsive center-block\"><\/figure>\n\n\n\n<p id=\"block-f9557cb3-1410-41dd-ae9f-2c87323fbfbb\"><a rel=\"noreferrer noopener\" href=\"https:\/\/www.mendoza.gov.ar\/prensa\/covid-19\/\" target=\"_blank\"><strong>Clic aqu&iacute; para ver m&aacute;s noticias sobre coronavirus<\/strong><\/a><\/p>\n\n\n\n<figure class=\"wp-block-image\" id=\"block-0bcded13-f630-4971-b95a-29d037a211a6\"><img src=\"https:\/\/www.mendoza.gov.ar\/prensa\/wp-content\/uploads\/sites\/5\/2020\/03\/WhatsApp-Image-2020-03-17-at-6.23.29-PM-1.jpeg\" alt=\"Esta imagen tiene un atributo alt vac&iacute;o; el nombre del archivo es WhatsApp-Image-2020-03-17-at-6.23.29-PM-1.jpeg\" class=\" img-responsive center-block\"><\/figure>\n\n\n\n<p id=\"block-4d6e88d0-4cde-4d98-bd02-16f71fea9e7c\"><strong><a rel=\"noreferrer noopener\" href=\"https:\/\/www.mendoza.gov.ar\/prensa\/comunicados\/\" target=\"_blank\">Clic aqu&iacute; para ver los comunicados del Ministerio de Salud<\/a><\/strong><\/p>\n\n\n\n<figure class=\"wp-block-image\" id=\"block-5f7a8a5b-715d-4c13-ad3b-7f3fa2753bf6\"><img src=\"https:\/\/www.mendoza.gov.ar\/prensa\/wp-content\/uploads\/sites\/5\/2020\/03\/WhatsApp-Image-2020-03-17-at-6.23.29-PM-1.jpeg\" alt=\"Esta imagen tiene un atributo alt vac&iacute;o; el nombre del archivo es WhatsApp-Image-2020-03-17-at-6.23.29-PM-1.jpeg\" class=\" img-responsive center-block\"><\/figure>\n\n\n\n<p id=\"block-8eea8289-7d26-4a82-8cb6-cf2fc80b47f4\"><strong><a rel=\"noreferrer noopener\" href=\"https:\/\/www.mendoza.gov.ar\/coronavirus\" target=\"_blank\">www.mendoza.gov.ar\/coronavirus<\/a><\/strong><\/p>\n<\/body><\/html>\n","protected":false},"excerpt":{"rendered":"Desde hoy y hasta el domingo se realizar&aacute;n hisopados a personas que posean alg&uacute;n tipo de s&iacute;ntoma. Adem&aacute;s, continuar&aacute; la vacunaci&oacute;n a adultos mayores el Jueves y Viernes Santo. El Ministerio de Salud Desarrollo Social y Deportes comunic&oacute; que desde hoy y hasta el domingo pr&oacute;ximo se realizar&aacute;n testeos r&aacute;pidos, con motivo del aumento de&#8230; <a class=\"view-article\" href=\"https:\/\/www.mendoza.gov.ar\/prensa\/salud-realizara-testeos-rapidos-de-covid-19-en-puntos-turisticos\/\"><\/a>","protected":false},"author":62,"featured_media":264951,"comment_status":"open","ping_status":"open","sticky":false,"template":"","format":"standard","meta":[],"categories":[32],"tags":[],"_links":{"self":[{"href":"https:\/\/www.mendoza.gov.ar\/prensa\/wp-json\/wp\/v2\/posts\/264948"}],"collection":[{"href":"https:\/\/www.mendoza.gov.ar\/prensa\/wp-json\/wp\/v2\/posts"}],"about":[{"href":"https:\/\/www.mendoza.gov.ar\/prensa\/wp-json\/wp\/v2\/types\/post"}],"author":[{"embeddable":true,"href":"https:\/\/www.mendoza.gov.ar\/prensa\/wp-json\/wp\/v2\/users\/62"}],"replies":[{"embeddable":true,"href":"https:\/\/www.mendoza.gov.ar\/prensa\/wp-json\/wp\/v2\/comments?post=264948"}],"version-history":[{"count":8,"href":"https:\/\/www.mendoza.gov.ar\/prensa\/wp-json\/wp\/v2\/posts\/264948\/revisions"}],"predecessor-version":[{"id":265035,"href":"https:\/\/www.mendoza.gov.ar\/prensa\/wp-json\/wp\/v2\/posts\/264948\/revisions\/265035"}],"wp:featuredmedia":[{"embeddable":true,"href":"https:\/\/www.mendoza.gov.ar\/prensa\/wp-json\/wp\/v2\/media\/264951"}],"wp:attachment":[{"href":"https:\/\/www.mendoza.gov.ar\/prensa\/wp-json\/wp\/v2\/media?parent=264948"}],"wp:term":[{"taxonomy":"category","embeddable":true,"href":"https:\/\/www.mendoza.gov.ar\/prensa\/wp-json\/wp\/v2\/categories?post=264948"},{"taxonomy":"post_tag","embeddable":true,"href":"https:\/\/www.mendoza.gov.ar\/prensa\/wp-json\/wp\/v2\/tags?post=264948"}],"curies":[{"name":"wp","href":"https:\/\/api.w.org\/{rel}","templated":true}]}}