{"id":265055,"date":"2021-04-01T06:51:00","date_gmt":"2021-04-01T09:51:00","guid":{"rendered":"https:\/\/www.mendoza.gov.ar\/prensa\/?p=265055"},"modified":"2021-04-01T10:13:19","modified_gmt":"2021-04-01T13:13:19","slug":"autismo-el-desafio-sera-la-deteccion-precoz","status":"publish","type":"post","link":"https:\/\/www.mendoza.gov.ar\/prensa\/autismo-el-desafio-sera-la-deteccion-precoz\/","title":{"rendered":"Autismo: el desaf\u00edo ser\u00e1 la detecci\u00f3n precoz"},"content":{"rendered":"<!DOCTYPE html PUBLIC \"-\/\/W3C\/\/DTD HTML 4.0 Transitional\/\/EN\" \"http:\/\/www.w3.org\/TR\/REC-html40\/loose.dtd\">\n<html><body><h5>El objetivo, entre otros, surgi&oacute; de una mesa de di&aacute;logo en la que particip&oacute; el Gobierno con organizaciones sociales y con familiares de personas con autismo.<\/h5>\n\n\n\n<p>En el marco del D&iacute;a Mundial de Concientizaci&oacute;n sobre el autismo, la Subsecretar&iacute;a de Desarrollo Social, a trav&eacute;s de la Direcci&oacute;n de Atenci&oacute;n a las Personas con Discapacidad, realiz&oacute; un desayuno de trabajo con organizaciones sociales, en el cual avanzaron en l&iacute;neas de acci&oacute;n necesarias como pol&iacute;ticas p&uacute;blicas destinadas a personas con autismo.<\/p>\n\n\n\n<p>Las organizaciones participantes fueron ALAS, la Asociaci&oacute;n de Padres de Ni&ntilde;os con Autismo (APNA), Autismo Mendoza, Fundaci&oacute;n Marea Azul y la Defensor&iacute;a de las personas con Discapacidad. En el encuentro se coordinaron acciones para promover la inclusi&oacute;n en un medio accesible.<\/p>\n\n\n\n<p>Debatieron acerca de la necesidad de elaborar estrategias para la visibilizaci&oacute;n en la sociedad, de las personas con Trastorno de Espectro Autista (TEA), para propiciarles mejores condiciones de vida.<br>Gabriela Ju&aacute;rez, directora de Discapacidad, sostuvo que en la mesa de di&aacute;logo se plantearon objetivos a corto, mediano y largo plazo. Respecto de los de corto plazo, &ldquo;padres y organizaciones manifestaron que en caso de que se restrinjan actividades, debido a la pandemia, no sean las de rehabilitaci&oacute;n, ya que son fundamentales para personas con autismo&rdquo;.<\/p>\n\n\n\n<p>En tanto que, a mediano y largo plazo, se propuso la realizaci&oacute;n de capacitaciones; campa&ntilde;as de concientizaci&oacute;n sobre la detecci&oacute;n de &ldquo;alertas&rdquo;, especialmente dirigida hacia los padres; sensibilizaci&oacute;n de los equipos municipales y profundizaci&oacute;n en Educaci&oacute;n Sexual Integral (ESI).<\/p>\n\n\n\n<p>Acordaron que, adem&aacute;s de la Subsecretar&iacute;a de Desarrollo Social, estos temas deber&iacute;an ser abordados por la Direcci&oacute;n General de Escuelas (DGE), en conjunto con programas de Salud Mental y Salud Reproductiva.<\/p>\n\n\n\n<p>Por su parte, Alejandro Ver&oacute;n, subsecretario de Desarrollo Social, expres&oacute; que &ldquo;fue importante dialogar acerca de la importancia que implica realizar una detecci&oacute;n precoz del autismo, para lo cual realizaremos campa&ntilde;as y sumaremos otras &aacute;reas de Gobierno para optimizar las herramientas necesarias&rdquo;. En tanto, Juan Carlos Gonz&aacute;lez, defensor de las Personas con Discapacidad, destac&oacute; que &ldquo;esta apertura a la escucha es fundamental, ya que el espectro implica una gran variedad de situaciones que deben ser abordada desde distintos &aacute;mbitos&rdquo;.<\/p>\n\n\n\n<p>&ldquo;Hoy, cada 54 ni&ntilde;os, uno nace con autismo. Frente a esto, los padres nos preguntamos qu&eacute; pasar&aacute; con ellos cuando sean adultos. Por esto y otros temas es que me parece una buena iniciativa haber realizado esta reuni&oacute;n para plantear inquietudes&rdquo;, opin&oacute; Elisa Espina, madre de un ni&ntilde;o con autismo e integrante de la Fundaci&oacute;n Mar&iacute;a Azul.<\/p>\n\n\n\n<p><strong>D&iacute;a Mundial de Concienciaci&oacute;n sobre el Autismo<\/strong><\/p>\n\n\n\n<p>La Asamblea General de las Naciones Unidas declar&oacute; por unanimidad el 2 de abril de 2007 como D&iacute;a Mundial de Concienciaci&oacute;n sobre el Autismo (A\/RES\/62\/139). Lo hizo para poner de relieve la necesidad de contribuir a la mejora de la calidad de vida de las personas con autismo, para que puedan llevar una vida plena y gratificante como parte integrante de la sociedad.<\/p>\n\n\n\n<p>Es por eso que el viernes 2, D&iacute;a mundial de Concientizaci&oacute;n sobre el Autismo, se iluminar&aacute;n de color azul los edificios de los gobiernos provinciales y municipales, acompa&ntilde;ando iniciativas internacionales.<\/p>\n\n\n\n<p>El color azul se ha transformado en un s&iacute;mbolo del autismo porque representa lo que viven a diario las familias y personas con este s&iacute;ndrome. El color azul tiene la peculiaridad de ser &ldquo;brillante como el mar en un d&iacute;a de verano y otras veces se oscurece como un mar en tempestad&rdquo;. Esta es una forma de graficar lo que les sucede a las personas y familias que se encuentran recorriendo este camino, que presenta muchos desaf&iacute;os.<\/p>\n\n\n\n<figure class=\"wp-block-gallery columns-3\"><ul class=\"blocks-gallery-grid\"><li class=\"blocks-gallery-item\"><figure><a href=\"https:\/\/www.mendoza.gov.ar\/wp-content\/uploads\/sites\/5\/2021\/04\/MG_4976.jpg\"><img loading=\"lazy\" width=\"700\" height=\"467\" src=\"https:\/\/www.mendoza.gov.ar\/wp-content\/uploads\/sites\/5\/2021\/04\/MG_4976-700x467.jpg\" alt=\"\" data-id=\"265209\" data-full-url=\"https:\/\/www.mendoza.gov.ar\/wp-content\/uploads\/sites\/5\/2021\/04\/MG_4976.jpg\" data-link=\"https:\/\/www.mendoza.gov.ar\/prensa\/?attachment_id=265209\" class=\"wp-image-265209 img-responsive center-block\" srcset=\"https:\/\/www.mendoza.gov.ar\/wp-content\/uploads\/sites\/5\/2021\/04\/MG_4976-700x467.jpg 700w, https:\/\/www.mendoza.gov.ar\/wp-content\/uploads\/sites\/5\/2021\/04\/MG_4976-250x167.jpg 250w, https:\/\/www.mendoza.gov.ar\/wp-content\/uploads\/sites\/5\/2021\/04\/MG_4976-768x512.jpg 768w, https:\/\/www.mendoza.gov.ar\/wp-content\/uploads\/sites\/5\/2021\/04\/MG_4976-1536x1024.jpg 1536w, https:\/\/www.mendoza.gov.ar\/wp-content\/uploads\/sites\/5\/2021\/04\/MG_4976-2048x1365.jpg 2048w, https:\/\/www.mendoza.gov.ar\/wp-content\/uploads\/sites\/5\/2021\/04\/MG_4976-120x80.jpg 120w\" sizes=\"(max-width: 700px) 100vw, 700px\"><\/a><\/figure><\/li><li class=\"blocks-gallery-item\"><figure><a href=\"https:\/\/www.mendoza.gov.ar\/wp-content\/uploads\/sites\/5\/2021\/04\/MG_4985.jpg\"><img loading=\"lazy\" width=\"700\" height=\"467\" src=\"https:\/\/www.mendoza.gov.ar\/wp-content\/uploads\/sites\/5\/2021\/04\/MG_4985-700x467.jpg\" alt=\"\" data-id=\"265210\" data-full-url=\"https:\/\/www.mendoza.gov.ar\/wp-content\/uploads\/sites\/5\/2021\/04\/MG_4985.jpg\" data-link=\"https:\/\/www.mendoza.gov.ar\/prensa\/?attachment_id=265210\" class=\"wp-image-265210 img-responsive center-block\" srcset=\"https:\/\/www.mendoza.gov.ar\/wp-content\/uploads\/sites\/5\/2021\/04\/MG_4985-700x467.jpg 700w, https:\/\/www.mendoza.gov.ar\/wp-content\/uploads\/sites\/5\/2021\/04\/MG_4985-250x167.jpg 250w, https:\/\/www.mendoza.gov.ar\/wp-content\/uploads\/sites\/5\/2021\/04\/MG_4985-768x512.jpg 768w, https:\/\/www.mendoza.gov.ar\/wp-content\/uploads\/sites\/5\/2021\/04\/MG_4985-1536x1024.jpg 1536w, https:\/\/www.mendoza.gov.ar\/wp-content\/uploads\/sites\/5\/2021\/04\/MG_4985-2048x1365.jpg 2048w, https:\/\/www.mendoza.gov.ar\/wp-content\/uploads\/sites\/5\/2021\/04\/MG_4985-120x80.jpg 120w\" sizes=\"(max-width: 700px) 100vw, 700px\"><\/a><\/figure><\/li><li class=\"blocks-gallery-item\"><figure><a href=\"https:\/\/www.mendoza.gov.ar\/wp-content\/uploads\/sites\/5\/2021\/04\/MG_4967.jpg\"><img loading=\"lazy\" width=\"700\" height=\"467\" src=\"https:\/\/www.mendoza.gov.ar\/wp-content\/uploads\/sites\/5\/2021\/04\/MG_4967-700x467.jpg\" alt=\"\" data-id=\"265211\" data-full-url=\"https:\/\/www.mendoza.gov.ar\/wp-content\/uploads\/sites\/5\/2021\/04\/MG_4967.jpg\" data-link=\"https:\/\/www.mendoza.gov.ar\/prensa\/?attachment_id=265211\" class=\"wp-image-265211 img-responsive center-block\" srcset=\"https:\/\/www.mendoza.gov.ar\/wp-content\/uploads\/sites\/5\/2021\/04\/MG_4967-700x467.jpg 700w, https:\/\/www.mendoza.gov.ar\/wp-content\/uploads\/sites\/5\/2021\/04\/MG_4967-250x167.jpg 250w, https:\/\/www.mendoza.gov.ar\/wp-content\/uploads\/sites\/5\/2021\/04\/MG_4967-768x512.jpg 768w, https:\/\/www.mendoza.gov.ar\/wp-content\/uploads\/sites\/5\/2021\/04\/MG_4967-1536x1024.jpg 1536w, https:\/\/www.mendoza.gov.ar\/wp-content\/uploads\/sites\/5\/2021\/04\/MG_4967-2048x1365.jpg 2048w, https:\/\/www.mendoza.gov.ar\/wp-content\/uploads\/sites\/5\/2021\/04\/MG_4967-120x80.jpg 120w\" sizes=\"(max-width: 700px) 100vw, 700px\"><\/a><\/figure><\/li><li class=\"blocks-gallery-item\"><figure><a href=\"https:\/\/www.mendoza.gov.ar\/wp-content\/uploads\/sites\/5\/2021\/04\/MG_4986.jpg\"><img loading=\"lazy\" width=\"700\" height=\"467\" src=\"https:\/\/www.mendoza.gov.ar\/wp-content\/uploads\/sites\/5\/2021\/04\/MG_4986-700x467.jpg\" alt=\"\" data-id=\"265212\" data-full-url=\"https:\/\/www.mendoza.gov.ar\/wp-content\/uploads\/sites\/5\/2021\/04\/MG_4986.jpg\" data-link=\"https:\/\/www.mendoza.gov.ar\/prensa\/?attachment_id=265212\" class=\"wp-image-265212 img-responsive center-block\" srcset=\"https:\/\/www.mendoza.gov.ar\/wp-content\/uploads\/sites\/5\/2021\/04\/MG_4986-700x467.jpg 700w, https:\/\/www.mendoza.gov.ar\/wp-content\/uploads\/sites\/5\/2021\/04\/MG_4986-250x167.jpg 250w, https:\/\/www.mendoza.gov.ar\/wp-content\/uploads\/sites\/5\/2021\/04\/MG_4986-768x512.jpg 768w, https:\/\/www.mendoza.gov.ar\/wp-content\/uploads\/sites\/5\/2021\/04\/MG_4986-1536x1024.jpg 1536w, https:\/\/www.mendoza.gov.ar\/wp-content\/uploads\/sites\/5\/2021\/04\/MG_4986-2048x1365.jpg 2048w, https:\/\/www.mendoza.gov.ar\/wp-content\/uploads\/sites\/5\/2021\/04\/MG_4986-120x80.jpg 120w\" sizes=\"(max-width: 700px) 100vw, 700px\"><\/a><\/figure><\/li><li class=\"blocks-gallery-item\"><figure><a href=\"https:\/\/www.mendoza.gov.ar\/wp-content\/uploads\/sites\/5\/2021\/04\/MG_4972.jpg\"><img loading=\"lazy\" width=\"700\" height=\"467\" src=\"https:\/\/www.mendoza.gov.ar\/wp-content\/uploads\/sites\/5\/2021\/04\/MG_4972-700x467.jpg\" alt=\"\" data-id=\"265213\" data-full-url=\"https:\/\/www.mendoza.gov.ar\/wp-content\/uploads\/sites\/5\/2021\/04\/MG_4972.jpg\" data-link=\"https:\/\/www.mendoza.gov.ar\/prensa\/?attachment_id=265213\" class=\"wp-image-265213 img-responsive center-block\" srcset=\"https:\/\/www.mendoza.gov.ar\/wp-content\/uploads\/sites\/5\/2021\/04\/MG_4972-700x467.jpg 700w, https:\/\/www.mendoza.gov.ar\/wp-content\/uploads\/sites\/5\/2021\/04\/MG_4972-250x167.jpg 250w, https:\/\/www.mendoza.gov.ar\/wp-content\/uploads\/sites\/5\/2021\/04\/MG_4972-768x512.jpg 768w, https:\/\/www.mendoza.gov.ar\/wp-content\/uploads\/sites\/5\/2021\/04\/MG_4972-1536x1024.jpg 1536w, https:\/\/www.mendoza.gov.ar\/wp-content\/uploads\/sites\/5\/2021\/04\/MG_4972-2048x1365.jpg 2048w, https:\/\/www.mendoza.gov.ar\/wp-content\/uploads\/sites\/5\/2021\/04\/MG_4972-120x80.jpg 120w\" sizes=\"(max-width: 700px) 100vw, 700px\"><\/a><\/figure><\/li><li class=\"blocks-gallery-item\"><figure><a href=\"https:\/\/www.mendoza.gov.ar\/wp-content\/uploads\/sites\/5\/2021\/04\/WhatsApp-Image-2021-04-01-at-10.09.34.jpeg\"><img src=\"https:\/\/www.mendoza.gov.ar\/wp-content\/uploads\/sites\/5\/2021\/04\/WhatsApp-Image-2021-04-01-at-10.09.34-700x466.jpeg\" alt=\"\" data-id=\"265214\" data-full-url=\"https:\/\/www.mendoza.gov.ar\/wp-content\/uploads\/sites\/5\/2021\/04\/WhatsApp-Image-2021-04-01-at-10.09.34.jpeg\" data-link=\"https:\/\/www.mendoza.gov.ar\/prensa\/?attachment_id=265214\" class=\"wp-image-265214 img-responsive center-block\"><\/a><\/figure><\/li><li class=\"blocks-gallery-item\"><figure><a href=\"https:\/\/www.mendoza.gov.ar\/wp-content\/uploads\/sites\/5\/2021\/04\/WhatsApp-Image-2021-04-01-at-10.09.36.jpeg\"><img loading=\"lazy\" width=\"700\" height=\"466\" src=\"https:\/\/www.mendoza.gov.ar\/wp-content\/uploads\/sites\/5\/2021\/04\/WhatsApp-Image-2021-04-01-at-10.09.36-700x466.jpeg\" alt=\"\" data-id=\"265215\" data-full-url=\"https:\/\/www.mendoza.gov.ar\/wp-content\/uploads\/sites\/5\/2021\/04\/WhatsApp-Image-2021-04-01-at-10.09.36.jpeg\" data-link=\"https:\/\/www.mendoza.gov.ar\/prensa\/?attachment_id=265215\" class=\"wp-image-265215 img-responsive center-block\" srcset=\"https:\/\/www.mendoza.gov.ar\/wp-content\/uploads\/sites\/5\/2021\/04\/WhatsApp-Image-2021-04-01-at-10.09.36-700x466.jpeg 700w, https:\/\/www.mendoza.gov.ar\/wp-content\/uploads\/sites\/5\/2021\/04\/WhatsApp-Image-2021-04-01-at-10.09.36-250x167.jpeg 250w, https:\/\/www.mendoza.gov.ar\/wp-content\/uploads\/sites\/5\/2021\/04\/WhatsApp-Image-2021-04-01-at-10.09.36-768x512.jpeg 768w, https:\/\/www.mendoza.gov.ar\/wp-content\/uploads\/sites\/5\/2021\/04\/WhatsApp-Image-2021-04-01-at-10.09.36-120x80.jpeg 120w, https:\/\/www.mendoza.gov.ar\/wp-content\/uploads\/sites\/5\/2021\/04\/WhatsApp-Image-2021-04-01-at-10.09.36.jpeg 1280w\" sizes=\"(max-width: 700px) 100vw, 700px\"><\/a><\/figure><\/li><\/ul><\/figure>\n\n\n\n<div class=\"wp-block-group\"><div class=\"wp-block-group__inner-container\">\n<figure class=\"wp-block-image\" id=\"block-6ced38ce-cf36-43a4-bda2-6d6ecc045941\"><img src=\"https:\/\/www.mendoza.gov.ar\/prensa\/wp-content\/uploads\/sites\/5\/2020\/03\/WhatsApp-Image-2020-03-17-at-6.23.29-PM-1.jpeg\" alt=\"Esta imagen tiene un atributo alt vac&iacute;o; el nombre del archivo es WhatsApp-Image-2020-03-17-at-6.23.29-PM-1.jpeg\" class=\" img-responsive center-block\"><\/figure>\n\n\n\n<p class=\"has-text-align-center\" id=\"block-4672d608-8a30-472c-91ba-07e641c39018\"><a rel=\"noreferrer noopener\" href=\"https:\/\/www.mendoza.gov.ar\/prensa\/covid-19\/\" target=\"_blank\"><strong>Clic aqu&iacute; para ver m&aacute;s noticias sobre coronavirus<\/strong><\/a><\/p>\n\n\n\n<figure class=\"wp-block-image\" id=\"block-679c5d04-4f24-4464-a49a-df7b140e38eb\"><img src=\"https:\/\/www.mendoza.gov.ar\/prensa\/wp-content\/uploads\/sites\/5\/2020\/03\/WhatsApp-Image-2020-03-17-at-6.23.29-PM-1.jpeg\" alt=\"Esta imagen tiene un atributo alt vac&iacute;o; el nombre del archivo es WhatsApp-Image-2020-03-17-at-6.23.29-PM-1.jpeg\" class=\" img-responsive center-block\"><\/figure>\n\n\n\n<p class=\"has-text-align-center\" id=\"block-e70c843d-9c55-4a54-a13e-110b356d59f8\"><strong><a rel=\"noreferrer noopener\" href=\"https:\/\/www.mendoza.gov.ar\/prensa\/comunicados\/\" target=\"_blank\">Clic aqu&iacute; para ver los comunicados del Ministerio de Salud<\/a><\/strong><\/p>\n\n\n\n<figure class=\"wp-block-image\" id=\"block-55da5334-2597-4644-a2ad-ad62409c9f96\"><img src=\"https:\/\/www.mendoza.gov.ar\/prensa\/wp-content\/uploads\/sites\/5\/2020\/03\/WhatsApp-Image-2020-03-17-at-6.23.29-PM-1.jpeg\" alt=\"Esta imagen tiene un atributo alt vac&iacute;o; el nombre del archivo es WhatsApp-Image-2020-03-17-at-6.23.29-PM-1.jpeg\" class=\" img-responsive center-block\"><\/figure>\n\n\n\n<p class=\"has-text-align-center\" id=\"block-f052e2af-737b-4a93-aa6a-293bed4ff9e2\"><strong><a rel=\"noreferrer noopener\" href=\"https:\/\/www.mendoza.gov.ar\/coronavirus\" target=\"_blank\">www.mendoza.gov.ar\/coronavirus<\/a><\/strong><\/p>\n<\/div><\/div>\n<\/body><\/html>\n","protected":false},"excerpt":{"rendered":"El objetivo, entre otros, surgi&oacute; de una mesa de di&aacute;logo en la que particip&oacute; el Gobierno con organizaciones sociales y con familiares de personas con autismo. En el marco del D&iacute;a Mundial de Concientizaci&oacute;n sobre el autismo, la Subsecretar&iacute;a de Desarrollo Social, a trav&eacute;s de la Direcci&oacute;n de Atenci&oacute;n a las Personas con Discapacidad, realiz&oacute;&#8230; <a class=\"view-article\" href=\"https:\/\/www.mendoza.gov.ar\/prensa\/autismo-el-desafio-sera-la-deteccion-precoz\/\"><\/a>","protected":false},"author":68,"featured_media":265214,"comment_status":"open","ping_status":"open","sticky":false,"template":"","format":"standard","meta":[],"categories":[11],"tags":[],"_links":{"self":[{"href":"https:\/\/www.mendoza.gov.ar\/prensa\/wp-json\/wp\/v2\/posts\/265055"}],"collection":[{"href":"https:\/\/www.mendoza.gov.ar\/prensa\/wp-json\/wp\/v2\/posts"}],"about":[{"href":"https:\/\/www.mendoza.gov.ar\/prensa\/wp-json\/wp\/v2\/types\/post"}],"author":[{"embeddable":true,"href":"https:\/\/www.mendoza.gov.ar\/prensa\/wp-json\/wp\/v2\/users\/68"}],"replies":[{"embeddable":true,"href":"https:\/\/www.mendoza.gov.ar\/prensa\/wp-json\/wp\/v2\/comments?post=265055"}],"version-history":[{"count":7,"href":"https:\/\/www.mendoza.gov.ar\/prensa\/wp-json\/wp\/v2\/posts\/265055\/revisions"}],"predecessor-version":[{"id":265216,"href":"https:\/\/www.mendoza.gov.ar\/prensa\/wp-json\/wp\/v2\/posts\/265055\/revisions\/265216"}],"wp:featuredmedia":[{"embeddable":true,"href":"https:\/\/www.mendoza.gov.ar\/prensa\/wp-json\/wp\/v2\/media\/265214"}],"wp:attachment":[{"href":"https:\/\/www.mendoza.gov.ar\/prensa\/wp-json\/wp\/v2\/media?parent=265055"}],"wp:term":[{"taxonomy":"category","embeddable":true,"href":"https:\/\/www.mendoza.gov.ar\/prensa\/wp-json\/wp\/v2\/categories?post=265055"},{"taxonomy":"post_tag","embeddable":true,"href":"https:\/\/www.mendoza.gov.ar\/prensa\/wp-json\/wp\/v2\/tags?post=265055"}],"curies":[{"name":"wp","href":"https:\/\/api.w.org\/{rel}","templated":true}]}}