{"id":265084,"date":"2021-04-03T02:17:00","date_gmt":"2021-04-03T05:17:00","guid":{"rendered":"https:\/\/www.mendoza.gov.ar\/prensa\/?p=265084"},"modified":"2021-04-03T03:06:16","modified_gmt":"2021-04-03T06:06:16","slug":"salud-realizara-diferentes-jornadas-para-conmemorar-el-dia-mundial-de-la-actividad-fisica","status":"publish","type":"post","link":"https:\/\/www.mendoza.gov.ar\/prensa\/salud-realizara-diferentes-jornadas-para-conmemorar-el-dia-mundial-de-la-actividad-fisica\/","title":{"rendered":"Salud realizar\u00e1 diferentes jornadas para conmemorar el D\u00eda Mundial de la Actividad F\u00edsica"},"content":{"rendered":"<!DOCTYPE html PUBLIC \"-\/\/W3C\/\/DTD HTML 4.0 Transitional\/\/EN\" \"http:\/\/www.w3.org\/TR\/REC-html40\/loose.dtd\">\n<html><body><h5>El acto central ser&aacute; el 6 de abril, a las 10, en el Paseo de la Patria, San Mart&iacute;n, con una propuesta deportivo-recreativa para la comunidad. Adem&aacute;s, habr&aacute; sorteos y entrega de material deportivo.<\/h5>\n\n\n\n<p>Bajo el lema <em>Un poco vale mucho<\/em>, el Ministerio de Salud, Desarrollo Social y Deportes, a trav&eacute;s de la Direcci&oacute;n de Prevenci&oacute;n y Promoci&oacute;n de la Salud y el Programa Provincial de Actividad F&iacute;sica, propondr&aacute; una serie de actividades para despertar el inter&eacute;s de ni&ntilde;os, ni&ntilde;as, adolescentes, adultos y adultos mayores por la actividad f&iacute;sica y as&iacute; la mejora de la calidad de vida.<\/p>\n\n\n\n<p>Con una propuesta deportivo-recreativa para la comunidad, sorteos y entrega de material deportivo, las autoridades de salud conmemorar&aacute;n este d&iacute;a. El acto central ser&aacute; el 6 de abril, a las 10, en el Paseo de la Patria, San Mart&iacute;n. Cabe destacar que todos los departamentos de la provincia realizar&aacute;n diferentes propuestas.<\/p>\n\n\n\n<p>Los organizadores apuestan a fomentar la actividad f&iacute;sica y destacar sus beneficios en el desarrollo integral de las personas. Tambi&eacute;n, a promover actividades conjuntas en familia que fortalezcan sus relaciones y consoliden sus h&aacute;bitos saludables.<\/p>\n\n\n\n<p><strong>6 de abril: D&iacute;a Mundial de la Actividad F&iacute;sica<\/strong><\/p>\n\n\n\n<p>En su Estrategia Mundial sobre R&eacute;gimen Alimentario y Actividad F&iacute;sica, la Organizaci&oacute;n Mundial de la Salud (OMS) propone un modelo esquem&aacute;tico destinado al cambio de comportamiento de la poblaci&oacute;n que traer&iacute;a beneficios sociales, sanitarios y econ&oacute;micos (OMS, 2009).<\/p>\n\n\n\n<p>En tal sentido, y tras el gran &eacute;xito del D&iacute;a Mundial de la Salud de 2002, que consigui&oacute; movilizar 148 pa&iacute;ses, con un total de 1.987 eventos, bajo el eslogan <em>Agita Mundo &ndash; Move for Health<\/em>, difundido en 63 idiomas, la Asamblea Mundial de la Salud de la OMS pidi&oacute; a los pa&iacute;ses miembros que celebren todos los a&ntilde;os un d&iacute;a con el fin de promover la actividad f&iacute;sica como elemento esencial de salud y bienestar.<\/p>\n\n\n\n<p><strong>Doble desaf&iacute;o mundial<\/strong><\/p>\n\n\n\n<p>El desaf&iacute;o de la OMS es la reducci&oacute;n de 15% de la inactividad f&iacute;sica y el comportamiento sedentario. Para ello, es importante el trabajo mancomunado de la sociedad y los organismos gubernamentales en desarrollar propuestas que faciliten el acceso de la comunidad a la actividad f&iacute;sica y los h&aacute;bitos saludables.<\/p>\n\n\n\n<p>Esto implica crear una sociedad m&aacute;s f&iacute;sicamente activa: normas y actitudes sociales. Crear entornos m&aacute;s f&iacute;sicamente activos: espacios y lugares. Fomentar poblaciones m&aacute;s f&iacute;sicamente activas programas y oportunidades. Crear sistemas activos: elementos propicios de la gobernanza y las pol&iacute;ticas.<\/p>\n\n\n\n<p>Los municipios son los mejores aliados para articular las pol&iacute;ticas provinciales y acompa&ntilde;ar la gesti&oacute;n. Esto implica fomentar municipios m&aacute;s f&iacute;sicamente activos, entornos laborables, universidades y espacios comunitarios saludables.<\/p>\n\n\n\n<figure class=\"wp-block-gallery columns-1\"><ul class=\"blocks-gallery-grid\"><li class=\"blocks-gallery-item\"><figure><a href=\"https:\/\/www.mendoza.gov.ar\/wp-content\/uploads\/sites\/5\/2021\/03\/view_crop_14402.jpg\"><img loading=\"lazy\" width=\"640\" height=\"370\" src=\"https:\/\/www.mendoza.gov.ar\/wp-content\/uploads\/sites\/5\/2021\/03\/view_crop_14402.jpg\" alt=\"\" data-id=\"265086\" data-full-url=\"https:\/\/www.mendoza.gov.ar\/wp-content\/uploads\/sites\/5\/2021\/03\/view_crop_14402.jpg\" data-link=\"https:\/\/www.mendoza.gov.ar\/prensa\/?attachment_id=265086\" class=\"wp-image-265086 img-responsive center-block\" srcset=\"https:\/\/www.mendoza.gov.ar\/wp-content\/uploads\/sites\/5\/2021\/03\/view_crop_14402.jpg 640w, https:\/\/www.mendoza.gov.ar\/wp-content\/uploads\/sites\/5\/2021\/03\/view_crop_14402-250x145.jpg 250w, https:\/\/www.mendoza.gov.ar\/wp-content\/uploads\/sites\/5\/2021\/03\/view_crop_14402-120x69.jpg 120w\" sizes=\"(max-width: 640px) 100vw, 640px\"><\/a><\/figure><\/li><\/ul><\/figure>\n\n\n\n<div class=\"wp-block-group\"><div class=\"wp-block-group__inner-container\">\n<figure class=\"wp-block-image\" id=\"block-6ced38ce-cf36-43a4-bda2-6d6ecc045941\"><img src=\"https:\/\/www.mendoza.gov.ar\/prensa\/wp-content\/uploads\/sites\/5\/2020\/03\/WhatsApp-Image-2020-03-17-at-6.23.29-PM-1.jpeg\" alt=\"Esta imagen tiene un atributo alt vac&iacute;o; el nombre del archivo es WhatsApp-Image-2020-03-17-at-6.23.29-PM-1.jpeg\" class=\" img-responsive center-block\"><\/figure>\n\n\n\n<p class=\"has-text-align-center\" id=\"block-4672d608-8a30-472c-91ba-07e641c39018\"><a rel=\"noreferrer noopener\" href=\"https:\/\/www.mendoza.gov.ar\/prensa\/covid-19\/\" target=\"_blank\"><strong>Clic aqu&iacute; para ver m&aacute;s noticias sobre coronavirus<\/strong><\/a><\/p>\n\n\n\n<figure class=\"wp-block-image\" id=\"block-679c5d04-4f24-4464-a49a-df7b140e38eb\"><img src=\"https:\/\/www.mendoza.gov.ar\/prensa\/wp-content\/uploads\/sites\/5\/2020\/03\/WhatsApp-Image-2020-03-17-at-6.23.29-PM-1.jpeg\" alt=\"Esta imagen tiene un atributo alt vac&iacute;o; el nombre del archivo es WhatsApp-Image-2020-03-17-at-6.23.29-PM-1.jpeg\" class=\" img-responsive center-block\"><\/figure>\n\n\n\n<p class=\"has-text-align-center\" id=\"block-e70c843d-9c55-4a54-a13e-110b356d59f8\"><strong><a rel=\"noreferrer noopener\" href=\"https:\/\/www.mendoza.gov.ar\/prensa\/comunicados\/\" target=\"_blank\">Clic aqu&iacute; para ver los comunicados del Ministerio de Salud<\/a><\/strong><\/p>\n\n\n\n<figure class=\"wp-block-image\" id=\"block-55da5334-2597-4644-a2ad-ad62409c9f96\"><img src=\"https:\/\/www.mendoza.gov.ar\/prensa\/wp-content\/uploads\/sites\/5\/2020\/03\/WhatsApp-Image-2020-03-17-at-6.23.29-PM-1.jpeg\" alt=\"Esta imagen tiene un atributo alt vac&iacute;o; el nombre del archivo es WhatsApp-Image-2020-03-17-at-6.23.29-PM-1.jpeg\" class=\" img-responsive center-block\"><\/figure>\n\n\n\n<p class=\"has-text-align-center\" id=\"block-f052e2af-737b-4a93-aa6a-293bed4ff9e2\"><strong><a rel=\"noreferrer noopener\" href=\"https:\/\/www.mendoza.gov.ar\/coronavirus\" target=\"_blank\">www.mendoza.gov.ar\/coronavirus<\/a><\/strong><\/p>\n<\/div><\/div>\n<\/body><\/html>\n","protected":false},"excerpt":{"rendered":"El acto central ser&aacute; el 6 de abril, a las 10, en el Paseo de la Patria, San Mart&iacute;n, con una propuesta deportivo-recreativa para la comunidad. Adem&aacute;s, habr&aacute; sorteos y entrega de material deportivo. Bajo el lema Un poco vale mucho, el Ministerio de Salud, Desarrollo Social y Deportes, a trav&eacute;s de la Direcci&oacute;n de&#8230; <a class=\"view-article\" href=\"https:\/\/www.mendoza.gov.ar\/prensa\/salud-realizara-diferentes-jornadas-para-conmemorar-el-dia-mundial-de-la-actividad-fisica\/\"><\/a>","protected":false},"author":68,"featured_media":265086,"comment_status":"open","ping_status":"open","sticky":false,"template":"","format":"standard","meta":[],"categories":[32],"tags":[],"_links":{"self":[{"href":"https:\/\/www.mendoza.gov.ar\/prensa\/wp-json\/wp\/v2\/posts\/265084"}],"collection":[{"href":"https:\/\/www.mendoza.gov.ar\/prensa\/wp-json\/wp\/v2\/posts"}],"about":[{"href":"https:\/\/www.mendoza.gov.ar\/prensa\/wp-json\/wp\/v2\/types\/post"}],"author":[{"embeddable":true,"href":"https:\/\/www.mendoza.gov.ar\/prensa\/wp-json\/wp\/v2\/users\/68"}],"replies":[{"embeddable":true,"href":"https:\/\/www.mendoza.gov.ar\/prensa\/wp-json\/wp\/v2\/comments?post=265084"}],"version-history":[{"count":4,"href":"https:\/\/www.mendoza.gov.ar\/prensa\/wp-json\/wp\/v2\/posts\/265084\/revisions"}],"predecessor-version":[{"id":265186,"href":"https:\/\/www.mendoza.gov.ar\/prensa\/wp-json\/wp\/v2\/posts\/265084\/revisions\/265186"}],"wp:featuredmedia":[{"embeddable":true,"href":"https:\/\/www.mendoza.gov.ar\/prensa\/wp-json\/wp\/v2\/media\/265086"}],"wp:attachment":[{"href":"https:\/\/www.mendoza.gov.ar\/prensa\/wp-json\/wp\/v2\/media?parent=265084"}],"wp:term":[{"taxonomy":"category","embeddable":true,"href":"https:\/\/www.mendoza.gov.ar\/prensa\/wp-json\/wp\/v2\/categories?post=265084"},{"taxonomy":"post_tag","embeddable":true,"href":"https:\/\/www.mendoza.gov.ar\/prensa\/wp-json\/wp\/v2\/tags?post=265084"}],"curies":[{"name":"wp","href":"https:\/\/api.w.org\/{rel}","templated":true}]}}