{"id":265509,"date":"2021-04-05T14:46:32","date_gmt":"2021-04-05T17:46:32","guid":{"rendered":"https:\/\/www.mendoza.gov.ar\/prensa\/?p=265509"},"modified":"2021-04-05T14:55:51","modified_gmt":"2021-04-05T17:55:51","slug":"realizaron-el-primer-trasplante-combinado-de-corazon-y-rinon-en-el-sector-publico","status":"publish","type":"post","link":"https:\/\/www.mendoza.gov.ar\/prensa\/realizaron-el-primer-trasplante-combinado-de-corazon-y-rinon-en-el-sector-publico\/","title":{"rendered":"Realizaron el primer trasplante combinado de coraz\u00f3n y ri\u00f1\u00f3n en el sector p\u00fablico"},"content":{"rendered":"<!DOCTYPE html PUBLIC \"-\/\/W3C\/\/DTD HTML 4.0 Transitional\/\/EN\" \"http:\/\/www.w3.org\/TR\/REC-html40\/loose.dtd\">\n<html><body><h5>El procedimiento se realiz&oacute; en el Hospital Central y dur&oacute; 41 horas y participaron m&aacute;s de 40 personas.<\/h5>\n\n\n\n<p>El Hospital Central realiz&oacute; su primer trasplante combinado de coraz&oacute;n y ri&ntilde;&oacute;n y se transform&oacute; en el primero del sistema p&uacute;blico de Mendoza en concretarlo. Se trata de una intervenci&oacute;n compleja, ya que requiere de una meticulosa log&iacute;stica y de la intervenci&oacute;n de m&aacute;s de 40 personas de diversos servicios del centro asistencial.<\/p>\n\n\n\n<p>De este modo, la instituci&oacute;n ya efectu&oacute; cinco trasplantes de coraz&oacute;n y es uno de los seis hospitales estatales de Argentina que puede hacerlo. Asimismo, cuenta con una gran trayectoria en procedimientos de tipo renal, desde trasplantes con donante vivo al uso de nuevas tecnolog&iacute;as m&iacute;nimamente invasivas.<\/p>\n\n\n\n<p>El paciente intervenido exitosamente tiene 50 a&ntilde;os y es oriundo de Guaymall&eacute;n. Presentaba una miocardiopat&iacute;a dilatada de origen idiop&aacute;tico que le ocasion&oacute; una insuficiencia renal. Esto hizo que su estado de salud se deteriorara de forma dr&aacute;stica y le causara complicaciones de todo tipo.<\/p>\n\n\n\n<p>Por ello, se decidi&oacute; la intervenci&oacute;n en marzo pasado, una vez que el Instituto Nacional Central &Uacute;nico Coordinador de Ablaci&oacute;n e Implante (Incucai) inform&oacute; que estaban disponibles los &oacute;rganos, en R&iacute;o Negro. El procedimiento fue muy complejo, dur&oacute; 41 horas e involucr&oacute; a m&aacute;s de 40 personas.<\/p>\n\n\n\n<p>Al respecto, el jefe del Departamento de Enfermedades Cardiovasculares del Hospital Central y subjefe de Trasplante Card&iacute;aco, cardiocirujano Walter Ferrara, se&ntilde;al&oacute;: &ldquo;El procedimiento involucr&oacute; a m&eacute;dicos cirujanos cardiovasculares, cardi&oacute;logos, anestesistas, ur&oacute;logos y nefr&oacute;logos; tambi&eacute;n, instrumentadoras, t&eacute;cnicos en anestesia, kinesi&oacute;logos, enfermeros y todo el personal de apoyo de las dem&aacute;s especialidades m&eacute;dicas que se necesit&oacute;. Hay que destacar que este hospital p&uacute;blico viene creciendo, ya que los profesionales est&aacute;n muy bien entrenados y son muy capaces, adem&aacute;s de estar muy bien equipado en alta complejidad&rdquo;.<\/p>\n\n\n\n<p><strong>Procedimiento complejo<\/strong><\/p>\n\n\n\n<p>La insuficiencia card&iacute;aca del paciente le imposibilitaba trabajar y en algunos casos le costaba hasta respirar, al punto de necesitar apoyo de ox&iacute;geno. Por otra parte, tuvo que recibir di&aacute;lisis diaria, porque sus ri&ntilde;ones ya no trabajaban de forma correcta.<\/p>\n\n\n\n<p>Para la operaci&oacute;n se conformaron dos equipos: uno, a cargo de la ablaci&oacute;n, y el otro, del trasplante. Ferrara lider&oacute; el primero y a las 2 de la madrugada estaba subi&eacute;ndose a un avi&oacute;n rumbo al Sur, a las 4 estaba en Viedma y a las 5 inici&oacute; la ablaci&oacute;n. &ldquo;A las 9 ya estaba con el coraz&oacute;n y el ri&ntilde;&oacute;n en Mendoza; empezamos a esa hora a hacer la intervenci&oacute;n y terminamos a las 17&rdquo;, detall&oacute;.<\/p>\n\n\n\n<p>Como en todo trasplante, remarcan que es de vital importancia una organizaci&oacute;n casi cronometrada, por lo que se coordina con equipos de otros lugares del pa&iacute;s que van a buscar otros &oacute;rganos y ten&iacute;an que encontrarse a la misma hora.<\/p>\n\n\n\n<p>Sergio Felici, cirujano cardiovascular y jefe del Programa de Trasplante Card&iacute;aco, tambi&eacute;n particip&oacute; en la operaci&oacute;n. Remarc&oacute; que &ldquo;la complejidad reside en que se trata de dos trasplantes en un mismo paciente. El coraz&oacute;n necesita ser trasplantado dentro de las cuatro horas, mientras que el ri&ntilde;&oacute;n puede esperar 24&rdquo;.<\/p>\n\n\n\n<p>Adem&aacute;s, agreg&oacute; que la primera etapa requiri&oacute; seis horas y la segunda cuatro, por lo que el paciente estuvo 12 horas en el quir&oacute;fano. El profesional indic&oacute; que &ldquo;este tipo de intervenciones, combinada cardiorrenal, es poco frecuente: alrededor de 2% de los trasplantes card&iacute;acos incluyen el segundo&rdquo;.<\/p>\n\n\n\n<div class=\"wp-block-group\"><div class=\"wp-block-group__inner-container\">\n<figure class=\"wp-block-image\" id=\"block-6ced38ce-cf36-43a4-bda2-6d6ecc045941\"><img src=\"https:\/\/www.mendoza.gov.ar\/prensa\/wp-content\/uploads\/sites\/5\/2020\/03\/WhatsApp-Image-2020-03-17-at-6.23.29-PM-1.jpeg\" alt=\"Esta imagen tiene un atributo alt vac&iacute;o; el nombre del archivo es WhatsApp-Image-2020-03-17-at-6.23.29-PM-1.jpeg\" class=\" img-responsive center-block\"><\/figure>\n\n\n\n<p class=\"has-text-align-center\" id=\"block-4672d608-8a30-472c-91ba-07e641c39018\"><a rel=\"noreferrer noopener\" href=\"https:\/\/www.mendoza.gov.ar\/prensa\/covid-19\/\" target=\"_blank\"><strong>Clic aqu&iacute; para ver m&aacute;s noticias sobre coronavirus<\/strong><\/a><\/p>\n\n\n\n<figure class=\"wp-block-image\" id=\"block-679c5d04-4f24-4464-a49a-df7b140e38eb\"><img src=\"https:\/\/www.mendoza.gov.ar\/prensa\/wp-content\/uploads\/sites\/5\/2020\/03\/WhatsApp-Image-2020-03-17-at-6.23.29-PM-1.jpeg\" alt=\"Esta imagen tiene un atributo alt vac&iacute;o; el nombre del archivo es WhatsApp-Image-2020-03-17-at-6.23.29-PM-1.jpeg\" class=\" img-responsive center-block\"><\/figure>\n\n\n\n<p class=\"has-text-align-center\" id=\"block-e70c843d-9c55-4a54-a13e-110b356d59f8\"><strong><a rel=\"noreferrer noopener\" href=\"https:\/\/www.mendoza.gov.ar\/prensa\/comunicados\/\" target=\"_blank\">Clic aqu&iacute; para ver los comunicados del Ministerio de Salud<\/a><\/strong><\/p>\n\n\n\n<figure class=\"wp-block-image\" id=\"block-55da5334-2597-4644-a2ad-ad62409c9f96\"><img src=\"https:\/\/www.mendoza.gov.ar\/prensa\/wp-content\/uploads\/sites\/5\/2020\/03\/WhatsApp-Image-2020-03-17-at-6.23.29-PM-1.jpeg\" alt=\"Esta imagen tiene un atributo alt vac&iacute;o; el nombre del archivo es WhatsApp-Image-2020-03-17-at-6.23.29-PM-1.jpeg\" class=\" img-responsive center-block\"><\/figure>\n\n\n\n<p class=\"has-text-align-center\" id=\"block-f052e2af-737b-4a93-aa6a-293bed4ff9e2\"><strong><a rel=\"noreferrer noopener\" href=\"https:\/\/www.mendoza.gov.ar\/coronavirus\" target=\"_blank\">www.mendoza.gov.ar\/coronavirus<\/a><\/strong><\/p>\n<\/div><\/div>\n<\/body><\/html>\n","protected":false},"excerpt":{"rendered":"El procedimiento se realiz&oacute; en el Hospital Central y dur&oacute; 41 horas y participaron m&aacute;s de 40 personas. El Hospital Central realiz&oacute; su primer trasplante combinado de coraz&oacute;n y ri&ntilde;&oacute;n y se transform&oacute; en el primero del sistema p&uacute;blico de Mendoza en concretarlo. Se trata de una intervenci&oacute;n compleja, ya que requiere de una meticulosa&#8230; <a class=\"view-article\" href=\"https:\/\/www.mendoza.gov.ar\/prensa\/realizaron-el-primer-trasplante-combinado-de-corazon-y-rinon-en-el-sector-publico\/\"><\/a>","protected":false},"author":68,"featured_media":265510,"comment_status":"open","ping_status":"open","sticky":false,"template":"","format":"standard","meta":[],"categories":[32],"tags":[],"_links":{"self":[{"href":"https:\/\/www.mendoza.gov.ar\/prensa\/wp-json\/wp\/v2\/posts\/265509"}],"collection":[{"href":"https:\/\/www.mendoza.gov.ar\/prensa\/wp-json\/wp\/v2\/posts"}],"about":[{"href":"https:\/\/www.mendoza.gov.ar\/prensa\/wp-json\/wp\/v2\/types\/post"}],"author":[{"embeddable":true,"href":"https:\/\/www.mendoza.gov.ar\/prensa\/wp-json\/wp\/v2\/users\/68"}],"replies":[{"embeddable":true,"href":"https:\/\/www.mendoza.gov.ar\/prensa\/wp-json\/wp\/v2\/comments?post=265509"}],"version-history":[{"count":3,"href":"https:\/\/www.mendoza.gov.ar\/prensa\/wp-json\/wp\/v2\/posts\/265509\/revisions"}],"predecessor-version":[{"id":265518,"href":"https:\/\/www.mendoza.gov.ar\/prensa\/wp-json\/wp\/v2\/posts\/265509\/revisions\/265518"}],"wp:featuredmedia":[{"embeddable":true,"href":"https:\/\/www.mendoza.gov.ar\/prensa\/wp-json\/wp\/v2\/media\/265510"}],"wp:attachment":[{"href":"https:\/\/www.mendoza.gov.ar\/prensa\/wp-json\/wp\/v2\/media?parent=265509"}],"wp:term":[{"taxonomy":"category","embeddable":true,"href":"https:\/\/www.mendoza.gov.ar\/prensa\/wp-json\/wp\/v2\/categories?post=265509"},{"taxonomy":"post_tag","embeddable":true,"href":"https:\/\/www.mendoza.gov.ar\/prensa\/wp-json\/wp\/v2\/tags?post=265509"}],"curies":[{"name":"wp","href":"https:\/\/api.w.org\/{rel}","templated":true}]}}