{"id":265623,"date":"2021-04-06T10:57:30","date_gmt":"2021-04-06T13:57:30","guid":{"rendered":"https:\/\/www.mendoza.gov.ar\/prensa\/?p=265623"},"modified":"2021-04-06T12:15:59","modified_gmt":"2021-04-06T15:15:59","slug":"arranco-la-vacunacion-contra-covid-19-a-mayores-de-60-anos","status":"publish","type":"post","link":"https:\/\/www.mendoza.gov.ar\/prensa\/arranco-la-vacunacion-contra-covid-19-a-mayores-de-60-anos\/","title":{"rendered":"Arranc\u00f3 la vacunaci\u00f3n contra COVID-19 a mayores de 60 a\u00f1os"},"content":{"rendered":"<!DOCTYPE html PUBLIC \"-\/\/W3C\/\/DTD HTML 4.0 Transitional\/\/EN\" \"http:\/\/www.w3.org\/TR\/REC-html40\/loose.dtd\">\n<html><body><h5>En toda la provincia ya se est&aacute; vacunando a las personas que se encuentran en este rango de edad, continuando con el calendario establecido de acuerdo a cada grupo de riesgo.<\/h5>\n\n\n\n<p>El Ministerio de Salud, Desarrollo Social y Deportes dio inicio esta ma&ntilde;ana a la campa&ntilde;a de vacunaci&oacute;n contra Covid-19 para mayores de 60 a&ntilde;os en toda la provincia.&nbsp;<\/p>\n\n\n\n<p>Desde ayer, como parte de la nueva etapa de inmunizaci&oacute;n contra el COVID-19, se habilit&oacute; la posibilidad de inscribirse a mayores de 60 a&ntilde;os para recibir la inmunizaci&oacute;n contra el coronavirus.<\/p>\n\n\n\n<p>S&oacute;lo en la primera jornada, se registraron m&aacute;s de 82.000 solicitudes a la p&aacute;gina web del Gobierno, para obtener un turno. Desde el Ministerio de Salud indicaron que debido a la gran demanda por parte de la poblaci&oacute;n, la p&aacute;gina estuvo saturada por momentos, pero en ning&uacute;n momento colaps&oacute;, y sigue en funcionamiento.<\/p>\n\n\n\n<p>En este sentido, autoridades del Ministerio pidieron tener paciencia a quienes quieren recibir la vacuna, ya que se va a llegar a todos de manera ordenada. Las solicitudes de inscripci&oacute;n se realizan&nbsp;a trav&eacute;s de: <a href=\"https:\/\/www.mendoza.gov.ar\/vacunacion-covid-19\/\">https:\/\/www.mendoza.gov.ar\/vacunacion-covid-19\/<\/a> .<\/p>\n\n\n\n<p>Asimismo, indicaron que est&aacute; previsto seguir con la inoculaci&oacute;n a los adultos mayores de 70 a&ntilde;os que faltan. Hay que recordar que hasta el momento se han inscripto 124.985 personas de este sector etario. Mientras que en cuanto a los turnos generados para la vacunaci&oacute;n, se han otorgado 114.244 turnos.<\/p>\n\n\n\n<figure class=\"wp-block-image size-large\"><img loading=\"lazy\" width=\"700\" height=\"467\" src=\"https:\/\/www.mendoza.gov.ar\/wp-content\/uploads\/sites\/5\/2021\/04\/1MAR_1793-700x467-1.jpg\" alt=\"\" class=\"wp-image-265626 img-responsive center-block\" srcset=\"https:\/\/www.mendoza.gov.ar\/wp-content\/uploads\/sites\/5\/2021\/04\/1MAR_1793-700x467-1.jpg 700w, https:\/\/www.mendoza.gov.ar\/wp-content\/uploads\/sites\/5\/2021\/04\/1MAR_1793-700x467-1-250x167.jpg 250w, https:\/\/www.mendoza.gov.ar\/wp-content\/uploads\/sites\/5\/2021\/04\/1MAR_1793-700x467-1-120x80.jpg 120w\" sizes=\"(max-width: 700px) 100vw, 700px\"><\/figure>\n\n\n\n<figure class=\"wp-block-image\" id=\"block-6ced38ce-cf36-43a4-bda2-6d6ecc045941\"><img src=\"https:\/\/www.mendoza.gov.ar\/prensa\/wp-content\/uploads\/sites\/5\/2020\/03\/WhatsApp-Image-2020-03-17-at-6.23.29-PM-1.jpeg\" alt=\"Esta imagen tiene un atributo alt vac&iacute;o; el nombre del archivo es WhatsApp-Image-2020-03-17-at-6.23.29-PM-1.jpeg\" class=\" img-responsive center-block\"><\/figure>\n\n\n\n<p class=\"has-text-align-center\" id=\"block-4672d608-8a30-472c-91ba-07e641c39018\"><a rel=\"noreferrer noopener\" href=\"https:\/\/www.mendoza.gov.ar\/prensa\/covid-19\/\" target=\"_blank\"><strong>Clic aqu&iacute; para ver m&aacute;s noticias sobre coronavirus<\/strong><\/a><\/p>\n\n\n\n<figure class=\"wp-block-image\" id=\"block-679c5d04-4f24-4464-a49a-df7b140e38eb\"><img src=\"https:\/\/www.mendoza.gov.ar\/prensa\/wp-content\/uploads\/sites\/5\/2020\/03\/WhatsApp-Image-2020-03-17-at-6.23.29-PM-1.jpeg\" alt=\"Esta imagen tiene un atributo alt vac&iacute;o; el nombre del archivo es WhatsApp-Image-2020-03-17-at-6.23.29-PM-1.jpeg\" class=\" img-responsive center-block\"><\/figure>\n\n\n\n<p class=\"has-text-align-center\" id=\"block-e70c843d-9c55-4a54-a13e-110b356d59f8\"><strong><a rel=\"noreferrer noopener\" href=\"https:\/\/www.mendoza.gov.ar\/prensa\/comunicados\/\" target=\"_blank\">Clic aqu&iacute; para ver los comunicados del Ministerio de Salud<\/a><\/strong><\/p>\n\n\n\n<figure class=\"wp-block-image\" id=\"block-55da5334-2597-4644-a2ad-ad62409c9f96\"><img src=\"https:\/\/www.mendoza.gov.ar\/prensa\/wp-content\/uploads\/sites\/5\/2020\/03\/WhatsApp-Image-2020-03-17-at-6.23.29-PM-1.jpeg\" alt=\"Esta imagen tiene un atributo alt vac&iacute;o; el nombre del archivo es WhatsApp-Image-2020-03-17-at-6.23.29-PM-1.jpeg\" class=\" img-responsive center-block\"><\/figure>\n\n\n\n<p class=\"has-text-align-center\" id=\"block-f052e2af-737b-4a93-aa6a-293bed4ff9e2\"><strong><a rel=\"noreferrer noopener\" href=\"https:\/\/www.mendoza.gov.ar\/coronavirus\" target=\"_blank\">www.mendoza.gov.ar\/coronavirus<\/a><\/strong><\/p>\n<\/body><\/html>\n","protected":false},"excerpt":{"rendered":"En toda la provincia ya se est&aacute; vacunando a las personas que se encuentran en este rango de edad, continuando con el calendario establecido de acuerdo a cada grupo de riesgo. El Ministerio de Salud, Desarrollo Social y Deportes dio inicio esta ma&ntilde;ana a la campa&ntilde;a de vacunaci&oacute;n contra Covid-19 para mayores de 60 a&ntilde;os&#8230; <a class=\"view-article\" href=\"https:\/\/www.mendoza.gov.ar\/prensa\/arranco-la-vacunacion-contra-covid-19-a-mayores-de-60-anos\/\"><\/a>","protected":false},"author":62,"featured_media":265626,"comment_status":"open","ping_status":"open","sticky":false,"template":"","format":"standard","meta":[],"categories":[32],"tags":[],"_links":{"self":[{"href":"https:\/\/www.mendoza.gov.ar\/prensa\/wp-json\/wp\/v2\/posts\/265623"}],"collection":[{"href":"https:\/\/www.mendoza.gov.ar\/prensa\/wp-json\/wp\/v2\/posts"}],"about":[{"href":"https:\/\/www.mendoza.gov.ar\/prensa\/wp-json\/wp\/v2\/types\/post"}],"author":[{"embeddable":true,"href":"https:\/\/www.mendoza.gov.ar\/prensa\/wp-json\/wp\/v2\/users\/62"}],"replies":[{"embeddable":true,"href":"https:\/\/www.mendoza.gov.ar\/prensa\/wp-json\/wp\/v2\/comments?post=265623"}],"version-history":[{"count":5,"href":"https:\/\/www.mendoza.gov.ar\/prensa\/wp-json\/wp\/v2\/posts\/265623\/revisions"}],"predecessor-version":[{"id":265646,"href":"https:\/\/www.mendoza.gov.ar\/prensa\/wp-json\/wp\/v2\/posts\/265623\/revisions\/265646"}],"wp:featuredmedia":[{"embeddable":true,"href":"https:\/\/www.mendoza.gov.ar\/prensa\/wp-json\/wp\/v2\/media\/265626"}],"wp:attachment":[{"href":"https:\/\/www.mendoza.gov.ar\/prensa\/wp-json\/wp\/v2\/media?parent=265623"}],"wp:term":[{"taxonomy":"category","embeddable":true,"href":"https:\/\/www.mendoza.gov.ar\/prensa\/wp-json\/wp\/v2\/categories?post=265623"},{"taxonomy":"post_tag","embeddable":true,"href":"https:\/\/www.mendoza.gov.ar\/prensa\/wp-json\/wp\/v2\/tags?post=265623"}],"curies":[{"name":"wp","href":"https:\/\/api.w.org\/{rel}","templated":true}]}}