{"id":265843,"date":"2021-04-08T13:00:41","date_gmt":"2021-04-08T16:00:41","guid":{"rendered":"https:\/\/www.mendoza.gov.ar\/prensa\/?p=265843"},"modified":"2021-04-08T20:05:12","modified_gmt":"2021-04-08T23:05:12","slug":"mendoza-amplia-el-beneficio-de-estabilizacion-de-la-tarifa-electrica-a-secaderos-conserveras-y-frigorificos","status":"publish","type":"post","link":"https:\/\/www.mendoza.gov.ar\/prensa\/mendoza-amplia-el-beneficio-de-estabilizacion-de-la-tarifa-electrica-a-secaderos-conserveras-y-frigorificos\/","title":{"rendered":"Mendoza ampl\u00eda la estabilizaci\u00f3n de la tarifa el\u00e9ctrica a secaderos, conserveras y frigor\u00edficos"},"content":{"rendered":"<!DOCTYPE html PUBLIC \"-\/\/W3C\/\/DTD HTML 4.0 Transitional\/\/EN\" \"http:\/\/www.w3.org\/TR\/REC-html40\/loose.dtd\">\n<html><body><h5>Siguiendo el esquema aplicado para bodegas y elaboradores de vino y sidra, se pretende reducir el impacto negativo de la quita de subsidios nacionales y evitar picos de facturaci&oacute;n en los meses de mayor consumo de energ&iacute;a y potencia.<\/h5>\n\n\n\n<p>El ministro de Econom&iacute;a y Energ&iacute;a, Enrique Vaqui&eacute;; el secretario de Servicios P&uacute;blicos, Natalio Mema, y la presidenta del&nbsp;Ente Provincial Regulador El&eacute;ctrico&nbsp;(EPRE), Andrea Molina, se reunieron con las c&aacute;maras que nuclean a los grandes frigor&iacute;ficos y establecimientos productores de fruta industrializada. Fue para dialogar sobre la manera de amortiguar los efectos producidos por la quita de subsidios nacionales a la tarifa el&eacute;ctrica.<\/p>\n\n\n\n<p>El objetivo del Gobierno mendocino es buscar una alternativa similar a la aplicada mediante la Resoluci&oacute;n 34 de la Secretar&iacute;a de Servicios P&uacute;blicos, que establece una estabilizaci&oacute;n de la facturaci&oacute;n el&eacute;ctrica para los suministros de establecimientos destinados a la elaboraci&oacute;n de vino y sidra.<\/p>\n\n\n\n<p>La medida, que se implementar&aacute; a trav&eacute;s del Fondo Provincial Compensador de Tarifas, busca evitar picos de facturaci&oacute;n durante el mayor consumo de energ&iacute;a y potencia. La estabilizaci&oacute;n de facturas alcanzar&aacute; a todos aquellos establecimientos encuadrados en las categor&iacute;as T1 (peque&ntilde;as demandas generales) o T2 (grandes demandas).&nbsp;&nbsp;<\/p>\n\n\n\n<p>&ldquo;As&iacute; como lo hicimos con las bodegas y los elaboradores de vinos, mostos y sidras, conversamos con los sectores de las conserveras, frigor&iacute;ficos y secaderos, porque han sido afectados gravemente con la quita de subsidios nacionales a la tarifa el&eacute;ctrica. Estos sectores tienen grandes demandas en per&iacute;odos cortos, es decir consumos estacionales&rdquo;, explic&oacute; Natalio Mema, secretario de Servicios P&uacute;blicos.<\/p>\n\n\n\n<p>&ldquo;Desde la Provincia les ofrecemos esta herramienta de estabilizaci&oacute;n de la factura, que implica aplanar el pago durante el a&ntilde;o. De este modo, se hacen facturaciones iguales todos los meses a fin de que, en los momentos de mayor consumo, puedan pagar menos y luego, una vez que su flujo comercial les permita hacerlo, paguen lo que dejaron de pagar al inicio&rdquo;, a&ntilde;adi&oacute; Mema.<\/p>\n\n\n\n<p>&ldquo;La estabilizaci&oacute;n de la factura del servicio el&eacute;ctrico es una herramienta financiera que otorga previsibilidad sobre el uso de la energ&iacute;a, es de adhesi&oacute;n voluntaria y desde la p&aacute;gina web del EPRE pueden consultarse las simulaciones&rdquo;, inform&oacute; Andrea Molina.<\/p>\n\n\n\n<p>Por su parte, Alejandro Zlotolow, subsecretario de Industria y Comercio, agreg&oacute; que &ldquo;el sector agroindustrial tiene una problem&aacute;tica vinculada a la estacionalidad, en el caso del consumo el&eacute;ctrico y esta medida lo que hace es aplanar esa estacionalidad en el pago, es un beneficio importante. Cabe recordar que Mendoza es la &uacute;nica provincia que ha logrado contratar potencia por tres meses, atendiendo a la estacionalidad de este sector. Se pretende enfrentar el costo financiero y posibilitar que las empresas que tienen un consumo intensivo entre 3 y 4 meses al a&ntilde;o puedan prorratear ese consumo a lo largo de los 12 meses&rdquo;.<\/p>\n\n\n\n<p>Francisco Araujo, del Cl&uacute;ster de la Ciruela Industria,&nbsp;se mostr&oacute; complacido con la medida: &ldquo;Esta iniciativa del Gobierno provincial tiene un impacto importante para nuestros asociados, que, l&oacute;gicamente, por su proceso productivo, durante los meses de enero a marzo incrementan su consumo energ&eacute;tico. Esta herramienta permite aplanar la tarifa el&eacute;ctrica y prorratearla en los meses siguientes. Responde a una necesidad del sector&nbsp;y es muy bien recibida&rdquo;.<\/p>\n\n\n\n<p>En el encuentro participaron, adem&aacute;s del Cl&uacute;ster de la Ciruela, representantes de ASPEFF (Asociaci&oacute;n de Productores y Exportadores de Frutas Frescas), CAFIM (C&aacute;mara de la Fruta Industrializada de Mendoza) y de la C&aacute;mara de Exportadores de la Ciruela.<\/p>\n\n\n\n<figure class=\"wp-block-gallery columns-3\"><ul class=\"blocks-gallery-grid\"><li class=\"blocks-gallery-item\"><figure><a href=\"https:\/\/www.mendoza.gov.ar\/wp-content\/uploads\/sites\/5\/2021\/04\/aDSC_2691-700x408.jpg\"><img loading=\"lazy\" width=\"700\" height=\"408\" src=\"https:\/\/www.mendoza.gov.ar\/wp-content\/uploads\/sites\/5\/2021\/04\/aDSC_2691-700x408.jpg\" alt=\"\" data-id=\"265845\" data-link=\"https:\/\/www.mendoza.gov.ar\/prensa\/?attachment_id=265845\" class=\"wp-image-265845 img-responsive center-block\" srcset=\"https:\/\/www.mendoza.gov.ar\/wp-content\/uploads\/sites\/5\/2021\/04\/aDSC_2691-700x408.jpg 700w, https:\/\/www.mendoza.gov.ar\/wp-content\/uploads\/sites\/5\/2021\/04\/aDSC_2691-250x146.jpg 250w, https:\/\/www.mendoza.gov.ar\/wp-content\/uploads\/sites\/5\/2021\/04\/aDSC_2691-768x447.jpg 768w, https:\/\/www.mendoza.gov.ar\/wp-content\/uploads\/sites\/5\/2021\/04\/aDSC_2691-1536x894.jpg 1536w, https:\/\/www.mendoza.gov.ar\/wp-content\/uploads\/sites\/5\/2021\/04\/aDSC_2691-2048x1192.jpg 2048w, https:\/\/www.mendoza.gov.ar\/wp-content\/uploads\/sites\/5\/2021\/04\/aDSC_2691-120x70.jpg 120w\" sizes=\"(max-width: 700px) 100vw, 700px\"><\/a><\/figure><\/li><li class=\"blocks-gallery-item\"><figure><a href=\"https:\/\/www.mendoza.gov.ar\/wp-content\/uploads\/sites\/5\/2021\/04\/aDSC_2683-700x414.jpg\"><img loading=\"lazy\" width=\"700\" height=\"414\" src=\"https:\/\/www.mendoza.gov.ar\/wp-content\/uploads\/sites\/5\/2021\/04\/aDSC_2683-700x414.jpg\" alt=\"\" data-id=\"265846\" data-link=\"https:\/\/www.mendoza.gov.ar\/prensa\/?attachment_id=265846\" class=\"wp-image-265846 img-responsive center-block\" srcset=\"https:\/\/www.mendoza.gov.ar\/wp-content\/uploads\/sites\/5\/2021\/04\/aDSC_2683-700x414.jpg 700w, https:\/\/www.mendoza.gov.ar\/wp-content\/uploads\/sites\/5\/2021\/04\/aDSC_2683-250x148.jpg 250w, https:\/\/www.mendoza.gov.ar\/wp-content\/uploads\/sites\/5\/2021\/04\/aDSC_2683-768x454.jpg 768w, https:\/\/www.mendoza.gov.ar\/wp-content\/uploads\/sites\/5\/2021\/04\/aDSC_2683-1536x908.jpg 1536w, https:\/\/www.mendoza.gov.ar\/wp-content\/uploads\/sites\/5\/2021\/04\/aDSC_2683-2048x1211.jpg 2048w, https:\/\/www.mendoza.gov.ar\/wp-content\/uploads\/sites\/5\/2021\/04\/aDSC_2683-120x71.jpg 120w\" sizes=\"(max-width: 700px) 100vw, 700px\"><\/a><\/figure><\/li><li class=\"blocks-gallery-item\"><figure><a href=\"https:\/\/www.mendoza.gov.ar\/wp-content\/uploads\/sites\/5\/2021\/04\/aDSC_2689-700x423.jpg\"><img loading=\"lazy\" width=\"700\" height=\"423\" src=\"https:\/\/www.mendoza.gov.ar\/wp-content\/uploads\/sites\/5\/2021\/04\/aDSC_2689-700x423.jpg\" alt=\"\" data-id=\"265847\" data-link=\"https:\/\/www.mendoza.gov.ar\/prensa\/?attachment_id=265847\" class=\"wp-image-265847 img-responsive center-block\" srcset=\"https:\/\/www.mendoza.gov.ar\/wp-content\/uploads\/sites\/5\/2021\/04\/aDSC_2689-700x423.jpg 700w, https:\/\/www.mendoza.gov.ar\/wp-content\/uploads\/sites\/5\/2021\/04\/aDSC_2689-250x151.jpg 250w, https:\/\/www.mendoza.gov.ar\/wp-content\/uploads\/sites\/5\/2021\/04\/aDSC_2689-768x464.jpg 768w, https:\/\/www.mendoza.gov.ar\/wp-content\/uploads\/sites\/5\/2021\/04\/aDSC_2689-1536x928.jpg 1536w, https:\/\/www.mendoza.gov.ar\/wp-content\/uploads\/sites\/5\/2021\/04\/aDSC_2689-2048x1237.jpg 2048w, https:\/\/www.mendoza.gov.ar\/wp-content\/uploads\/sites\/5\/2021\/04\/aDSC_2689-120x72.jpg 120w\" sizes=\"(max-width: 700px) 100vw, 700px\"><\/a><\/figure><\/li><li class=\"blocks-gallery-item\"><figure><a href=\"https:\/\/www.mendoza.gov.ar\/wp-content\/uploads\/sites\/5\/2021\/04\/aDSC_2690-700x426.jpg\"><img loading=\"lazy\" width=\"700\" height=\"426\" src=\"https:\/\/www.mendoza.gov.ar\/wp-content\/uploads\/sites\/5\/2021\/04\/aDSC_2690-700x426.jpg\" alt=\"\" data-id=\"265848\" data-link=\"https:\/\/www.mendoza.gov.ar\/prensa\/?attachment_id=265848\" class=\"wp-image-265848 img-responsive center-block\" srcset=\"https:\/\/www.mendoza.gov.ar\/wp-content\/uploads\/sites\/5\/2021\/04\/aDSC_2690-700x426.jpg 700w, https:\/\/www.mendoza.gov.ar\/wp-content\/uploads\/sites\/5\/2021\/04\/aDSC_2690-250x152.jpg 250w, https:\/\/www.mendoza.gov.ar\/wp-content\/uploads\/sites\/5\/2021\/04\/aDSC_2690-768x468.jpg 768w, https:\/\/www.mendoza.gov.ar\/wp-content\/uploads\/sites\/5\/2021\/04\/aDSC_2690-1536x936.jpg 1536w, https:\/\/www.mendoza.gov.ar\/wp-content\/uploads\/sites\/5\/2021\/04\/aDSC_2690-2048x1248.jpg 2048w, https:\/\/www.mendoza.gov.ar\/wp-content\/uploads\/sites\/5\/2021\/04\/aDSC_2690-120x73.jpg 120w\" sizes=\"(max-width: 700px) 100vw, 700px\"><\/a><\/figure><\/li><li class=\"blocks-gallery-item\"><figure><a href=\"https:\/\/www.mendoza.gov.ar\/wp-content\/uploads\/sites\/5\/2021\/04\/aDSC_2680-700x387.jpg\"><img loading=\"lazy\" width=\"700\" height=\"387\" src=\"https:\/\/www.mendoza.gov.ar\/wp-content\/uploads\/sites\/5\/2021\/04\/aDSC_2680-700x387.jpg\" alt=\"\" data-id=\"265849\" data-link=\"https:\/\/www.mendoza.gov.ar\/prensa\/?attachment_id=265849\" class=\"wp-image-265849 img-responsive center-block\" srcset=\"https:\/\/www.mendoza.gov.ar\/wp-content\/uploads\/sites\/5\/2021\/04\/aDSC_2680-700x387.jpg 700w, https:\/\/www.mendoza.gov.ar\/wp-content\/uploads\/sites\/5\/2021\/04\/aDSC_2680-250x138.jpg 250w, https:\/\/www.mendoza.gov.ar\/wp-content\/uploads\/sites\/5\/2021\/04\/aDSC_2680-768x425.jpg 768w, https:\/\/www.mendoza.gov.ar\/wp-content\/uploads\/sites\/5\/2021\/04\/aDSC_2680-1536x850.jpg 1536w, https:\/\/www.mendoza.gov.ar\/wp-content\/uploads\/sites\/5\/2021\/04\/aDSC_2680-2048x1133.jpg 2048w, https:\/\/www.mendoza.gov.ar\/wp-content\/uploads\/sites\/5\/2021\/04\/aDSC_2680-120x66.jpg 120w\" sizes=\"(max-width: 700px) 100vw, 700px\"><\/a><\/figure><\/li><li class=\"blocks-gallery-item\"><figure><a href=\"https:\/\/www.mendoza.gov.ar\/wp-content\/uploads\/sites\/5\/2021\/04\/aDSC_2682-700x410.jpg\"><img loading=\"lazy\" width=\"700\" height=\"410\" src=\"https:\/\/www.mendoza.gov.ar\/wp-content\/uploads\/sites\/5\/2021\/04\/aDSC_2682-700x410.jpg\" alt=\"\" data-id=\"265850\" data-link=\"https:\/\/www.mendoza.gov.ar\/prensa\/?attachment_id=265850\" class=\"wp-image-265850 img-responsive center-block\" srcset=\"https:\/\/www.mendoza.gov.ar\/wp-content\/uploads\/sites\/5\/2021\/04\/aDSC_2682-700x410.jpg 700w, https:\/\/www.mendoza.gov.ar\/wp-content\/uploads\/sites\/5\/2021\/04\/aDSC_2682-250x147.jpg 250w, https:\/\/www.mendoza.gov.ar\/wp-content\/uploads\/sites\/5\/2021\/04\/aDSC_2682-768x450.jpg 768w, https:\/\/www.mendoza.gov.ar\/wp-content\/uploads\/sites\/5\/2021\/04\/aDSC_2682-1536x900.jpg 1536w, https:\/\/www.mendoza.gov.ar\/wp-content\/uploads\/sites\/5\/2021\/04\/aDSC_2682-2048x1200.jpg 2048w, https:\/\/www.mendoza.gov.ar\/wp-content\/uploads\/sites\/5\/2021\/04\/aDSC_2682-120x70.jpg 120w\" sizes=\"(max-width: 700px) 100vw, 700px\"><\/a><\/figure><\/li><li class=\"blocks-gallery-item\"><figure><a href=\"https:\/\/www.mendoza.gov.ar\/wp-content\/uploads\/sites\/5\/2021\/04\/aDSC_2707-700x403.jpg\"><img loading=\"lazy\" width=\"700\" height=\"403\" src=\"https:\/\/www.mendoza.gov.ar\/wp-content\/uploads\/sites\/5\/2021\/04\/aDSC_2707-700x403.jpg\" alt=\"\" data-id=\"265851\" data-link=\"https:\/\/www.mendoza.gov.ar\/prensa\/?attachment_id=265851\" class=\"wp-image-265851 img-responsive center-block\" srcset=\"https:\/\/www.mendoza.gov.ar\/wp-content\/uploads\/sites\/5\/2021\/04\/aDSC_2707-700x403.jpg 700w, https:\/\/www.mendoza.gov.ar\/wp-content\/uploads\/sites\/5\/2021\/04\/aDSC_2707-250x144.jpg 250w, https:\/\/www.mendoza.gov.ar\/wp-content\/uploads\/sites\/5\/2021\/04\/aDSC_2707-768x442.jpg 768w, https:\/\/www.mendoza.gov.ar\/wp-content\/uploads\/sites\/5\/2021\/04\/aDSC_2707-1536x884.jpg 1536w, https:\/\/www.mendoza.gov.ar\/wp-content\/uploads\/sites\/5\/2021\/04\/aDSC_2707-2048x1179.jpg 2048w, https:\/\/www.mendoza.gov.ar\/wp-content\/uploads\/sites\/5\/2021\/04\/aDSC_2707-120x69.jpg 120w\" sizes=\"(max-width: 700px) 100vw, 700px\"><\/a><\/figure><\/li><li class=\"blocks-gallery-item\"><figure><a href=\"https:\/\/www.mendoza.gov.ar\/wp-content\/uploads\/sites\/5\/2021\/04\/aDSC_2697.jpg\"><img loading=\"lazy\" width=\"700\" height=\"414\" src=\"https:\/\/www.mendoza.gov.ar\/wp-content\/uploads\/sites\/5\/2021\/04\/aDSC_2697-700x414.jpg\" alt=\"\" data-id=\"265852\" data-full-url=\"https:\/\/www.mendoza.gov.ar\/wp-content\/uploads\/sites\/5\/2021\/04\/aDSC_2697.jpg\" data-link=\"https:\/\/www.mendoza.gov.ar\/prensa\/?attachment_id=265852\" class=\"wp-image-265852 img-responsive center-block\" srcset=\"https:\/\/www.mendoza.gov.ar\/wp-content\/uploads\/sites\/5\/2021\/04\/aDSC_2697-700x414.jpg 700w, https:\/\/www.mendoza.gov.ar\/wp-content\/uploads\/sites\/5\/2021\/04\/aDSC_2697-250x148.jpg 250w, https:\/\/www.mendoza.gov.ar\/wp-content\/uploads\/sites\/5\/2021\/04\/aDSC_2697-768x454.jpg 768w, https:\/\/www.mendoza.gov.ar\/wp-content\/uploads\/sites\/5\/2021\/04\/aDSC_2697-1536x908.jpg 1536w, https:\/\/www.mendoza.gov.ar\/wp-content\/uploads\/sites\/5\/2021\/04\/aDSC_2697-2048x1211.jpg 2048w, https:\/\/www.mendoza.gov.ar\/wp-content\/uploads\/sites\/5\/2021\/04\/aDSC_2697-120x71.jpg 120w\" sizes=\"(max-width: 700px) 100vw, 700px\"><\/a><\/figure><\/li><\/ul><\/figure>\n\n\n\n<figure class=\"wp-block-image\" id=\"block-6ced38ce-cf36-43a4-bda2-6d6ecc045941\"><img src=\"https:\/\/www.mendoza.gov.ar\/prensa\/wp-content\/uploads\/sites\/5\/2020\/03\/WhatsApp-Image-2020-03-17-at-6.23.29-PM-1.jpeg\" alt=\"Esta imagen tiene un atributo alt vac&iacute;o; el nombre del archivo es WhatsApp-Image-2020-03-17-at-6.23.29-PM-1.jpeg\" class=\" img-responsive center-block\"><\/figure>\n\n\n\n<p class=\"has-text-align-center\" id=\"block-4672d608-8a30-472c-91ba-07e641c39018\"><a rel=\"noreferrer noopener\" href=\"https:\/\/www.mendoza.gov.ar\/prensa\/covid-19\/\" target=\"_blank\"><strong>Clic aqu&iacute; para ver m&aacute;s noticias sobre coronavirus<\/strong><\/a><\/p>\n\n\n\n<figure class=\"wp-block-image\" id=\"block-679c5d04-4f24-4464-a49a-df7b140e38eb\"><img src=\"https:\/\/www.mendoza.gov.ar\/prensa\/wp-content\/uploads\/sites\/5\/2020\/03\/WhatsApp-Image-2020-03-17-at-6.23.29-PM-1.jpeg\" alt=\"Esta imagen tiene un atributo alt vac&iacute;o; el nombre del archivo es WhatsApp-Image-2020-03-17-at-6.23.29-PM-1.jpeg\" class=\" img-responsive center-block\"><\/figure>\n\n\n\n<p class=\"has-text-align-center\" id=\"block-e70c843d-9c55-4a54-a13e-110b356d59f8\"><strong><a rel=\"noreferrer noopener\" href=\"https:\/\/www.mendoza.gov.ar\/prensa\/comunicados\/\" target=\"_blank\">Clic aqu&iacute; para ver los comunicados del Ministerio de Salud<\/a><\/strong><\/p>\n\n\n\n<figure class=\"wp-block-image\" id=\"block-55da5334-2597-4644-a2ad-ad62409c9f96\"><img src=\"https:\/\/www.mendoza.gov.ar\/prensa\/wp-content\/uploads\/sites\/5\/2020\/03\/WhatsApp-Image-2020-03-17-at-6.23.29-PM-1.jpeg\" alt=\"Esta imagen tiene un atributo alt vac&iacute;o; el nombre del archivo es WhatsApp-Image-2020-03-17-at-6.23.29-PM-1.jpeg\" class=\" img-responsive center-block\"><\/figure>\n\n\n\n<p class=\"has-text-align-center\" id=\"block-f052e2af-737b-4a93-aa6a-293bed4ff9e2\"><strong><a rel=\"noreferrer noopener\" href=\"https:\/\/www.mendoza.gov.ar\/coronavirus\" target=\"_blank\">www.mendoza.gov.ar\/coronavirus<\/a><\/strong><\/p>\n<\/body><\/html>\n","protected":false},"excerpt":{"rendered":"Siguiendo el esquema aplicado para bodegas y elaboradores de vino y sidra, se pretende reducir el impacto negativo de la quita de subsidios nacionales y evitar picos de facturaci&oacute;n en los meses de mayor consumo de energ&iacute;a y potencia. El ministro de Econom&iacute;a y Energ&iacute;a, Enrique Vaqui&eacute;; el secretario de Servicios P&uacute;blicos, Natalio Mema, y&#8230; <a class=\"view-article\" href=\"https:\/\/www.mendoza.gov.ar\/prensa\/mendoza-amplia-el-beneficio-de-estabilizacion-de-la-tarifa-electrica-a-secaderos-conserveras-y-frigorificos\/\"><\/a>","protected":false},"author":61,"featured_media":265849,"comment_status":"open","ping_status":"open","sticky":false,"template":"","format":"standard","meta":[],"categories":[15],"tags":[],"_links":{"self":[{"href":"https:\/\/www.mendoza.gov.ar\/prensa\/wp-json\/wp\/v2\/posts\/265843"}],"collection":[{"href":"https:\/\/www.mendoza.gov.ar\/prensa\/wp-json\/wp\/v2\/posts"}],"about":[{"href":"https:\/\/www.mendoza.gov.ar\/prensa\/wp-json\/wp\/v2\/types\/post"}],"author":[{"embeddable":true,"href":"https:\/\/www.mendoza.gov.ar\/prensa\/wp-json\/wp\/v2\/users\/61"}],"replies":[{"embeddable":true,"href":"https:\/\/www.mendoza.gov.ar\/prensa\/wp-json\/wp\/v2\/comments?post=265843"}],"version-history":[{"count":3,"href":"https:\/\/www.mendoza.gov.ar\/prensa\/wp-json\/wp\/v2\/posts\/265843\/revisions"}],"predecessor-version":[{"id":265876,"href":"https:\/\/www.mendoza.gov.ar\/prensa\/wp-json\/wp\/v2\/posts\/265843\/revisions\/265876"}],"wp:featuredmedia":[{"embeddable":true,"href":"https:\/\/www.mendoza.gov.ar\/prensa\/wp-json\/wp\/v2\/media\/265849"}],"wp:attachment":[{"href":"https:\/\/www.mendoza.gov.ar\/prensa\/wp-json\/wp\/v2\/media?parent=265843"}],"wp:term":[{"taxonomy":"category","embeddable":true,"href":"https:\/\/www.mendoza.gov.ar\/prensa\/wp-json\/wp\/v2\/categories?post=265843"},{"taxonomy":"post_tag","embeddable":true,"href":"https:\/\/www.mendoza.gov.ar\/prensa\/wp-json\/wp\/v2\/tags?post=265843"}],"curies":[{"name":"wp","href":"https:\/\/api.w.org\/{rel}","templated":true}]}}