{"id":266245,"date":"2021-04-13T10:03:45","date_gmt":"2021-04-13T13:03:45","guid":{"rendered":"https:\/\/www.mendoza.gov.ar\/prensa\/?p=266245"},"modified":"2021-04-13T12:37:52","modified_gmt":"2021-04-13T15:37:52","slug":"san-rafael-la-campana-de-vacunacion-contra-covid19-se-realiza-unicamente-en-el-centro-de-congresos-y-exposiciones-alfredo-bufano","status":"publish","type":"post","link":"https:\/\/www.mendoza.gov.ar\/prensa\/san-rafael-la-campana-de-vacunacion-contra-covid19-se-realiza-unicamente-en-el-centro-de-congresos-y-exposiciones-alfredo-bufano\/","title":{"rendered":"San Rafael: La campa\u00f1a de vacunaci\u00f3n contra COVID-19 se realiza \u00fanicamente en el Centro de Congresos y Exposiciones \u201cAlfredo Bufano\u201d"},"content":{"rendered":"<!DOCTYPE html PUBLIC \"-\/\/W3C\/\/DTD HTML 4.0 Transitional\/\/EN\" \"http:\/\/www.w3.org\/TR\/REC-html40\/loose.dtd\">\n<html><body><h5>Este lunes 12 de abril la campa&ntilde;a de vacunaci&oacute;n contra COVID&rsquo;-19 se traslad&oacute; al Centro de Congresos y Exposiciones &ldquo;Alfredo Bufano&rdquo;, ubicado en el Parque Norte de la Ciudad. Se ampli&oacute; el horario de 8 a 17. La Secretar&iacute;a de Servicios P&uacute;blicos ha dispuesto una l&iacute;nea especial de transporte con salida en la Nueva Terminal de &Oacute;mnibus y llegada a la puerta del Centro de Congresos, pasando por las 11 principales paradas de la Ciudad.<\/h5>\n\n\n\n<p>&ldquo;Estaba planificado desde el Ministerio de Salud de la Provincia que en una etapa de la vacunaci&oacute;n y de la pandemia se dispondr&iacute;a del Centro de Congresos y Exposiciones&rdquo;, explic&oacute; Abel Freidemberg, director general Regi&oacute;n Sur del Ministerio de Salud, Desarrollo Social y Deportes. &ldquo;Es un hermoso lugar del Parque Norte, con accesibilidad, playas de estacionamiento, y en el interior con todas las comodidades, como calefacci&oacute;n para esta &eacute;poca del a&ntilde;o; circulaci&oacute;n adecuada, grupo electr&oacute;geno que necesitamos para la log&iacute;stica de la conservaci&oacute;n de vacunas. En el sector norte se ha dispuesto el Autovac, para que las personas con problemas de movilidad u otros reciban la vacuna en el autom&oacute;vil&rdquo;.<\/p>\n\n\n\n<p>Agradeci&oacute; a la ministra de Cultura y Turismo, Mariana Juri, quien ha facilitado este lugar; al secretario de Servicios P&uacute;blicos, Natalio Mema, que ha dispuesto junto con su jefe de&nbsp;Gabinete, Leonardo Yapur, una l&iacute;nea de colectivo especial mientras dure toda la campa&ntilde;a de vacunaci&oacute;n. &ldquo;Esta l&iacute;nea tiene 5 y 6 frecuencias diarias, de lunes a viernes, sale desde la nueva terminal y recorre las 11 paradas m&aacute;s importantes de San Rafael, hacia la puerta del Centro de Congresos. Esto significa accesibilidad para la poblaci&oacute;n para su vacunaci&oacute;n cuando corresponda&rdquo;.<\/p>\n\n\n\n<p>A quienes concurren para su vacunaci&oacute;n, &ldquo;pedimos que lo hagan en el horario especificado en el turno, a fin de no entorpecer la tarea que se desarrolla en el lugar y poder hacerla de forma &aacute;gil y ordenada&rdquo;.<\/p>\n\n\n\n<p>Record&oacute; que &ldquo;se est&aacute;n vacunando directamente personas mayores de 60 a&ntilde;os. Tambi&eacute;n puede haber personas mayores de 70 que por distintos motivos no se inscribieron, las que pueden registrarse y vacunarse. Al viernes de la semana anterior ten&iacute;amos el 52% de la poblaci&oacute;n mayor a 60 a&ntilde;os inscripta y vacunada, incluyendo a mayores de 70 a&ntilde;os.<\/p>\n\n\n\n<p>&ldquo;En General Alvear, al viernes &uacute;ltimo se hab&iacute;a vacunado el 61% y en Malarg&uuml;e el 70% de su poblaci&oacute;n&rdquo;, inform&oacute;.<\/p>\n\n\n\n<p>Agreg&oacute; que esta semana o a m&aacute;s tardar lunes o martes de la pr&oacute;xima se pretende terminar con la vacunaci&oacute;n a toda la poblaci&oacute;n mayor a 60 a&ntilde;os. &ldquo;Se ha dispuesto esta log&iacute;stica y para hoy se previeron 1.000 turnos, mientras que para ma&ntilde;ana martes se han pedido 1.500 turnos a Mendoza para cumplir en la ampliaci&oacute;n horaria, dispuesta de 8 a 17, y as&iacute; avanzar r&aacute;pidamente con la vacunaci&oacute;n&rdquo;.<\/p>\n\n\n\n<p>Por otra parte, explic&oacute;: &ldquo;Cuando se habla de poblaci&oacute;n mayor de 60 a&ntilde;os y dentro de la priorizada, como fue el grupo de Salud, tambi&eacute;n est&aacute;n los geri&aacute;tricos, donde se vacunaron alrededor de 820 personas en esa primera etapa; hogares de d&iacute;a, centros de discapacitados y a docentes de nivel inicial, jardines maternales y de infantes. En cuanto a personas con tratamiento de hemodi&aacute;lisis, se vacunaron 140 en San Rafael. &nbsp;<\/p>\n\n\n\n<p>Finalmente, pidi&oacute; a la poblaci&oacute;n cuidarse con el uso de barbijo o tapaboca, el lavado frecuente de manos, el distanciamiento social y no compartir distintos elementos como el mate. &ldquo;El hecho de estar vacunados no quiere decir que no nos podamos enfermar o contagiar. Si me contagio y tengo una forma leve de la enfermedad, por m&aacute;s que estoy vacunado, igual contagio. Entonces debemos cuidarnos. La vacuna comienza a formar anticuerpos despu&eacute;s de los 14 d&iacute;as&rdquo;.<\/p>\n\n\n\n<figure class=\"wp-block-gallery columns-3\"><ul class=\"blocks-gallery-grid\"><li class=\"blocks-gallery-item\"><figure><a href=\"https:\/\/www.mendoza.gov.ar\/wp-content\/uploads\/sites\/5\/2021\/04\/IMG-20210412-WA0024.jpg\"><img loading=\"lazy\" width=\"700\" height=\"466\" src=\"https:\/\/www.mendoza.gov.ar\/wp-content\/uploads\/sites\/5\/2021\/04\/IMG-20210412-WA0024-700x466.jpg\" alt=\"\" data-id=\"266248\" data-full-url=\"https:\/\/www.mendoza.gov.ar\/wp-content\/uploads\/sites\/5\/2021\/04\/IMG-20210412-WA0024.jpg\" data-link=\"https:\/\/www.mendoza.gov.ar\/prensa\/?attachment_id=266248\" class=\"wp-image-266248 img-responsive center-block\" srcset=\"https:\/\/www.mendoza.gov.ar\/wp-content\/uploads\/sites\/5\/2021\/04\/IMG-20210412-WA0024-700x466.jpg 700w, https:\/\/www.mendoza.gov.ar\/wp-content\/uploads\/sites\/5\/2021\/04\/IMG-20210412-WA0024-250x167.jpg 250w, https:\/\/www.mendoza.gov.ar\/wp-content\/uploads\/sites\/5\/2021\/04\/IMG-20210412-WA0024-768x512.jpg 768w, https:\/\/www.mendoza.gov.ar\/wp-content\/uploads\/sites\/5\/2021\/04\/IMG-20210412-WA0024-120x80.jpg 120w, https:\/\/www.mendoza.gov.ar\/wp-content\/uploads\/sites\/5\/2021\/04\/IMG-20210412-WA0024.jpg 1280w\" sizes=\"(max-width: 700px) 100vw, 700px\"><\/a><\/figure><\/li><li class=\"blocks-gallery-item\"><figure><a href=\"https:\/\/www.mendoza.gov.ar\/wp-content\/uploads\/sites\/5\/2021\/04\/IMG-20210412-WA0025.jpg\"><img loading=\"lazy\" width=\"700\" height=\"466\" src=\"https:\/\/www.mendoza.gov.ar\/wp-content\/uploads\/sites\/5\/2021\/04\/IMG-20210412-WA0025-700x466.jpg\" alt=\"\" data-id=\"266249\" data-full-url=\"https:\/\/www.mendoza.gov.ar\/wp-content\/uploads\/sites\/5\/2021\/04\/IMG-20210412-WA0025.jpg\" data-link=\"https:\/\/www.mendoza.gov.ar\/prensa\/?attachment_id=266249\" class=\"wp-image-266249 img-responsive center-block\" srcset=\"https:\/\/www.mendoza.gov.ar\/wp-content\/uploads\/sites\/5\/2021\/04\/IMG-20210412-WA0025-700x466.jpg 700w, https:\/\/www.mendoza.gov.ar\/wp-content\/uploads\/sites\/5\/2021\/04\/IMG-20210412-WA0025-250x167.jpg 250w, https:\/\/www.mendoza.gov.ar\/wp-content\/uploads\/sites\/5\/2021\/04\/IMG-20210412-WA0025-768x512.jpg 768w, https:\/\/www.mendoza.gov.ar\/wp-content\/uploads\/sites\/5\/2021\/04\/IMG-20210412-WA0025-120x80.jpg 120w, https:\/\/www.mendoza.gov.ar\/wp-content\/uploads\/sites\/5\/2021\/04\/IMG-20210412-WA0025.jpg 1280w\" sizes=\"(max-width: 700px) 100vw, 700px\"><\/a><\/figure><\/li><li class=\"blocks-gallery-item\"><figure><a href=\"https:\/\/www.mendoza.gov.ar\/wp-content\/uploads\/sites\/5\/2021\/04\/IMG-20210412-WA0026.jpg\"><img loading=\"lazy\" width=\"700\" height=\"466\" src=\"https:\/\/www.mendoza.gov.ar\/wp-content\/uploads\/sites\/5\/2021\/04\/IMG-20210412-WA0026-700x466.jpg\" alt=\"\" data-id=\"266250\" data-full-url=\"https:\/\/www.mendoza.gov.ar\/wp-content\/uploads\/sites\/5\/2021\/04\/IMG-20210412-WA0026.jpg\" data-link=\"https:\/\/www.mendoza.gov.ar\/prensa\/?attachment_id=266250\" class=\"wp-image-266250 img-responsive center-block\" srcset=\"https:\/\/www.mendoza.gov.ar\/wp-content\/uploads\/sites\/5\/2021\/04\/IMG-20210412-WA0026-700x466.jpg 700w, https:\/\/www.mendoza.gov.ar\/wp-content\/uploads\/sites\/5\/2021\/04\/IMG-20210412-WA0026-250x167.jpg 250w, https:\/\/www.mendoza.gov.ar\/wp-content\/uploads\/sites\/5\/2021\/04\/IMG-20210412-WA0026-768x512.jpg 768w, https:\/\/www.mendoza.gov.ar\/wp-content\/uploads\/sites\/5\/2021\/04\/IMG-20210412-WA0026-120x80.jpg 120w, https:\/\/www.mendoza.gov.ar\/wp-content\/uploads\/sites\/5\/2021\/04\/IMG-20210412-WA0026.jpg 1280w\" sizes=\"(max-width: 700px) 100vw, 700px\"><\/a><\/figure><\/li><li class=\"blocks-gallery-item\"><figure><a href=\"https:\/\/www.mendoza.gov.ar\/wp-content\/uploads\/sites\/5\/2021\/04\/IMG-20210412-WA0027.jpg\"><img loading=\"lazy\" width=\"700\" height=\"466\" src=\"https:\/\/www.mendoza.gov.ar\/wp-content\/uploads\/sites\/5\/2021\/04\/IMG-20210412-WA0027-700x466.jpg\" alt=\"\" data-id=\"266251\" data-full-url=\"https:\/\/www.mendoza.gov.ar\/wp-content\/uploads\/sites\/5\/2021\/04\/IMG-20210412-WA0027.jpg\" data-link=\"https:\/\/www.mendoza.gov.ar\/prensa\/?attachment_id=266251\" class=\"wp-image-266251 img-responsive center-block\" srcset=\"https:\/\/www.mendoza.gov.ar\/wp-content\/uploads\/sites\/5\/2021\/04\/IMG-20210412-WA0027-700x466.jpg 700w, https:\/\/www.mendoza.gov.ar\/wp-content\/uploads\/sites\/5\/2021\/04\/IMG-20210412-WA0027-250x167.jpg 250w, https:\/\/www.mendoza.gov.ar\/wp-content\/uploads\/sites\/5\/2021\/04\/IMG-20210412-WA0027-768x512.jpg 768w, https:\/\/www.mendoza.gov.ar\/wp-content\/uploads\/sites\/5\/2021\/04\/IMG-20210412-WA0027-120x80.jpg 120w, https:\/\/www.mendoza.gov.ar\/wp-content\/uploads\/sites\/5\/2021\/04\/IMG-20210412-WA0027.jpg 1280w\" sizes=\"(max-width: 700px) 100vw, 700px\"><\/a><\/figure><\/li><li class=\"blocks-gallery-item\"><figure><a href=\"https:\/\/www.mendoza.gov.ar\/wp-content\/uploads\/sites\/5\/2021\/04\/IMG-20210412-WA0028.jpg\"><img loading=\"lazy\" width=\"700\" height=\"466\" src=\"https:\/\/www.mendoza.gov.ar\/wp-content\/uploads\/sites\/5\/2021\/04\/IMG-20210412-WA0028-700x466.jpg\" alt=\"\" data-id=\"266252\" data-full-url=\"https:\/\/www.mendoza.gov.ar\/wp-content\/uploads\/sites\/5\/2021\/04\/IMG-20210412-WA0028.jpg\" data-link=\"https:\/\/www.mendoza.gov.ar\/prensa\/?attachment_id=266252\" class=\"wp-image-266252 img-responsive center-block\" srcset=\"https:\/\/www.mendoza.gov.ar\/wp-content\/uploads\/sites\/5\/2021\/04\/IMG-20210412-WA0028-700x466.jpg 700w, https:\/\/www.mendoza.gov.ar\/wp-content\/uploads\/sites\/5\/2021\/04\/IMG-20210412-WA0028-250x167.jpg 250w, https:\/\/www.mendoza.gov.ar\/wp-content\/uploads\/sites\/5\/2021\/04\/IMG-20210412-WA0028-768x512.jpg 768w, https:\/\/www.mendoza.gov.ar\/wp-content\/uploads\/sites\/5\/2021\/04\/IMG-20210412-WA0028-120x80.jpg 120w, https:\/\/www.mendoza.gov.ar\/wp-content\/uploads\/sites\/5\/2021\/04\/IMG-20210412-WA0028.jpg 1280w\" sizes=\"(max-width: 700px) 100vw, 700px\"><\/a><\/figure><\/li><li class=\"blocks-gallery-item\"><figure><a href=\"https:\/\/www.mendoza.gov.ar\/wp-content\/uploads\/sites\/5\/2021\/04\/IMG-20210412-WA0029.jpg\"><img loading=\"lazy\" width=\"700\" height=\"466\" src=\"https:\/\/www.mendoza.gov.ar\/wp-content\/uploads\/sites\/5\/2021\/04\/IMG-20210412-WA0029-700x466.jpg\" alt=\"\" data-id=\"266253\" data-full-url=\"https:\/\/www.mendoza.gov.ar\/wp-content\/uploads\/sites\/5\/2021\/04\/IMG-20210412-WA0029.jpg\" data-link=\"https:\/\/www.mendoza.gov.ar\/prensa\/?attachment_id=266253\" class=\"wp-image-266253 img-responsive center-block\" srcset=\"https:\/\/www.mendoza.gov.ar\/wp-content\/uploads\/sites\/5\/2021\/04\/IMG-20210412-WA0029-700x466.jpg 700w, https:\/\/www.mendoza.gov.ar\/wp-content\/uploads\/sites\/5\/2021\/04\/IMG-20210412-WA0029-250x167.jpg 250w, https:\/\/www.mendoza.gov.ar\/wp-content\/uploads\/sites\/5\/2021\/04\/IMG-20210412-WA0029-768x512.jpg 768w, https:\/\/www.mendoza.gov.ar\/wp-content\/uploads\/sites\/5\/2021\/04\/IMG-20210412-WA0029-120x80.jpg 120w, https:\/\/www.mendoza.gov.ar\/wp-content\/uploads\/sites\/5\/2021\/04\/IMG-20210412-WA0029.jpg 1280w\" sizes=\"(max-width: 700px) 100vw, 700px\"><\/a><\/figure><\/li><li class=\"blocks-gallery-item\"><figure><a href=\"https:\/\/www.mendoza.gov.ar\/wp-content\/uploads\/sites\/5\/2021\/04\/IMG-20210412-WA0030.jpg\"><img loading=\"lazy\" width=\"700\" height=\"466\" src=\"https:\/\/www.mendoza.gov.ar\/wp-content\/uploads\/sites\/5\/2021\/04\/IMG-20210412-WA0030-700x466.jpg\" alt=\"\" data-id=\"266254\" data-full-url=\"https:\/\/www.mendoza.gov.ar\/wp-content\/uploads\/sites\/5\/2021\/04\/IMG-20210412-WA0030.jpg\" data-link=\"https:\/\/www.mendoza.gov.ar\/prensa\/?attachment_id=266254\" class=\"wp-image-266254 img-responsive center-block\" srcset=\"https:\/\/www.mendoza.gov.ar\/wp-content\/uploads\/sites\/5\/2021\/04\/IMG-20210412-WA0030-700x466.jpg 700w, https:\/\/www.mendoza.gov.ar\/wp-content\/uploads\/sites\/5\/2021\/04\/IMG-20210412-WA0030-250x167.jpg 250w, https:\/\/www.mendoza.gov.ar\/wp-content\/uploads\/sites\/5\/2021\/04\/IMG-20210412-WA0030-768x512.jpg 768w, https:\/\/www.mendoza.gov.ar\/wp-content\/uploads\/sites\/5\/2021\/04\/IMG-20210412-WA0030-120x80.jpg 120w, https:\/\/www.mendoza.gov.ar\/wp-content\/uploads\/sites\/5\/2021\/04\/IMG-20210412-WA0030.jpg 1280w\" sizes=\"(max-width: 700px) 100vw, 700px\"><\/a><\/figure><\/li><li class=\"blocks-gallery-item\"><figure><a href=\"https:\/\/www.mendoza.gov.ar\/wp-content\/uploads\/sites\/5\/2021\/04\/IMG-20210412-WA0031.jpg\"><img loading=\"lazy\" width=\"700\" height=\"466\" src=\"https:\/\/www.mendoza.gov.ar\/wp-content\/uploads\/sites\/5\/2021\/04\/IMG-20210412-WA0031-700x466.jpg\" alt=\"\" data-id=\"266255\" data-full-url=\"https:\/\/www.mendoza.gov.ar\/wp-content\/uploads\/sites\/5\/2021\/04\/IMG-20210412-WA0031.jpg\" data-link=\"https:\/\/www.mendoza.gov.ar\/prensa\/?attachment_id=266255\" class=\"wp-image-266255 img-responsive center-block\" srcset=\"https:\/\/www.mendoza.gov.ar\/wp-content\/uploads\/sites\/5\/2021\/04\/IMG-20210412-WA0031-700x466.jpg 700w, https:\/\/www.mendoza.gov.ar\/wp-content\/uploads\/sites\/5\/2021\/04\/IMG-20210412-WA0031-250x167.jpg 250w, https:\/\/www.mendoza.gov.ar\/wp-content\/uploads\/sites\/5\/2021\/04\/IMG-20210412-WA0031-768x512.jpg 768w, https:\/\/www.mendoza.gov.ar\/wp-content\/uploads\/sites\/5\/2021\/04\/IMG-20210412-WA0031-120x80.jpg 120w, https:\/\/www.mendoza.gov.ar\/wp-content\/uploads\/sites\/5\/2021\/04\/IMG-20210412-WA0031.jpg 1280w\" sizes=\"(max-width: 700px) 100vw, 700px\"><\/a><\/figure><\/li><li class=\"blocks-gallery-item\"><figure><a href=\"https:\/\/www.mendoza.gov.ar\/wp-content\/uploads\/sites\/5\/2021\/04\/IMG-20210412-WA0032.jpg\"><img loading=\"lazy\" width=\"700\" height=\"466\" src=\"https:\/\/www.mendoza.gov.ar\/wp-content\/uploads\/sites\/5\/2021\/04\/IMG-20210412-WA0032-700x466.jpg\" alt=\"\" data-id=\"266256\" data-full-url=\"https:\/\/www.mendoza.gov.ar\/wp-content\/uploads\/sites\/5\/2021\/04\/IMG-20210412-WA0032.jpg\" data-link=\"https:\/\/www.mendoza.gov.ar\/prensa\/?attachment_id=266256\" class=\"wp-image-266256 img-responsive center-block\" srcset=\"https:\/\/www.mendoza.gov.ar\/wp-content\/uploads\/sites\/5\/2021\/04\/IMG-20210412-WA0032-700x466.jpg 700w, https:\/\/www.mendoza.gov.ar\/wp-content\/uploads\/sites\/5\/2021\/04\/IMG-20210412-WA0032-250x167.jpg 250w, https:\/\/www.mendoza.gov.ar\/wp-content\/uploads\/sites\/5\/2021\/04\/IMG-20210412-WA0032-768x512.jpg 768w, https:\/\/www.mendoza.gov.ar\/wp-content\/uploads\/sites\/5\/2021\/04\/IMG-20210412-WA0032-120x80.jpg 120w, https:\/\/www.mendoza.gov.ar\/wp-content\/uploads\/sites\/5\/2021\/04\/IMG-20210412-WA0032.jpg 1280w\" sizes=\"(max-width: 700px) 100vw, 700px\"><\/a><\/figure><\/li><li class=\"blocks-gallery-item\"><figure><a href=\"https:\/\/www.mendoza.gov.ar\/wp-content\/uploads\/sites\/5\/2021\/04\/IMG-20210412-WA0033-1.jpg\"><img loading=\"lazy\" width=\"700\" height=\"466\" src=\"https:\/\/www.mendoza.gov.ar\/wp-content\/uploads\/sites\/5\/2021\/04\/IMG-20210412-WA0033-1-700x466.jpg\" alt=\"\" data-id=\"266257\" data-full-url=\"https:\/\/www.mendoza.gov.ar\/wp-content\/uploads\/sites\/5\/2021\/04\/IMG-20210412-WA0033-1.jpg\" data-link=\"https:\/\/www.mendoza.gov.ar\/prensa\/?attachment_id=266257\" class=\"wp-image-266257 img-responsive center-block\" srcset=\"https:\/\/www.mendoza.gov.ar\/wp-content\/uploads\/sites\/5\/2021\/04\/IMG-20210412-WA0033-1-700x466.jpg 700w, https:\/\/www.mendoza.gov.ar\/wp-content\/uploads\/sites\/5\/2021\/04\/IMG-20210412-WA0033-1-250x167.jpg 250w, https:\/\/www.mendoza.gov.ar\/wp-content\/uploads\/sites\/5\/2021\/04\/IMG-20210412-WA0033-1-768x512.jpg 768w, https:\/\/www.mendoza.gov.ar\/wp-content\/uploads\/sites\/5\/2021\/04\/IMG-20210412-WA0033-1-120x80.jpg 120w, https:\/\/www.mendoza.gov.ar\/wp-content\/uploads\/sites\/5\/2021\/04\/IMG-20210412-WA0033-1.jpg 1280w\" sizes=\"(max-width: 700px) 100vw, 700px\"><\/a><\/figure><\/li><li class=\"blocks-gallery-item\"><figure><a href=\"https:\/\/www.mendoza.gov.ar\/wp-content\/uploads\/sites\/5\/2021\/04\/IMG-20210412-WA0035.jpg\"><img loading=\"lazy\" width=\"700\" height=\"466\" src=\"https:\/\/www.mendoza.gov.ar\/wp-content\/uploads\/sites\/5\/2021\/04\/IMG-20210412-WA0035-700x466.jpg\" alt=\"\" data-id=\"266258\" data-full-url=\"https:\/\/www.mendoza.gov.ar\/wp-content\/uploads\/sites\/5\/2021\/04\/IMG-20210412-WA0035.jpg\" data-link=\"https:\/\/www.mendoza.gov.ar\/prensa\/?attachment_id=266258\" class=\"wp-image-266258 img-responsive center-block\" srcset=\"https:\/\/www.mendoza.gov.ar\/wp-content\/uploads\/sites\/5\/2021\/04\/IMG-20210412-WA0035-700x466.jpg 700w, https:\/\/www.mendoza.gov.ar\/wp-content\/uploads\/sites\/5\/2021\/04\/IMG-20210412-WA0035-250x167.jpg 250w, https:\/\/www.mendoza.gov.ar\/wp-content\/uploads\/sites\/5\/2021\/04\/IMG-20210412-WA0035-768x512.jpg 768w, https:\/\/www.mendoza.gov.ar\/wp-content\/uploads\/sites\/5\/2021\/04\/IMG-20210412-WA0035-120x80.jpg 120w, https:\/\/www.mendoza.gov.ar\/wp-content\/uploads\/sites\/5\/2021\/04\/IMG-20210412-WA0035.jpg 1280w\" sizes=\"(max-width: 700px) 100vw, 700px\"><\/a><\/figure><\/li><li class=\"blocks-gallery-item\"><figure><a href=\"https:\/\/www.mendoza.gov.ar\/wp-content\/uploads\/sites\/5\/2021\/04\/IMG-20210412-WA0036.jpg\"><img loading=\"lazy\" width=\"700\" height=\"1050\" src=\"https:\/\/www.mendoza.gov.ar\/wp-content\/uploads\/sites\/5\/2021\/04\/IMG-20210412-WA0036-700x1050.jpg\" alt=\"\" data-id=\"266259\" data-full-url=\"https:\/\/www.mendoza.gov.ar\/wp-content\/uploads\/sites\/5\/2021\/04\/IMG-20210412-WA0036.jpg\" data-link=\"https:\/\/www.mendoza.gov.ar\/prensa\/?attachment_id=266259\" class=\"wp-image-266259 img-responsive center-block\" srcset=\"https:\/\/www.mendoza.gov.ar\/wp-content\/uploads\/sites\/5\/2021\/04\/IMG-20210412-WA0036-700x1050.jpg 700w, https:\/\/www.mendoza.gov.ar\/wp-content\/uploads\/sites\/5\/2021\/04\/IMG-20210412-WA0036-250x375.jpg 250w, https:\/\/www.mendoza.gov.ar\/wp-content\/uploads\/sites\/5\/2021\/04\/IMG-20210412-WA0036-768x1152.jpg 768w, https:\/\/www.mendoza.gov.ar\/wp-content\/uploads\/sites\/5\/2021\/04\/IMG-20210412-WA0036-120x180.jpg 120w, https:\/\/www.mendoza.gov.ar\/wp-content\/uploads\/sites\/5\/2021\/04\/IMG-20210412-WA0036.jpg 853w\" sizes=\"(max-width: 700px) 100vw, 700px\"><\/a><\/figure><\/li><li class=\"blocks-gallery-item\"><figure><a href=\"https:\/\/www.mendoza.gov.ar\/wp-content\/uploads\/sites\/5\/2021\/04\/IMG-20210412-WA0037.jpg\"><img loading=\"lazy\" width=\"700\" height=\"466\" src=\"https:\/\/www.mendoza.gov.ar\/wp-content\/uploads\/sites\/5\/2021\/04\/IMG-20210412-WA0037-700x466.jpg\" alt=\"\" data-id=\"266260\" data-full-url=\"https:\/\/www.mendoza.gov.ar\/wp-content\/uploads\/sites\/5\/2021\/04\/IMG-20210412-WA0037.jpg\" data-link=\"https:\/\/www.mendoza.gov.ar\/prensa\/?attachment_id=266260\" class=\"wp-image-266260 img-responsive center-block\" srcset=\"https:\/\/www.mendoza.gov.ar\/wp-content\/uploads\/sites\/5\/2021\/04\/IMG-20210412-WA0037-700x466.jpg 700w, https:\/\/www.mendoza.gov.ar\/wp-content\/uploads\/sites\/5\/2021\/04\/IMG-20210412-WA0037-250x167.jpg 250w, https:\/\/www.mendoza.gov.ar\/wp-content\/uploads\/sites\/5\/2021\/04\/IMG-20210412-WA0037-768x512.jpg 768w, https:\/\/www.mendoza.gov.ar\/wp-content\/uploads\/sites\/5\/2021\/04\/IMG-20210412-WA0037-120x80.jpg 120w, https:\/\/www.mendoza.gov.ar\/wp-content\/uploads\/sites\/5\/2021\/04\/IMG-20210412-WA0037.jpg 1280w\" sizes=\"(max-width: 700px) 100vw, 700px\"><\/a><\/figure><\/li><li class=\"blocks-gallery-item\"><figure><a href=\"https:\/\/www.mendoza.gov.ar\/wp-content\/uploads\/sites\/5\/2021\/04\/IMG-20210412-WA0038.jpg\"><img loading=\"lazy\" width=\"700\" height=\"466\" src=\"https:\/\/www.mendoza.gov.ar\/wp-content\/uploads\/sites\/5\/2021\/04\/IMG-20210412-WA0038-700x466.jpg\" alt=\"\" data-id=\"266261\" data-full-url=\"https:\/\/www.mendoza.gov.ar\/wp-content\/uploads\/sites\/5\/2021\/04\/IMG-20210412-WA0038.jpg\" data-link=\"https:\/\/www.mendoza.gov.ar\/prensa\/?attachment_id=266261\" class=\"wp-image-266261 img-responsive center-block\" srcset=\"https:\/\/www.mendoza.gov.ar\/wp-content\/uploads\/sites\/5\/2021\/04\/IMG-20210412-WA0038-700x466.jpg 700w, https:\/\/www.mendoza.gov.ar\/wp-content\/uploads\/sites\/5\/2021\/04\/IMG-20210412-WA0038-250x167.jpg 250w, https:\/\/www.mendoza.gov.ar\/wp-content\/uploads\/sites\/5\/2021\/04\/IMG-20210412-WA0038-768x512.jpg 768w, https:\/\/www.mendoza.gov.ar\/wp-content\/uploads\/sites\/5\/2021\/04\/IMG-20210412-WA0038-120x80.jpg 120w, https:\/\/www.mendoza.gov.ar\/wp-content\/uploads\/sites\/5\/2021\/04\/IMG-20210412-WA0038.jpg 1280w\" sizes=\"(max-width: 700px) 100vw, 700px\"><\/a><\/figure><\/li><li class=\"blocks-gallery-item\"><figure><a href=\"https:\/\/www.mendoza.gov.ar\/wp-content\/uploads\/sites\/5\/2021\/04\/IMG-20210412-WA0050.jpg\"><img loading=\"lazy\" width=\"700\" height=\"466\" src=\"https:\/\/www.mendoza.gov.ar\/wp-content\/uploads\/sites\/5\/2021\/04\/IMG-20210412-WA0050-700x466.jpg\" alt=\"\" data-id=\"266262\" data-full-url=\"https:\/\/www.mendoza.gov.ar\/wp-content\/uploads\/sites\/5\/2021\/04\/IMG-20210412-WA0050.jpg\" data-link=\"https:\/\/www.mendoza.gov.ar\/prensa\/?attachment_id=266262\" class=\"wp-image-266262 img-responsive center-block\" srcset=\"https:\/\/www.mendoza.gov.ar\/wp-content\/uploads\/sites\/5\/2021\/04\/IMG-20210412-WA0050-700x466.jpg 700w, https:\/\/www.mendoza.gov.ar\/wp-content\/uploads\/sites\/5\/2021\/04\/IMG-20210412-WA0050-250x167.jpg 250w, https:\/\/www.mendoza.gov.ar\/wp-content\/uploads\/sites\/5\/2021\/04\/IMG-20210412-WA0050-768x512.jpg 768w, https:\/\/www.mendoza.gov.ar\/wp-content\/uploads\/sites\/5\/2021\/04\/IMG-20210412-WA0050-120x80.jpg 120w, https:\/\/www.mendoza.gov.ar\/wp-content\/uploads\/sites\/5\/2021\/04\/IMG-20210412-WA0050.jpg 1280w\" sizes=\"(max-width: 700px) 100vw, 700px\"><\/a><\/figure><\/li><li class=\"blocks-gallery-item\"><figure><a href=\"https:\/\/www.mendoza.gov.ar\/wp-content\/uploads\/sites\/5\/2021\/04\/IMG-20210412-WA0051.jpg\"><img loading=\"lazy\" width=\"700\" height=\"466\" src=\"https:\/\/www.mendoza.gov.ar\/wp-content\/uploads\/sites\/5\/2021\/04\/IMG-20210412-WA0051-700x466.jpg\" alt=\"\" data-id=\"266263\" data-full-url=\"https:\/\/www.mendoza.gov.ar\/wp-content\/uploads\/sites\/5\/2021\/04\/IMG-20210412-WA0051.jpg\" data-link=\"https:\/\/www.mendoza.gov.ar\/prensa\/?attachment_id=266263\" class=\"wp-image-266263 img-responsive center-block\" srcset=\"https:\/\/www.mendoza.gov.ar\/wp-content\/uploads\/sites\/5\/2021\/04\/IMG-20210412-WA0051-700x466.jpg 700w, https:\/\/www.mendoza.gov.ar\/wp-content\/uploads\/sites\/5\/2021\/04\/IMG-20210412-WA0051-250x167.jpg 250w, https:\/\/www.mendoza.gov.ar\/wp-content\/uploads\/sites\/5\/2021\/04\/IMG-20210412-WA0051-768x512.jpg 768w, https:\/\/www.mendoza.gov.ar\/wp-content\/uploads\/sites\/5\/2021\/04\/IMG-20210412-WA0051-120x80.jpg 120w, https:\/\/www.mendoza.gov.ar\/wp-content\/uploads\/sites\/5\/2021\/04\/IMG-20210412-WA0051.jpg 1280w\" sizes=\"(max-width: 700px) 100vw, 700px\"><\/a><\/figure><\/li><li class=\"blocks-gallery-item\"><figure><a href=\"https:\/\/www.mendoza.gov.ar\/wp-content\/uploads\/sites\/5\/2021\/04\/IMG-20210412-WA0053.jpg\"><img loading=\"lazy\" width=\"700\" height=\"466\" src=\"https:\/\/www.mendoza.gov.ar\/wp-content\/uploads\/sites\/5\/2021\/04\/IMG-20210412-WA0053-700x466.jpg\" alt=\"\" data-id=\"266264\" data-full-url=\"https:\/\/www.mendoza.gov.ar\/wp-content\/uploads\/sites\/5\/2021\/04\/IMG-20210412-WA0053.jpg\" data-link=\"https:\/\/www.mendoza.gov.ar\/prensa\/?attachment_id=266264\" class=\"wp-image-266264 img-responsive center-block\" srcset=\"https:\/\/www.mendoza.gov.ar\/wp-content\/uploads\/sites\/5\/2021\/04\/IMG-20210412-WA0053-700x466.jpg 700w, https:\/\/www.mendoza.gov.ar\/wp-content\/uploads\/sites\/5\/2021\/04\/IMG-20210412-WA0053-250x167.jpg 250w, https:\/\/www.mendoza.gov.ar\/wp-content\/uploads\/sites\/5\/2021\/04\/IMG-20210412-WA0053-768x512.jpg 768w, https:\/\/www.mendoza.gov.ar\/wp-content\/uploads\/sites\/5\/2021\/04\/IMG-20210412-WA0053-120x80.jpg 120w, https:\/\/www.mendoza.gov.ar\/wp-content\/uploads\/sites\/5\/2021\/04\/IMG-20210412-WA0053.jpg 1280w\" sizes=\"(max-width: 700px) 100vw, 700px\"><\/a><\/figure><\/li><\/ul><\/figure>\n\n\n\n<figure class=\"wp-block-image\" id=\"block-6ced38ce-cf36-43a4-bda2-6d6ecc045941\"><img src=\"https:\/\/www.mendoza.gov.ar\/prensa\/wp-content\/uploads\/sites\/5\/2020\/03\/WhatsApp-Image-2020-03-17-at-6.23.29-PM-1.jpeg\" alt=\"Esta imagen tiene un atributo alt vac&iacute;o; el nombre del archivo es WhatsApp-Image-2020-03-17-at-6.23.29-PM-1.jpeg\" class=\" img-responsive center-block\"><\/figure>\n\n\n\n<p class=\"has-text-align-center\" id=\"block-4672d608-8a30-472c-91ba-07e641c39018\"><a rel=\"noreferrer noopener\" href=\"https:\/\/www.mendoza.gov.ar\/prensa\/covid-19\/\" target=\"_blank\"><strong>Clic aqu&iacute; para ver m&aacute;s noticias sobre coronavirus<\/strong><\/a><\/p>\n\n\n\n<figure class=\"wp-block-image\" id=\"block-679c5d04-4f24-4464-a49a-df7b140e38eb\"><img src=\"https:\/\/www.mendoza.gov.ar\/prensa\/wp-content\/uploads\/sites\/5\/2020\/03\/WhatsApp-Image-2020-03-17-at-6.23.29-PM-1.jpeg\" alt=\"Esta imagen tiene un atributo alt vac&iacute;o; el nombre del archivo es WhatsApp-Image-2020-03-17-at-6.23.29-PM-1.jpeg\" class=\" img-responsive center-block\"><\/figure>\n\n\n\n<p class=\"has-text-align-center\" id=\"block-e70c843d-9c55-4a54-a13e-110b356d59f8\"><strong><a rel=\"noreferrer noopener\" href=\"https:\/\/www.mendoza.gov.ar\/prensa\/comunicados\/\" target=\"_blank\">Clic aqu&iacute; para ver los comunicados del Ministerio de Salud<\/a><\/strong><\/p>\n\n\n\n<figure class=\"wp-block-image\" id=\"block-55da5334-2597-4644-a2ad-ad62409c9f96\"><img src=\"https:\/\/www.mendoza.gov.ar\/prensa\/wp-content\/uploads\/sites\/5\/2020\/03\/WhatsApp-Image-2020-03-17-at-6.23.29-PM-1.jpeg\" alt=\"Esta imagen tiene un atributo alt vac&iacute;o; el nombre del archivo es WhatsApp-Image-2020-03-17-at-6.23.29-PM-1.jpeg\" class=\" img-responsive center-block\"><\/figure>\n\n\n\n<p class=\"has-text-align-center\" id=\"block-f052e2af-737b-4a93-aa6a-293bed4ff9e2\"><strong><a rel=\"noreferrer noopener\" href=\"https:\/\/www.mendoza.gov.ar\/coronavirus\" target=\"_blank\">www.mendoza.gov.ar\/coronavirus<\/a><\/strong><\/p>\n<\/body><\/html>\n","protected":false},"excerpt":{"rendered":"Este lunes 12 de abril la campa&ntilde;a de vacunaci&oacute;n contra COVID&rsquo;-19 se traslad&oacute; al Centro de Congresos y Exposiciones &ldquo;Alfredo Bufano&rdquo;, ubicado en el Parque Norte de la Ciudad. Se ampli&oacute; el horario de 8 a 17. La Secretar&iacute;a de Servicios P&uacute;blicos ha dispuesto una l&iacute;nea especial de transporte con salida en la Nueva Terminal&#8230; <a class=\"view-article\" href=\"https:\/\/www.mendoza.gov.ar\/prensa\/san-rafael-la-campana-de-vacunacion-contra-covid19-se-realiza-unicamente-en-el-centro-de-congresos-y-exposiciones-alfredo-bufano\/\"><\/a>","protected":false},"author":66,"featured_media":266254,"comment_status":"open","ping_status":"open","sticky":false,"template":"","format":"standard","meta":[],"categories":[32],"tags":[],"_links":{"self":[{"href":"https:\/\/www.mendoza.gov.ar\/prensa\/wp-json\/wp\/v2\/posts\/266245"}],"collection":[{"href":"https:\/\/www.mendoza.gov.ar\/prensa\/wp-json\/wp\/v2\/posts"}],"about":[{"href":"https:\/\/www.mendoza.gov.ar\/prensa\/wp-json\/wp\/v2\/types\/post"}],"author":[{"embeddable":true,"href":"https:\/\/www.mendoza.gov.ar\/prensa\/wp-json\/wp\/v2\/users\/66"}],"replies":[{"embeddable":true,"href":"https:\/\/www.mendoza.gov.ar\/prensa\/wp-json\/wp\/v2\/comments?post=266245"}],"version-history":[{"count":5,"href":"https:\/\/www.mendoza.gov.ar\/prensa\/wp-json\/wp\/v2\/posts\/266245\/revisions"}],"predecessor-version":[{"id":266305,"href":"https:\/\/www.mendoza.gov.ar\/prensa\/wp-json\/wp\/v2\/posts\/266245\/revisions\/266305"}],"wp:featuredmedia":[{"embeddable":true,"href":"https:\/\/www.mendoza.gov.ar\/prensa\/wp-json\/wp\/v2\/media\/266254"}],"wp:attachment":[{"href":"https:\/\/www.mendoza.gov.ar\/prensa\/wp-json\/wp\/v2\/media?parent=266245"}],"wp:term":[{"taxonomy":"category","embeddable":true,"href":"https:\/\/www.mendoza.gov.ar\/prensa\/wp-json\/wp\/v2\/categories?post=266245"},{"taxonomy":"post_tag","embeddable":true,"href":"https:\/\/www.mendoza.gov.ar\/prensa\/wp-json\/wp\/v2\/tags?post=266245"}],"curies":[{"name":"wp","href":"https:\/\/api.w.org\/{rel}","templated":true}]}}