{"id":266339,"date":"2021-04-13T20:11:31","date_gmt":"2021-04-13T23:11:31","guid":{"rendered":"https:\/\/www.mendoza.gov.ar\/prensa\/?p=266339"},"modified":"2021-04-14T08:56:12","modified_gmt":"2021-04-14T11:56:12","slug":"san-rafael-la-unidad-sanitaria-movil-ginecomamaria-brindara-atencion-en-distintos-puntos-del-departamento","status":"publish","type":"post","link":"https:\/\/www.mendoza.gov.ar\/prensa\/san-rafael-la-unidad-sanitaria-movil-ginecomamaria-brindara-atencion-en-distintos-puntos-del-departamento\/","title":{"rendered":"San Rafael: la Unidad Sanitaria M\u00f3vil Ginecomamaria brindar\u00e1 atenci\u00f3n en distintos puntos del departamento"},"content":{"rendered":"<!DOCTYPE html PUBLIC \"-\/\/W3C\/\/DTD HTML 4.0 Transitional\/\/EN\" \"http:\/\/www.w3.org\/TR\/REC-html40\/loose.dtd\">\n<html><body><h5>Ser&aacute; del 14 al 23 de abril, desde las 9. En las semanas anteriores, el equipo sanitario recorri&oacute; distritos de Malarg&uuml;e y General Alvear.<\/h5>\n\n\n\n<p>La Unidad Sanitaria M&oacute;vil Ginecomamaria, dependiente del programa de Salud Sexual y Reproductiva de la Provincia, comenz&oacute; su asistencia en distintos puntos de San Rafael, iniciando el cronograma en el distrito Cuadro Nacional, luego de asistir a Malarg&uuml;e y General Alvear.<\/p>\n\n\n\n<p>A su arribo, el director general de la Regi&oacute;n Sur del Ministerio de Salud, Desarrollo Social y Deportes, Abel Freidemberg, agradeci&oacute; al programa y &ldquo;a la gente de Mendoza por venir en plena pandemia&rdquo;.<\/p>\n\n\n\n<p>El a&ntilde;o anterior debi&oacute; suspenderse esta actividad debido a la pandemia, pero este a&ntilde;o el Ministerio de Salud dispuso que se haga igual la recorrida por el momento. &ldquo;No podemos descuidar la salud de la poblaci&oacute;n fuera de COVID-19, por lo que se ha hecho un esfuerzo important&iacute;simo junto a todo el personal de salud de San Rafael que participa en este operativo, la Coordinaci&oacute;n del &Aacute;rea Sanitaria, para que esto sea posible. Esto implica una log&iacute;stica importante para brindar asesoramiento y atenci&oacute;n adecuados. Estamos hablando de enfermedades cr&oacute;nicas no transmisibles con importante impacto en la salud p&uacute;blica, como el c&aacute;ncer de cuello de &uacute;tero o el c&aacute;ncer de mama&rdquo;.<\/p>\n\n\n\n<p>Se&ntilde;al&oacute; adem&aacute;s que &ldquo;este programa refuerza lo que se hace a diario en los centros de salud y en la atenci&oacute;n hospitalaria. Crea conciencia y gracias a ustedes (por la prensa), que forman parte como comunicadores sociales, pone en relieve que no nos debemos olvidar de otros temas de salud fuera de la pandemia&rdquo;.<\/p>\n\n\n\n<p>En este operativo participan cinco personas de Mendoza y se suman profesionales de centros de salud que por disposici&oacute;n de la coordinaci&oacute;n ofrecen su ayuda, como el caso de licenciadas en obstetricia y enfermer&iacute;a, entre otros.<\/p>\n\n\n\n<p>Por su parte, Alejandra Iriarte, coordinadora del &Aacute;rea Sanitaria San Rafael, explic&oacute; que la atenci&oacute;n, en todos los casos, es a partir de las 9. El sistema es a demanda, sin turno programado y no hay reserva. Quienes quieran hacerse atender en la unidad deben presentar su DNI.<\/p>\n\n\n\n<p>&ldquo;En esta oportunidad se puede hacer consulta m&eacute;dica ginecol&oacute;gica y se brinda asesoramiento para la toma de decisiones para m&eacute;todos de anticoncepci&oacute;n. Se otorgan, adem&aacute;s, m&eacute;todos anticonceptivos v&iacute;a oral, se colocan DIU e implantes subd&eacute;rmicos, y se realizan controles de Papanicolau. Como una prestaci&oacute;n adicional de nivel superior, se hacen mamograf&iacute;as para mujeres de 40 a 65 a&ntilde;os, sin cobertura social, y se otorgan solo doce turnos diarios&rdquo;, inform&oacute; Iriarte.<\/p>\n\n\n\n<p><strong>Cronograma<\/strong><\/p>\n\n\n\n<p>14 de abril: El Nihuil, Centro de Salud 117.<\/p>\n\n\n\n<p>15 de abril: Callej&oacute;n Las Rosas y Cuadro Benegas.<\/p>\n\n\n\n<p>16 de abril: Goudge, Centro de Salud 108.<\/p>\n\n\n\n<p>20 de abril: El Sosneado, Centro de Salud 118.<\/p>\n\n\n\n<p>21 de abril: Pobre Diablo (Tulio Angrim&aacute;n y V&eacute;lez Sarsfield).<\/p>\n\n\n\n<p>22 y 23 de abril: Monte Com&aacute;n, Centro de Salud 113.<\/p>\n\n\n\n<figure class=\"wp-block-gallery columns-3\"><ul class=\"blocks-gallery-grid\"><li class=\"blocks-gallery-item\"><figure><a href=\"https:\/\/www.mendoza.gov.ar\/wp-content\/uploads\/sites\/5\/2021\/04\/IMG-20210413-WA0047-700x466.jpg\"><img loading=\"lazy\" width=\"700\" height=\"466\" src=\"https:\/\/www.mendoza.gov.ar\/wp-content\/uploads\/sites\/5\/2021\/04\/IMG-20210413-WA0047-700x466.jpg\" alt=\"\" data-id=\"266341\" data-link=\"https:\/\/www.mendoza.gov.ar\/prensa\/?attachment_id=266341\" class=\"wp-image-266341 img-responsive center-block\" srcset=\"https:\/\/www.mendoza.gov.ar\/wp-content\/uploads\/sites\/5\/2021\/04\/IMG-20210413-WA0047-700x466.jpg 700w, https:\/\/www.mendoza.gov.ar\/wp-content\/uploads\/sites\/5\/2021\/04\/IMG-20210413-WA0047-250x167.jpg 250w, https:\/\/www.mendoza.gov.ar\/wp-content\/uploads\/sites\/5\/2021\/04\/IMG-20210413-WA0047-768x512.jpg 768w, https:\/\/www.mendoza.gov.ar\/wp-content\/uploads\/sites\/5\/2021\/04\/IMG-20210413-WA0047-120x80.jpg 120w, https:\/\/www.mendoza.gov.ar\/wp-content\/uploads\/sites\/5\/2021\/04\/IMG-20210413-WA0047.jpg 1280w\" sizes=\"(max-width: 700px) 100vw, 700px\"><\/a><\/figure><\/li><li class=\"blocks-gallery-item\"><figure><a href=\"https:\/\/www.mendoza.gov.ar\/wp-content\/uploads\/sites\/5\/2021\/04\/IMG-20210413-WA0046-700x466.jpg\"><img loading=\"lazy\" width=\"700\" height=\"466\" src=\"https:\/\/www.mendoza.gov.ar\/wp-content\/uploads\/sites\/5\/2021\/04\/IMG-20210413-WA0046-700x466.jpg\" alt=\"\" data-id=\"266342\" data-link=\"https:\/\/www.mendoza.gov.ar\/prensa\/?attachment_id=266342\" class=\"wp-image-266342 img-responsive center-block\" srcset=\"https:\/\/www.mendoza.gov.ar\/wp-content\/uploads\/sites\/5\/2021\/04\/IMG-20210413-WA0046-700x466.jpg 700w, https:\/\/www.mendoza.gov.ar\/wp-content\/uploads\/sites\/5\/2021\/04\/IMG-20210413-WA0046-250x167.jpg 250w, https:\/\/www.mendoza.gov.ar\/wp-content\/uploads\/sites\/5\/2021\/04\/IMG-20210413-WA0046-768x512.jpg 768w, https:\/\/www.mendoza.gov.ar\/wp-content\/uploads\/sites\/5\/2021\/04\/IMG-20210413-WA0046-120x80.jpg 120w, https:\/\/www.mendoza.gov.ar\/wp-content\/uploads\/sites\/5\/2021\/04\/IMG-20210413-WA0046.jpg 1280w\" sizes=\"(max-width: 700px) 100vw, 700px\"><\/a><\/figure><\/li><li class=\"blocks-gallery-item\"><figure><a href=\"https:\/\/www.mendoza.gov.ar\/wp-content\/uploads\/sites\/5\/2021\/04\/IMG-20210413-WA0048-700x466.jpg\"><img loading=\"lazy\" width=\"700\" height=\"466\" src=\"https:\/\/www.mendoza.gov.ar\/wp-content\/uploads\/sites\/5\/2021\/04\/IMG-20210413-WA0048-700x466.jpg\" alt=\"\" data-id=\"266343\" data-link=\"https:\/\/www.mendoza.gov.ar\/prensa\/?attachment_id=266343\" class=\"wp-image-266343 img-responsive center-block\" srcset=\"https:\/\/www.mendoza.gov.ar\/wp-content\/uploads\/sites\/5\/2021\/04\/IMG-20210413-WA0048-700x466.jpg 700w, https:\/\/www.mendoza.gov.ar\/wp-content\/uploads\/sites\/5\/2021\/04\/IMG-20210413-WA0048-250x167.jpg 250w, https:\/\/www.mendoza.gov.ar\/wp-content\/uploads\/sites\/5\/2021\/04\/IMG-20210413-WA0048-768x512.jpg 768w, https:\/\/www.mendoza.gov.ar\/wp-content\/uploads\/sites\/5\/2021\/04\/IMG-20210413-WA0048-120x80.jpg 120w, https:\/\/www.mendoza.gov.ar\/wp-content\/uploads\/sites\/5\/2021\/04\/IMG-20210413-WA0048.jpg 1280w\" sizes=\"(max-width: 700px) 100vw, 700px\"><\/a><\/figure><\/li><li class=\"blocks-gallery-item\"><figure><a href=\"https:\/\/www.mendoza.gov.ar\/wp-content\/uploads\/sites\/5\/2021\/04\/IMG-20210413-WA0045-700x466.jpg\"><img loading=\"lazy\" width=\"700\" height=\"466\" src=\"https:\/\/www.mendoza.gov.ar\/wp-content\/uploads\/sites\/5\/2021\/04\/IMG-20210413-WA0045-700x466.jpg\" alt=\"\" data-id=\"266344\" data-link=\"https:\/\/www.mendoza.gov.ar\/prensa\/?attachment_id=266344\" class=\"wp-image-266344 img-responsive center-block\" srcset=\"https:\/\/www.mendoza.gov.ar\/wp-content\/uploads\/sites\/5\/2021\/04\/IMG-20210413-WA0045-700x466.jpg 700w, https:\/\/www.mendoza.gov.ar\/wp-content\/uploads\/sites\/5\/2021\/04\/IMG-20210413-WA0045-250x167.jpg 250w, https:\/\/www.mendoza.gov.ar\/wp-content\/uploads\/sites\/5\/2021\/04\/IMG-20210413-WA0045-768x512.jpg 768w, https:\/\/www.mendoza.gov.ar\/wp-content\/uploads\/sites\/5\/2021\/04\/IMG-20210413-WA0045-120x80.jpg 120w, https:\/\/www.mendoza.gov.ar\/wp-content\/uploads\/sites\/5\/2021\/04\/IMG-20210413-WA0045.jpg 1280w\" sizes=\"(max-width: 700px) 100vw, 700px\"><\/a><\/figure><\/li><li class=\"blocks-gallery-item\"><figure><a href=\"https:\/\/www.mendoza.gov.ar\/wp-content\/uploads\/sites\/5\/2021\/04\/IMG-20210413-WA0052-700x466.jpg\"><img loading=\"lazy\" width=\"700\" height=\"466\" src=\"https:\/\/www.mendoza.gov.ar\/wp-content\/uploads\/sites\/5\/2021\/04\/IMG-20210413-WA0052-700x466.jpg\" alt=\"\" data-id=\"266345\" data-link=\"https:\/\/www.mendoza.gov.ar\/prensa\/?attachment_id=266345\" class=\"wp-image-266345 img-responsive center-block\" srcset=\"https:\/\/www.mendoza.gov.ar\/wp-content\/uploads\/sites\/5\/2021\/04\/IMG-20210413-WA0052-700x466.jpg 700w, https:\/\/www.mendoza.gov.ar\/wp-content\/uploads\/sites\/5\/2021\/04\/IMG-20210413-WA0052-250x167.jpg 250w, https:\/\/www.mendoza.gov.ar\/wp-content\/uploads\/sites\/5\/2021\/04\/IMG-20210413-WA0052-768x512.jpg 768w, https:\/\/www.mendoza.gov.ar\/wp-content\/uploads\/sites\/5\/2021\/04\/IMG-20210413-WA0052-120x80.jpg 120w, https:\/\/www.mendoza.gov.ar\/wp-content\/uploads\/sites\/5\/2021\/04\/IMG-20210413-WA0052.jpg 1280w\" sizes=\"(max-width: 700px) 100vw, 700px\"><\/a><\/figure><\/li><li class=\"blocks-gallery-item\"><figure><a href=\"https:\/\/www.mendoza.gov.ar\/wp-content\/uploads\/sites\/5\/2021\/04\/IMG-20210413-WA0051-700x466.jpg\"><img loading=\"lazy\" width=\"700\" height=\"466\" src=\"https:\/\/www.mendoza.gov.ar\/wp-content\/uploads\/sites\/5\/2021\/04\/IMG-20210413-WA0051-700x466.jpg\" alt=\"\" data-id=\"266346\" data-link=\"https:\/\/www.mendoza.gov.ar\/prensa\/?attachment_id=266346\" class=\"wp-image-266346 img-responsive center-block\" srcset=\"https:\/\/www.mendoza.gov.ar\/wp-content\/uploads\/sites\/5\/2021\/04\/IMG-20210413-WA0051-700x466.jpg 700w, https:\/\/www.mendoza.gov.ar\/wp-content\/uploads\/sites\/5\/2021\/04\/IMG-20210413-WA0051-250x167.jpg 250w, https:\/\/www.mendoza.gov.ar\/wp-content\/uploads\/sites\/5\/2021\/04\/IMG-20210413-WA0051-768x512.jpg 768w, https:\/\/www.mendoza.gov.ar\/wp-content\/uploads\/sites\/5\/2021\/04\/IMG-20210413-WA0051-120x80.jpg 120w, https:\/\/www.mendoza.gov.ar\/wp-content\/uploads\/sites\/5\/2021\/04\/IMG-20210413-WA0051.jpg 1280w\" sizes=\"(max-width: 700px) 100vw, 700px\"><\/a><\/figure><\/li><li class=\"blocks-gallery-item\"><figure><a href=\"https:\/\/www.mendoza.gov.ar\/wp-content\/uploads\/sites\/5\/2021\/04\/IMG-20210413-WA0050-700x466.jpg\"><img loading=\"lazy\" width=\"700\" height=\"466\" src=\"https:\/\/www.mendoza.gov.ar\/wp-content\/uploads\/sites\/5\/2021\/04\/IMG-20210413-WA0050-700x466.jpg\" alt=\"\" data-id=\"266347\" data-link=\"https:\/\/www.mendoza.gov.ar\/prensa\/?attachment_id=266347\" class=\"wp-image-266347 img-responsive center-block\" srcset=\"https:\/\/www.mendoza.gov.ar\/wp-content\/uploads\/sites\/5\/2021\/04\/IMG-20210413-WA0050-700x466.jpg 700w, https:\/\/www.mendoza.gov.ar\/wp-content\/uploads\/sites\/5\/2021\/04\/IMG-20210413-WA0050-250x167.jpg 250w, https:\/\/www.mendoza.gov.ar\/wp-content\/uploads\/sites\/5\/2021\/04\/IMG-20210413-WA0050-768x512.jpg 768w, https:\/\/www.mendoza.gov.ar\/wp-content\/uploads\/sites\/5\/2021\/04\/IMG-20210413-WA0050-120x80.jpg 120w, https:\/\/www.mendoza.gov.ar\/wp-content\/uploads\/sites\/5\/2021\/04\/IMG-20210413-WA0050.jpg 1280w\" sizes=\"(max-width: 700px) 100vw, 700px\"><\/a><\/figure><\/li><li class=\"blocks-gallery-item\"><figure><a href=\"https:\/\/www.mendoza.gov.ar\/wp-content\/uploads\/sites\/5\/2021\/04\/IMG-20210413-WA0049-700x466.jpg\"><img loading=\"lazy\" width=\"700\" height=\"466\" src=\"https:\/\/www.mendoza.gov.ar\/wp-content\/uploads\/sites\/5\/2021\/04\/IMG-20210413-WA0049-700x466.jpg\" alt=\"\" data-id=\"266349\" data-link=\"https:\/\/www.mendoza.gov.ar\/prensa\/?attachment_id=266349\" class=\"wp-image-266349 img-responsive center-block\" srcset=\"https:\/\/www.mendoza.gov.ar\/wp-content\/uploads\/sites\/5\/2021\/04\/IMG-20210413-WA0049-700x466.jpg 700w, https:\/\/www.mendoza.gov.ar\/wp-content\/uploads\/sites\/5\/2021\/04\/IMG-20210413-WA0049-250x167.jpg 250w, https:\/\/www.mendoza.gov.ar\/wp-content\/uploads\/sites\/5\/2021\/04\/IMG-20210413-WA0049-768x512.jpg 768w, https:\/\/www.mendoza.gov.ar\/wp-content\/uploads\/sites\/5\/2021\/04\/IMG-20210413-WA0049-120x80.jpg 120w, https:\/\/www.mendoza.gov.ar\/wp-content\/uploads\/sites\/5\/2021\/04\/IMG-20210413-WA0049.jpg 1280w\" sizes=\"(max-width: 700px) 100vw, 700px\"><\/a><\/figure><\/li><li class=\"blocks-gallery-item\"><figure><a href=\"https:\/\/www.mendoza.gov.ar\/wp-content\/uploads\/sites\/5\/2021\/04\/IMG-20210413-WA0057-700x466.jpg\"><img loading=\"lazy\" width=\"700\" height=\"466\" src=\"https:\/\/www.mendoza.gov.ar\/wp-content\/uploads\/sites\/5\/2021\/04\/IMG-20210413-WA0057-700x466.jpg\" alt=\"\" data-id=\"266350\" data-link=\"https:\/\/www.mendoza.gov.ar\/prensa\/?attachment_id=266350\" class=\"wp-image-266350 img-responsive center-block\" srcset=\"https:\/\/www.mendoza.gov.ar\/wp-content\/uploads\/sites\/5\/2021\/04\/IMG-20210413-WA0057-700x466.jpg 700w, https:\/\/www.mendoza.gov.ar\/wp-content\/uploads\/sites\/5\/2021\/04\/IMG-20210413-WA0057-250x167.jpg 250w, https:\/\/www.mendoza.gov.ar\/wp-content\/uploads\/sites\/5\/2021\/04\/IMG-20210413-WA0057-768x512.jpg 768w, https:\/\/www.mendoza.gov.ar\/wp-content\/uploads\/sites\/5\/2021\/04\/IMG-20210413-WA0057-120x80.jpg 120w, https:\/\/www.mendoza.gov.ar\/wp-content\/uploads\/sites\/5\/2021\/04\/IMG-20210413-WA0057.jpg 1280w\" sizes=\"(max-width: 700px) 100vw, 700px\"><\/a><\/figure><\/li><li class=\"blocks-gallery-item\"><figure><a href=\"https:\/\/www.mendoza.gov.ar\/wp-content\/uploads\/sites\/5\/2021\/04\/IMG-20210413-WA0056-700x466.jpg\"><img loading=\"lazy\" width=\"700\" height=\"466\" src=\"https:\/\/www.mendoza.gov.ar\/wp-content\/uploads\/sites\/5\/2021\/04\/IMG-20210413-WA0056-700x466.jpg\" alt=\"\" data-id=\"266351\" data-link=\"https:\/\/www.mendoza.gov.ar\/prensa\/?attachment_id=266351\" class=\"wp-image-266351 img-responsive center-block\" srcset=\"https:\/\/www.mendoza.gov.ar\/wp-content\/uploads\/sites\/5\/2021\/04\/IMG-20210413-WA0056-700x466.jpg 700w, https:\/\/www.mendoza.gov.ar\/wp-content\/uploads\/sites\/5\/2021\/04\/IMG-20210413-WA0056-250x167.jpg 250w, https:\/\/www.mendoza.gov.ar\/wp-content\/uploads\/sites\/5\/2021\/04\/IMG-20210413-WA0056-768x512.jpg 768w, https:\/\/www.mendoza.gov.ar\/wp-content\/uploads\/sites\/5\/2021\/04\/IMG-20210413-WA0056-120x80.jpg 120w, https:\/\/www.mendoza.gov.ar\/wp-content\/uploads\/sites\/5\/2021\/04\/IMG-20210413-WA0056.jpg 1280w\" sizes=\"(max-width: 700px) 100vw, 700px\"><\/a><\/figure><\/li><li class=\"blocks-gallery-item\"><figure><a href=\"https:\/\/www.mendoza.gov.ar\/wp-content\/uploads\/sites\/5\/2021\/04\/IMG-20210413-WA0055-700x466.jpg\"><img src=\"https:\/\/www.mendoza.gov.ar\/wp-content\/uploads\/sites\/5\/2021\/04\/IMG-20210413-WA0055-700x466.jpg\" alt=\"\" data-id=\"266352\" data-link=\"https:\/\/www.mendoza.gov.ar\/prensa\/?attachment_id=266352\" class=\"wp-image-266352 img-responsive center-block\"><\/a><\/figure><\/li><li class=\"blocks-gallery-item\"><figure><a href=\"https:\/\/www.mendoza.gov.ar\/wp-content\/uploads\/sites\/5\/2021\/04\/IMG-20210413-WA0053.jpg\"><img loading=\"lazy\" width=\"700\" height=\"466\" src=\"https:\/\/www.mendoza.gov.ar\/wp-content\/uploads\/sites\/5\/2021\/04\/IMG-20210413-WA0053-700x466.jpg\" alt=\"\" data-id=\"266354\" data-full-url=\"https:\/\/www.mendoza.gov.ar\/wp-content\/uploads\/sites\/5\/2021\/04\/IMG-20210413-WA0053.jpg\" data-link=\"https:\/\/www.mendoza.gov.ar\/prensa\/?attachment_id=266354\" class=\"wp-image-266354 img-responsive center-block\" srcset=\"https:\/\/www.mendoza.gov.ar\/wp-content\/uploads\/sites\/5\/2021\/04\/IMG-20210413-WA0053-700x466.jpg 700w, https:\/\/www.mendoza.gov.ar\/wp-content\/uploads\/sites\/5\/2021\/04\/IMG-20210413-WA0053-250x167.jpg 250w, https:\/\/www.mendoza.gov.ar\/wp-content\/uploads\/sites\/5\/2021\/04\/IMG-20210413-WA0053-768x512.jpg 768w, https:\/\/www.mendoza.gov.ar\/wp-content\/uploads\/sites\/5\/2021\/04\/IMG-20210413-WA0053-120x80.jpg 120w, https:\/\/www.mendoza.gov.ar\/wp-content\/uploads\/sites\/5\/2021\/04\/IMG-20210413-WA0053.jpg 1280w\" sizes=\"(max-width: 700px) 100vw, 700px\"><\/a><\/figure><\/li><\/ul><\/figure>\n\n\n\n<figure class=\"wp-block-image\" id=\"block-6ced38ce-cf36-43a4-bda2-6d6ecc045941\"><img src=\"https:\/\/www.mendoza.gov.ar\/prensa\/wp-content\/uploads\/sites\/5\/2020\/03\/WhatsApp-Image-2020-03-17-at-6.23.29-PM-1.jpeg\" alt=\"Esta imagen tiene un atributo alt vac&iacute;o; el nombre del archivo es WhatsApp-Image-2020-03-17-at-6.23.29-PM-1.jpeg\" class=\" img-responsive center-block\"><\/figure>\n\n\n\n<p class=\"has-text-align-center\" id=\"block-4672d608-8a30-472c-91ba-07e641c39018\"><a rel=\"noreferrer noopener\" href=\"https:\/\/www.mendoza.gov.ar\/prensa\/covid-19\/\" target=\"_blank\"><strong>Clic aqu&iacute; para ver m&aacute;s noticias sobre coronavirus<\/strong><\/a><\/p>\n\n\n\n<figure class=\"wp-block-image\" id=\"block-679c5d04-4f24-4464-a49a-df7b140e38eb\"><img src=\"https:\/\/www.mendoza.gov.ar\/prensa\/wp-content\/uploads\/sites\/5\/2020\/03\/WhatsApp-Image-2020-03-17-at-6.23.29-PM-1.jpeg\" alt=\"Esta imagen tiene un atributo alt vac&iacute;o; el nombre del archivo es WhatsApp-Image-2020-03-17-at-6.23.29-PM-1.jpeg\" class=\" img-responsive center-block\"><\/figure>\n\n\n\n<p class=\"has-text-align-center\" id=\"block-e70c843d-9c55-4a54-a13e-110b356d59f8\"><strong><a rel=\"noreferrer noopener\" href=\"https:\/\/www.mendoza.gov.ar\/prensa\/comunicados\/\" target=\"_blank\">Clic aqu&iacute; para ver los comunicados del Ministerio de Salud<\/a><\/strong><\/p>\n\n\n\n<figure class=\"wp-block-image\" id=\"block-55da5334-2597-4644-a2ad-ad62409c9f96\"><img src=\"https:\/\/www.mendoza.gov.ar\/prensa\/wp-content\/uploads\/sites\/5\/2020\/03\/WhatsApp-Image-2020-03-17-at-6.23.29-PM-1.jpeg\" alt=\"Esta imagen tiene un atributo alt vac&iacute;o; el nombre del archivo es WhatsApp-Image-2020-03-17-at-6.23.29-PM-1.jpeg\" class=\" img-responsive center-block\"><\/figure>\n\n\n\n<p class=\"has-text-align-center\" id=\"block-f052e2af-737b-4a93-aa6a-293bed4ff9e2\"><strong><a rel=\"noreferrer noopener\" href=\"https:\/\/www.mendoza.gov.ar\/coronavirus\" target=\"_blank\">www.mendoza.gov.ar\/coronavirus<\/a><\/strong><\/p>\n<\/body><\/html>\n","protected":false},"excerpt":{"rendered":"Ser&aacute; del 14 al 23 de abril, desde las 9. En las semanas anteriores, el equipo sanitario recorri&oacute; distritos de Malarg&uuml;e y General Alvear. La Unidad Sanitaria M&oacute;vil Ginecomamaria, dependiente del programa de Salud Sexual y Reproductiva de la Provincia, comenz&oacute; su asistencia en distintos puntos de San Rafael, iniciando el cronograma en el distrito&#8230; <a class=\"view-article\" href=\"https:\/\/www.mendoza.gov.ar\/prensa\/san-rafael-la-unidad-sanitaria-movil-ginecomamaria-brindara-atencion-en-distintos-puntos-del-departamento\/\"><\/a>","protected":false},"author":63,"featured_media":266352,"comment_status":"open","ping_status":"open","sticky":false,"template":"","format":"standard","meta":[],"categories":[32],"tags":[2658,2657,1500,2656],"_links":{"self":[{"href":"https:\/\/www.mendoza.gov.ar\/prensa\/wp-json\/wp\/v2\/posts\/266339"}],"collection":[{"href":"https:\/\/www.mendoza.gov.ar\/prensa\/wp-json\/wp\/v2\/posts"}],"about":[{"href":"https:\/\/www.mendoza.gov.ar\/prensa\/wp-json\/wp\/v2\/types\/post"}],"author":[{"embeddable":true,"href":"https:\/\/www.mendoza.gov.ar\/prensa\/wp-json\/wp\/v2\/users\/63"}],"replies":[{"embeddable":true,"href":"https:\/\/www.mendoza.gov.ar\/prensa\/wp-json\/wp\/v2\/comments?post=266339"}],"version-history":[{"count":7,"href":"https:\/\/www.mendoza.gov.ar\/prensa\/wp-json\/wp\/v2\/posts\/266339\/revisions"}],"predecessor-version":[{"id":266367,"href":"https:\/\/www.mendoza.gov.ar\/prensa\/wp-json\/wp\/v2\/posts\/266339\/revisions\/266367"}],"wp:featuredmedia":[{"embeddable":true,"href":"https:\/\/www.mendoza.gov.ar\/prensa\/wp-json\/wp\/v2\/media\/266352"}],"wp:attachment":[{"href":"https:\/\/www.mendoza.gov.ar\/prensa\/wp-json\/wp\/v2\/media?parent=266339"}],"wp:term":[{"taxonomy":"category","embeddable":true,"href":"https:\/\/www.mendoza.gov.ar\/prensa\/wp-json\/wp\/v2\/categories?post=266339"},{"taxonomy":"post_tag","embeddable":true,"href":"https:\/\/www.mendoza.gov.ar\/prensa\/wp-json\/wp\/v2\/tags?post=266339"}],"curies":[{"name":"wp","href":"https:\/\/api.w.org\/{rel}","templated":true}]}}