{"id":266497,"date":"2021-04-15T09:25:36","date_gmt":"2021-04-15T12:25:36","guid":{"rendered":"https:\/\/www.mendoza.gov.ar\/prensa\/?p=266497"},"modified":"2021-04-15T12:22:24","modified_gmt":"2021-04-15T15:22:24","slug":"la-8o-convocatoria-de-mendoza-activa-sumo-229-nuevos-proyectos-y-la-inversion-total-supero-los-12-mil-millones","status":"publish","type":"post","link":"https:\/\/www.mendoza.gov.ar\/prensa\/la-8o-convocatoria-de-mendoza-activa-sumo-229-nuevos-proyectos-y-la-inversion-total-supero-los-12-mil-millones\/","title":{"rendered":"La 8\u00aa convocatoria de Mendoza Activa sum\u00f3 229 nuevos proyectos y la inversi\u00f3n total super\u00f3 los $12 mil millones"},"content":{"rendered":"<!DOCTYPE html PUBLIC \"-\/\/W3C\/\/DTD HTML 4.0 Transitional\/\/EN\" \"http:\/\/www.w3.org\/TR\/REC-html40\/loose.dtd\">\n<html><body><h5>El programa contin&uacute;a dando impulso a proyectos privados y alcanz&oacute; a 2.290 familias mendocinas, que desde agosto de 2020 a la fecha contribuyeron a dinamizar la econom&iacute;a y recibieron el reintegro del 40% de su inversi&oacute;n.<\/h5>\n\n\n\n<p>Mendoza Activa, el programa provincial que fomenta la inversi&oacute;n privada y la generaci&oacute;n genuina de empleo, sigue avanzando y cerr&oacute; los n&uacute;meros de su octava convocatoria, que mantiene la curva ascendente, tanto en cantidad de proyectos como en montos de inversi&oacute;n. &ldquo;El programa sigue creciendo y estimulando decisiones de inversi&oacute;n que ayudar&aacute;n a generar empleo y demanda a miles de pymes mendocinas en momentos de una profunda crisis a nivel pa&iacute;s. Buscamos continuar este impulso, por lo que ya estamos trabajando en una segunda etapa de Mendoza Activa&rdquo;, explic&oacute; el ministro de Econom&iacute;a y Energ&iacute;a, Enrique Vaqui&eacute;.<\/p>\n\n\n\n<p>Tras el cierre de su octava etapa, se dieron a conocer los n&uacute;meros, que arrojaron inversiones por m&aacute;s de $2 mil millones, con 229 nuevos proyectos, presentados en marzo por los sectores productivos de Mendoza. De esta forma, en un a&ntilde;o marcado por la pandemia y la par&aacute;lisis econ&oacute;mica en todo el mundo, la provincia logr&oacute; movilizar $12.450 millones en inversiones privadas, manteniendo activa la producci&oacute;n y el empleo en un contexto adverso.<\/p>\n\n\n\n<p>Los proyectos de construcci&oacute;n, comercio, agricultura y maquinaria fueron 2.290, con iniciativas que fueron desde mejoras y ampliaciones habitacionales hasta tecnolog&iacute;a de punta para bodegas o compra de stock en comercios locales.<\/p>\n\n\n\n<p>El programa lleg&oacute; a todos los departamentos. Los rubros que lideraron las inversiones fueron la construcci&oacute;n, con una inversi&oacute;n acumulada de $6 mil millones, y la industria, que alcanz&oacute; los $2 mil millones. Los siguen comercio y servicios y agricultura. Esto demostr&oacute;, adem&aacute;s, la inyecci&oacute;n que signific&oacute; el programa para la industrializaci&oacute;n y la diversificaci&oacute;n de la matriz productiva de la provincia.<\/p>\n\n\n\n<p>Desde la cartera econ&oacute;mica se trabaja en la segunda etapa de Mendoza Activa. Para ello, el ministro Vaqui&eacute; comenz&oacute; una ronda de reuniones con c&aacute;maras empresariales y comerciales, adem&aacute;s de los jefes comunales de cada departamento, para afinar detalles y ajustar requerimientos y procesos en esta nueva edici&oacute;n, que se estima comenzar&aacute; a mediados de a&ntilde;o.<\/p>\n\n\n\n<p>El funcionario explic&oacute; que el esfuerzo del equipo econ&oacute;mico est&aacute; puesto en &ldquo;mantener en pie a la mayor cantidad de pymes posibles y por eso desde el inicio de la pandemia la provincia se caracteriz&oacute; en equilibrar la salud y la econom&iacute;a. Esto, permitiendo aperturas parciales mucho antes que en el resto del pa&iacute;s y generando programas como Mendoza Activa y Enlace, que pretenden mantener los puestos de trabajo y la mayor cantidad de empresas funcionando, aun cuando sab&iacute;amos que la econom&iacute;a caer&iacute;a a niveles importantes&rdquo;.<\/p>\n\n\n\n<p><strong>Pr&oacute;xima convocatoria<\/strong><\/p>\n\n\n\n<p>La novena convocatoria estar&aacute; disponible desde el 1 de mayo y durante 10 d&iacute;as consecutivos. Los interesados podr&aacute;n acceder a toda la informaci&oacute;n, descargar los formularios de inscripci&oacute;n y presentar sus propuestas en esta s&eacute;ptima edici&oacute;n ingresando&nbsp;<a rel=\"noreferrer noopener\" href=\"https:\/\/www.mendoza.gov.ar\/economia\/mendoza-Activa\/#7\" target=\"_blank\">aqu&iacute;<\/a>&nbsp;y siguiendo los requisitos de cada l&iacute;nea de financiamiento. <\/p>\n\n\n\n<figure class=\"wp-block-gallery columns-1\"><ul class=\"blocks-gallery-grid\"><li class=\"blocks-gallery-item\"><figure><a href=\"https:\/\/www.mendoza.gov.ar\/wp-content\/uploads\/sites\/5\/2021\/04\/industria-43_630_1140.jpg\"><img loading=\"lazy\" width=\"700\" height=\"467\" src=\"https:\/\/www.mendoza.gov.ar\/wp-content\/uploads\/sites\/5\/2021\/04\/industria-43_630_1140-700x467.jpg\" alt=\"\" data-id=\"266498\" data-full-url=\"https:\/\/www.mendoza.gov.ar\/wp-content\/uploads\/sites\/5\/2021\/04\/industria-43_630_1140.jpg\" data-link=\"https:\/\/www.mendoza.gov.ar\/prensa\/?attachment_id=266498\" class=\"wp-image-266498 img-responsive center-block\" srcset=\"https:\/\/www.mendoza.gov.ar\/wp-content\/uploads\/sites\/5\/2021\/04\/industria-43_630_1140-700x467.jpg 700w, https:\/\/www.mendoza.gov.ar\/wp-content\/uploads\/sites\/5\/2021\/04\/industria-43_630_1140-250x167.jpg 250w, https:\/\/www.mendoza.gov.ar\/wp-content\/uploads\/sites\/5\/2021\/04\/industria-43_630_1140-768x512.jpg 768w, https:\/\/www.mendoza.gov.ar\/wp-content\/uploads\/sites\/5\/2021\/04\/industria-43_630_1140-120x80.jpg 120w, https:\/\/www.mendoza.gov.ar\/wp-content\/uploads\/sites\/5\/2021\/04\/industria-43_630_1140.jpg 945w\" sizes=\"(max-width: 700px) 100vw, 700px\"><\/a><\/figure><\/li><\/ul><\/figure>\n\n\n\n<figure class=\"wp-block-image\" id=\"block-6ced38ce-cf36-43a4-bda2-6d6ecc045941\"><img src=\"https:\/\/www.mendoza.gov.ar\/prensa\/wp-content\/uploads\/sites\/5\/2020\/03\/WhatsApp-Image-2020-03-17-at-6.23.29-PM-1.jpeg\" alt=\"Esta imagen tiene un atributo alt vac&iacute;o; el nombre del archivo es WhatsApp-Image-2020-03-17-at-6.23.29-PM-1.jpeg\" class=\" img-responsive center-block\"><\/figure>\n\n\n\n<p class=\"has-text-align-center\" id=\"block-4672d608-8a30-472c-91ba-07e641c39018\"><a rel=\"noreferrer noopener\" href=\"https:\/\/www.mendoza.gov.ar\/prensa\/covid-19\/\" target=\"_blank\"><strong>Clic aqu&iacute; para ver m&aacute;s noticias sobre coronavirus<\/strong><\/a><\/p>\n\n\n\n<figure class=\"wp-block-image\" id=\"block-679c5d04-4f24-4464-a49a-df7b140e38eb\"><img src=\"https:\/\/www.mendoza.gov.ar\/prensa\/wp-content\/uploads\/sites\/5\/2020\/03\/WhatsApp-Image-2020-03-17-at-6.23.29-PM-1.jpeg\" alt=\"Esta imagen tiene un atributo alt vac&iacute;o; el nombre del archivo es WhatsApp-Image-2020-03-17-at-6.23.29-PM-1.jpeg\" class=\" img-responsive center-block\"><\/figure>\n\n\n\n<p class=\"has-text-align-center\" id=\"block-e70c843d-9c55-4a54-a13e-110b356d59f8\"><strong><a rel=\"noreferrer noopener\" href=\"https:\/\/www.mendoza.gov.ar\/prensa\/comunicados\/\" target=\"_blank\">Clic aqu&iacute; para ver los comunicados del Ministerio de Salud<\/a><\/strong><\/p>\n\n\n\n<figure class=\"wp-block-image\" id=\"block-55da5334-2597-4644-a2ad-ad62409c9f96\"><img src=\"https:\/\/www.mendoza.gov.ar\/prensa\/wp-content\/uploads\/sites\/5\/2020\/03\/WhatsApp-Image-2020-03-17-at-6.23.29-PM-1.jpeg\" alt=\"Esta imagen tiene un atributo alt vac&iacute;o; el nombre del archivo es WhatsApp-Image-2020-03-17-at-6.23.29-PM-1.jpeg\" class=\" img-responsive center-block\"><\/figure>\n\n\n\n<p class=\"has-text-align-center\" id=\"block-f052e2af-737b-4a93-aa6a-293bed4ff9e2\"><strong><a rel=\"noreferrer noopener\" href=\"https:\/\/www.mendoza.gov.ar\/coronavirus\" target=\"_blank\">www.mendoza.gov.ar\/coronavirus<\/a><\/strong><\/p>\n<\/body><\/html>\n","protected":false},"excerpt":{"rendered":"El programa contin&uacute;a dando impulso a proyectos privados y alcanz&oacute; a 2.290 familias mendocinas, que desde agosto de 2020 a la fecha contribuyeron a dinamizar la econom&iacute;a y recibieron el reintegro del 40% de su inversi&oacute;n. Mendoza Activa, el programa provincial que fomenta la inversi&oacute;n privada y la generaci&oacute;n genuina de empleo, sigue avanzando y&#8230; <a class=\"view-article\" href=\"https:\/\/www.mendoza.gov.ar\/prensa\/la-8o-convocatoria-de-mendoza-activa-sumo-229-nuevos-proyectos-y-la-inversion-total-supero-los-12-mil-millones\/\"><\/a>","protected":false},"author":66,"featured_media":266498,"comment_status":"open","ping_status":"open","sticky":false,"template":"","format":"standard","meta":[],"categories":[15],"tags":[],"_links":{"self":[{"href":"https:\/\/www.mendoza.gov.ar\/prensa\/wp-json\/wp\/v2\/posts\/266497"}],"collection":[{"href":"https:\/\/www.mendoza.gov.ar\/prensa\/wp-json\/wp\/v2\/posts"}],"about":[{"href":"https:\/\/www.mendoza.gov.ar\/prensa\/wp-json\/wp\/v2\/types\/post"}],"author":[{"embeddable":true,"href":"https:\/\/www.mendoza.gov.ar\/prensa\/wp-json\/wp\/v2\/users\/66"}],"replies":[{"embeddable":true,"href":"https:\/\/www.mendoza.gov.ar\/prensa\/wp-json\/wp\/v2\/comments?post=266497"}],"version-history":[{"count":2,"href":"https:\/\/www.mendoza.gov.ar\/prensa\/wp-json\/wp\/v2\/posts\/266497\/revisions"}],"predecessor-version":[{"id":266534,"href":"https:\/\/www.mendoza.gov.ar\/prensa\/wp-json\/wp\/v2\/posts\/266497\/revisions\/266534"}],"wp:featuredmedia":[{"embeddable":true,"href":"https:\/\/www.mendoza.gov.ar\/prensa\/wp-json\/wp\/v2\/media\/266498"}],"wp:attachment":[{"href":"https:\/\/www.mendoza.gov.ar\/prensa\/wp-json\/wp\/v2\/media?parent=266497"}],"wp:term":[{"taxonomy":"category","embeddable":true,"href":"https:\/\/www.mendoza.gov.ar\/prensa\/wp-json\/wp\/v2\/categories?post=266497"},{"taxonomy":"post_tag","embeddable":true,"href":"https:\/\/www.mendoza.gov.ar\/prensa\/wp-json\/wp\/v2\/tags?post=266497"}],"curies":[{"name":"wp","href":"https:\/\/api.w.org\/{rel}","templated":true}]}}